{"id":9004111222143724,"date":"2026-04-28T10:03:18","date_gmt":"2026-04-28T09:03:18","guid":{"rendered":"https:\/\/www.hgf.com\/?p=9004111222143724"},"modified":"2026-04-29T14:36:07","modified_gmt":"2026-04-29T13:36:07","slug":"hgf-est-fier-de-participer-au-14th-microbiome-rd-and-business-collaboration-forum-europe-et-au-8th-skin-microbiome-and-cosmeceuticals-congress-europe","status":"publish","type":"post","link":"https:\/\/www.hgf.com\/fr\/centre-de-connaissances\/evenements\/hgf-est-fier-de-participer-au-14th-microbiome-rd-and-business-collaboration-forum-europe-et-au-8th-skin-microbiome-and-cosmeceuticals-congress-europe\/","title":{"rendered":"HGF est fier de participer au 14th Microbiome R&amp;D and Business Collaboration Forum: Europe et au 8th Skin Microbiome and Cosmeceuticals Congress: Europe."},"content":{"rendered":"<p>HGF est fier de participer au 14th Microbiome R&amp;D and Business Collaboration Forum: Europe et au 8th Skin Microbiome and Cosmeceuticals Congress: Europe.<\/p>\n<p>L\u2019\u00e9v\u00e9nement se tiendra les lundi 11 et mardi 12 mai \u00e0 Rotterdam, aux Pays-Bas. Il offrira des perspectives approfondies \u00e0 la communaut\u00e9 du microbiome afin de transformer les d\u00e9couvertes scientifiques en produits viables.<\/p>\n<p><a href=\"https:\/\/www.hgf.com\/fr\/our-people\/craig-thomson\/\">Craig Thomson<\/a>, associ\u00e9 et conseil en brevets chez HGF, interviendra sur le th\u00e8me \u00ab Construire la bonne strat\u00e9gie de propri\u00e9t\u00e9 intellectuelle pour les d\u00e9veloppeurs de produits de sant\u00e9 et de bien-\u00eatre \u00bb.<\/p>\n<p>Les d\u00e9veloppeurs de produits en vente libre (OTC) tombent souvent dans le pi\u00e8ge de cr\u00e9er des strat\u00e9gies de propri\u00e9t\u00e9 intellectuelle (PI) calqu\u00e9es sur celles, bien \u00e9tablies, des produits pharmaceutiques approuv\u00e9s cliniquement, ce qui conduit \u00e0 des strat\u00e9gies de PI co\u00fbteuses, inefficaces et inadapt\u00e9es. Apr\u00e8s avoir examin\u00e9 ce que les d\u00e9veloppeurs du march\u00e9 OTC cherchent \u00e0 obtenir de la PI, nous verrons comment \u00e9laborer une approche de PI adapt\u00e9e aux produits non approuv\u00e9s cliniquement ; une approche qui utilise l\u2019ensemble des outils de PI de mani\u00e8re intelligente afin de construire la solution la plus efficiente. Enfin, nous examinerons ce qui peut \u00eatre fait concernant un portefeuille de PI lorsque l\u2019innovateur passe du d\u00e9veloppement de produits approuv\u00e9s cliniquement \u00e0 celui de produits OTC.<\/p>\n<p><a href=\"https:\/\/www.hgf.com\/fr\/our-people\/benoit-lienard\/\">Benoit Lienard<\/a>, associ\u00e9 et conseil en brevets chez HGF, assistera \u00e9galement \u00e0 l\u2019\u00e9v\u00e9nement.<\/p>\n","protected":false},"excerpt":{"rendered":"<p>HGF est fier de participer au 14th Microbiome R&amp;D and Business Collaboration Forum: Europe et au 8th Skin Microbiome and Cosmeceuticals Congress: Europe. L\u2019\u00e9v\u00e9nement se tiendra les lundi 11 et &hellip;<\/p>\n","protected":false},"author":502,"featured_media":9004111222133988,"comment_status":"closed","ping_status":"closed","sticky":false,"template":"","format":"standard","meta":{"_acf_changed":false,"footnotes":""},"categories":[545,517,543],"tags":[],"class_list":["post-9004111222143724","post","type-post","status-publish","format-standard","has-post-thumbnail","hentry","category-autres-evenements","category-centre-de-connaissances","category-evenements"],"acf":[],"yoast_head":"<!-- This site is optimized with the Yoast SEO Premium plugin v27.5 (Yoast SEO v27.5) - https:\/\/yoast.com\/product\/yoast-seo-premium-wordpress\/ -->\n<title>HGF est fier de participer au 14th Microbiome R&amp;D and Business Collaboration Forum: Europe et au 8th Skin Microbiome and Cosmeceuticals Congress: Europe. - HGF<\/title>\n<meta name=\"robots\" content=\"index, follow, max-snippet:-1, max-image-preview:large, max-video-preview:-1\" \/>\n<link rel=\"canonical\" href=\"https:\/\/www.hgf.com\/fr\/centre-de-connaissances\/evenements\/hgf-est-fier-de-participer-au-14th-microbiome-rd-and-business-collaboration-forum-europe-et-au-8th-skin-microbiome-and-cosmeceuticals-congress-europe\/\" \/>\n<meta property=\"og:locale\" content=\"fr_FR\" \/>\n<meta property=\"og:type\" content=\"article\" \/>\n<meta property=\"og:title\" content=\"HGF est fier de participer au 14th Microbiome R&amp;D and Business Collaboration Forum: Europe et au 8th Skin Microbiome and Cosmeceuticals Congress: Europe.\" \/>\n<meta property=\"og:description\" content=\"HGF est fier de participer au 14th Microbiome R&amp;D and Business Collaboration Forum: Europe et au 8th Skin Microbiome and Cosmeceuticals Congress:\" \/>\n<meta property=\"og:url\" content=\"https:\/\/www.hgf.com\/fr\/centre-de-connaissances\/evenements\/hgf-est-fier-de-participer-au-14th-microbiome-rd-and-business-collaboration-forum-europe-et-au-8th-skin-microbiome-and-cosmeceuticals-congress-europe\/\" \/>\n<meta property=\"og:site_name\" content=\"HGF\" \/>\n<meta property=\"article:published_time\" content=\"2026-04-28T09:03:18+00:00\" \/>\n<meta property=\"article:modified_time\" content=\"2026-04-29T13:36:07+00:00\" \/>\n<meta property=\"og:image\" content=\"https:\/\/www.hgf.com\/wp-content\/uploads\/2023\/02\/hgf-logo.jpg\" \/>\n\t<meta property=\"og:image:width\" content=\"1920\" \/>\n\t<meta property=\"og:image:height\" content=\"1080\" \/>\n\t<meta property=\"og:image:type\" content=\"image\/jpeg\" \/>\n<meta name=\"author\" content=\"Georgia Melia\" \/>\n<meta name=\"twitter:card\" content=\"summary_large_image\" \/>\n<meta name=\"twitter:creator\" content=\"@hgf_ip\" \/>\n<meta name=\"twitter:site\" content=\"@hgf_ip\" \/>\n<meta name=\"twitter:label1\" content=\"\u00c9crit par\" \/>\n\t<meta name=\"twitter:data1\" content=\"Georgia Melia\" \/>\n\t<meta name=\"twitter:label2\" content=\"Dur\u00e9e de lecture estim\u00e9e\" \/>\n\t<meta name=\"twitter:data2\" content=\"1 minute\" \/>\n<script type=\"application\/ld+json\" class=\"yoast-schema-graph\">{\"@context\":\"https:\\\/\\\/schema.org\",\"@graph\":[{\"@type\":\"Article\",\"@id\":\"https:\\\/\\\/www.hgf.com\\\/fr\\\/centre-de-connaissances\\\/evenements\\\/hgf-est-fier-de-participer-au-14th-microbiome-rd-and-business-collaboration-forum-europe-et-au-8th-skin-microbiome-and-cosmeceuticals-congress-europe\\\/#article\",\"isPartOf\":{\"@id\":\"https:\\\/\\\/www.hgf.com\\\/fr\\\/centre-de-connaissances\\\/evenements\\\/hgf-est-fier-de-participer-au-14th-microbiome-rd-and-business-collaboration-forum-europe-et-au-8th-skin-microbiome-and-cosmeceuticals-congress-europe\\\/\"},\"author\":{\"name\":\"Georgia Melia\",\"@id\":\"https:\\\/\\\/www.hgf.com\\\/fr\\\/#\\\/schema\\\/person\\\/7df0a22a79ff7cc91642cd3ce4882036\"},\"headline\":\"HGF est fier de participer au 14th Microbiome R&amp;D and Business Collaboration Forum: Europe et au 8th Skin Microbiome and Cosmeceuticals Congress: Europe.\",\"datePublished\":\"2026-04-28T09:03:18+00:00\",\"dateModified\":\"2026-04-29T13:36:07+00:00\",\"mainEntityOfPage\":{\"@id\":\"https:\\\/\\\/www.hgf.com\\\/fr\\\/centre-de-connaissances\\\/evenements\\\/hgf-est-fier-de-participer-au-14th-microbiome-rd-and-business-collaboration-forum-europe-et-au-8th-skin-microbiome-and-cosmeceuticals-congress-europe\\\/\"},\"wordCount\":267,\"publisher\":{\"@id\":\"https:\\\/\\\/www.hgf.com\\\/fr\\\/#organization\"},\"image\":{\"@id\":\"https:\\\/\\\/www.hgf.com\\\/fr\\\/centre-de-connaissances\\\/evenements\\\/hgf-est-fier-de-participer-au-14th-microbiome-rd-and-business-collaboration-forum-europe-et-au-8th-skin-microbiome-and-cosmeceuticals-congress-europe\\\/#primaryimage\"},\"thumbnailUrl\":\"https:\\\/\\\/www.hgf.com\\\/wp-content\\\/uploads\\\/2023\\\/02\\\/hgf-logo.jpg\",\"articleSection\":[\"Autres \u00e9v\u00e9nements\",\"Centre de connaissances\",\"\u00c9v\u00e9nements\"],\"inLanguage\":\"fr-FR\"},{\"@type\":\"WebPage\",\"@id\":\"https:\\\/\\\/www.hgf.com\\\/fr\\\/centre-de-connaissances\\\/evenements\\\/hgf-est-fier-de-participer-au-14th-microbiome-rd-and-business-collaboration-forum-europe-et-au-8th-skin-microbiome-and-cosmeceuticals-congress-europe\\\/\",\"url\":\"https:\\\/\\\/www.hgf.com\\\/fr\\\/centre-de-connaissances\\\/evenements\\\/hgf-est-fier-de-participer-au-14th-microbiome-rd-and-business-collaboration-forum-europe-et-au-8th-skin-microbiome-and-cosmeceuticals-congress-europe\\\/\",\"name\":\"HGF est fier de participer au 14th Microbiome R&amp;D and Business Collaboration Forum: Europe et au 8th Skin Microbiome and Cosmeceuticals Congress: Europe. - HGF\",\"isPartOf\":{\"@id\":\"https:\\\/\\\/www.hgf.com\\\/fr\\\/#website\"},\"primaryImageOfPage\":{\"@id\":\"https:\\\/\\\/www.hgf.com\\\/fr\\\/centre-de-connaissances\\\/evenements\\\/hgf-est-fier-de-participer-au-14th-microbiome-rd-and-business-collaboration-forum-europe-et-au-8th-skin-microbiome-and-cosmeceuticals-congress-europe\\\/#primaryimage\"},\"image\":{\"@id\":\"https:\\\/\\\/www.hgf.com\\\/fr\\\/centre-de-connaissances\\\/evenements\\\/hgf-est-fier-de-participer-au-14th-microbiome-rd-and-business-collaboration-forum-europe-et-au-8th-skin-microbiome-and-cosmeceuticals-congress-europe\\\/#primaryimage\"},\"thumbnailUrl\":\"https:\\\/\\\/www.hgf.com\\\/wp-content\\\/uploads\\\/2023\\\/02\\\/hgf-logo.jpg\",\"datePublished\":\"2026-04-28T09:03:18+00:00\",\"dateModified\":\"2026-04-29T13:36:07+00:00\",\"inLanguage\":\"fr-FR\",\"potentialAction\":[{\"@type\":\"ReadAction\",\"target\":[\"https:\\\/\\\/www.hgf.com\\\/fr\\\/centre-de-connaissances\\\/evenements\\\/hgf-est-fier-de-participer-au-14th-microbiome-rd-and-business-collaboration-forum-europe-et-au-8th-skin-microbiome-and-cosmeceuticals-congress-europe\\\/\"]}]},{\"@type\":\"ImageObject\",\"inLanguage\":\"fr-FR\",\"@id\":\"https:\\\/\\\/www.hgf.com\\\/fr\\\/centre-de-connaissances\\\/evenements\\\/hgf-est-fier-de-participer-au-14th-microbiome-rd-and-business-collaboration-forum-europe-et-au-8th-skin-microbiome-and-cosmeceuticals-congress-europe\\\/#primaryimage\",\"url\":\"https:\\\/\\\/www.hgf.com\\\/wp-content\\\/uploads\\\/2023\\\/02\\\/hgf-logo.jpg\",\"contentUrl\":\"https:\\\/\\\/www.hgf.com\\\/wp-content\\\/uploads\\\/2023\\\/02\\\/hgf-logo.jpg\",\"width\":1920,\"height\":1080},{\"@type\":\"WebSite\",\"@id\":\"https:\\\/\\\/www.hgf.com\\\/fr\\\/#website\",\"url\":\"https:\\\/\\\/www.hgf.com\\\/fr\\\/\",\"name\":\"HGF\",\"description\":\"Intellectual Property Rights specialists\",\"publisher\":{\"@id\":\"https:\\\/\\\/www.hgf.com\\\/fr\\\/#organization\"},\"potentialAction\":[{\"@type\":\"SearchAction\",\"target\":{\"@type\":\"EntryPoint\",\"urlTemplate\":\"https:\\\/\\\/www.hgf.com\\\/fr\\\/?s={search_term_string}\"},\"query-input\":{\"@type\":\"PropertyValueSpecification\",\"valueRequired\":true,\"valueName\":\"search_term_string\"}}],\"inLanguage\":\"fr-FR\"},{\"@type\":\"Organization\",\"@id\":\"https:\\\/\\\/www.hgf.com\\\/fr\\\/#organization\",\"name\":\"HGF\",\"url\":\"https:\\\/\\\/www.hgf.com\\\/fr\\\/\",\"logo\":{\"@type\":\"ImageObject\",\"inLanguage\":\"fr-FR\",\"@id\":\"https:\\\/\\\/www.hgf.com\\\/fr\\\/#\\\/schema\\\/logo\\\/image\\\/\",\"url\":\"https:\\\/\\\/www.hgf.com\\\/wp-content\\\/uploads\\\/2023\\\/04\\\/hgf-logo-696x696-1.png\",\"contentUrl\":\"https:\\\/\\\/www.hgf.com\\\/wp-content\\\/uploads\\\/2023\\\/04\\\/hgf-logo-696x696-1.png\",\"width\":696,\"height\":696,\"caption\":\"HGF\"},\"image\":{\"@id\":\"https:\\\/\\\/www.hgf.com\\\/fr\\\/#\\\/schema\\\/logo\\\/image\\\/\"},\"sameAs\":[\"https:\\\/\\\/x.com\\\/hgf_ip\",\"https:\\\/\\\/www.linkedin.com\\\/company\\\/hgf-limited-intellectual-property-specialists\\\/\"]},{\"@type\":\"Person\",\"@id\":\"https:\\\/\\\/www.hgf.com\\\/fr\\\/#\\\/schema\\\/person\\\/7df0a22a79ff7cc91642cd3ce4882036\",\"name\":\"Georgia Melia\",\"image\":{\"@type\":\"ImageObject\",\"inLanguage\":\"fr-FR\",\"@id\":\"https:\\\/\\\/secure.gravatar.com\\\/avatar\\\/bc759620959e751b0f1ac49d89cb60b8f62218f980cb9e4919ee6eb01c4fed6f?s=96&d=mm&r=g\",\"url\":\"https:\\\/\\\/secure.gravatar.com\\\/avatar\\\/bc759620959e751b0f1ac49d89cb60b8f62218f980cb9e4919ee6eb01c4fed6f?s=96&d=mm&r=g\",\"contentUrl\":\"https:\\\/\\\/secure.gravatar.com\\\/avatar\\\/bc759620959e751b0f1ac49d89cb60b8f62218f980cb9e4919ee6eb01c4fed6f?s=96&d=mm&r=g\",\"caption\":\"Georgia Melia\"}}]}<\/script>\n<!-- \/ Yoast SEO Premium plugin. -->","yoast_head_json":{"title":"HGF est fier de participer au 14th Microbiome R&amp;D and Business Collaboration Forum: Europe et au 8th Skin Microbiome and Cosmeceuticals Congress: Europe. - HGF","robots":{"index":"index","follow":"follow","max-snippet":"max-snippet:-1","max-image-preview":"max-image-preview:large","max-video-preview":"max-video-preview:-1"},"canonical":"https:\/\/www.hgf.com\/fr\/centre-de-connaissances\/evenements\/hgf-est-fier-de-participer-au-14th-microbiome-rd-and-business-collaboration-forum-europe-et-au-8th-skin-microbiome-and-cosmeceuticals-congress-europe\/","og_locale":"fr_FR","og_type":"article","og_title":"HGF est fier de participer au 14th Microbiome R&amp;D and Business Collaboration Forum: Europe et au 8th Skin Microbiome and Cosmeceuticals Congress: Europe.","og_description":"HGF est fier de participer au 14th Microbiome R&amp;D and Business Collaboration Forum: Europe et au 8th Skin Microbiome and Cosmeceuticals Congress:","og_url":"https:\/\/www.hgf.com\/fr\/centre-de-connaissances\/evenements\/hgf-est-fier-de-participer-au-14th-microbiome-rd-and-business-collaboration-forum-europe-et-au-8th-skin-microbiome-and-cosmeceuticals-congress-europe\/","og_site_name":"HGF","article_published_time":"2026-04-28T09:03:18+00:00","article_modified_time":"2026-04-29T13:36:07+00:00","og_image":[{"width":1920,"height":1080,"url":"https:\/\/www.hgf.com\/wp-content\/uploads\/2023\/02\/hgf-logo.jpg","type":"image\/jpeg"}],"author":"Georgia Melia","twitter_card":"summary_large_image","twitter_creator":"@hgf_ip","twitter_site":"@hgf_ip","twitter_misc":{"\u00c9crit par":"Georgia Melia","Dur\u00e9e de lecture estim\u00e9e":"1 minute"},"schema":{"@context":"https:\/\/schema.org","@graph":[{"@type":"Article","@id":"https:\/\/www.hgf.com\/fr\/centre-de-connaissances\/evenements\/hgf-est-fier-de-participer-au-14th-microbiome-rd-and-business-collaboration-forum-europe-et-au-8th-skin-microbiome-and-cosmeceuticals-congress-europe\/#article","isPartOf":{"@id":"https:\/\/www.hgf.com\/fr\/centre-de-connaissances\/evenements\/hgf-est-fier-de-participer-au-14th-microbiome-rd-and-business-collaboration-forum-europe-et-au-8th-skin-microbiome-and-cosmeceuticals-congress-europe\/"},"author":{"name":"Georgia Melia","@id":"https:\/\/www.hgf.com\/fr\/#\/schema\/person\/7df0a22a79ff7cc91642cd3ce4882036"},"headline":"HGF est fier de participer au 14th Microbiome R&amp;D and Business Collaboration Forum: Europe et au 8th Skin Microbiome and Cosmeceuticals Congress: Europe.","datePublished":"2026-04-28T09:03:18+00:00","dateModified":"2026-04-29T13:36:07+00:00","mainEntityOfPage":{"@id":"https:\/\/www.hgf.com\/fr\/centre-de-connaissances\/evenements\/hgf-est-fier-de-participer-au-14th-microbiome-rd-and-business-collaboration-forum-europe-et-au-8th-skin-microbiome-and-cosmeceuticals-congress-europe\/"},"wordCount":267,"publisher":{"@id":"https:\/\/www.hgf.com\/fr\/#organization"},"image":{"@id":"https:\/\/www.hgf.com\/fr\/centre-de-connaissances\/evenements\/hgf-est-fier-de-participer-au-14th-microbiome-rd-and-business-collaboration-forum-europe-et-au-8th-skin-microbiome-and-cosmeceuticals-congress-europe\/#primaryimage"},"thumbnailUrl":"https:\/\/www.hgf.com\/wp-content\/uploads\/2023\/02\/hgf-logo.jpg","articleSection":["Autres \u00e9v\u00e9nements","Centre de connaissances","\u00c9v\u00e9nements"],"inLanguage":"fr-FR"},{"@type":"WebPage","@id":"https:\/\/www.hgf.com\/fr\/centre-de-connaissances\/evenements\/hgf-est-fier-de-participer-au-14th-microbiome-rd-and-business-collaboration-forum-europe-et-au-8th-skin-microbiome-and-cosmeceuticals-congress-europe\/","url":"https:\/\/www.hgf.com\/fr\/centre-de-connaissances\/evenements\/hgf-est-fier-de-participer-au-14th-microbiome-rd-and-business-collaboration-forum-europe-et-au-8th-skin-microbiome-and-cosmeceuticals-congress-europe\/","name":"HGF est fier de participer au 14th Microbiome R&amp;D and Business Collaboration Forum: Europe et au 8th Skin Microbiome and Cosmeceuticals Congress: Europe. - HGF","isPartOf":{"@id":"https:\/\/www.hgf.com\/fr\/#website"},"primaryImageOfPage":{"@id":"https:\/\/www.hgf.com\/fr\/centre-de-connaissances\/evenements\/hgf-est-fier-de-participer-au-14th-microbiome-rd-and-business-collaboration-forum-europe-et-au-8th-skin-microbiome-and-cosmeceuticals-congress-europe\/#primaryimage"},"image":{"@id":"https:\/\/www.hgf.com\/fr\/centre-de-connaissances\/evenements\/hgf-est-fier-de-participer-au-14th-microbiome-rd-and-business-collaboration-forum-europe-et-au-8th-skin-microbiome-and-cosmeceuticals-congress-europe\/#primaryimage"},"thumbnailUrl":"https:\/\/www.hgf.com\/wp-content\/uploads\/2023\/02\/hgf-logo.jpg","datePublished":"2026-04-28T09:03:18+00:00","dateModified":"2026-04-29T13:36:07+00:00","inLanguage":"fr-FR","potentialAction":[{"@type":"ReadAction","target":["https:\/\/www.hgf.com\/fr\/centre-de-connaissances\/evenements\/hgf-est-fier-de-participer-au-14th-microbiome-rd-and-business-collaboration-forum-europe-et-au-8th-skin-microbiome-and-cosmeceuticals-congress-europe\/"]}]},{"@type":"ImageObject","inLanguage":"fr-FR","@id":"https:\/\/www.hgf.com\/fr\/centre-de-connaissances\/evenements\/hgf-est-fier-de-participer-au-14th-microbiome-rd-and-business-collaboration-forum-europe-et-au-8th-skin-microbiome-and-cosmeceuticals-congress-europe\/#primaryimage","url":"https:\/\/www.hgf.com\/wp-content\/uploads\/2023\/02\/hgf-logo.jpg","contentUrl":"https:\/\/www.hgf.com\/wp-content\/uploads\/2023\/02\/hgf-logo.jpg","width":1920,"height":1080},{"@type":"WebSite","@id":"https:\/\/www.hgf.com\/fr\/#website","url":"https:\/\/www.hgf.com\/fr\/","name":"HGF","description":"Intellectual Property Rights specialists","publisher":{"@id":"https:\/\/www.hgf.com\/fr\/#organization"},"potentialAction":[{"@type":"SearchAction","target":{"@type":"EntryPoint","urlTemplate":"https:\/\/www.hgf.com\/fr\/?s={search_term_string}"},"query-input":{"@type":"PropertyValueSpecification","valueRequired":true,"valueName":"search_term_string"}}],"inLanguage":"fr-FR"},{"@type":"Organization","@id":"https:\/\/www.hgf.com\/fr\/#organization","name":"HGF","url":"https:\/\/www.hgf.com\/fr\/","logo":{"@type":"ImageObject","inLanguage":"fr-FR","@id":"https:\/\/www.hgf.com\/fr\/#\/schema\/logo\/image\/","url":"https:\/\/www.hgf.com\/wp-content\/uploads\/2023\/04\/hgf-logo-696x696-1.png","contentUrl":"https:\/\/www.hgf.com\/wp-content\/uploads\/2023\/04\/hgf-logo-696x696-1.png","width":696,"height":696,"caption":"HGF"},"image":{"@id":"https:\/\/www.hgf.com\/fr\/#\/schema\/logo\/image\/"},"sameAs":["https:\/\/x.com\/hgf_ip","https:\/\/www.linkedin.com\/company\/hgf-limited-intellectual-property-specialists\/"]},{"@type":"Person","@id":"https:\/\/www.hgf.com\/fr\/#\/schema\/person\/7df0a22a79ff7cc91642cd3ce4882036","name":"Georgia Melia","image":{"@type":"ImageObject","inLanguage":"fr-FR","@id":"https:\/\/secure.gravatar.com\/avatar\/bc759620959e751b0f1ac49d89cb60b8f62218f980cb9e4919ee6eb01c4fed6f?s=96&d=mm&r=g","url":"https:\/\/secure.gravatar.com\/avatar\/bc759620959e751b0f1ac49d89cb60b8f62218f980cb9e4919ee6eb01c4fed6f?s=96&d=mm&r=g","contentUrl":"https:\/\/secure.gravatar.com\/avatar\/bc759620959e751b0f1ac49d89cb60b8f62218f980cb9e4919ee6eb01c4fed6f?s=96&d=mm&r=g","caption":"Georgia Melia"}}]}},"_links":{"self":[{"href":"https:\/\/www.hgf.com\/fr\/wp-json\/wp\/v2\/posts\/9004111222143724","targetHints":{"allow":["GET"]}}],"collection":[{"href":"https:\/\/www.hgf.com\/fr\/wp-json\/wp\/v2\/posts"}],"about":[{"href":"https:\/\/www.hgf.com\/fr\/wp-json\/wp\/v2\/types\/post"}],"author":[{"embeddable":true,"href":"https:\/\/www.hgf.com\/fr\/wp-json\/wp\/v2\/users\/502"}],"replies":[{"embeddable":true,"href":"https:\/\/www.hgf.com\/fr\/wp-json\/wp\/v2\/comments?post=9004111222143724"}],"version-history":[{"count":0,"href":"https:\/\/www.hgf.com\/fr\/wp-json\/wp\/v2\/posts\/9004111222143724\/revisions"}],"wp:featuredmedia":[{"embeddable":true,"href":"https:\/\/www.hgf.com\/fr\/wp-json\/wp\/v2\/media\/9004111222133988"}],"wp:attachment":[{"href":"https:\/\/www.hgf.com\/fr\/wp-json\/wp\/v2\/media?parent=9004111222143724"}],"wp:term":[{"taxonomy":"category","embeddable":true,"href":"https:\/\/www.hgf.com\/fr\/wp-json\/wp\/v2\/categories?post=9004111222143724"},{"taxonomy":"post_tag","embeddable":true,"href":"https:\/\/www.hgf.com\/fr\/wp-json\/wp\/v2\/tags?post=9004111222143724"}],"curies":[{"name":"wp","href":"https:\/\/api.w.org\/{rel}","templated":true}]}}