{"id":9004111222143434,"date":"2026-04-01T07:59:55","date_gmt":"2026-04-01T06:59:55","guid":{"rendered":"https:\/\/www.hgf.com\/?p=9004111222143434"},"modified":"2026-04-01T08:37:39","modified_gmt":"2026-04-01T07:37:39","slug":"communique-de-presse-garreth-duncan-rejoint-hgf-en-tant-quassocie-au-bureau-de-londres","status":"publish","type":"post","link":"https:\/\/www.hgf.com\/fr\/centre-de-connaissances\/news-1\/communique-de-presse-garreth-duncan-rejoint-hgf-en-tant-quassocie-au-bureau-de-londres\/","title":{"rendered":"COMMUNIQU\u00c9 DE PRESSE \u2013 Garreth Duncan rejoint HGF en tant qu\u2019associ\u00e9 au bureau de Londres"},"content":{"rendered":"<p>HGF a le plaisir d\u2019annoncer la nomination de Garreth Duncan, qui rejoindra le cabinet en tant qu\u2019associ\u00e9 le 1er avril 2026. Garreth rejoint notre groupe Chimie et Pharmaceutique au sein de HGF et sa nomination soutient davantage notre ambitieuse strat\u00e9gie de croissance au Royaume\u2011Uni et en Europe.<\/p>\n<p>Garreth poss\u00e8de une expertise consid\u00e9rable dans un large \u00e9ventail de technologies chimiques, notamment les produits pharmaceutiques, la chimie des aliments, la chimie agricole, la p\u00e9trochimie, la chimie des polym\u00e8res et les proc\u00e9d\u00e9s chimiques.<\/p>\n<p>Un domaine particulier de l\u2019expertise et de la pratique de Garreth est le secteur pharmaceutique, et il se sp\u00e9cialise dans la protection des nouvelles entit\u00e9s chimiques, des sels, des polymorphes, des formulations (y compris les technologies avanc\u00e9es d\u2019administration de m\u00e9dicaments), des proc\u00e9d\u00e9s de fabrication, des th\u00e9rapies combin\u00e9es, des sch\u00e9mas posologiques et des usages m\u00e9dicaux. Garreth poss\u00e8de \u00e9galement une vaste exp\u00e9rience en Certificats Compl\u00e9mentaires de Protection (extensions de dur\u00e9e des brevets europ\u00e9ens) et son arriv\u00e9e renforce encore notre offre dans ce domaine sp\u00e9cialis\u00e9.<\/p>\n<p>Garreth a comment\u00e9 :<br \/>\n<em>\u00ab Je suis ravi de rejoindre HGF. C\u2019est une p\u00e9riode enthousiasmante pour int\u00e9grer un cabinet en pleine croissance, avec une offre aussi solide dans de nombreux domaines techniques et pays. Je suis particuli\u00e8rement impatient de rejoindre le groupe Chimie et Pharmaceutique de HGF et de travailler avec nos clients de ce secteur afin de maximiser la valeur et l\u2019impact de leurs actifs de PI. \u00bb<\/em><\/p>\n<p>Dr Andrew Wells, responsable du groupe Chimie et Pharmaceutique de HGF, a ajout\u00e9 :<br \/>\n<em>\u00ab Nous sommes ravis d\u2019accueillir Garreth chez HGF et au sein de notre groupe Chimie et Pharmaceutique. Son parcours, son exp\u00e9rience et son expertise s\u2019int\u00e8grent parfaitement \u00e0 notre \u00e9quipe et renforceront encore notre capacit\u00e9 \u00e0 servir les clients des secteurs chimique et pharmaceutique. \u00bb<\/em><\/p>\n<p><strong>\u00c0 propos de HGF :<\/strong><\/p>\n<p>HGF Ltd est l\u2019un des plus grands cabinets europ\u00e9ens de sp\u00e9cialistes de la PI, avec pour vision d\u2019\u00eatre le leader des services en propri\u00e9t\u00e9 intellectuelle en Europe. Les mandataires en brevets, conseils en marques, conseils en dessins et mod\u00e8les, Rechtsanwalt, avocats en PI et attorneys-at-law du cabinet offrent une solution int\u00e9gr\u00e9e aux clients. HGF cr\u00e9e et g\u00e8re des portefeuilles de PI pour les plus grandes entreprises et instituts de recherche mondiaux. Nous conseillons les clients sur la cr\u00e9ation d\u2019actifs strat\u00e9giques de PI dans le monde entier et fournissons une expertise de premier plan en oppositions, appels, commercialisation, r\u00e9solution des litiges et contentieux pour d\u00e9fendre et faire respecter les droits de PI.<\/p>\n<p>HGF remporte r\u00e9guli\u00e8rement des prix sectoriels et est reconnu par les principaux annuaires juridiques.<\/p>\n<p>Pour tout commentaire suppl\u00e9mentaire, veuillez contacter Nikki Butler au +44 (0)113 233 0100, <a href=\"mailto:nbutler@hgf.com\">nbutler@hgf.com<\/a>. Plus de d\u00e9tails sur le cabinet peuvent \u00eatre trouv\u00e9s sur <a href=\"http:\/\/www.hgf.com\">www.hgf.com<\/a> ou par email \u00e0 <a href=\"mailto:marketing@hgf.com\">marketing@hgf.com<\/a>.<\/p>\n","protected":false},"excerpt":{"rendered":"<p>HGF a le plaisir d\u2019annoncer la nomination de Garreth Duncan, qui rejoindra le cabinet en tant qu\u2019associ\u00e9 le 1er avril 2026. Garreth rejoint notre groupe Chimie et Pharmaceutique au sein &hellip;<\/p>\n","protected":false},"author":316,"featured_media":9004111222135822,"comment_status":"closed","ping_status":"closed","sticky":false,"template":"","format":"standard","meta":{"_acf_changed":false,"footnotes":""},"categories":[549,517],"tags":[],"class_list":["post-9004111222143434","post","type-post","status-publish","format-standard","has-post-thumbnail","hentry","category-news-1","category-centre-de-connaissances","sector-produits-pharmaceutiques","service-brevets","service-prolongations-de-brevets-et-csp","sector_groups-chimie"],"acf":[],"yoast_head":"<!-- This site is optimized with the Yoast SEO Premium plugin v27.5 (Yoast SEO v27.5) - https:\/\/yoast.com\/product\/yoast-seo-premium-wordpress\/ -->\n<title>COMMUNIQU\u00c9 DE PRESSE \u2013 Garreth Duncan rejoint HGF en tant qu\u2019associ\u00e9 au bureau de Londres - HGF<\/title>\n<meta name=\"robots\" content=\"index, follow, max-snippet:-1, max-image-preview:large, max-video-preview:-1\" \/>\n<link rel=\"canonical\" href=\"https:\/\/www.hgf.com\/fr\/centre-de-connaissances\/news-1\/communique-de-presse-garreth-duncan-rejoint-hgf-en-tant-quassocie-au-bureau-de-londres\/\" \/>\n<meta property=\"og:locale\" content=\"fr_FR\" \/>\n<meta property=\"og:type\" content=\"article\" \/>\n<meta property=\"og:title\" content=\"COMMUNIQU\u00c9 DE PRESSE \u2013 Garreth Duncan rejoint HGF en tant qu\u2019associ\u00e9 au bureau de Londres\" \/>\n<meta property=\"og:description\" content=\"HGF a le plaisir d\u2019annoncer la nomination de Garreth Duncan, qui rejoindra le cabinet en tant qu\u2019associ\u00e9 le 1er avril 2026. Garreth rejoint notre groupe\" \/>\n<meta property=\"og:url\" content=\"https:\/\/www.hgf.com\/fr\/centre-de-connaissances\/news-1\/communique-de-presse-garreth-duncan-rejoint-hgf-en-tant-quassocie-au-bureau-de-londres\/\" \/>\n<meta property=\"og:site_name\" content=\"HGF\" \/>\n<meta property=\"article:published_time\" content=\"2026-04-01T06:59:55+00:00\" \/>\n<meta property=\"article:modified_time\" content=\"2026-04-01T07:37:39+00:00\" \/>\n<meta property=\"og:image\" content=\"https:\/\/www.hgf.com\/wp-content\/uploads\/2023\/04\/hgf-logo-696x696-1.png\" \/>\n\t<meta property=\"og:image:width\" content=\"696\" \/>\n\t<meta property=\"og:image:height\" content=\"696\" \/>\n\t<meta property=\"og:image:type\" content=\"image\/png\" \/>\n<meta name=\"author\" content=\"Nichola Butler\" \/>\n<meta name=\"twitter:card\" content=\"summary_large_image\" \/>\n<meta name=\"twitter:creator\" content=\"@hgf_ip\" \/>\n<meta name=\"twitter:site\" content=\"@hgf_ip\" \/>\n<meta name=\"twitter:label1\" content=\"\u00c9crit par\" \/>\n\t<meta name=\"twitter:data1\" content=\"Nichola Butler\" \/>\n\t<meta name=\"twitter:label2\" content=\"Dur\u00e9e de lecture estim\u00e9e\" \/>\n\t<meta name=\"twitter:data2\" content=\"2 minutes\" \/>\n<script type=\"application\/ld+json\" class=\"yoast-schema-graph\">{\"@context\":\"https:\\\/\\\/schema.org\",\"@graph\":[{\"@type\":\"Article\",\"@id\":\"https:\\\/\\\/www.hgf.com\\\/fr\\\/centre-de-connaissances\\\/news-1\\\/communique-de-presse-garreth-duncan-rejoint-hgf-en-tant-quassocie-au-bureau-de-londres\\\/#article\",\"isPartOf\":{\"@id\":\"https:\\\/\\\/www.hgf.com\\\/fr\\\/centre-de-connaissances\\\/news-1\\\/communique-de-presse-garreth-duncan-rejoint-hgf-en-tant-quassocie-au-bureau-de-londres\\\/\"},\"author\":{\"name\":\"Nichola Butler\",\"@id\":\"https:\\\/\\\/www.hgf.com\\\/fr\\\/#\\\/schema\\\/person\\\/b8e8f97c9bef17c5a63b58710dec05fc\"},\"headline\":\"COMMUNIQU\u00c9 DE PRESSE \u2013 Garreth Duncan rejoint HGF en tant qu\u2019associ\u00e9 au bureau de Londres\",\"datePublished\":\"2026-04-01T06:59:55+00:00\",\"dateModified\":\"2026-04-01T07:37:39+00:00\",\"mainEntityOfPage\":{\"@id\":\"https:\\\/\\\/www.hgf.com\\\/fr\\\/centre-de-connaissances\\\/news-1\\\/communique-de-presse-garreth-duncan-rejoint-hgf-en-tant-quassocie-au-bureau-de-londres\\\/\"},\"wordCount\":512,\"publisher\":{\"@id\":\"https:\\\/\\\/www.hgf.com\\\/fr\\\/#organization\"},\"image\":{\"@id\":\"https:\\\/\\\/www.hgf.com\\\/fr\\\/centre-de-connaissances\\\/news-1\\\/communique-de-presse-garreth-duncan-rejoint-hgf-en-tant-quassocie-au-bureau-de-londres\\\/#primaryimage\"},\"thumbnailUrl\":\"https:\\\/\\\/www.hgf.com\\\/wp-content\\\/uploads\\\/2023\\\/04\\\/hgf-logo-696x696-1.png\",\"articleSection\":[\"Actualit\u00e9s\",\"Centre de connaissances\"],\"inLanguage\":\"fr-FR\"},{\"@type\":\"WebPage\",\"@id\":\"https:\\\/\\\/www.hgf.com\\\/fr\\\/centre-de-connaissances\\\/news-1\\\/communique-de-presse-garreth-duncan-rejoint-hgf-en-tant-quassocie-au-bureau-de-londres\\\/\",\"url\":\"https:\\\/\\\/www.hgf.com\\\/fr\\\/centre-de-connaissances\\\/news-1\\\/communique-de-presse-garreth-duncan-rejoint-hgf-en-tant-quassocie-au-bureau-de-londres\\\/\",\"name\":\"COMMUNIQU\u00c9 DE PRESSE \u2013 Garreth Duncan rejoint HGF en tant qu\u2019associ\u00e9 au bureau de Londres - HGF\",\"isPartOf\":{\"@id\":\"https:\\\/\\\/www.hgf.com\\\/fr\\\/#website\"},\"primaryImageOfPage\":{\"@id\":\"https:\\\/\\\/www.hgf.com\\\/fr\\\/centre-de-connaissances\\\/news-1\\\/communique-de-presse-garreth-duncan-rejoint-hgf-en-tant-quassocie-au-bureau-de-londres\\\/#primaryimage\"},\"image\":{\"@id\":\"https:\\\/\\\/www.hgf.com\\\/fr\\\/centre-de-connaissances\\\/news-1\\\/communique-de-presse-garreth-duncan-rejoint-hgf-en-tant-quassocie-au-bureau-de-londres\\\/#primaryimage\"},\"thumbnailUrl\":\"https:\\\/\\\/www.hgf.com\\\/wp-content\\\/uploads\\\/2023\\\/04\\\/hgf-logo-696x696-1.png\",\"datePublished\":\"2026-04-01T06:59:55+00:00\",\"dateModified\":\"2026-04-01T07:37:39+00:00\",\"inLanguage\":\"fr-FR\",\"potentialAction\":[{\"@type\":\"ReadAction\",\"target\":[\"https:\\\/\\\/www.hgf.com\\\/fr\\\/centre-de-connaissances\\\/news-1\\\/communique-de-presse-garreth-duncan-rejoint-hgf-en-tant-quassocie-au-bureau-de-londres\\\/\"]}]},{\"@type\":\"ImageObject\",\"inLanguage\":\"fr-FR\",\"@id\":\"https:\\\/\\\/www.hgf.com\\\/fr\\\/centre-de-connaissances\\\/news-1\\\/communique-de-presse-garreth-duncan-rejoint-hgf-en-tant-quassocie-au-bureau-de-londres\\\/#primaryimage\",\"url\":\"https:\\\/\\\/www.hgf.com\\\/wp-content\\\/uploads\\\/2023\\\/04\\\/hgf-logo-696x696-1.png\",\"contentUrl\":\"https:\\\/\\\/www.hgf.com\\\/wp-content\\\/uploads\\\/2023\\\/04\\\/hgf-logo-696x696-1.png\",\"width\":696,\"height\":696},{\"@type\":\"WebSite\",\"@id\":\"https:\\\/\\\/www.hgf.com\\\/fr\\\/#website\",\"url\":\"https:\\\/\\\/www.hgf.com\\\/fr\\\/\",\"name\":\"HGF\",\"description\":\"Intellectual Property Rights specialists\",\"publisher\":{\"@id\":\"https:\\\/\\\/www.hgf.com\\\/fr\\\/#organization\"},\"potentialAction\":[{\"@type\":\"SearchAction\",\"target\":{\"@type\":\"EntryPoint\",\"urlTemplate\":\"https:\\\/\\\/www.hgf.com\\\/fr\\\/?s={search_term_string}\"},\"query-input\":{\"@type\":\"PropertyValueSpecification\",\"valueRequired\":true,\"valueName\":\"search_term_string\"}}],\"inLanguage\":\"fr-FR\"},{\"@type\":\"Organization\",\"@id\":\"https:\\\/\\\/www.hgf.com\\\/fr\\\/#organization\",\"name\":\"HGF\",\"url\":\"https:\\\/\\\/www.hgf.com\\\/fr\\\/\",\"logo\":{\"@type\":\"ImageObject\",\"inLanguage\":\"fr-FR\",\"@id\":\"https:\\\/\\\/www.hgf.com\\\/fr\\\/#\\\/schema\\\/logo\\\/image\\\/\",\"url\":\"https:\\\/\\\/www.hgf.com\\\/wp-content\\\/uploads\\\/2023\\\/04\\\/hgf-logo-696x696-1.png\",\"contentUrl\":\"https:\\\/\\\/www.hgf.com\\\/wp-content\\\/uploads\\\/2023\\\/04\\\/hgf-logo-696x696-1.png\",\"width\":696,\"height\":696,\"caption\":\"HGF\"},\"image\":{\"@id\":\"https:\\\/\\\/www.hgf.com\\\/fr\\\/#\\\/schema\\\/logo\\\/image\\\/\"},\"sameAs\":[\"https:\\\/\\\/x.com\\\/hgf_ip\",\"https:\\\/\\\/www.linkedin.com\\\/company\\\/hgf-limited-intellectual-property-specialists\\\/\"]},{\"@type\":\"Person\",\"@id\":\"https:\\\/\\\/www.hgf.com\\\/fr\\\/#\\\/schema\\\/person\\\/b8e8f97c9bef17c5a63b58710dec05fc\",\"name\":\"Nichola Butler\",\"image\":{\"@type\":\"ImageObject\",\"inLanguage\":\"fr-FR\",\"@id\":\"https:\\\/\\\/secure.gravatar.com\\\/avatar\\\/42cf846a377c3a78e27a6251ef72637db7331dd1905ba199ce32a5a55e286c39?s=96&d=mm&r=g\",\"url\":\"https:\\\/\\\/secure.gravatar.com\\\/avatar\\\/42cf846a377c3a78e27a6251ef72637db7331dd1905ba199ce32a5a55e286c39?s=96&d=mm&r=g\",\"contentUrl\":\"https:\\\/\\\/secure.gravatar.com\\\/avatar\\\/42cf846a377c3a78e27a6251ef72637db7331dd1905ba199ce32a5a55e286c39?s=96&d=mm&r=g\",\"caption\":\"Nichola Butler\"}}]}<\/script>\n<!-- \/ Yoast SEO Premium plugin. -->","yoast_head_json":{"title":"COMMUNIQU\u00c9 DE PRESSE \u2013 Garreth Duncan rejoint HGF en tant qu\u2019associ\u00e9 au bureau de Londres - HGF","robots":{"index":"index","follow":"follow","max-snippet":"max-snippet:-1","max-image-preview":"max-image-preview:large","max-video-preview":"max-video-preview:-1"},"canonical":"https:\/\/www.hgf.com\/fr\/centre-de-connaissances\/news-1\/communique-de-presse-garreth-duncan-rejoint-hgf-en-tant-quassocie-au-bureau-de-londres\/","og_locale":"fr_FR","og_type":"article","og_title":"COMMUNIQU\u00c9 DE PRESSE \u2013 Garreth Duncan rejoint HGF en tant qu\u2019associ\u00e9 au bureau de Londres","og_description":"HGF a le plaisir d\u2019annoncer la nomination de Garreth Duncan, qui rejoindra le cabinet en tant qu\u2019associ\u00e9 le 1er avril 2026. Garreth rejoint notre groupe","og_url":"https:\/\/www.hgf.com\/fr\/centre-de-connaissances\/news-1\/communique-de-presse-garreth-duncan-rejoint-hgf-en-tant-quassocie-au-bureau-de-londres\/","og_site_name":"HGF","article_published_time":"2026-04-01T06:59:55+00:00","article_modified_time":"2026-04-01T07:37:39+00:00","og_image":[{"width":696,"height":696,"url":"https:\/\/www.hgf.com\/wp-content\/uploads\/2023\/04\/hgf-logo-696x696-1.png","type":"image\/png"}],"author":"Nichola Butler","twitter_card":"summary_large_image","twitter_creator":"@hgf_ip","twitter_site":"@hgf_ip","twitter_misc":{"\u00c9crit par":"Nichola Butler","Dur\u00e9e de lecture estim\u00e9e":"2 minutes"},"schema":{"@context":"https:\/\/schema.org","@graph":[{"@type":"Article","@id":"https:\/\/www.hgf.com\/fr\/centre-de-connaissances\/news-1\/communique-de-presse-garreth-duncan-rejoint-hgf-en-tant-quassocie-au-bureau-de-londres\/#article","isPartOf":{"@id":"https:\/\/www.hgf.com\/fr\/centre-de-connaissances\/news-1\/communique-de-presse-garreth-duncan-rejoint-hgf-en-tant-quassocie-au-bureau-de-londres\/"},"author":{"name":"Nichola Butler","@id":"https:\/\/www.hgf.com\/fr\/#\/schema\/person\/b8e8f97c9bef17c5a63b58710dec05fc"},"headline":"COMMUNIQU\u00c9 DE PRESSE \u2013 Garreth Duncan rejoint HGF en tant qu\u2019associ\u00e9 au bureau de Londres","datePublished":"2026-04-01T06:59:55+00:00","dateModified":"2026-04-01T07:37:39+00:00","mainEntityOfPage":{"@id":"https:\/\/www.hgf.com\/fr\/centre-de-connaissances\/news-1\/communique-de-presse-garreth-duncan-rejoint-hgf-en-tant-quassocie-au-bureau-de-londres\/"},"wordCount":512,"publisher":{"@id":"https:\/\/www.hgf.com\/fr\/#organization"},"image":{"@id":"https:\/\/www.hgf.com\/fr\/centre-de-connaissances\/news-1\/communique-de-presse-garreth-duncan-rejoint-hgf-en-tant-quassocie-au-bureau-de-londres\/#primaryimage"},"thumbnailUrl":"https:\/\/www.hgf.com\/wp-content\/uploads\/2023\/04\/hgf-logo-696x696-1.png","articleSection":["Actualit\u00e9s","Centre de connaissances"],"inLanguage":"fr-FR"},{"@type":"WebPage","@id":"https:\/\/www.hgf.com\/fr\/centre-de-connaissances\/news-1\/communique-de-presse-garreth-duncan-rejoint-hgf-en-tant-quassocie-au-bureau-de-londres\/","url":"https:\/\/www.hgf.com\/fr\/centre-de-connaissances\/news-1\/communique-de-presse-garreth-duncan-rejoint-hgf-en-tant-quassocie-au-bureau-de-londres\/","name":"COMMUNIQU\u00c9 DE PRESSE \u2013 Garreth Duncan rejoint HGF en tant qu\u2019associ\u00e9 au bureau de Londres - HGF","isPartOf":{"@id":"https:\/\/www.hgf.com\/fr\/#website"},"primaryImageOfPage":{"@id":"https:\/\/www.hgf.com\/fr\/centre-de-connaissances\/news-1\/communique-de-presse-garreth-duncan-rejoint-hgf-en-tant-quassocie-au-bureau-de-londres\/#primaryimage"},"image":{"@id":"https:\/\/www.hgf.com\/fr\/centre-de-connaissances\/news-1\/communique-de-presse-garreth-duncan-rejoint-hgf-en-tant-quassocie-au-bureau-de-londres\/#primaryimage"},"thumbnailUrl":"https:\/\/www.hgf.com\/wp-content\/uploads\/2023\/04\/hgf-logo-696x696-1.png","datePublished":"2026-04-01T06:59:55+00:00","dateModified":"2026-04-01T07:37:39+00:00","inLanguage":"fr-FR","potentialAction":[{"@type":"ReadAction","target":["https:\/\/www.hgf.com\/fr\/centre-de-connaissances\/news-1\/communique-de-presse-garreth-duncan-rejoint-hgf-en-tant-quassocie-au-bureau-de-londres\/"]}]},{"@type":"ImageObject","inLanguage":"fr-FR","@id":"https:\/\/www.hgf.com\/fr\/centre-de-connaissances\/news-1\/communique-de-presse-garreth-duncan-rejoint-hgf-en-tant-quassocie-au-bureau-de-londres\/#primaryimage","url":"https:\/\/www.hgf.com\/wp-content\/uploads\/2023\/04\/hgf-logo-696x696-1.png","contentUrl":"https:\/\/www.hgf.com\/wp-content\/uploads\/2023\/04\/hgf-logo-696x696-1.png","width":696,"height":696},{"@type":"WebSite","@id":"https:\/\/www.hgf.com\/fr\/#website","url":"https:\/\/www.hgf.com\/fr\/","name":"HGF","description":"Intellectual Property Rights specialists","publisher":{"@id":"https:\/\/www.hgf.com\/fr\/#organization"},"potentialAction":[{"@type":"SearchAction","target":{"@type":"EntryPoint","urlTemplate":"https:\/\/www.hgf.com\/fr\/?s={search_term_string}"},"query-input":{"@type":"PropertyValueSpecification","valueRequired":true,"valueName":"search_term_string"}}],"inLanguage":"fr-FR"},{"@type":"Organization","@id":"https:\/\/www.hgf.com\/fr\/#organization","name":"HGF","url":"https:\/\/www.hgf.com\/fr\/","logo":{"@type":"ImageObject","inLanguage":"fr-FR","@id":"https:\/\/www.hgf.com\/fr\/#\/schema\/logo\/image\/","url":"https:\/\/www.hgf.com\/wp-content\/uploads\/2023\/04\/hgf-logo-696x696-1.png","contentUrl":"https:\/\/www.hgf.com\/wp-content\/uploads\/2023\/04\/hgf-logo-696x696-1.png","width":696,"height":696,"caption":"HGF"},"image":{"@id":"https:\/\/www.hgf.com\/fr\/#\/schema\/logo\/image\/"},"sameAs":["https:\/\/x.com\/hgf_ip","https:\/\/www.linkedin.com\/company\/hgf-limited-intellectual-property-specialists\/"]},{"@type":"Person","@id":"https:\/\/www.hgf.com\/fr\/#\/schema\/person\/b8e8f97c9bef17c5a63b58710dec05fc","name":"Nichola Butler","image":{"@type":"ImageObject","inLanguage":"fr-FR","@id":"https:\/\/secure.gravatar.com\/avatar\/42cf846a377c3a78e27a6251ef72637db7331dd1905ba199ce32a5a55e286c39?s=96&d=mm&r=g","url":"https:\/\/secure.gravatar.com\/avatar\/42cf846a377c3a78e27a6251ef72637db7331dd1905ba199ce32a5a55e286c39?s=96&d=mm&r=g","contentUrl":"https:\/\/secure.gravatar.com\/avatar\/42cf846a377c3a78e27a6251ef72637db7331dd1905ba199ce32a5a55e286c39?s=96&d=mm&r=g","caption":"Nichola Butler"}}]}},"_links":{"self":[{"href":"https:\/\/www.hgf.com\/fr\/wp-json\/wp\/v2\/posts\/9004111222143434","targetHints":{"allow":["GET"]}}],"collection":[{"href":"https:\/\/www.hgf.com\/fr\/wp-json\/wp\/v2\/posts"}],"about":[{"href":"https:\/\/www.hgf.com\/fr\/wp-json\/wp\/v2\/types\/post"}],"author":[{"embeddable":true,"href":"https:\/\/www.hgf.com\/fr\/wp-json\/wp\/v2\/users\/316"}],"replies":[{"embeddable":true,"href":"https:\/\/www.hgf.com\/fr\/wp-json\/wp\/v2\/comments?post=9004111222143434"}],"version-history":[{"count":0,"href":"https:\/\/www.hgf.com\/fr\/wp-json\/wp\/v2\/posts\/9004111222143434\/revisions"}],"wp:featuredmedia":[{"embeddable":true,"href":"https:\/\/www.hgf.com\/fr\/wp-json\/wp\/v2\/media\/9004111222135822"}],"wp:attachment":[{"href":"https:\/\/www.hgf.com\/fr\/wp-json\/wp\/v2\/media?parent=9004111222143434"}],"wp:term":[{"taxonomy":"category","embeddable":true,"href":"https:\/\/www.hgf.com\/fr\/wp-json\/wp\/v2\/categories?post=9004111222143434"},{"taxonomy":"post_tag","embeddable":true,"href":"https:\/\/www.hgf.com\/fr\/wp-json\/wp\/v2\/tags?post=9004111222143434"}],"curies":[{"name":"wp","href":"https:\/\/api.w.org\/{rel}","templated":true}]}}