{"id":9004111222138633,"date":"2025-12-09T09:31:15","date_gmt":"2025-12-09T09:31:15","guid":{"rendered":"https:\/\/www.hgf.com\/?p=9004111222138633"},"modified":"2025-12-11T16:10:20","modified_gmt":"2025-12-11T16:10:20","slug":"souvent-copie-jamais-egale-quand-les-objets-du-quotidien-deviennent-ils-soumis-au-droit-dauteur","status":"publish","type":"post","link":"https:\/\/www.hgf.com\/fr\/centre-de-connaissances\/articles\/souvent-copie-jamais-egale-quand-les-objets-du-quotidien-deviennent-ils-soumis-au-droit-dauteur\/","title":{"rendered":"Souvent copi\u00e9, jamais \u00e9gal\u00e9&nbsp;: quand les objets du quotidien deviennent-ils soumis au droit d\u2019auteur&nbsp;?"},"content":{"rendered":"<p class=\"p__large\"><strong>La fronti\u00e8re entre les \u00ab&nbsp;\u0153uvres d\u2019art \u00ab&nbsp;pures&nbsp;\u00bb et les simples objets utilitaires&nbsp;\u00bb\u2011 Les produits embl\u00e9matiques, mais courants, peuvent-ils \u00eatre prot\u00e9g\u00e9s par le droit d\u2019auteur&nbsp;?<\/strong><\/p>\n<p>La question ci-dessus a \u00e9t\u00e9 pos\u00e9e par l\u2019avocat g\u00e9n\u00e9ral dans les affaires jointes C\u2011580\/23 et C\u2011795\/23 &#8211; <em>Mio \/ Konektra<\/em>, et les r\u00e9ponses tr\u00e8s attendues ont \u00e9t\u00e9 donn\u00e9es par la Cour de justice de l\u2019Union europ\u00e9enne le 4<sup>th<\/sup> d\u00e9cembre 2025.<\/p>\n<p>Alors que ces deux affaires ont \u00e9t\u00e9 port\u00e9es devant la Cour europ\u00e9enne, d\u2019autres objets c\u00e9l\u00e8bres ont \u00e9t\u00e9 vivement contest\u00e9s devant les tribunaux nationaux europ\u00e9ens entre-temps. Dans son avis, l\u2019AG Szpunar a fait r\u00e9f\u00e9rence \u00e0 une d\u00e9cision de f\u00e9vrier&nbsp;2025 de la Haute Cour f\u00e9d\u00e9rale allemande refusant le droit d\u2019auteur aux sandales embl\u00e9matiques Birkenstock. Inversement, le tribunal de district de Midden-Nederland a accord\u00e9 une injonction \u00e0 Birkenstock sur la base du droit d\u2019auteur pour les m\u00eames produits en novembre&nbsp;2025, quelques semaines seulement avant la d\u00e9cision de la CJUE.  <\/p>\n<p>Bien s\u00fbr, ces r\u00e9sultats divergents de d\u00e9cisions concernant apparemment le m\u00eame objet par des tribunaux de diff\u00e9rents \u00c9tats membres de l\u2019UE sont frustrants non seulement pour les concepteurs, mais aussi pour la pratique quotidienne de conseil des avocats. En outre, l\u2019\u00e9tendue de la protection du droit d\u2019auteur pour les objets relativement courants, tels que les chaussures, a de vastes implications pour les concepteurs, les d\u00e9taillants et, en fait, toute personne concevant ou vendant des produits. <\/p>\n<p><strong>Des juges en tant que critiques d\u2019art&nbsp;?<\/strong><\/p>\n<p>Les tribunaux et les juges des diff\u00e9rents \u00c9tats membres de l\u2019UE ont \u00e9t\u00e9 confront\u00e9s \u00e0 la question de savoir si les objets d\u2019art appliqu\u00e9 seraient admissibles \u00e0 la protection du droit d\u2019auteur ou non ces derniers temps. Un certain nombre d\u2019objets embl\u00e9matiques, tels que le sac H\u00e8rmes, le v\u00e9lo Brompton, les jeans Cofemel, les diff\u00e9rents mod\u00e8les de sandales Birkenstock ainsi que le mobilier d\u2019USM Haller et d\u2019Asplund ont \u00e9t\u00e9 port\u00e9s devant les tribunaux des \u00c9tats membres et ont d\u00fb \u00eatre jug\u00e9s au regard des r\u00e8gles existantes du droit de l\u2019UE en mati\u00e8re de droit d\u2019auteur. <\/p>\n<p>Toutefois, comme l\u2019a soulign\u00e9 l\u2019AG Szpunar, les probl\u00e8mes surviennent du fait que l\u2019objet de ces affaires se situe \u00ab&nbsp;<em>\u00e0 la fronti\u00e8re entre les \u0153uvres d\u2019art \u00ab&nbsp;pures&nbsp;\u00bb et les simples objets utilitaires<\/em>&nbsp;\u00bb (point&nbsp;2 de son avis).<\/p>\n<p>Les juges qui ont soumis les affaires jointes \u00e0 la CJUE cherchaient clairement \u00e0 obtenir des orientations plus claires sur les normes permettant de d\u00e9terminer quand les objets utilitaires peuvent b\u00e9n\u00e9ficier d\u2019une protection du droit d\u2019auteur et sur les crit\u00e8res de la violation de cette protection du droit d\u2019auteur dans ces objets.<\/p>\n<p><strong>Point de d\u00e9part de la protection du droit d\u2019auteur et r\u00e9ponses concernant la notion d\u2019\u00ab&nbsp;\u0153uvre&nbsp;\u00bb<\/strong><\/p>\n<p>Le point de d\u00e9part incontest\u00e9 de l\u2019\u00e9valuation de la notion d\u2019\u00ab&nbsp;\u0153uvre&nbsp;\u00bb vis\u00e9e \u00e0 l\u2019article&nbsp;2, point&nbsp;a), de la directive&nbsp;2001\/29 reste l\u2019arr\u00eat de la CJUE dans l\u2019affaire <em>Cofemel<\/em> (affaire C\u2011683\/17). La protection du droit d\u2019auteur exige deux conditions cumulatives&nbsp;: <\/p>\n<ol>\n<li><strong><em>Originalit\u00e9&nbsp;:<\/em><\/strong> l\u2019objet est original au sens o\u00f9 il est la propre cr\u00e9ation intellectuelle de l\u2019auteur.<\/li>\n<li><strong><em>Expression<\/em><\/strong>&nbsp;: le classement en tant qu\u2019\u0153uvre est r\u00e9serv\u00e9 aux \u00e9l\u00e9ments qui sont l\u2019expression de cette cr\u00e9ation.<\/li>\n<\/ol>\n<p>Dans l\u2019affaire <em>Mio \/ Konektra, <\/em>en ce qui concerne le premier crit\u00e8re, la Cour a estim\u00e9 que cette \u00ab&nbsp;originalit\u00e9&nbsp;\u00bb de l\u2019\u0153uvre exige qu\u2019elle refl\u00e8te la personnalit\u00e9 de son auteur, en tant qu\u2019expression de ses choix libres et cr\u00e9atifs. Bien qu\u2019il soit tout \u00e0 fait \u00e9vident que les choix dict\u00e9s par des contraintes techniques ne soient pas libres et cr\u00e9atifs, la Cour a \u00e9galement estim\u00e9 que les choix qui sont libres, mais qui ne montrent pas la personnalit\u00e9 de l\u2019auteur en donnant \u00e0 l\u2019objet un \u00ab&nbsp;aspect unique&nbsp;\u00bb (en allemand&nbsp;: \u00ab&nbsp;einzigartigen Aspekt&nbsp;\u00bb, au paragraphe&nbsp;82), ne peuvent pas conduire \u00e0 la protection du droit d\u2019auteur de l\u2019objet. <\/p>\n<p>Ainsi, l\u2019\u00e9valuation de cette \u00ab&nbsp;originalit\u00e9&nbsp;\u00bb de l\u2019objet est toujours laiss\u00e9e aux tribunaux nationaux des \u00c9tats membres. Bien que la CJUE ait fourni certains crit\u00e8res d\u2019\u00e9valuation, tels que les intentions du concepteur ou de l\u2019auteur au cours du processus cr\u00e9atif, les sources d\u2019inspiration (qui peuvent \u00eatre multiples et parfois pas vraiment tra\u00e7ables \u00e0 l\u2019\u00e8re de l\u2019IA) ou la pr\u00e9sentation de l\u2019objet dans des expositions d\u2019art ou des mus\u00e9es, elle a \u00e9galement estim\u00e9 que ceux-ci ne sont ni n\u00e9cessaires ni d\u00e9cisifs. <\/p>\n<p>En outre, la CJUE a estim\u00e9 qu\u2019il n\u2019y avait pas de relation de r\u00e8gle et d\u2019exception entre les dessins et mod\u00e8les et les droits d\u2019auteur et que l\u2019\u00e9valuation de l\u2019originalit\u00e9 de l\u2019objet devait \u00eatre fond\u00e9e sur les m\u00eames crit\u00e8res pour les \u0153uvres d\u2019art appliqu\u00e9 que pour les \u0153uvres d\u2019art \u00ab&nbsp;pure&nbsp;\u00bb.<\/p>\n<p><strong>La question de la violation du droit d\u2019auteur dans l\u2019\u0153uvre (utilitaire)<\/strong><\/p>\n<p>Dans ses r\u00e9ponses aux troisi\u00e8me et quatri\u00e8me questions pos\u00e9es par le tribunal su\u00e9dois, la CJUE a estim\u00e9 qu\u2019une violation du droit d\u2019auteur dans une \u0153uvre d\u2019art appliqu\u00e9 peut \u00eatre d\u00e9termin\u00e9e lorsque les \u00e9l\u00e9ments cr\u00e9atifs de cette \u0153uvre prot\u00e9g\u00e9e ont \u00e9t\u00e9 reproduits d\u2019une mani\u00e8re reconnaissable. Toutefois, ni la production de la m\u00eame impression g\u00e9n\u00e9rale par l\u2019objet contest\u00e9 n\u2019est d\u00e9cisive, ni le degr\u00e9 d\u2019originalit\u00e9 de l\u2019\u0153uvre prot\u00e9g\u00e9e (point&nbsp;92). <\/p>\n<p>Il reste \u00e0 voir comment les juridictions de renvoi et les autres juridictions des \u00c9tats membres appliqueront ces crit\u00e8res de violation.<\/p>\n<p><strong>La d\u00e9cision Birkenstock de la Haute Cour f\u00e9d\u00e9rale allemande <\/strong><\/p>\n<p>La Haute Cour f\u00e9d\u00e9rale allemande a rejet\u00e9 la protection du droit d\u2019auteur pour les sandales Birkenstock, confirmant l\u2019\u00e9valuation de la Cour r\u00e9gionale sup\u00e9rieure de Cologne quant \u00e0 savoir si l\u2019impression des sandales \u00e9tait le reflet de la personnalit\u00e9 des auteurs et si leurs caract\u00e9ristiques montraient les choix libres et cr\u00e9atifs de l\u2019auteur ou du concepteur.<\/p>\n<p>Bien que la Cour ait admis qu\u2019il existait un certain degr\u00e9 de libert\u00e9 dans la cr\u00e9ation des caract\u00e9ristiques des sandales, elle n\u2019a pas convenu que cette libert\u00e9 avait \u00e9t\u00e9 utilis\u00e9e par l\u2019auteur ou le concepteur. Les sandales ne pr\u00e9sentaient pas le degr\u00e9 de cr\u00e9ativit\u00e9 n\u00e9cessaire pour confirmer la protection du droit d\u2019auteur. <\/p>\n<p>La Haute Cour a en outre examin\u00e9 les crit\u00e8res qui ont \u00e9t\u00e9 utilis\u00e9s par la Cour r\u00e9gionale sup\u00e9rieure de Cologne dans l\u2019\u00e9valuation de la protection du droit d\u2019auteur des sandales \u2013 caract\u00e9ristiques des sandales, r\u00e9alisation artistique du concepteur, exposition de l\u2019objet dans des mus\u00e9es, pens\u00e9es du concepteur au cours du processus de cr\u00e9ation, formes connues ant\u00e9rieurement \u2013 et a estim\u00e9 que la Cour avait fourni une justification suffisamment d\u00e9taill\u00e9e de sa d\u00e9cision.<\/p>\n<p><strong>La d\u00e9cision Birkenstock du tribunal de district de Midden-Nederland<\/strong><\/p>\n<p>En revanche, le tribunal de district de Midden-Nederland a estim\u00e9 que les sandales Birkenstock combinaient un certain nombre \u2013 pr\u00e9cis\u00e9ment 7 \u2013 d\u2019\u00e9l\u00e9ments de conception, qui n\u2019\u00e9taient pas pr\u00e9sents dans l\u2019h\u00e9ritage de conception pertinent au moment de la cr\u00e9ation des sandales Birkenstock et les rendaient donc susceptibles de b\u00e9n\u00e9ficier d\u2019une protection du droit d\u2019auteur en vertu du droit de l\u2019UE.<\/p>\n<p>La Cour a express\u00e9ment d\u00e9clar\u00e9 qu\u2019elle \u00e9tait consciente du fait que la Cour allemande avait r\u00e9pondu \u00e0 cette question diff\u00e9remment plus t\u00f4t.<\/p>\n<p>Compte tenu de la r\u00e9cente d\u00e9cision de la CJUE, l\u2019\u00e9valuation de l\u2019originalit\u00e9 par la Cour fond\u00e9e uniquement sur la question de savoir si un objet identique existait avant la cr\u00e9ation des sandales en question peut maintenant \u00eatre consid\u00e9r\u00e9e comme excessivement \u00e9troite.<\/p>\n<p><strong>Conclusion<\/strong><\/p>\n<p>La question du droit d\u2019auteur sur les \u0153uvres d\u2019art appliqu\u00e9 et sa violation reste complexe et intrins\u00e8quement subjective. Elle a \u00e9galement des implications beaucoup plus larges pour les objets du quotidien et la question de savoir si le droit d\u2019auteur s\u2019applique \u00e0 ceux-ci. <\/p>\n<p>La d\u00e9cision de la CJUE dans l\u2019affaire <em>Mio\/Konektra<\/em> confirme la jurisprudence existante d\u2019une part, mais fournit des orientations bienvenues d\u2019autre part. Bien qu\u2019il n\u2019y ait pas de formule ou de calcul concret, il y a une bonne \u00e9volution juridique. Toutefois, cela n\u2019emp\u00eachera pas totalement les d\u00e9cisions divergentes des tribunaux des \u00c9tats membres dans des affaires apparemment comparables.  <\/p>\n<p><strong><em>Olivia Petter<\/em><\/strong><\/p>\n<p><strong>Liens vers les d\u00e9cisions&nbsp;:<\/strong><\/p>\n<ul>\n<li><strong>CJUE<\/strong>&nbsp;: <a href=\"https:\/\/curia.europa.eu\/juris\/document\/document.jsf?text=&amp;docid=306835&amp;pageIndex=0&amp;doclang=EN&amp;mode=lst&amp;dir=&amp;occ=first&amp;part=1&amp;cid=16742846\">https:\/\/curia.europa.eu\/juris\/document\/document.jsf?text=&amp;docid=306835&amp;pageIndex=0&amp;doclang=EN&amp;mode=lst&amp;dir=&amp;occ=first&amp;part=1&amp;cid=16742846<\/a><\/li>\n<li><strong>Tribunal de district de Midden-Nederland <\/strong><\/li>\n<\/ul>\n<p><a href=\"https:\/\/uitspraken.rechtspraak.nl\/details?id=ECLI:NL:RBMNE:2025:5837\">https:\/\/uitspraken.rechtspraak.nl\/details?id=ECLI:NL:RBMNE:2025:5837<\/a><\/p>\n<ul>\n<li><strong>BGH<\/strong>&nbsp;:<\/li>\n<\/ul>\n<p><a href=\"https:\/\/juris.bundesgerichtshof.de\/cgi-bin\/rechtsprechung\/document.py?Gericht=bgh&amp;Art=en&amp;nr=140774&amp;pos=0&amp;anz=1\">https:\/\/juris.bundesgerichtshof.de\/cgi-bin\/rechtsprechung\/document.py?Gericht=bgh&amp;Art=en&amp;nr=140774&amp;pos=0&amp;anz=1<\/a> (pdf&nbsp;; DE)<\/p>\n<hr>\n<p>Cet article a \u00e9t\u00e9 r\u00e9dig\u00e9 par l\u2019avocate <a href=\"https:\/\/www.hgf.com\/fr\/our-people\/olivia-petter\/\">Olivia Petter<\/a>.<\/p>\n","protected":false},"excerpt":{"rendered":"<p>La fronti\u00e8re entre les \u00ab&nbsp;\u0153uvres d\u2019art \u00ab&nbsp;pures&nbsp;\u00bb et les simples objets utilitaires&nbsp;\u00bb\u2011 Les produits embl\u00e9matiques, mais courants, peuvent-ils \u00eatre prot\u00e9g\u00e9s par le droit d\u2019auteur&nbsp;? La question ci-dessus a \u00e9t\u00e9 pos\u00e9e &hellip;<\/p>\n","protected":false},"author":473,"featured_media":9004111222138411,"comment_status":"closed","ping_status":"closed","sticky":false,"template":"","format":"standard","meta":{"_acf_changed":false,"footnotes":""},"categories":[536,517],"tags":[],"class_list":["post-9004111222138633","post","type-post","status-publish","format-standard","has-post-thumbnail","hentry","category-articles","category-centre-de-connaissances","service-droits-dauteur-et-droits-de-base-de-donnees"],"acf":[],"yoast_head":"<!-- This site is optimized with the Yoast SEO Premium plugin v27.5 (Yoast SEO v27.5) - https:\/\/yoast.com\/product\/yoast-seo-premium-wordpress\/ -->\n<title>Souvent copi\u00e9, jamais \u00e9gal\u00e9&nbsp;: quand les objets du quotidien deviennent-ils soumis au droit d\u2019auteur&nbsp;? - HGF<\/title>\n<meta name=\"robots\" content=\"index, follow, max-snippet:-1, max-image-preview:large, max-video-preview:-1\" \/>\n<link rel=\"canonical\" href=\"https:\/\/www.hgf.com\/fr\/centre-de-connaissances\/articles\/souvent-copie-jamais-egale-quand-les-objets-du-quotidien-deviennent-ils-soumis-au-droit-dauteur\/\" \/>\n<meta property=\"og:locale\" content=\"fr_FR\" \/>\n<meta property=\"og:type\" content=\"article\" \/>\n<meta property=\"og:title\" content=\"Souvent copi\u00e9, jamais \u00e9gal\u00e9&nbsp;: quand les objets du quotidien deviennent-ils soumis au droit d\u2019auteur&nbsp;?\" \/>\n<meta property=\"og:description\" content=\"La fronti\u00e8re entre les \u00ab&nbsp;\u0153uvres d\u2019art \u00ab&nbsp;pures&nbsp;\u00bb et les simples objets utilitaires&nbsp;\u00bb\u2011 Les produits embl\u00e9matiques, mais courants,\" \/>\n<meta property=\"og:url\" content=\"https:\/\/www.hgf.com\/fr\/centre-de-connaissances\/articles\/souvent-copie-jamais-egale-quand-les-objets-du-quotidien-deviennent-ils-soumis-au-droit-dauteur\/\" \/>\n<meta property=\"og:site_name\" content=\"HGF\" \/>\n<meta property=\"article:published_time\" content=\"2025-12-09T09:31:15+00:00\" \/>\n<meta property=\"article:modified_time\" content=\"2025-12-11T16:10:20+00:00\" \/>\n<meta property=\"og:image\" content=\"https:\/\/www.hgf.com\/wp-content\/uploads\/2019\/10\/getty-images-r76rpzfNay4-unsplash-scaled.jpg\" \/>\n\t<meta property=\"og:image:width\" content=\"2560\" \/>\n\t<meta property=\"og:image:height\" content=\"1629\" \/>\n\t<meta property=\"og:image:type\" content=\"image\/jpeg\" \/>\n<meta name=\"author\" content=\"Katie Pilgrim\" \/>\n<meta name=\"twitter:card\" content=\"summary_large_image\" \/>\n<meta name=\"twitter:creator\" content=\"@hgf_ip\" \/>\n<meta name=\"twitter:site\" content=\"@hgf_ip\" \/>\n<meta name=\"twitter:label1\" content=\"\u00c9crit par\" \/>\n\t<meta name=\"twitter:data1\" content=\"Katie Pilgrim\" \/>\n\t<meta name=\"twitter:label2\" content=\"Dur\u00e9e de lecture estim\u00e9e\" \/>\n\t<meta name=\"twitter:data2\" content=\"8 minutes\" \/>\n<script type=\"application\/ld+json\" class=\"yoast-schema-graph\">{\"@context\":\"https:\\\/\\\/schema.org\",\"@graph\":[{\"@type\":\"Article\",\"@id\":\"https:\\\/\\\/www.hgf.com\\\/fr\\\/centre-de-connaissances\\\/articles\\\/souvent-copie-jamais-egale-quand-les-objets-du-quotidien-deviennent-ils-soumis-au-droit-dauteur\\\/#article\",\"isPartOf\":{\"@id\":\"https:\\\/\\\/www.hgf.com\\\/fr\\\/centre-de-connaissances\\\/articles\\\/souvent-copie-jamais-egale-quand-les-objets-du-quotidien-deviennent-ils-soumis-au-droit-dauteur\\\/\"},\"author\":{\"name\":\"Katie Pilgrim\",\"@id\":\"https:\\\/\\\/www.hgf.com\\\/fr\\\/#\\\/schema\\\/person\\\/c7c1ab6d978273ea223510a2f207dd04\"},\"headline\":\"Souvent copi\u00e9, jamais \u00e9gal\u00e9&nbsp;: quand les objets du quotidien deviennent-ils soumis au droit d\u2019auteur&nbsp;?\",\"datePublished\":\"2025-12-09T09:31:15+00:00\",\"dateModified\":\"2025-12-11T16:10:20+00:00\",\"mainEntityOfPage\":{\"@id\":\"https:\\\/\\\/www.hgf.com\\\/fr\\\/centre-de-connaissances\\\/articles\\\/souvent-copie-jamais-egale-quand-les-objets-du-quotidien-deviennent-ils-soumis-au-droit-dauteur\\\/\"},\"wordCount\":1621,\"publisher\":{\"@id\":\"https:\\\/\\\/www.hgf.com\\\/fr\\\/#organization\"},\"image\":{\"@id\":\"https:\\\/\\\/www.hgf.com\\\/fr\\\/centre-de-connaissances\\\/articles\\\/souvent-copie-jamais-egale-quand-les-objets-du-quotidien-deviennent-ils-soumis-au-droit-dauteur\\\/#primaryimage\"},\"thumbnailUrl\":\"https:\\\/\\\/www.hgf.com\\\/wp-content\\\/uploads\\\/2019\\\/10\\\/getty-images-r76rpzfNay4-unsplash-scaled.jpg\",\"articleSection\":[\"Articles\",\"Centre de connaissances\"],\"inLanguage\":\"fr-FR\"},{\"@type\":\"WebPage\",\"@id\":\"https:\\\/\\\/www.hgf.com\\\/fr\\\/centre-de-connaissances\\\/articles\\\/souvent-copie-jamais-egale-quand-les-objets-du-quotidien-deviennent-ils-soumis-au-droit-dauteur\\\/\",\"url\":\"https:\\\/\\\/www.hgf.com\\\/fr\\\/centre-de-connaissances\\\/articles\\\/souvent-copie-jamais-egale-quand-les-objets-du-quotidien-deviennent-ils-soumis-au-droit-dauteur\\\/\",\"name\":\"Souvent copi\u00e9, jamais \u00e9gal\u00e9&nbsp;: quand les objets du quotidien deviennent-ils soumis au droit d\u2019auteur&nbsp;? - HGF\",\"isPartOf\":{\"@id\":\"https:\\\/\\\/www.hgf.com\\\/fr\\\/#website\"},\"primaryImageOfPage\":{\"@id\":\"https:\\\/\\\/www.hgf.com\\\/fr\\\/centre-de-connaissances\\\/articles\\\/souvent-copie-jamais-egale-quand-les-objets-du-quotidien-deviennent-ils-soumis-au-droit-dauteur\\\/#primaryimage\"},\"image\":{\"@id\":\"https:\\\/\\\/www.hgf.com\\\/fr\\\/centre-de-connaissances\\\/articles\\\/souvent-copie-jamais-egale-quand-les-objets-du-quotidien-deviennent-ils-soumis-au-droit-dauteur\\\/#primaryimage\"},\"thumbnailUrl\":\"https:\\\/\\\/www.hgf.com\\\/wp-content\\\/uploads\\\/2019\\\/10\\\/getty-images-r76rpzfNay4-unsplash-scaled.jpg\",\"datePublished\":\"2025-12-09T09:31:15+00:00\",\"dateModified\":\"2025-12-11T16:10:20+00:00\",\"inLanguage\":\"fr-FR\",\"potentialAction\":[{\"@type\":\"ReadAction\",\"target\":[\"https:\\\/\\\/www.hgf.com\\\/fr\\\/centre-de-connaissances\\\/articles\\\/souvent-copie-jamais-egale-quand-les-objets-du-quotidien-deviennent-ils-soumis-au-droit-dauteur\\\/\"]}]},{\"@type\":\"ImageObject\",\"inLanguage\":\"fr-FR\",\"@id\":\"https:\\\/\\\/www.hgf.com\\\/fr\\\/centre-de-connaissances\\\/articles\\\/souvent-copie-jamais-egale-quand-les-objets-du-quotidien-deviennent-ils-soumis-au-droit-dauteur\\\/#primaryimage\",\"url\":\"https:\\\/\\\/www.hgf.com\\\/wp-content\\\/uploads\\\/2019\\\/10\\\/getty-images-r76rpzfNay4-unsplash-scaled.jpg\",\"contentUrl\":\"https:\\\/\\\/www.hgf.com\\\/wp-content\\\/uploads\\\/2019\\\/10\\\/getty-images-r76rpzfNay4-unsplash-scaled.jpg\",\"width\":2560,\"height\":1629},{\"@type\":\"WebSite\",\"@id\":\"https:\\\/\\\/www.hgf.com\\\/fr\\\/#website\",\"url\":\"https:\\\/\\\/www.hgf.com\\\/fr\\\/\",\"name\":\"HGF\",\"description\":\"Intellectual Property Rights specialists\",\"publisher\":{\"@id\":\"https:\\\/\\\/www.hgf.com\\\/fr\\\/#organization\"},\"potentialAction\":[{\"@type\":\"SearchAction\",\"target\":{\"@type\":\"EntryPoint\",\"urlTemplate\":\"https:\\\/\\\/www.hgf.com\\\/fr\\\/?s={search_term_string}\"},\"query-input\":{\"@type\":\"PropertyValueSpecification\",\"valueRequired\":true,\"valueName\":\"search_term_string\"}}],\"inLanguage\":\"fr-FR\"},{\"@type\":\"Organization\",\"@id\":\"https:\\\/\\\/www.hgf.com\\\/fr\\\/#organization\",\"name\":\"HGF\",\"url\":\"https:\\\/\\\/www.hgf.com\\\/fr\\\/\",\"logo\":{\"@type\":\"ImageObject\",\"inLanguage\":\"fr-FR\",\"@id\":\"https:\\\/\\\/www.hgf.com\\\/fr\\\/#\\\/schema\\\/logo\\\/image\\\/\",\"url\":\"https:\\\/\\\/www.hgf.com\\\/wp-content\\\/uploads\\\/2023\\\/04\\\/hgf-logo-696x696-1.png\",\"contentUrl\":\"https:\\\/\\\/www.hgf.com\\\/wp-content\\\/uploads\\\/2023\\\/04\\\/hgf-logo-696x696-1.png\",\"width\":696,\"height\":696,\"caption\":\"HGF\"},\"image\":{\"@id\":\"https:\\\/\\\/www.hgf.com\\\/fr\\\/#\\\/schema\\\/logo\\\/image\\\/\"},\"sameAs\":[\"https:\\\/\\\/x.com\\\/hgf_ip\",\"https:\\\/\\\/www.linkedin.com\\\/company\\\/hgf-limited-intellectual-property-specialists\\\/\"]},{\"@type\":\"Person\",\"@id\":\"https:\\\/\\\/www.hgf.com\\\/fr\\\/#\\\/schema\\\/person\\\/c7c1ab6d978273ea223510a2f207dd04\",\"name\":\"Katie Pilgrim\",\"image\":{\"@type\":\"ImageObject\",\"inLanguage\":\"fr-FR\",\"@id\":\"https:\\\/\\\/secure.gravatar.com\\\/avatar\\\/e3b963facae8a3c7ba467afd3c9fd6b67ad50e4022d0eadc099f4ce6cb860808?s=96&d=mm&r=g\",\"url\":\"https:\\\/\\\/secure.gravatar.com\\\/avatar\\\/e3b963facae8a3c7ba467afd3c9fd6b67ad50e4022d0eadc099f4ce6cb860808?s=96&d=mm&r=g\",\"contentUrl\":\"https:\\\/\\\/secure.gravatar.com\\\/avatar\\\/e3b963facae8a3c7ba467afd3c9fd6b67ad50e4022d0eadc099f4ce6cb860808?s=96&d=mm&r=g\",\"caption\":\"Katie Pilgrim\"}}]}<\/script>\n<!-- \/ Yoast SEO Premium plugin. -->","yoast_head_json":{"title":"Souvent copi\u00e9, jamais \u00e9gal\u00e9&nbsp;: quand les objets du quotidien deviennent-ils soumis au droit d\u2019auteur&nbsp;? - HGF","robots":{"index":"index","follow":"follow","max-snippet":"max-snippet:-1","max-image-preview":"max-image-preview:large","max-video-preview":"max-video-preview:-1"},"canonical":"https:\/\/www.hgf.com\/fr\/centre-de-connaissances\/articles\/souvent-copie-jamais-egale-quand-les-objets-du-quotidien-deviennent-ils-soumis-au-droit-dauteur\/","og_locale":"fr_FR","og_type":"article","og_title":"Souvent copi\u00e9, jamais \u00e9gal\u00e9&nbsp;: quand les objets du quotidien deviennent-ils soumis au droit d\u2019auteur&nbsp;?","og_description":"La fronti\u00e8re entre les \u00ab&nbsp;\u0153uvres d\u2019art \u00ab&nbsp;pures&nbsp;\u00bb et les simples objets utilitaires&nbsp;\u00bb\u2011 Les produits embl\u00e9matiques, mais courants,","og_url":"https:\/\/www.hgf.com\/fr\/centre-de-connaissances\/articles\/souvent-copie-jamais-egale-quand-les-objets-du-quotidien-deviennent-ils-soumis-au-droit-dauteur\/","og_site_name":"HGF","article_published_time":"2025-12-09T09:31:15+00:00","article_modified_time":"2025-12-11T16:10:20+00:00","og_image":[{"width":2560,"height":1629,"url":"https:\/\/www.hgf.com\/wp-content\/uploads\/2019\/10\/getty-images-r76rpzfNay4-unsplash-scaled.jpg","type":"image\/jpeg"}],"author":"Katie Pilgrim","twitter_card":"summary_large_image","twitter_creator":"@hgf_ip","twitter_site":"@hgf_ip","twitter_misc":{"\u00c9crit par":"Katie Pilgrim","Dur\u00e9e de lecture estim\u00e9e":"8 minutes"},"schema":{"@context":"https:\/\/schema.org","@graph":[{"@type":"Article","@id":"https:\/\/www.hgf.com\/fr\/centre-de-connaissances\/articles\/souvent-copie-jamais-egale-quand-les-objets-du-quotidien-deviennent-ils-soumis-au-droit-dauteur\/#article","isPartOf":{"@id":"https:\/\/www.hgf.com\/fr\/centre-de-connaissances\/articles\/souvent-copie-jamais-egale-quand-les-objets-du-quotidien-deviennent-ils-soumis-au-droit-dauteur\/"},"author":{"name":"Katie Pilgrim","@id":"https:\/\/www.hgf.com\/fr\/#\/schema\/person\/c7c1ab6d978273ea223510a2f207dd04"},"headline":"Souvent copi\u00e9, jamais \u00e9gal\u00e9&nbsp;: quand les objets du quotidien deviennent-ils soumis au droit d\u2019auteur&nbsp;?","datePublished":"2025-12-09T09:31:15+00:00","dateModified":"2025-12-11T16:10:20+00:00","mainEntityOfPage":{"@id":"https:\/\/www.hgf.com\/fr\/centre-de-connaissances\/articles\/souvent-copie-jamais-egale-quand-les-objets-du-quotidien-deviennent-ils-soumis-au-droit-dauteur\/"},"wordCount":1621,"publisher":{"@id":"https:\/\/www.hgf.com\/fr\/#organization"},"image":{"@id":"https:\/\/www.hgf.com\/fr\/centre-de-connaissances\/articles\/souvent-copie-jamais-egale-quand-les-objets-du-quotidien-deviennent-ils-soumis-au-droit-dauteur\/#primaryimage"},"thumbnailUrl":"https:\/\/www.hgf.com\/wp-content\/uploads\/2019\/10\/getty-images-r76rpzfNay4-unsplash-scaled.jpg","articleSection":["Articles","Centre de connaissances"],"inLanguage":"fr-FR"},{"@type":"WebPage","@id":"https:\/\/www.hgf.com\/fr\/centre-de-connaissances\/articles\/souvent-copie-jamais-egale-quand-les-objets-du-quotidien-deviennent-ils-soumis-au-droit-dauteur\/","url":"https:\/\/www.hgf.com\/fr\/centre-de-connaissances\/articles\/souvent-copie-jamais-egale-quand-les-objets-du-quotidien-deviennent-ils-soumis-au-droit-dauteur\/","name":"Souvent copi\u00e9, jamais \u00e9gal\u00e9&nbsp;: quand les objets du quotidien deviennent-ils soumis au droit d\u2019auteur&nbsp;? - HGF","isPartOf":{"@id":"https:\/\/www.hgf.com\/fr\/#website"},"primaryImageOfPage":{"@id":"https:\/\/www.hgf.com\/fr\/centre-de-connaissances\/articles\/souvent-copie-jamais-egale-quand-les-objets-du-quotidien-deviennent-ils-soumis-au-droit-dauteur\/#primaryimage"},"image":{"@id":"https:\/\/www.hgf.com\/fr\/centre-de-connaissances\/articles\/souvent-copie-jamais-egale-quand-les-objets-du-quotidien-deviennent-ils-soumis-au-droit-dauteur\/#primaryimage"},"thumbnailUrl":"https:\/\/www.hgf.com\/wp-content\/uploads\/2019\/10\/getty-images-r76rpzfNay4-unsplash-scaled.jpg","datePublished":"2025-12-09T09:31:15+00:00","dateModified":"2025-12-11T16:10:20+00:00","inLanguage":"fr-FR","potentialAction":[{"@type":"ReadAction","target":["https:\/\/www.hgf.com\/fr\/centre-de-connaissances\/articles\/souvent-copie-jamais-egale-quand-les-objets-du-quotidien-deviennent-ils-soumis-au-droit-dauteur\/"]}]},{"@type":"ImageObject","inLanguage":"fr-FR","@id":"https:\/\/www.hgf.com\/fr\/centre-de-connaissances\/articles\/souvent-copie-jamais-egale-quand-les-objets-du-quotidien-deviennent-ils-soumis-au-droit-dauteur\/#primaryimage","url":"https:\/\/www.hgf.com\/wp-content\/uploads\/2019\/10\/getty-images-r76rpzfNay4-unsplash-scaled.jpg","contentUrl":"https:\/\/www.hgf.com\/wp-content\/uploads\/2019\/10\/getty-images-r76rpzfNay4-unsplash-scaled.jpg","width":2560,"height":1629},{"@type":"WebSite","@id":"https:\/\/www.hgf.com\/fr\/#website","url":"https:\/\/www.hgf.com\/fr\/","name":"HGF","description":"Intellectual Property Rights specialists","publisher":{"@id":"https:\/\/www.hgf.com\/fr\/#organization"},"potentialAction":[{"@type":"SearchAction","target":{"@type":"EntryPoint","urlTemplate":"https:\/\/www.hgf.com\/fr\/?s={search_term_string}"},"query-input":{"@type":"PropertyValueSpecification","valueRequired":true,"valueName":"search_term_string"}}],"inLanguage":"fr-FR"},{"@type":"Organization","@id":"https:\/\/www.hgf.com\/fr\/#organization","name":"HGF","url":"https:\/\/www.hgf.com\/fr\/","logo":{"@type":"ImageObject","inLanguage":"fr-FR","@id":"https:\/\/www.hgf.com\/fr\/#\/schema\/logo\/image\/","url":"https:\/\/www.hgf.com\/wp-content\/uploads\/2023\/04\/hgf-logo-696x696-1.png","contentUrl":"https:\/\/www.hgf.com\/wp-content\/uploads\/2023\/04\/hgf-logo-696x696-1.png","width":696,"height":696,"caption":"HGF"},"image":{"@id":"https:\/\/www.hgf.com\/fr\/#\/schema\/logo\/image\/"},"sameAs":["https:\/\/x.com\/hgf_ip","https:\/\/www.linkedin.com\/company\/hgf-limited-intellectual-property-specialists\/"]},{"@type":"Person","@id":"https:\/\/www.hgf.com\/fr\/#\/schema\/person\/c7c1ab6d978273ea223510a2f207dd04","name":"Katie Pilgrim","image":{"@type":"ImageObject","inLanguage":"fr-FR","@id":"https:\/\/secure.gravatar.com\/avatar\/e3b963facae8a3c7ba467afd3c9fd6b67ad50e4022d0eadc099f4ce6cb860808?s=96&d=mm&r=g","url":"https:\/\/secure.gravatar.com\/avatar\/e3b963facae8a3c7ba467afd3c9fd6b67ad50e4022d0eadc099f4ce6cb860808?s=96&d=mm&r=g","contentUrl":"https:\/\/secure.gravatar.com\/avatar\/e3b963facae8a3c7ba467afd3c9fd6b67ad50e4022d0eadc099f4ce6cb860808?s=96&d=mm&r=g","caption":"Katie Pilgrim"}}]}},"_links":{"self":[{"href":"https:\/\/www.hgf.com\/fr\/wp-json\/wp\/v2\/posts\/9004111222138633","targetHints":{"allow":["GET"]}}],"collection":[{"href":"https:\/\/www.hgf.com\/fr\/wp-json\/wp\/v2\/posts"}],"about":[{"href":"https:\/\/www.hgf.com\/fr\/wp-json\/wp\/v2\/types\/post"}],"author":[{"embeddable":true,"href":"https:\/\/www.hgf.com\/fr\/wp-json\/wp\/v2\/users\/473"}],"replies":[{"embeddable":true,"href":"https:\/\/www.hgf.com\/fr\/wp-json\/wp\/v2\/comments?post=9004111222138633"}],"version-history":[{"count":0,"href":"https:\/\/www.hgf.com\/fr\/wp-json\/wp\/v2\/posts\/9004111222138633\/revisions"}],"wp:featuredmedia":[{"embeddable":true,"href":"https:\/\/www.hgf.com\/fr\/wp-json\/wp\/v2\/media\/9004111222138411"}],"wp:attachment":[{"href":"https:\/\/www.hgf.com\/fr\/wp-json\/wp\/v2\/media?parent=9004111222138633"}],"wp:term":[{"taxonomy":"category","embeddable":true,"href":"https:\/\/www.hgf.com\/fr\/wp-json\/wp\/v2\/categories?post=9004111222138633"},{"taxonomy":"post_tag","embeddable":true,"href":"https:\/\/www.hgf.com\/fr\/wp-json\/wp\/v2\/tags?post=9004111222138633"}],"curies":[{"name":"wp","href":"https:\/\/api.w.org\/{rel}","templated":true}]}}