{"id":9004111222137661,"date":"2019-12-01T11:08:21","date_gmt":"2019-12-01T11:08:21","guid":{"rendered":"https:\/\/www.hgf.com\/?p=9004111222137661"},"modified":"2025-11-13T20:13:42","modified_gmt":"2025-11-13T20:13:42","slug":"conference-pi-dans-le-commerce-de-detail-amsterdam-2019","status":"publish","type":"post","link":"https:\/\/www.hgf.com\/fr\/centre-de-connaissances\/evenements\/conference-pi-dans-le-commerce-de-detail-amsterdam-2019\/","title":{"rendered":"Conf\u00e9rence PI dans le commerce de d\u00e9tail Amsterdam 2019"},"content":{"rendered":"<p class=\"p__large\">La deuxi\u00e8me conf\u00e9rence PI dans le commerce de d\u00e9tail d&#8217;HGF \u00e0 Amsterdam aura lieu le 3 d\u00e9cembre au Tobacco Theatre, Amsterdam.<\/p>\n<p>Cette ann\u00e9e, HGF organise \u00e0 nouveau sa c\u00e9l\u00e8bre conf\u00e9rence \u00ab PI dans le commerce de d\u00e9tail \u00bb \u00e0 Amsterdam, suite aux deux \u00e9v\u00e9nements r\u00e9ussis r\u00e9cemment organis\u00e9s \u00e0 Leeds et Londres.<\/p>\n<p>Notre programme se concentrera sur les affaires et d\u00e9veloppements PI d&#8217;actualit\u00e9, dans les domaines du commerce de d\u00e9tail et du commerce. Les analyses de jurisprudence et d\u00e9veloppements r\u00e9cents, les \u00e9tudes approfondies de questions pratiques pour les entreprises, et quelques \u00e9tudes de cas passionnantes \u00ab voici comment cela fonctionne \u00bb, figurent parmi les sujets. <\/p>\n<p><strong>Pour confirmer votre pr\u00e9sence, veuillez contacter <a href=\"mailto:smahony@hgf.com\">Sinead Mahony<\/a> ou appeler le +44 (0)113 233 0184.<\/strong><\/p>\n<div class=\"btn-wrap \"><a href=\"\/wp-content\/uploads\/2020\/07\/HGFRetail2019AMSTERDAMProgrammeAWlowRes.pdf\" class=\"btn-underline on-white\" target=\"_blank\">View full programme<\/a><\/div>\n<p>HGF est l&#8217;un des plus grands cabinets PI \u00e0 service complet en Europe, avec plus de 200 professionnels PI et 21 bureaux \u00e0 travers le Royaume-Uni, l&#8217;Irlande, les Pays-Bas, l&#8217;Allemagne, l&#8217;Autriche et la Suisse.<\/p>\n<p>Notre \u00e9quipe Commerce de d\u00e9tail repr\u00e9sente un nombre croissant de marques britanniques de grande distribution et de marques internationales en ligne, et offre une gamme compl\u00e8te de services PI dans le commerce de d\u00e9tail et la mode, notamment des conseils sur les m\u00e9dias sociaux, les march\u00e9s \u00e9lectroniques, la publicit\u00e9 et l&#8217;autorisation de conception, le changement de marque et la gestion de portefeuille, ainsi que la protection de marque en ligne et physique.<\/p>\n<p>Nos groupes LinkedIn, <a href=\"https:\/\/www.linkedin.com\/groups\/4753665\/\" target=\"_blank\" rel=\"noopener noreferrer\">Retail+IP<\/a>, <a href=\"https:\/\/www.linkedin.com\/groups\/3904169\/\" target=\"_blank\" rel=\"noopener noreferrer\">Fashion+IP<\/a> et <a href=\"https:\/\/www.linkedin.com\/groups\/8337036\/\" target=\"_blank\" rel=\"noopener noreferrer\">Food&amp;Drink+IP<\/a> comptent plus de 7 000 membres et sont con\u00e7us pour rassembler les acteurs du commerce de d\u00e9tail et de la mode afin de discuter d&#8217;actualit\u00e9s, de d\u00e9veloppements PI r\u00e9cents et de mises \u00e0 jour juridiques.<\/p>\n<p>Pour plus d&#8217;informations sur l&#8217;\u00e9quipe Commerce de d\u00e9tail, veuillez consulter notre <a title=\"Commerce de d\u00e9tail et mode\" href=\"https:\/\/www.hgf.com\/fr\/industries\/commerce-de-detail\/\">page Commerce de d\u00e9tail et mode<\/a>.<\/p>\n","protected":false},"excerpt":{"rendered":"<p>La deuxi\u00e8me conf\u00e9rence PI dans le commerce de d\u00e9tail d&#8217;HGF \u00e0 Amsterdam aura lieu le 3 d\u00e9cembre au Tobacco Theatre, Amsterdam. Cette ann\u00e9e, HGF organise \u00e0 nouveau sa c\u00e9l\u00e8bre conf\u00e9rence &hellip;<\/p>\n","protected":false},"author":315,"featured_media":9004111222137016,"comment_status":"open","ping_status":"open","sticky":false,"template":"","format":"standard","meta":{"_acf_changed":false,"footnotes":""},"categories":[517,543,544],"tags":[],"class_list":["post-9004111222137661","post","type-post","status-publish","format-standard","has-post-thumbnail","hentry","category-centre-de-connaissances","category-evenements","category-hgf-evenements","sector-commerce-de-detail","service-brevets","service-marques","sector_groups-droit","sector_groups-marques"],"acf":[],"yoast_head":"<!-- This site is optimized with the Yoast SEO Premium plugin v27.5 (Yoast SEO v27.5) - https:\/\/yoast.com\/product\/yoast-seo-premium-wordpress\/ -->\n<title>Conf\u00e9rence PI dans le commerce de d\u00e9tail Amsterdam 2019 - HGF<\/title>\n<meta name=\"robots\" content=\"index, follow, max-snippet:-1, max-image-preview:large, max-video-preview:-1\" \/>\n<link rel=\"canonical\" href=\"https:\/\/www.hgf.com\/fr\/centre-de-connaissances\/evenements\/conference-pi-dans-le-commerce-de-detail-amsterdam-2019\/\" \/>\n<meta property=\"og:locale\" content=\"fr_FR\" \/>\n<meta property=\"og:type\" content=\"article\" \/>\n<meta property=\"og:title\" content=\"Conf\u00e9rence PI dans le commerce de d\u00e9tail Amsterdam 2019\" \/>\n<meta property=\"og:description\" content=\"La deuxi\u00e8me conf\u00e9rence PI dans le commerce de d\u00e9tail d&#039;HGF \u00e0 Amsterdam aura lieu le 3 d\u00e9cembre au Tobacco Theatre, Amsterdam. Cette ann\u00e9e, HGF organise \u00e0\" \/>\n<meta property=\"og:url\" content=\"https:\/\/www.hgf.com\/fr\/centre-de-connaissances\/evenements\/conference-pi-dans-le-commerce-de-detail-amsterdam-2019\/\" \/>\n<meta property=\"og:site_name\" content=\"HGF\" \/>\n<meta property=\"article:published_time\" content=\"2019-12-01T11:08:21+00:00\" \/>\n<meta property=\"article:modified_time\" content=\"2025-11-13T20:13:42+00:00\" \/>\n<meta property=\"og:image\" content=\"https:\/\/www.hgf.com\/wp-content\/uploads\/2020\/11\/cleo-vermij-wSct4rrBPWc-unsplash_Edit-1.jpg\" \/>\n\t<meta property=\"og:image:width\" content=\"1920\" \/>\n\t<meta property=\"og:image:height\" content=\"1080\" \/>\n\t<meta property=\"og:image:type\" content=\"image\/jpeg\" \/>\n<meta name=\"author\" content=\"Akvil\u0117 Lukauskaite\" \/>\n<meta name=\"twitter:card\" content=\"summary_large_image\" \/>\n<meta name=\"twitter:creator\" content=\"@behrooz@tall.agency\" \/>\n<meta name=\"twitter:site\" content=\"@hgf_ip\" \/>\n<meta name=\"twitter:label1\" content=\"\u00c9crit par\" \/>\n\t<meta name=\"twitter:data1\" content=\"Akvil\u0117 Lukauskaite\" \/>\n\t<meta name=\"twitter:label2\" content=\"Dur\u00e9e de lecture estim\u00e9e\" \/>\n\t<meta name=\"twitter:data2\" content=\"2 minutes\" \/>\n<script type=\"application\/ld+json\" class=\"yoast-schema-graph\">{\"@context\":\"https:\\\/\\\/schema.org\",\"@graph\":[{\"@type\":\"Article\",\"@id\":\"https:\\\/\\\/www.hgf.com\\\/fr\\\/centre-de-connaissances\\\/evenements\\\/conference-pi-dans-le-commerce-de-detail-amsterdam-2019\\\/#article\",\"isPartOf\":{\"@id\":\"https:\\\/\\\/www.hgf.com\\\/fr\\\/centre-de-connaissances\\\/evenements\\\/conference-pi-dans-le-commerce-de-detail-amsterdam-2019\\\/\"},\"author\":{\"name\":\"Akvil\u0117 Lukauskaite\",\"@id\":\"https:\\\/\\\/www.hgf.com\\\/fr\\\/#\\\/schema\\\/person\\\/e6343663c5ee3e1ccea20cd220f97f30\"},\"headline\":\"Conf\u00e9rence PI dans le commerce de d\u00e9tail Amsterdam 2019\",\"datePublished\":\"2019-12-01T11:08:21+00:00\",\"dateModified\":\"2025-11-13T20:13:42+00:00\",\"mainEntityOfPage\":{\"@id\":\"https:\\\/\\\/www.hgf.com\\\/fr\\\/centre-de-connaissances\\\/evenements\\\/conference-pi-dans-le-commerce-de-detail-amsterdam-2019\\\/\"},\"wordCount\":340,\"commentCount\":0,\"publisher\":{\"@id\":\"https:\\\/\\\/www.hgf.com\\\/fr\\\/#organization\"},\"image\":{\"@id\":\"https:\\\/\\\/www.hgf.com\\\/fr\\\/centre-de-connaissances\\\/evenements\\\/conference-pi-dans-le-commerce-de-detail-amsterdam-2019\\\/#primaryimage\"},\"thumbnailUrl\":\"https:\\\/\\\/www.hgf.com\\\/wp-content\\\/uploads\\\/2020\\\/11\\\/cleo-vermij-wSct4rrBPWc-unsplash_Edit-1.jpg\",\"articleSection\":[\"Centre de connaissances\",\"\u00c9v\u00e9nements\",\"HGF-\u00c9v\u00e9nements\"],\"inLanguage\":\"fr-FR\",\"potentialAction\":[{\"@type\":\"CommentAction\",\"name\":\"Comment\",\"target\":[\"https:\\\/\\\/www.hgf.com\\\/fr\\\/centre-de-connaissances\\\/evenements\\\/conference-pi-dans-le-commerce-de-detail-amsterdam-2019\\\/#respond\"]}]},{\"@type\":\"WebPage\",\"@id\":\"https:\\\/\\\/www.hgf.com\\\/fr\\\/centre-de-connaissances\\\/evenements\\\/conference-pi-dans-le-commerce-de-detail-amsterdam-2019\\\/\",\"url\":\"https:\\\/\\\/www.hgf.com\\\/fr\\\/centre-de-connaissances\\\/evenements\\\/conference-pi-dans-le-commerce-de-detail-amsterdam-2019\\\/\",\"name\":\"Conf\u00e9rence PI dans le commerce de d\u00e9tail Amsterdam 2019 - HGF\",\"isPartOf\":{\"@id\":\"https:\\\/\\\/www.hgf.com\\\/fr\\\/#website\"},\"primaryImageOfPage\":{\"@id\":\"https:\\\/\\\/www.hgf.com\\\/fr\\\/centre-de-connaissances\\\/evenements\\\/conference-pi-dans-le-commerce-de-detail-amsterdam-2019\\\/#primaryimage\"},\"image\":{\"@id\":\"https:\\\/\\\/www.hgf.com\\\/fr\\\/centre-de-connaissances\\\/evenements\\\/conference-pi-dans-le-commerce-de-detail-amsterdam-2019\\\/#primaryimage\"},\"thumbnailUrl\":\"https:\\\/\\\/www.hgf.com\\\/wp-content\\\/uploads\\\/2020\\\/11\\\/cleo-vermij-wSct4rrBPWc-unsplash_Edit-1.jpg\",\"datePublished\":\"2019-12-01T11:08:21+00:00\",\"dateModified\":\"2025-11-13T20:13:42+00:00\",\"inLanguage\":\"fr-FR\",\"potentialAction\":[{\"@type\":\"ReadAction\",\"target\":[\"https:\\\/\\\/www.hgf.com\\\/fr\\\/centre-de-connaissances\\\/evenements\\\/conference-pi-dans-le-commerce-de-detail-amsterdam-2019\\\/\"]}]},{\"@type\":\"ImageObject\",\"inLanguage\":\"fr-FR\",\"@id\":\"https:\\\/\\\/www.hgf.com\\\/fr\\\/centre-de-connaissances\\\/evenements\\\/conference-pi-dans-le-commerce-de-detail-amsterdam-2019\\\/#primaryimage\",\"url\":\"https:\\\/\\\/www.hgf.com\\\/wp-content\\\/uploads\\\/2020\\\/11\\\/cleo-vermij-wSct4rrBPWc-unsplash_Edit-1.jpg\",\"contentUrl\":\"https:\\\/\\\/www.hgf.com\\\/wp-content\\\/uploads\\\/2020\\\/11\\\/cleo-vermij-wSct4rrBPWc-unsplash_Edit-1.jpg\",\"width\":1920,\"height\":1080},{\"@type\":\"WebSite\",\"@id\":\"https:\\\/\\\/www.hgf.com\\\/fr\\\/#website\",\"url\":\"https:\\\/\\\/www.hgf.com\\\/fr\\\/\",\"name\":\"HGF\",\"description\":\"Intellectual Property Rights specialists\",\"publisher\":{\"@id\":\"https:\\\/\\\/www.hgf.com\\\/fr\\\/#organization\"},\"potentialAction\":[{\"@type\":\"SearchAction\",\"target\":{\"@type\":\"EntryPoint\",\"urlTemplate\":\"https:\\\/\\\/www.hgf.com\\\/fr\\\/?s={search_term_string}\"},\"query-input\":{\"@type\":\"PropertyValueSpecification\",\"valueRequired\":true,\"valueName\":\"search_term_string\"}}],\"inLanguage\":\"fr-FR\"},{\"@type\":\"Organization\",\"@id\":\"https:\\\/\\\/www.hgf.com\\\/fr\\\/#organization\",\"name\":\"HGF\",\"url\":\"https:\\\/\\\/www.hgf.com\\\/fr\\\/\",\"logo\":{\"@type\":\"ImageObject\",\"inLanguage\":\"fr-FR\",\"@id\":\"https:\\\/\\\/www.hgf.com\\\/fr\\\/#\\\/schema\\\/logo\\\/image\\\/\",\"url\":\"https:\\\/\\\/www.hgf.com\\\/wp-content\\\/uploads\\\/2023\\\/04\\\/hgf-logo-696x696-1.png\",\"contentUrl\":\"https:\\\/\\\/www.hgf.com\\\/wp-content\\\/uploads\\\/2023\\\/04\\\/hgf-logo-696x696-1.png\",\"width\":696,\"height\":696,\"caption\":\"HGF\"},\"image\":{\"@id\":\"https:\\\/\\\/www.hgf.com\\\/fr\\\/#\\\/schema\\\/logo\\\/image\\\/\"},\"sameAs\":[\"https:\\\/\\\/x.com\\\/hgf_ip\",\"https:\\\/\\\/www.linkedin.com\\\/company\\\/hgf-limited-intellectual-property-specialists\\\/\"]},{\"@type\":\"Person\",\"@id\":\"https:\\\/\\\/www.hgf.com\\\/fr\\\/#\\\/schema\\\/person\\\/e6343663c5ee3e1ccea20cd220f97f30\",\"name\":\"Akvil\u0117 Lukauskaite\",\"image\":{\"@type\":\"ImageObject\",\"inLanguage\":\"fr-FR\",\"@id\":\"https:\\\/\\\/secure.gravatar.com\\\/avatar\\\/d9cf1622c8c99b4c7573ba733a04f6352d3557803ca19afd3e4aafc94d9bc0b8?s=96&d=mm&r=g\",\"url\":\"https:\\\/\\\/secure.gravatar.com\\\/avatar\\\/d9cf1622c8c99b4c7573ba733a04f6352d3557803ca19afd3e4aafc94d9bc0b8?s=96&d=mm&r=g\",\"contentUrl\":\"https:\\\/\\\/secure.gravatar.com\\\/avatar\\\/d9cf1622c8c99b4c7573ba733a04f6352d3557803ca19afd3e4aafc94d9bc0b8?s=96&d=mm&r=g\",\"caption\":\"Akvil\u0117 Lukauskaite\"},\"sameAs\":[\"https:\\\/\\\/x.com\\\/behrooz@tall.agency\",\"Behrooz Saeed\"]}]}<\/script>\n<!-- \/ Yoast SEO Premium plugin. -->","yoast_head_json":{"title":"Conf\u00e9rence PI dans le commerce de d\u00e9tail Amsterdam 2019 - HGF","robots":{"index":"index","follow":"follow","max-snippet":"max-snippet:-1","max-image-preview":"max-image-preview:large","max-video-preview":"max-video-preview:-1"},"canonical":"https:\/\/www.hgf.com\/fr\/centre-de-connaissances\/evenements\/conference-pi-dans-le-commerce-de-detail-amsterdam-2019\/","og_locale":"fr_FR","og_type":"article","og_title":"Conf\u00e9rence PI dans le commerce de d\u00e9tail Amsterdam 2019","og_description":"La deuxi\u00e8me conf\u00e9rence PI dans le commerce de d\u00e9tail d'HGF \u00e0 Amsterdam aura lieu le 3 d\u00e9cembre au Tobacco Theatre, Amsterdam. Cette ann\u00e9e, HGF organise \u00e0","og_url":"https:\/\/www.hgf.com\/fr\/centre-de-connaissances\/evenements\/conference-pi-dans-le-commerce-de-detail-amsterdam-2019\/","og_site_name":"HGF","article_published_time":"2019-12-01T11:08:21+00:00","article_modified_time":"2025-11-13T20:13:42+00:00","og_image":[{"width":1920,"height":1080,"url":"https:\/\/www.hgf.com\/wp-content\/uploads\/2020\/11\/cleo-vermij-wSct4rrBPWc-unsplash_Edit-1.jpg","type":"image\/jpeg"}],"author":"Akvil\u0117 Lukauskaite","twitter_card":"summary_large_image","twitter_creator":"@behrooz@tall.agency","twitter_site":"@hgf_ip","twitter_misc":{"\u00c9crit par":"Akvil\u0117 Lukauskaite","Dur\u00e9e de lecture estim\u00e9e":"2 minutes"},"schema":{"@context":"https:\/\/schema.org","@graph":[{"@type":"Article","@id":"https:\/\/www.hgf.com\/fr\/centre-de-connaissances\/evenements\/conference-pi-dans-le-commerce-de-detail-amsterdam-2019\/#article","isPartOf":{"@id":"https:\/\/www.hgf.com\/fr\/centre-de-connaissances\/evenements\/conference-pi-dans-le-commerce-de-detail-amsterdam-2019\/"},"author":{"name":"Akvil\u0117 Lukauskaite","@id":"https:\/\/www.hgf.com\/fr\/#\/schema\/person\/e6343663c5ee3e1ccea20cd220f97f30"},"headline":"Conf\u00e9rence PI dans le commerce de d\u00e9tail Amsterdam 2019","datePublished":"2019-12-01T11:08:21+00:00","dateModified":"2025-11-13T20:13:42+00:00","mainEntityOfPage":{"@id":"https:\/\/www.hgf.com\/fr\/centre-de-connaissances\/evenements\/conference-pi-dans-le-commerce-de-detail-amsterdam-2019\/"},"wordCount":340,"commentCount":0,"publisher":{"@id":"https:\/\/www.hgf.com\/fr\/#organization"},"image":{"@id":"https:\/\/www.hgf.com\/fr\/centre-de-connaissances\/evenements\/conference-pi-dans-le-commerce-de-detail-amsterdam-2019\/#primaryimage"},"thumbnailUrl":"https:\/\/www.hgf.com\/wp-content\/uploads\/2020\/11\/cleo-vermij-wSct4rrBPWc-unsplash_Edit-1.jpg","articleSection":["Centre de connaissances","\u00c9v\u00e9nements","HGF-\u00c9v\u00e9nements"],"inLanguage":"fr-FR","potentialAction":[{"@type":"CommentAction","name":"Comment","target":["https:\/\/www.hgf.com\/fr\/centre-de-connaissances\/evenements\/conference-pi-dans-le-commerce-de-detail-amsterdam-2019\/#respond"]}]},{"@type":"WebPage","@id":"https:\/\/www.hgf.com\/fr\/centre-de-connaissances\/evenements\/conference-pi-dans-le-commerce-de-detail-amsterdam-2019\/","url":"https:\/\/www.hgf.com\/fr\/centre-de-connaissances\/evenements\/conference-pi-dans-le-commerce-de-detail-amsterdam-2019\/","name":"Conf\u00e9rence PI dans le commerce de d\u00e9tail Amsterdam 2019 - HGF","isPartOf":{"@id":"https:\/\/www.hgf.com\/fr\/#website"},"primaryImageOfPage":{"@id":"https:\/\/www.hgf.com\/fr\/centre-de-connaissances\/evenements\/conference-pi-dans-le-commerce-de-detail-amsterdam-2019\/#primaryimage"},"image":{"@id":"https:\/\/www.hgf.com\/fr\/centre-de-connaissances\/evenements\/conference-pi-dans-le-commerce-de-detail-amsterdam-2019\/#primaryimage"},"thumbnailUrl":"https:\/\/www.hgf.com\/wp-content\/uploads\/2020\/11\/cleo-vermij-wSct4rrBPWc-unsplash_Edit-1.jpg","datePublished":"2019-12-01T11:08:21+00:00","dateModified":"2025-11-13T20:13:42+00:00","inLanguage":"fr-FR","potentialAction":[{"@type":"ReadAction","target":["https:\/\/www.hgf.com\/fr\/centre-de-connaissances\/evenements\/conference-pi-dans-le-commerce-de-detail-amsterdam-2019\/"]}]},{"@type":"ImageObject","inLanguage":"fr-FR","@id":"https:\/\/www.hgf.com\/fr\/centre-de-connaissances\/evenements\/conference-pi-dans-le-commerce-de-detail-amsterdam-2019\/#primaryimage","url":"https:\/\/www.hgf.com\/wp-content\/uploads\/2020\/11\/cleo-vermij-wSct4rrBPWc-unsplash_Edit-1.jpg","contentUrl":"https:\/\/www.hgf.com\/wp-content\/uploads\/2020\/11\/cleo-vermij-wSct4rrBPWc-unsplash_Edit-1.jpg","width":1920,"height":1080},{"@type":"WebSite","@id":"https:\/\/www.hgf.com\/fr\/#website","url":"https:\/\/www.hgf.com\/fr\/","name":"HGF","description":"Intellectual Property Rights specialists","publisher":{"@id":"https:\/\/www.hgf.com\/fr\/#organization"},"potentialAction":[{"@type":"SearchAction","target":{"@type":"EntryPoint","urlTemplate":"https:\/\/www.hgf.com\/fr\/?s={search_term_string}"},"query-input":{"@type":"PropertyValueSpecification","valueRequired":true,"valueName":"search_term_string"}}],"inLanguage":"fr-FR"},{"@type":"Organization","@id":"https:\/\/www.hgf.com\/fr\/#organization","name":"HGF","url":"https:\/\/www.hgf.com\/fr\/","logo":{"@type":"ImageObject","inLanguage":"fr-FR","@id":"https:\/\/www.hgf.com\/fr\/#\/schema\/logo\/image\/","url":"https:\/\/www.hgf.com\/wp-content\/uploads\/2023\/04\/hgf-logo-696x696-1.png","contentUrl":"https:\/\/www.hgf.com\/wp-content\/uploads\/2023\/04\/hgf-logo-696x696-1.png","width":696,"height":696,"caption":"HGF"},"image":{"@id":"https:\/\/www.hgf.com\/fr\/#\/schema\/logo\/image\/"},"sameAs":["https:\/\/x.com\/hgf_ip","https:\/\/www.linkedin.com\/company\/hgf-limited-intellectual-property-specialists\/"]},{"@type":"Person","@id":"https:\/\/www.hgf.com\/fr\/#\/schema\/person\/e6343663c5ee3e1ccea20cd220f97f30","name":"Akvil\u0117 Lukauskaite","image":{"@type":"ImageObject","inLanguage":"fr-FR","@id":"https:\/\/secure.gravatar.com\/avatar\/d9cf1622c8c99b4c7573ba733a04f6352d3557803ca19afd3e4aafc94d9bc0b8?s=96&d=mm&r=g","url":"https:\/\/secure.gravatar.com\/avatar\/d9cf1622c8c99b4c7573ba733a04f6352d3557803ca19afd3e4aafc94d9bc0b8?s=96&d=mm&r=g","contentUrl":"https:\/\/secure.gravatar.com\/avatar\/d9cf1622c8c99b4c7573ba733a04f6352d3557803ca19afd3e4aafc94d9bc0b8?s=96&d=mm&r=g","caption":"Akvil\u0117 Lukauskaite"},"sameAs":["https:\/\/x.com\/behrooz@tall.agency","Behrooz Saeed"]}]}},"_links":{"self":[{"href":"https:\/\/www.hgf.com\/fr\/wp-json\/wp\/v2\/posts\/9004111222137661","targetHints":{"allow":["GET"]}}],"collection":[{"href":"https:\/\/www.hgf.com\/fr\/wp-json\/wp\/v2\/posts"}],"about":[{"href":"https:\/\/www.hgf.com\/fr\/wp-json\/wp\/v2\/types\/post"}],"author":[{"embeddable":true,"href":"https:\/\/www.hgf.com\/fr\/wp-json\/wp\/v2\/users\/315"}],"replies":[{"embeddable":true,"href":"https:\/\/www.hgf.com\/fr\/wp-json\/wp\/v2\/comments?post=9004111222137661"}],"version-history":[{"count":0,"href":"https:\/\/www.hgf.com\/fr\/wp-json\/wp\/v2\/posts\/9004111222137661\/revisions"}],"wp:featuredmedia":[{"embeddable":true,"href":"https:\/\/www.hgf.com\/fr\/wp-json\/wp\/v2\/media\/9004111222137016"}],"wp:attachment":[{"href":"https:\/\/www.hgf.com\/fr\/wp-json\/wp\/v2\/media?parent=9004111222137661"}],"wp:term":[{"taxonomy":"category","embeddable":true,"href":"https:\/\/www.hgf.com\/fr\/wp-json\/wp\/v2\/categories?post=9004111222137661"},{"taxonomy":"post_tag","embeddable":true,"href":"https:\/\/www.hgf.com\/fr\/wp-json\/wp\/v2\/tags?post=9004111222137661"}],"curies":[{"name":"wp","href":"https:\/\/api.w.org\/{rel}","templated":true}]}}