{"id":9004111222137650,"date":"2019-10-28T15:42:35","date_gmt":"2019-10-28T15:42:35","guid":{"rendered":"https:\/\/www.hgf.com\/?p=9004111222137650"},"modified":"2025-11-13T20:13:45","modified_gmt":"2025-11-13T20:13:45","slug":"faire-le-menage-dans-les-registres-skykick-pourrait-ouvrir-la-voie-dans-les-registres-des-marques-a-travers-leurope","status":"publish","type":"post","link":"https:\/\/www.hgf.com\/fr\/centre-de-connaissances\/articles\/faire-le-menage-dans-les-registres-skykick-pourrait-ouvrir-la-voie-dans-les-registres-des-marques-a-travers-leurope\/","title":{"rendered":"Faire le m\u00e9nage dans les registres \u2013 SkyKick pourrait ouvrir la voie dans les registres des marques \u00e0 travers l&#8217;Europe"},"content":{"rendered":"<p class=\"p__large\">L&#8217;AG Tanchev a rendu son <a href=\"https:\/\/curia.europa.eu\/juris\/document\/document_print.jsf;jsessionid=8797C31F8C48E5B505BFABDEB3FF6D31?docid=219223&amp;text=&amp;dir=&amp;doclang=EN&amp;part=1&amp;occ=first&amp;mode=DOC&amp;pageIndex=0&amp;cid=4774036\" target=\"_blank\" rel=\"noopener noreferrer\">avis<\/a> (longtemps attendu) dans l&#8217;affaire \u00ab Sky contre SkyKick \u00bb, proposant que la CJUE statue que le manque de clart\u00e9 et de pr\u00e9cision sont des questions qui doivent \u00eatre examin\u00e9es par les offices des marques comp\u00e9tents <em>lors du traitement d&#8217;une demande<\/em> d&#8217;enregistrement d&#8217;une marque.<\/p>\n<p>Les marques enregistr\u00e9es qui ne r\u00e9pondaient pas \u00e0 l&#8217;exigence de clart\u00e9 et de pr\u00e9cision ne devraient pas \u00eatre d\u00e9clar\u00e9es invalides sur cette base. Cependant, dans la mesure o\u00f9 un enregistrement cherche \u00e0 prot\u00e9ger des termes trop g\u00e9n\u00e9raux (logiciels informatiques, services financiers et services de t\u00e9l\u00e9communication donn\u00e9s comme exemples) et couvre des biens et services trop larges ou variables pour \u00eatre compatibles avec la fonction d&#8217;indication d&#8217;origine de la marque, l&#8217;exigence de clart\u00e9 et de pr\u00e9cision des sp\u00e9cifications d&#8217;une marque est engag\u00e9e par les articles pr\u00e9voyant l&#8217;invalidit\u00e9 des marques contraires \u00e0 l&#8217;ordre public. <\/p>\n<p>Dans son avis, l&#8217;enregistrement d&#8217;une marque pour \u00ab logiciel informatique \u00bb \u00e9tait injustifi\u00e9 et contraire \u00e0 l&#8217;int\u00e9r\u00eat public car il conf\u00e9rait au propri\u00e9taire un monopole d&#8217;une immense port\u00e9e qui ne pouvait \u00eatre justifi\u00e9 par aucun int\u00e9r\u00eat commercial l\u00e9gitime du propri\u00e9taire. Dans de telles circonstances, un terme ne serait pas suffisamment clair et pr\u00e9cis pour permettre aux tiers de d\u00e9terminer l&#8217;\u00e9tendue de la protection. En outre, d\u00e9poser une demande d&#8217;enregistrement d&#8217;une marque sans intention de l&#8217;utiliser en relation avec les biens et services sp\u00e9cifi\u00e9s peut constituer un \u00e9l\u00e9ment de mauvaise foi, particuli\u00e8rement s&#8217;il est prouv\u00e9 que l&#8217;unique objectif du demandeur \u00e9tait d&#8217;emp\u00eacher les tiers d&#8217;entrer sur le march\u00e9 et notamment lorsqu&#8217;il existait des preuves d&#8217;une strat\u00e9gie de d\u00e9p\u00f4t abusive. Lorsqu&#8217;une juridiction nationale a d\u00e9termin\u00e9 que de tels motifs existent, cela donnerait lieu \u00e0 une invalidit\u00e9 partielle plut\u00f4t qu&#8217;\u00e0 l&#8217;invalidation totale de la marque pour cause de mauvaise foi.   <\/p>\n<p>L&#8217;affaire a \u00e9t\u00e9 renvoy\u00e9e par la Haute Cour du Royaume-Uni dans une action o\u00f9 Sky plc (le diffuseur de t\u00e9l\u00e9vision par satellite et num\u00e9rique) avait affirm\u00e9 que SkyKick (une entreprise start-up qui fournit des services informatiques de migration vers le cloud) avait viol\u00e9 quatre marques de l&#8217;UE et une marque britannique constitu\u00e9es du mot SKY par l&#8217;utilisation du signe &#8216;SkyKick&#8217; et ses variantes. SkyKick a ni\u00e9 la contrefa\u00e7on et a demand\u00e9 reconventionnellement une d\u00e9claration d&#8217;invalidit\u00e9 des marques, en tout ou en partie, au motif que : (i) les sp\u00e9cifications des biens et services manquaient de clart\u00e9 et de pr\u00e9cision et (ii) les demandes avaient \u00e9t\u00e9 faites de mauvaise foi. L&#8217;all\u00e9gation de mauvaise foi \u00e9tait fond\u00e9e sur le fait que Sky plc n&#8217;avait pas l&#8217;intention d&#8217;utiliser les marques pour tous les biens et services sp\u00e9cifi\u00e9s dans les sp\u00e9cifications respectives. SkyKick a accept\u00e9 que Sky plc avait l&#8217;intention d&#8217;utiliser les marques pour certains des biens et services sp\u00e9cifi\u00e9s. N\u00e9anmoins, l&#8217;argument principal de SkyKick \u00e9tait que les marques \u00e9taient invalides dans leur int\u00e9gralit\u00e9 (l&#8217;argument du \u00ab puits empoisonn\u00e9 \u00bb). Alternativement, que les marques \u00e9taient invalides dans la mesure o\u00f9 les sp\u00e9cifications couvraient des biens et services pour lesquels Sky plc n&#8217;avait pas l&#8217;intention d&#8217;utiliser les marques.       <\/p>\n<p>La juridiction de renvoi a not\u00e9 que SkyKick ne semblait pas avoir de d\u00e9fense contre les revendications de contrefa\u00e7on de marque de Sky plc en vertu de la l\u00e9gislation applicable sur les marques de l&#8217;UE et nationale, malgr\u00e9 le fait que les marques n&#8217;avaient pas \u00e9t\u00e9 utilis\u00e9es, et n&#8217;\u00e9taient pas susceptibles d&#8217;\u00eatre utilis\u00e9es, pour de nombreux biens et services pour lesquels elles \u00e9taient enregistr\u00e9es.<\/p>\n<p>Si l&#8217;avis de l&#8217;AG Tanchev est suivi par la CJUE, il s&#8217;agit d&#8217;une affaire extr\u00eamement importante pour les propri\u00e9taires de marques dans toute l&#8217;UE et pourrait potentiellement avoir un impact sur les portefeuilles de marques de nombreuses grandes marques, qui ont eu les ressources pour enregistrer et maintenir une large protection de leurs marques. Cela n\u00e9cessitera une \u00e9valuation pour d\u00e9terminer si les marques enregistr\u00e9es pour des biens et services en dehors des activit\u00e9s commerciales du propri\u00e9taire donnent lieu \u00e0 une all\u00e9gation de mauvaise foi. Cela donnerait \u00e9galement aux tiers un outil pr\u00e9cieux pour \u00e9liminer l&#8217;encombrement et les d\u00e9p\u00f4ts \u00ab bloquants \u00bb du Registre s&#8217;il appara\u00eet que les pratiques de d\u00e9p\u00f4t du propri\u00e9taire de la marque ont pu \u00eatre abusives.  <\/p>\n<p class=\"p__medium\">Cette mise \u00e0 jour a \u00e9t\u00e9 pr\u00e9par\u00e9e par l&#8217;associ\u00e9e HGF<a href=\"https:\/\/www.hgf.com\/about-us\/our-people\/rachel-fetches\/\"> Rachel Fetches.<\/a> Si vous souhaitez obtenir des conseils suppl\u00e9mentaires sur ce sujet ou tout autre sujet, veuillez contacter <a href=\"https:\/\/www.hgf.com\/about-us\/our-people\/rachel-fetches\/\">Rachel.<\/a> Vous pouvez \u00e9galement contacter votre repr\u00e9sentant HGF habituel ou consulter notre <a href=\"https:\/\/www.hgf.com\/fr\/contact\/\">page Contact<\/a> pour joindre le bureau HGF le plus proche.<\/p>\n","protected":false},"excerpt":{"rendered":"<p>L&#8217;AG Tanchev a rendu son avis (longtemps attendu) dans l&#8217;affaire \u00ab Sky contre SkyKick \u00bb, proposant que la CJUE statue que le manque de clart\u00e9 et de pr\u00e9cision sont des &hellip;<\/p>\n","protected":false},"author":315,"featured_media":0,"comment_status":"open","ping_status":"open","sticky":false,"template":"","format":"standard","meta":{"_acf_changed":false,"footnotes":""},"categories":[536,517],"tags":[],"class_list":["post-9004111222137650","post","type-post","status-publish","format-standard","hentry","category-articles","category-centre-de-connaissances","service-contentieux-en-matiere-de-propriete-intellectuelle","service-marques","sector_groups-droit"],"acf":[],"yoast_head":"<!-- This site is optimized with the Yoast SEO Premium plugin v27.4 (Yoast SEO v27.4) - https:\/\/yoast.com\/product\/yoast-seo-premium-wordpress\/ -->\n<title>Faire le m\u00e9nage dans les registres \u2013 SkyKick pourrait ouvrir la voie dans les registres des marques \u00e0 travers l&#039;Europe - HGF<\/title>\n<meta name=\"robots\" content=\"index, follow, max-snippet:-1, max-image-preview:large, max-video-preview:-1\" \/>\n<link rel=\"canonical\" href=\"https:\/\/www.hgf.com\/fr\/centre-de-connaissances\/articles\/faire-le-menage-dans-les-registres-skykick-pourrait-ouvrir-la-voie-dans-les-registres-des-marques-a-travers-leurope\/\" \/>\n<meta property=\"og:locale\" content=\"fr_FR\" \/>\n<meta property=\"og:type\" content=\"article\" \/>\n<meta property=\"og:title\" content=\"Faire le m\u00e9nage dans les registres \u2013 SkyKick pourrait ouvrir la voie dans les registres des marques \u00e0 travers l&#039;Europe\" \/>\n<meta property=\"og:description\" content=\"L&#039;AG Tanchev a rendu son avis (longtemps attendu) dans l&#039;affaire \u00ab Sky contre SkyKick \u00bb, proposant que la CJUE statue que le manque de clart\u00e9 et de\" \/>\n<meta property=\"og:url\" content=\"https:\/\/www.hgf.com\/fr\/centre-de-connaissances\/articles\/faire-le-menage-dans-les-registres-skykick-pourrait-ouvrir-la-voie-dans-les-registres-des-marques-a-travers-leurope\/\" \/>\n<meta property=\"og:site_name\" content=\"HGF\" \/>\n<meta property=\"article:published_time\" content=\"2019-10-28T15:42:35+00:00\" \/>\n<meta property=\"article:modified_time\" content=\"2025-11-13T20:13:45+00:00\" \/>\n<meta property=\"og:image\" content=\"https:\/\/www.hgf.com\/wp-content\/uploads\/2023\/04\/hgf-logo-1200x675-1.png\" \/>\n\t<meta property=\"og:image:width\" content=\"1200\" \/>\n\t<meta property=\"og:image:height\" content=\"675\" \/>\n\t<meta property=\"og:image:type\" content=\"image\/png\" \/>\n<meta name=\"author\" content=\"Akvil\u0117 Lukauskaite\" \/>\n<meta name=\"twitter:card\" content=\"summary_large_image\" \/>\n<meta name=\"twitter:creator\" content=\"@behrooz@tall.agency\" \/>\n<meta name=\"twitter:site\" content=\"@hgf_ip\" \/>\n<meta name=\"twitter:label1\" content=\"\u00c9crit par\" \/>\n\t<meta name=\"twitter:data1\" content=\"Akvil\u0117 Lukauskaite\" \/>\n\t<meta name=\"twitter:label2\" content=\"Dur\u00e9e de lecture estim\u00e9e\" \/>\n\t<meta name=\"twitter:data2\" content=\"4 minutes\" \/>\n<script type=\"application\/ld+json\" class=\"yoast-schema-graph\">{\"@context\":\"https:\\\/\\\/schema.org\",\"@graph\":[{\"@type\":\"Article\",\"@id\":\"https:\\\/\\\/www.hgf.com\\\/fr\\\/centre-de-connaissances\\\/articles\\\/faire-le-menage-dans-les-registres-skykick-pourrait-ouvrir-la-voie-dans-les-registres-des-marques-a-travers-leurope\\\/#article\",\"isPartOf\":{\"@id\":\"https:\\\/\\\/www.hgf.com\\\/fr\\\/centre-de-connaissances\\\/articles\\\/faire-le-menage-dans-les-registres-skykick-pourrait-ouvrir-la-voie-dans-les-registres-des-marques-a-travers-leurope\\\/\"},\"author\":{\"name\":\"Akvil\u0117 Lukauskaite\",\"@id\":\"https:\\\/\\\/www.hgf.com\\\/fr\\\/#\\\/schema\\\/person\\\/e6343663c5ee3e1ccea20cd220f97f30\"},\"headline\":\"Faire le m\u00e9nage dans les registres \u2013 SkyKick pourrait ouvrir la voie dans les registres des marques \u00e0 travers l&#8217;Europe\",\"datePublished\":\"2019-10-28T15:42:35+00:00\",\"dateModified\":\"2025-11-13T20:13:45+00:00\",\"mainEntityOfPage\":{\"@id\":\"https:\\\/\\\/www.hgf.com\\\/fr\\\/centre-de-connaissances\\\/articles\\\/faire-le-menage-dans-les-registres-skykick-pourrait-ouvrir-la-voie-dans-les-registres-des-marques-a-travers-leurope\\\/\"},\"wordCount\":868,\"commentCount\":0,\"publisher\":{\"@id\":\"https:\\\/\\\/www.hgf.com\\\/fr\\\/#organization\"},\"articleSection\":[\"Articles\",\"Centre de connaissances\"],\"inLanguage\":\"fr-FR\",\"potentialAction\":[{\"@type\":\"CommentAction\",\"name\":\"Comment\",\"target\":[\"https:\\\/\\\/www.hgf.com\\\/fr\\\/centre-de-connaissances\\\/articles\\\/faire-le-menage-dans-les-registres-skykick-pourrait-ouvrir-la-voie-dans-les-registres-des-marques-a-travers-leurope\\\/#respond\"]}]},{\"@type\":\"WebPage\",\"@id\":\"https:\\\/\\\/www.hgf.com\\\/fr\\\/centre-de-connaissances\\\/articles\\\/faire-le-menage-dans-les-registres-skykick-pourrait-ouvrir-la-voie-dans-les-registres-des-marques-a-travers-leurope\\\/\",\"url\":\"https:\\\/\\\/www.hgf.com\\\/fr\\\/centre-de-connaissances\\\/articles\\\/faire-le-menage-dans-les-registres-skykick-pourrait-ouvrir-la-voie-dans-les-registres-des-marques-a-travers-leurope\\\/\",\"name\":\"Faire le m\u00e9nage dans les registres \u2013 SkyKick pourrait ouvrir la voie dans les registres des marques \u00e0 travers l'Europe - HGF\",\"isPartOf\":{\"@id\":\"https:\\\/\\\/www.hgf.com\\\/fr\\\/#website\"},\"datePublished\":\"2019-10-28T15:42:35+00:00\",\"dateModified\":\"2025-11-13T20:13:45+00:00\",\"inLanguage\":\"fr-FR\",\"potentialAction\":[{\"@type\":\"ReadAction\",\"target\":[\"https:\\\/\\\/www.hgf.com\\\/fr\\\/centre-de-connaissances\\\/articles\\\/faire-le-menage-dans-les-registres-skykick-pourrait-ouvrir-la-voie-dans-les-registres-des-marques-a-travers-leurope\\\/\"]}]},{\"@type\":\"WebSite\",\"@id\":\"https:\\\/\\\/www.hgf.com\\\/fr\\\/#website\",\"url\":\"https:\\\/\\\/www.hgf.com\\\/fr\\\/\",\"name\":\"HGF\",\"description\":\"Intellectual Property Rights specialists\",\"publisher\":{\"@id\":\"https:\\\/\\\/www.hgf.com\\\/fr\\\/#organization\"},\"potentialAction\":[{\"@type\":\"SearchAction\",\"target\":{\"@type\":\"EntryPoint\",\"urlTemplate\":\"https:\\\/\\\/www.hgf.com\\\/fr\\\/?s={search_term_string}\"},\"query-input\":{\"@type\":\"PropertyValueSpecification\",\"valueRequired\":true,\"valueName\":\"search_term_string\"}}],\"inLanguage\":\"fr-FR\"},{\"@type\":\"Organization\",\"@id\":\"https:\\\/\\\/www.hgf.com\\\/fr\\\/#organization\",\"name\":\"HGF\",\"url\":\"https:\\\/\\\/www.hgf.com\\\/fr\\\/\",\"logo\":{\"@type\":\"ImageObject\",\"inLanguage\":\"fr-FR\",\"@id\":\"https:\\\/\\\/www.hgf.com\\\/fr\\\/#\\\/schema\\\/logo\\\/image\\\/\",\"url\":\"https:\\\/\\\/www.hgf.com\\\/wp-content\\\/uploads\\\/2023\\\/04\\\/hgf-logo-696x696-1.png\",\"contentUrl\":\"https:\\\/\\\/www.hgf.com\\\/wp-content\\\/uploads\\\/2023\\\/04\\\/hgf-logo-696x696-1.png\",\"width\":696,\"height\":696,\"caption\":\"HGF\"},\"image\":{\"@id\":\"https:\\\/\\\/www.hgf.com\\\/fr\\\/#\\\/schema\\\/logo\\\/image\\\/\"},\"sameAs\":[\"https:\\\/\\\/x.com\\\/hgf_ip\",\"https:\\\/\\\/www.linkedin.com\\\/company\\\/hgf-limited-intellectual-property-specialists\\\/\"]},{\"@type\":\"Person\",\"@id\":\"https:\\\/\\\/www.hgf.com\\\/fr\\\/#\\\/schema\\\/person\\\/e6343663c5ee3e1ccea20cd220f97f30\",\"name\":\"Akvil\u0117 Lukauskaite\",\"image\":{\"@type\":\"ImageObject\",\"inLanguage\":\"fr-FR\",\"@id\":\"https:\\\/\\\/secure.gravatar.com\\\/avatar\\\/d9cf1622c8c99b4c7573ba733a04f6352d3557803ca19afd3e4aafc94d9bc0b8?s=96&d=mm&r=g\",\"url\":\"https:\\\/\\\/secure.gravatar.com\\\/avatar\\\/d9cf1622c8c99b4c7573ba733a04f6352d3557803ca19afd3e4aafc94d9bc0b8?s=96&d=mm&r=g\",\"contentUrl\":\"https:\\\/\\\/secure.gravatar.com\\\/avatar\\\/d9cf1622c8c99b4c7573ba733a04f6352d3557803ca19afd3e4aafc94d9bc0b8?s=96&d=mm&r=g\",\"caption\":\"Akvil\u0117 Lukauskaite\"},\"sameAs\":[\"https:\\\/\\\/x.com\\\/behrooz@tall.agency\",\"Behrooz Saeed\"]}]}<\/script>\n<!-- \/ Yoast SEO Premium plugin. -->","yoast_head_json":{"title":"Faire le m\u00e9nage dans les registres \u2013 SkyKick pourrait ouvrir la voie dans les registres des marques \u00e0 travers l'Europe - HGF","robots":{"index":"index","follow":"follow","max-snippet":"max-snippet:-1","max-image-preview":"max-image-preview:large","max-video-preview":"max-video-preview:-1"},"canonical":"https:\/\/www.hgf.com\/fr\/centre-de-connaissances\/articles\/faire-le-menage-dans-les-registres-skykick-pourrait-ouvrir-la-voie-dans-les-registres-des-marques-a-travers-leurope\/","og_locale":"fr_FR","og_type":"article","og_title":"Faire le m\u00e9nage dans les registres \u2013 SkyKick pourrait ouvrir la voie dans les registres des marques \u00e0 travers l'Europe","og_description":"L'AG Tanchev a rendu son avis (longtemps attendu) dans l'affaire \u00ab Sky contre SkyKick \u00bb, proposant que la CJUE statue que le manque de clart\u00e9 et de","og_url":"https:\/\/www.hgf.com\/fr\/centre-de-connaissances\/articles\/faire-le-menage-dans-les-registres-skykick-pourrait-ouvrir-la-voie-dans-les-registres-des-marques-a-travers-leurope\/","og_site_name":"HGF","article_published_time":"2019-10-28T15:42:35+00:00","article_modified_time":"2025-11-13T20:13:45+00:00","og_image":[{"width":1200,"height":675,"url":"https:\/\/www.hgf.com\/wp-content\/uploads\/2023\/04\/hgf-logo-1200x675-1.png","type":"image\/png"}],"author":"Akvil\u0117 Lukauskaite","twitter_card":"summary_large_image","twitter_creator":"@behrooz@tall.agency","twitter_site":"@hgf_ip","twitter_misc":{"\u00c9crit par":"Akvil\u0117 Lukauskaite","Dur\u00e9e de lecture estim\u00e9e":"4 minutes"},"schema":{"@context":"https:\/\/schema.org","@graph":[{"@type":"Article","@id":"https:\/\/www.hgf.com\/fr\/centre-de-connaissances\/articles\/faire-le-menage-dans-les-registres-skykick-pourrait-ouvrir-la-voie-dans-les-registres-des-marques-a-travers-leurope\/#article","isPartOf":{"@id":"https:\/\/www.hgf.com\/fr\/centre-de-connaissances\/articles\/faire-le-menage-dans-les-registres-skykick-pourrait-ouvrir-la-voie-dans-les-registres-des-marques-a-travers-leurope\/"},"author":{"name":"Akvil\u0117 Lukauskaite","@id":"https:\/\/www.hgf.com\/fr\/#\/schema\/person\/e6343663c5ee3e1ccea20cd220f97f30"},"headline":"Faire le m\u00e9nage dans les registres \u2013 SkyKick pourrait ouvrir la voie dans les registres des marques \u00e0 travers l&#8217;Europe","datePublished":"2019-10-28T15:42:35+00:00","dateModified":"2025-11-13T20:13:45+00:00","mainEntityOfPage":{"@id":"https:\/\/www.hgf.com\/fr\/centre-de-connaissances\/articles\/faire-le-menage-dans-les-registres-skykick-pourrait-ouvrir-la-voie-dans-les-registres-des-marques-a-travers-leurope\/"},"wordCount":868,"commentCount":0,"publisher":{"@id":"https:\/\/www.hgf.com\/fr\/#organization"},"articleSection":["Articles","Centre de connaissances"],"inLanguage":"fr-FR","potentialAction":[{"@type":"CommentAction","name":"Comment","target":["https:\/\/www.hgf.com\/fr\/centre-de-connaissances\/articles\/faire-le-menage-dans-les-registres-skykick-pourrait-ouvrir-la-voie-dans-les-registres-des-marques-a-travers-leurope\/#respond"]}]},{"@type":"WebPage","@id":"https:\/\/www.hgf.com\/fr\/centre-de-connaissances\/articles\/faire-le-menage-dans-les-registres-skykick-pourrait-ouvrir-la-voie-dans-les-registres-des-marques-a-travers-leurope\/","url":"https:\/\/www.hgf.com\/fr\/centre-de-connaissances\/articles\/faire-le-menage-dans-les-registres-skykick-pourrait-ouvrir-la-voie-dans-les-registres-des-marques-a-travers-leurope\/","name":"Faire le m\u00e9nage dans les registres \u2013 SkyKick pourrait ouvrir la voie dans les registres des marques \u00e0 travers l'Europe - HGF","isPartOf":{"@id":"https:\/\/www.hgf.com\/fr\/#website"},"datePublished":"2019-10-28T15:42:35+00:00","dateModified":"2025-11-13T20:13:45+00:00","inLanguage":"fr-FR","potentialAction":[{"@type":"ReadAction","target":["https:\/\/www.hgf.com\/fr\/centre-de-connaissances\/articles\/faire-le-menage-dans-les-registres-skykick-pourrait-ouvrir-la-voie-dans-les-registres-des-marques-a-travers-leurope\/"]}]},{"@type":"WebSite","@id":"https:\/\/www.hgf.com\/fr\/#website","url":"https:\/\/www.hgf.com\/fr\/","name":"HGF","description":"Intellectual Property Rights specialists","publisher":{"@id":"https:\/\/www.hgf.com\/fr\/#organization"},"potentialAction":[{"@type":"SearchAction","target":{"@type":"EntryPoint","urlTemplate":"https:\/\/www.hgf.com\/fr\/?s={search_term_string}"},"query-input":{"@type":"PropertyValueSpecification","valueRequired":true,"valueName":"search_term_string"}}],"inLanguage":"fr-FR"},{"@type":"Organization","@id":"https:\/\/www.hgf.com\/fr\/#organization","name":"HGF","url":"https:\/\/www.hgf.com\/fr\/","logo":{"@type":"ImageObject","inLanguage":"fr-FR","@id":"https:\/\/www.hgf.com\/fr\/#\/schema\/logo\/image\/","url":"https:\/\/www.hgf.com\/wp-content\/uploads\/2023\/04\/hgf-logo-696x696-1.png","contentUrl":"https:\/\/www.hgf.com\/wp-content\/uploads\/2023\/04\/hgf-logo-696x696-1.png","width":696,"height":696,"caption":"HGF"},"image":{"@id":"https:\/\/www.hgf.com\/fr\/#\/schema\/logo\/image\/"},"sameAs":["https:\/\/x.com\/hgf_ip","https:\/\/www.linkedin.com\/company\/hgf-limited-intellectual-property-specialists\/"]},{"@type":"Person","@id":"https:\/\/www.hgf.com\/fr\/#\/schema\/person\/e6343663c5ee3e1ccea20cd220f97f30","name":"Akvil\u0117 Lukauskaite","image":{"@type":"ImageObject","inLanguage":"fr-FR","@id":"https:\/\/secure.gravatar.com\/avatar\/d9cf1622c8c99b4c7573ba733a04f6352d3557803ca19afd3e4aafc94d9bc0b8?s=96&d=mm&r=g","url":"https:\/\/secure.gravatar.com\/avatar\/d9cf1622c8c99b4c7573ba733a04f6352d3557803ca19afd3e4aafc94d9bc0b8?s=96&d=mm&r=g","contentUrl":"https:\/\/secure.gravatar.com\/avatar\/d9cf1622c8c99b4c7573ba733a04f6352d3557803ca19afd3e4aafc94d9bc0b8?s=96&d=mm&r=g","caption":"Akvil\u0117 Lukauskaite"},"sameAs":["https:\/\/x.com\/behrooz@tall.agency","Behrooz Saeed"]}]}},"_links":{"self":[{"href":"https:\/\/www.hgf.com\/fr\/wp-json\/wp\/v2\/posts\/9004111222137650","targetHints":{"allow":["GET"]}}],"collection":[{"href":"https:\/\/www.hgf.com\/fr\/wp-json\/wp\/v2\/posts"}],"about":[{"href":"https:\/\/www.hgf.com\/fr\/wp-json\/wp\/v2\/types\/post"}],"author":[{"embeddable":true,"href":"https:\/\/www.hgf.com\/fr\/wp-json\/wp\/v2\/users\/315"}],"replies":[{"embeddable":true,"href":"https:\/\/www.hgf.com\/fr\/wp-json\/wp\/v2\/comments?post=9004111222137650"}],"version-history":[{"count":0,"href":"https:\/\/www.hgf.com\/fr\/wp-json\/wp\/v2\/posts\/9004111222137650\/revisions"}],"wp:attachment":[{"href":"https:\/\/www.hgf.com\/fr\/wp-json\/wp\/v2\/media?parent=9004111222137650"}],"wp:term":[{"taxonomy":"category","embeddable":true,"href":"https:\/\/www.hgf.com\/fr\/wp-json\/wp\/v2\/categories?post=9004111222137650"},{"taxonomy":"post_tag","embeddable":true,"href":"https:\/\/www.hgf.com\/fr\/wp-json\/wp\/v2\/tags?post=9004111222137650"}],"curies":[{"name":"wp","href":"https:\/\/api.w.org\/{rel}","templated":true}]}}