{"id":9004111222137566,"date":"2019-01-16T16:40:56","date_gmt":"2019-01-16T16:40:56","guid":{"rendered":"https:\/\/www.hgf.com\/?p=9004111222137566"},"modified":"2025-11-13T20:14:21","modified_gmt":"2025-11-13T20:14:21","slug":"le-point-sur-le-brexit-et-ses-implications-sur-la-protection-des-marques-dans-lue-et-au-royaume-uni","status":"publish","type":"post","link":"https:\/\/www.hgf.com\/fr\/centre-de-connaissances\/actualites-juridiques\/le-point-sur-le-brexit-et-ses-implications-sur-la-protection-des-marques-dans-lue-et-au-royaume-uni\/","title":{"rendered":"Le point sur le Brexit et ses implications sur la protection des marques dans l&#8217;UE et au Royaume-Uni"},"content":{"rendered":"<p class=\"p__large\">16 janvier 2019 &#8211; la date limite du 29 mars 2019 pour la sortie du Royaume-Uni de l&#8217;UE approche rapidement et l&#8217;incertitude politique persiste quant aux conditions du Brexit.<\/p>\n<p>La situation politique actuelle concernant le Brexit est frustrante et regrettable. Selon nous, les d\u00e9veloppements politiques pourraient mener \u00e0 l&#8217;un des quatre sc\u00e9narios potentiels suivants, et pour chacun d&#8217;entre eux, l&#8217;impact sur la protection des marques au Royaume-Uni est compris et \u00e9tabli : <\/p>\n<p><strong>Sc\u00e9nario 1 : Un accord politique est conclu entre le Royaume-Uni et l&#8217;UE sur les modalit\u00e9s de sortie de l&#8217;UE avant le 29 mars 2019<\/strong>. Dans ce cas, une p\u00e9riode de transition commence le 29 mars 2019 et dure au moins jusqu&#8217;au 1er janvier 2021, pendant laquelle rien ne change. Le Royaume-Uni continue de faire partie de l&#8217;EUIPO.  <\/p>\n<p>Le 1er janvier 2021, des enregistrements de marques britanniques seront automatiquement cr\u00e9\u00e9s, refl\u00e9tant leurs homologues europ\u00e9ens. Pour les demandes de marques europ\u00e9ennes en cours, les propri\u00e9taires disposeront de 9 mois pour d\u00e9cider de cr\u00e9er ou non une demande de marque britannique correspondant \u00e0 leur demande europ\u00e9enne. <\/p>\n<p><strong>Sc\u00e9nario 2 : Aucun accord politique ne peut \u00eatre conclu entre le Royaume-Uni et l&#8217;UE avant le 29 mars 2019 et le Royaume-Uni quitte l&#8217;UE<\/strong> (un Brexit \u00ab sans accord \u00bb). Dans ce cas, le gouvernement britannique a rassur\u00e9 les propri\u00e9taires de marques qu&#8217;il suivra le m\u00eame processus que dans le Sc\u00e9nario 1 ci-dessus. <\/p>\n<p>Cela signifierait que le 29 mars 2019, des enregistrements de marques britanniques seront cr\u00e9\u00e9s automatiquement, refl\u00e9tant leurs homologues europ\u00e9ens. Pour les demandes de marques europ\u00e9ennes en cours, les propri\u00e9taires disposeront de 9 mois pour d\u00e9cider de cr\u00e9er ou non une demande de marque britannique correspondant \u00e0 leur demande europ\u00e9enne. <\/p>\n<p><strong>Sc\u00e9nario 3 : La date limite du 29 mars 2019 est prolong\u00e9e afin d&#8217;accorder plus de temps pour sortir de l&#8217;impasse politique actuelle<\/strong>. Cela devrait permettre d&#8217;aboutir \u00e0 un accord politique (similaire au Sc\u00e9nario 1) ou \u00e0 d&#8217;autres options, mais dans un d\u00e9lai plus long et plus g\u00e9rable. Jusqu&#8217;\u00e0 la nouvelle \u00e9ch\u00e9ance convenue, la proc\u00e9dure actuelle et le statut des marques europ\u00e9ennes et des demandes seraient maintenus.  <\/p>\n<p><strong>Sc\u00e9nario 4 : Le Royaume-Uni ne quitte jamais l&#8217;UE et reste membre du syst\u00e8me des marques de l&#8217;EUIPO<\/strong>. Cela se ferait probablement via un nouveau r\u00e9f\u00e9rendum public au Royaume-Uni, d\u00e9cidant de quitter ou non l&#8217;UE. Dans ce sc\u00e9nario, avec le Royaume-Uni restant dans l&#8217;UE, rien ne changerait bien s\u00fbr pour les marques.  <\/p>\n<p>La profession des marques au Royaume-Uni et l&#8217;IPO britannique sont pr\u00e9par\u00e9s \u00e0 faire face \u00e0 tout r\u00e9sultat politique et disposent des m\u00e9canismes n\u00e9cessaires pour assurer la continuit\u00e9 de la protection des marques au Royaume-Uni, quand et quelle que soit la mani\u00e8re dont le Brexit aura lieu. Malheureusement, \u00e0 l&#8217;heure actuelle, la situation politique fait que nous ne savons toujours pas quand cela se produira. <\/p>\n<p>Nous souhaitons assurer \u00e0 tous nos clients que, pour tous les sc\u00e9narios d\u00e9crits ci-dessus, HGF est pr\u00eat et capable d&#8217;assurer le maintien et la protection de vos droits de marques dans l&#8217;UE et au Royaume-Uni, et prendra toutes les mesures n\u00e9cessaires \u00e0 cet \u00e9gard en votre nom.<\/p>\n<p>Avec des bureaux dans cinq pays europ\u00e9ens, HGF est id\u00e9alement plac\u00e9 pour guider les clients \u00e0 travers tout processus de Brexit concernant les marques europ\u00e9ennes et pour continuer \u00e0 g\u00e9rer toutes les questions de marques, de dessins et mod\u00e8les et autres propri\u00e9t\u00e9s intellectuelles europ\u00e9ennes et britanniques apr\u00e8s le Brexit, comme nous le faisons actuellement.<\/p>\n<p>Si vous avez des questions, veuillez contacter votre conseiller HGF habituel, ou David Potter, responsable de l&#8217;\u00e9quipe Marques de HGF \u00e0 l&#8217;adresse <a href=\"mailto:dpotter@hgf.com\">dpotter@hgf.com<\/a>.<\/p>\n","protected":false},"excerpt":{"rendered":"<p>16 janvier 2019 &#8211; la date limite du 29 mars 2019 pour la sortie du Royaume-Uni de l&#8217;UE approche rapidement et l&#8217;incertitude politique persiste quant aux conditions du Brexit. La &hellip;<\/p>\n","protected":false},"author":315,"featured_media":9004111222139207,"comment_status":"open","ping_status":"open","sticky":false,"template":"","format":"standard","meta":{"_acf_changed":false,"footnotes":""},"categories":[548,517],"tags":[],"class_list":["post-9004111222137566","post","type-post","status-publish","format-standard","has-post-thumbnail","hentry","category-actualites-juridiques","category-centre-de-connaissances","service-marques","sector_groups-marques"],"acf":[],"yoast_head":"<!-- This site is optimized with the Yoast SEO Premium plugin v27.5 (Yoast SEO v27.5) - https:\/\/yoast.com\/product\/yoast-seo-premium-wordpress\/ -->\n<title>Le point sur le Brexit et ses implications sur la protection des marques dans l&#039;UE et au Royaume-Uni - HGF<\/title>\n<meta name=\"robots\" content=\"index, follow, max-snippet:-1, max-image-preview:large, max-video-preview:-1\" \/>\n<link rel=\"canonical\" href=\"https:\/\/www.hgf.com\/fr\/centre-de-connaissances\/actualites-juridiques\/le-point-sur-le-brexit-et-ses-implications-sur-la-protection-des-marques-dans-lue-et-au-royaume-uni\/\" \/>\n<meta property=\"og:locale\" content=\"fr_FR\" \/>\n<meta property=\"og:type\" content=\"article\" \/>\n<meta property=\"og:title\" content=\"Le point sur le Brexit et ses implications sur la protection des marques dans l&#039;UE et au Royaume-Uni\" \/>\n<meta property=\"og:description\" content=\"16 janvier 2019 - la date limite du 29 mars 2019 pour la sortie du Royaume-Uni de l&#039;UE approche rapidement et l&#039;incertitude politique persiste quant aux\" \/>\n<meta property=\"og:url\" content=\"https:\/\/www.hgf.com\/fr\/centre-de-connaissances\/actualites-juridiques\/le-point-sur-le-brexit-et-ses-implications-sur-la-protection-des-marques-dans-lue-et-au-royaume-uni\/\" \/>\n<meta property=\"og:site_name\" content=\"HGF\" \/>\n<meta property=\"article:published_time\" content=\"2019-01-16T16:40:56+00:00\" \/>\n<meta property=\"article:modified_time\" content=\"2025-11-13T20:14:21+00:00\" \/>\n<meta property=\"og:image\" content=\"https:\/\/www.hgf.com\/wp-content\/uploads\/2020\/01\/Untitled-design-42.jpg\" \/>\n\t<meta property=\"og:image:width\" content=\"1920\" \/>\n\t<meta property=\"og:image:height\" content=\"1080\" \/>\n\t<meta property=\"og:image:type\" content=\"image\/jpeg\" \/>\n<meta name=\"author\" content=\"Akvil\u0117 Lukauskaite\" \/>\n<meta name=\"twitter:card\" content=\"summary_large_image\" \/>\n<meta name=\"twitter:creator\" content=\"@behrooz@tall.agency\" \/>\n<meta name=\"twitter:site\" content=\"@hgf_ip\" \/>\n<meta name=\"twitter:label1\" content=\"\u00c9crit par\" \/>\n\t<meta name=\"twitter:data1\" content=\"Akvil\u0117 Lukauskaite\" \/>\n\t<meta name=\"twitter:label2\" content=\"Dur\u00e9e de lecture estim\u00e9e\" \/>\n\t<meta name=\"twitter:data2\" content=\"3 minutes\" \/>\n<script type=\"application\/ld+json\" class=\"yoast-schema-graph\">{\"@context\":\"https:\\\/\\\/schema.org\",\"@graph\":[{\"@type\":\"Article\",\"@id\":\"https:\\\/\\\/www.hgf.com\\\/fr\\\/centre-de-connaissances\\\/actualites-juridiques\\\/le-point-sur-le-brexit-et-ses-implications-sur-la-protection-des-marques-dans-lue-et-au-royaume-uni\\\/#article\",\"isPartOf\":{\"@id\":\"https:\\\/\\\/www.hgf.com\\\/fr\\\/centre-de-connaissances\\\/actualites-juridiques\\\/le-point-sur-le-brexit-et-ses-implications-sur-la-protection-des-marques-dans-lue-et-au-royaume-uni\\\/\"},\"author\":{\"name\":\"Akvil\u0117 Lukauskaite\",\"@id\":\"https:\\\/\\\/www.hgf.com\\\/fr\\\/#\\\/schema\\\/person\\\/e6343663c5ee3e1ccea20cd220f97f30\"},\"headline\":\"Le point sur le Brexit et ses implications sur la protection des marques dans l&#8217;UE et au Royaume-Uni\",\"datePublished\":\"2019-01-16T16:40:56+00:00\",\"dateModified\":\"2025-11-13T20:14:21+00:00\",\"mainEntityOfPage\":{\"@id\":\"https:\\\/\\\/www.hgf.com\\\/fr\\\/centre-de-connaissances\\\/actualites-juridiques\\\/le-point-sur-le-brexit-et-ses-implications-sur-la-protection-des-marques-dans-lue-et-au-royaume-uni\\\/\"},\"wordCount\":648,\"commentCount\":0,\"publisher\":{\"@id\":\"https:\\\/\\\/www.hgf.com\\\/fr\\\/#organization\"},\"image\":{\"@id\":\"https:\\\/\\\/www.hgf.com\\\/fr\\\/centre-de-connaissances\\\/actualites-juridiques\\\/le-point-sur-le-brexit-et-ses-implications-sur-la-protection-des-marques-dans-lue-et-au-royaume-uni\\\/#primaryimage\"},\"thumbnailUrl\":\"https:\\\/\\\/www.hgf.com\\\/wp-content\\\/uploads\\\/2020\\\/01\\\/Untitled-design-42.jpg\",\"articleSection\":[\"Actualit\u00e9s juridiques\",\"Centre de connaissances\"],\"inLanguage\":\"fr-FR\",\"potentialAction\":[{\"@type\":\"CommentAction\",\"name\":\"Comment\",\"target\":[\"https:\\\/\\\/www.hgf.com\\\/fr\\\/centre-de-connaissances\\\/actualites-juridiques\\\/le-point-sur-le-brexit-et-ses-implications-sur-la-protection-des-marques-dans-lue-et-au-royaume-uni\\\/#respond\"]}]},{\"@type\":\"WebPage\",\"@id\":\"https:\\\/\\\/www.hgf.com\\\/fr\\\/centre-de-connaissances\\\/actualites-juridiques\\\/le-point-sur-le-brexit-et-ses-implications-sur-la-protection-des-marques-dans-lue-et-au-royaume-uni\\\/\",\"url\":\"https:\\\/\\\/www.hgf.com\\\/fr\\\/centre-de-connaissances\\\/actualites-juridiques\\\/le-point-sur-le-brexit-et-ses-implications-sur-la-protection-des-marques-dans-lue-et-au-royaume-uni\\\/\",\"name\":\"Le point sur le Brexit et ses implications sur la protection des marques dans l'UE et au Royaume-Uni - HGF\",\"isPartOf\":{\"@id\":\"https:\\\/\\\/www.hgf.com\\\/fr\\\/#website\"},\"primaryImageOfPage\":{\"@id\":\"https:\\\/\\\/www.hgf.com\\\/fr\\\/centre-de-connaissances\\\/actualites-juridiques\\\/le-point-sur-le-brexit-et-ses-implications-sur-la-protection-des-marques-dans-lue-et-au-royaume-uni\\\/#primaryimage\"},\"image\":{\"@id\":\"https:\\\/\\\/www.hgf.com\\\/fr\\\/centre-de-connaissances\\\/actualites-juridiques\\\/le-point-sur-le-brexit-et-ses-implications-sur-la-protection-des-marques-dans-lue-et-au-royaume-uni\\\/#primaryimage\"},\"thumbnailUrl\":\"https:\\\/\\\/www.hgf.com\\\/wp-content\\\/uploads\\\/2020\\\/01\\\/Untitled-design-42.jpg\",\"datePublished\":\"2019-01-16T16:40:56+00:00\",\"dateModified\":\"2025-11-13T20:14:21+00:00\",\"inLanguage\":\"fr-FR\",\"potentialAction\":[{\"@type\":\"ReadAction\",\"target\":[\"https:\\\/\\\/www.hgf.com\\\/fr\\\/centre-de-connaissances\\\/actualites-juridiques\\\/le-point-sur-le-brexit-et-ses-implications-sur-la-protection-des-marques-dans-lue-et-au-royaume-uni\\\/\"]}]},{\"@type\":\"ImageObject\",\"inLanguage\":\"fr-FR\",\"@id\":\"https:\\\/\\\/www.hgf.com\\\/fr\\\/centre-de-connaissances\\\/actualites-juridiques\\\/le-point-sur-le-brexit-et-ses-implications-sur-la-protection-des-marques-dans-lue-et-au-royaume-uni\\\/#primaryimage\",\"url\":\"https:\\\/\\\/www.hgf.com\\\/wp-content\\\/uploads\\\/2020\\\/01\\\/Untitled-design-42.jpg\",\"contentUrl\":\"https:\\\/\\\/www.hgf.com\\\/wp-content\\\/uploads\\\/2020\\\/01\\\/Untitled-design-42.jpg\",\"width\":1920,\"height\":1080},{\"@type\":\"WebSite\",\"@id\":\"https:\\\/\\\/www.hgf.com\\\/fr\\\/#website\",\"url\":\"https:\\\/\\\/www.hgf.com\\\/fr\\\/\",\"name\":\"HGF\",\"description\":\"Intellectual Property Rights specialists\",\"publisher\":{\"@id\":\"https:\\\/\\\/www.hgf.com\\\/fr\\\/#organization\"},\"potentialAction\":[{\"@type\":\"SearchAction\",\"target\":{\"@type\":\"EntryPoint\",\"urlTemplate\":\"https:\\\/\\\/www.hgf.com\\\/fr\\\/?s={search_term_string}\"},\"query-input\":{\"@type\":\"PropertyValueSpecification\",\"valueRequired\":true,\"valueName\":\"search_term_string\"}}],\"inLanguage\":\"fr-FR\"},{\"@type\":\"Organization\",\"@id\":\"https:\\\/\\\/www.hgf.com\\\/fr\\\/#organization\",\"name\":\"HGF\",\"url\":\"https:\\\/\\\/www.hgf.com\\\/fr\\\/\",\"logo\":{\"@type\":\"ImageObject\",\"inLanguage\":\"fr-FR\",\"@id\":\"https:\\\/\\\/www.hgf.com\\\/fr\\\/#\\\/schema\\\/logo\\\/image\\\/\",\"url\":\"https:\\\/\\\/www.hgf.com\\\/wp-content\\\/uploads\\\/2023\\\/04\\\/hgf-logo-696x696-1.png\",\"contentUrl\":\"https:\\\/\\\/www.hgf.com\\\/wp-content\\\/uploads\\\/2023\\\/04\\\/hgf-logo-696x696-1.png\",\"width\":696,\"height\":696,\"caption\":\"HGF\"},\"image\":{\"@id\":\"https:\\\/\\\/www.hgf.com\\\/fr\\\/#\\\/schema\\\/logo\\\/image\\\/\"},\"sameAs\":[\"https:\\\/\\\/x.com\\\/hgf_ip\",\"https:\\\/\\\/www.linkedin.com\\\/company\\\/hgf-limited-intellectual-property-specialists\\\/\"]},{\"@type\":\"Person\",\"@id\":\"https:\\\/\\\/www.hgf.com\\\/fr\\\/#\\\/schema\\\/person\\\/e6343663c5ee3e1ccea20cd220f97f30\",\"name\":\"Akvil\u0117 Lukauskaite\",\"image\":{\"@type\":\"ImageObject\",\"inLanguage\":\"fr-FR\",\"@id\":\"https:\\\/\\\/secure.gravatar.com\\\/avatar\\\/d9cf1622c8c99b4c7573ba733a04f6352d3557803ca19afd3e4aafc94d9bc0b8?s=96&d=mm&r=g\",\"url\":\"https:\\\/\\\/secure.gravatar.com\\\/avatar\\\/d9cf1622c8c99b4c7573ba733a04f6352d3557803ca19afd3e4aafc94d9bc0b8?s=96&d=mm&r=g\",\"contentUrl\":\"https:\\\/\\\/secure.gravatar.com\\\/avatar\\\/d9cf1622c8c99b4c7573ba733a04f6352d3557803ca19afd3e4aafc94d9bc0b8?s=96&d=mm&r=g\",\"caption\":\"Akvil\u0117 Lukauskaite\"},\"sameAs\":[\"https:\\\/\\\/x.com\\\/behrooz@tall.agency\",\"Behrooz Saeed\"]}]}<\/script>\n<!-- \/ Yoast SEO Premium plugin. -->","yoast_head_json":{"title":"Le point sur le Brexit et ses implications sur la protection des marques dans l'UE et au Royaume-Uni - HGF","robots":{"index":"index","follow":"follow","max-snippet":"max-snippet:-1","max-image-preview":"max-image-preview:large","max-video-preview":"max-video-preview:-1"},"canonical":"https:\/\/www.hgf.com\/fr\/centre-de-connaissances\/actualites-juridiques\/le-point-sur-le-brexit-et-ses-implications-sur-la-protection-des-marques-dans-lue-et-au-royaume-uni\/","og_locale":"fr_FR","og_type":"article","og_title":"Le point sur le Brexit et ses implications sur la protection des marques dans l'UE et au Royaume-Uni","og_description":"16 janvier 2019 - la date limite du 29 mars 2019 pour la sortie du Royaume-Uni de l'UE approche rapidement et l'incertitude politique persiste quant aux","og_url":"https:\/\/www.hgf.com\/fr\/centre-de-connaissances\/actualites-juridiques\/le-point-sur-le-brexit-et-ses-implications-sur-la-protection-des-marques-dans-lue-et-au-royaume-uni\/","og_site_name":"HGF","article_published_time":"2019-01-16T16:40:56+00:00","article_modified_time":"2025-11-13T20:14:21+00:00","og_image":[{"width":1920,"height":1080,"url":"https:\/\/www.hgf.com\/wp-content\/uploads\/2020\/01\/Untitled-design-42.jpg","type":"image\/jpeg"}],"author":"Akvil\u0117 Lukauskaite","twitter_card":"summary_large_image","twitter_creator":"@behrooz@tall.agency","twitter_site":"@hgf_ip","twitter_misc":{"\u00c9crit par":"Akvil\u0117 Lukauskaite","Dur\u00e9e de lecture estim\u00e9e":"3 minutes"},"schema":{"@context":"https:\/\/schema.org","@graph":[{"@type":"Article","@id":"https:\/\/www.hgf.com\/fr\/centre-de-connaissances\/actualites-juridiques\/le-point-sur-le-brexit-et-ses-implications-sur-la-protection-des-marques-dans-lue-et-au-royaume-uni\/#article","isPartOf":{"@id":"https:\/\/www.hgf.com\/fr\/centre-de-connaissances\/actualites-juridiques\/le-point-sur-le-brexit-et-ses-implications-sur-la-protection-des-marques-dans-lue-et-au-royaume-uni\/"},"author":{"name":"Akvil\u0117 Lukauskaite","@id":"https:\/\/www.hgf.com\/fr\/#\/schema\/person\/e6343663c5ee3e1ccea20cd220f97f30"},"headline":"Le point sur le Brexit et ses implications sur la protection des marques dans l&#8217;UE et au Royaume-Uni","datePublished":"2019-01-16T16:40:56+00:00","dateModified":"2025-11-13T20:14:21+00:00","mainEntityOfPage":{"@id":"https:\/\/www.hgf.com\/fr\/centre-de-connaissances\/actualites-juridiques\/le-point-sur-le-brexit-et-ses-implications-sur-la-protection-des-marques-dans-lue-et-au-royaume-uni\/"},"wordCount":648,"commentCount":0,"publisher":{"@id":"https:\/\/www.hgf.com\/fr\/#organization"},"image":{"@id":"https:\/\/www.hgf.com\/fr\/centre-de-connaissances\/actualites-juridiques\/le-point-sur-le-brexit-et-ses-implications-sur-la-protection-des-marques-dans-lue-et-au-royaume-uni\/#primaryimage"},"thumbnailUrl":"https:\/\/www.hgf.com\/wp-content\/uploads\/2020\/01\/Untitled-design-42.jpg","articleSection":["Actualit\u00e9s juridiques","Centre de connaissances"],"inLanguage":"fr-FR","potentialAction":[{"@type":"CommentAction","name":"Comment","target":["https:\/\/www.hgf.com\/fr\/centre-de-connaissances\/actualites-juridiques\/le-point-sur-le-brexit-et-ses-implications-sur-la-protection-des-marques-dans-lue-et-au-royaume-uni\/#respond"]}]},{"@type":"WebPage","@id":"https:\/\/www.hgf.com\/fr\/centre-de-connaissances\/actualites-juridiques\/le-point-sur-le-brexit-et-ses-implications-sur-la-protection-des-marques-dans-lue-et-au-royaume-uni\/","url":"https:\/\/www.hgf.com\/fr\/centre-de-connaissances\/actualites-juridiques\/le-point-sur-le-brexit-et-ses-implications-sur-la-protection-des-marques-dans-lue-et-au-royaume-uni\/","name":"Le point sur le Brexit et ses implications sur la protection des marques dans l'UE et au Royaume-Uni - HGF","isPartOf":{"@id":"https:\/\/www.hgf.com\/fr\/#website"},"primaryImageOfPage":{"@id":"https:\/\/www.hgf.com\/fr\/centre-de-connaissances\/actualites-juridiques\/le-point-sur-le-brexit-et-ses-implications-sur-la-protection-des-marques-dans-lue-et-au-royaume-uni\/#primaryimage"},"image":{"@id":"https:\/\/www.hgf.com\/fr\/centre-de-connaissances\/actualites-juridiques\/le-point-sur-le-brexit-et-ses-implications-sur-la-protection-des-marques-dans-lue-et-au-royaume-uni\/#primaryimage"},"thumbnailUrl":"https:\/\/www.hgf.com\/wp-content\/uploads\/2020\/01\/Untitled-design-42.jpg","datePublished":"2019-01-16T16:40:56+00:00","dateModified":"2025-11-13T20:14:21+00:00","inLanguage":"fr-FR","potentialAction":[{"@type":"ReadAction","target":["https:\/\/www.hgf.com\/fr\/centre-de-connaissances\/actualites-juridiques\/le-point-sur-le-brexit-et-ses-implications-sur-la-protection-des-marques-dans-lue-et-au-royaume-uni\/"]}]},{"@type":"ImageObject","inLanguage":"fr-FR","@id":"https:\/\/www.hgf.com\/fr\/centre-de-connaissances\/actualites-juridiques\/le-point-sur-le-brexit-et-ses-implications-sur-la-protection-des-marques-dans-lue-et-au-royaume-uni\/#primaryimage","url":"https:\/\/www.hgf.com\/wp-content\/uploads\/2020\/01\/Untitled-design-42.jpg","contentUrl":"https:\/\/www.hgf.com\/wp-content\/uploads\/2020\/01\/Untitled-design-42.jpg","width":1920,"height":1080},{"@type":"WebSite","@id":"https:\/\/www.hgf.com\/fr\/#website","url":"https:\/\/www.hgf.com\/fr\/","name":"HGF","description":"Intellectual Property Rights specialists","publisher":{"@id":"https:\/\/www.hgf.com\/fr\/#organization"},"potentialAction":[{"@type":"SearchAction","target":{"@type":"EntryPoint","urlTemplate":"https:\/\/www.hgf.com\/fr\/?s={search_term_string}"},"query-input":{"@type":"PropertyValueSpecification","valueRequired":true,"valueName":"search_term_string"}}],"inLanguage":"fr-FR"},{"@type":"Organization","@id":"https:\/\/www.hgf.com\/fr\/#organization","name":"HGF","url":"https:\/\/www.hgf.com\/fr\/","logo":{"@type":"ImageObject","inLanguage":"fr-FR","@id":"https:\/\/www.hgf.com\/fr\/#\/schema\/logo\/image\/","url":"https:\/\/www.hgf.com\/wp-content\/uploads\/2023\/04\/hgf-logo-696x696-1.png","contentUrl":"https:\/\/www.hgf.com\/wp-content\/uploads\/2023\/04\/hgf-logo-696x696-1.png","width":696,"height":696,"caption":"HGF"},"image":{"@id":"https:\/\/www.hgf.com\/fr\/#\/schema\/logo\/image\/"},"sameAs":["https:\/\/x.com\/hgf_ip","https:\/\/www.linkedin.com\/company\/hgf-limited-intellectual-property-specialists\/"]},{"@type":"Person","@id":"https:\/\/www.hgf.com\/fr\/#\/schema\/person\/e6343663c5ee3e1ccea20cd220f97f30","name":"Akvil\u0117 Lukauskaite","image":{"@type":"ImageObject","inLanguage":"fr-FR","@id":"https:\/\/secure.gravatar.com\/avatar\/d9cf1622c8c99b4c7573ba733a04f6352d3557803ca19afd3e4aafc94d9bc0b8?s=96&d=mm&r=g","url":"https:\/\/secure.gravatar.com\/avatar\/d9cf1622c8c99b4c7573ba733a04f6352d3557803ca19afd3e4aafc94d9bc0b8?s=96&d=mm&r=g","contentUrl":"https:\/\/secure.gravatar.com\/avatar\/d9cf1622c8c99b4c7573ba733a04f6352d3557803ca19afd3e4aafc94d9bc0b8?s=96&d=mm&r=g","caption":"Akvil\u0117 Lukauskaite"},"sameAs":["https:\/\/x.com\/behrooz@tall.agency","Behrooz Saeed"]}]}},"_links":{"self":[{"href":"https:\/\/www.hgf.com\/fr\/wp-json\/wp\/v2\/posts\/9004111222137566","targetHints":{"allow":["GET"]}}],"collection":[{"href":"https:\/\/www.hgf.com\/fr\/wp-json\/wp\/v2\/posts"}],"about":[{"href":"https:\/\/www.hgf.com\/fr\/wp-json\/wp\/v2\/types\/post"}],"author":[{"embeddable":true,"href":"https:\/\/www.hgf.com\/fr\/wp-json\/wp\/v2\/users\/315"}],"replies":[{"embeddable":true,"href":"https:\/\/www.hgf.com\/fr\/wp-json\/wp\/v2\/comments?post=9004111222137566"}],"version-history":[{"count":0,"href":"https:\/\/www.hgf.com\/fr\/wp-json\/wp\/v2\/posts\/9004111222137566\/revisions"}],"wp:featuredmedia":[{"embeddable":true,"href":"https:\/\/www.hgf.com\/fr\/wp-json\/wp\/v2\/media\/9004111222139207"}],"wp:attachment":[{"href":"https:\/\/www.hgf.com\/fr\/wp-json\/wp\/v2\/media?parent=9004111222137566"}],"wp:term":[{"taxonomy":"category","embeddable":true,"href":"https:\/\/www.hgf.com\/fr\/wp-json\/wp\/v2\/categories?post=9004111222137566"},{"taxonomy":"post_tag","embeddable":true,"href":"https:\/\/www.hgf.com\/fr\/wp-json\/wp\/v2\/tags?post=9004111222137566"}],"curies":[{"name":"wp","href":"https:\/\/api.w.org\/{rel}","templated":true}]}}