{"id":9004111222137550,"date":"2017-12-13T17:02:28","date_gmt":"2017-12-13T17:02:28","guid":{"rendered":"https:\/\/www.hgf.com\/?p=9004111222137550"},"modified":"2025-11-13T20:14:25","modified_gmt":"2025-11-13T20:14:25","slug":"le-jour-de-la-marmotte-pour-la-jub","status":"publish","type":"post","link":"https:\/\/www.hgf.com\/fr\/centre-de-connaissances\/articles\/le-jour-de-la-marmotte-pour-la-jub\/","title":{"rendered":"Le jour de la marmotte pour la JUB ?"},"content":{"rendered":"<p class=\"p__large\">En janvier 2017, nous avions publi\u00e9 la nouvelle : \u00ab La JUB sera op\u00e9rationnelle d&#8217;ici d\u00e9cembre 2017 \u00bb. Nous sommes maintenant en d\u00e9cembre 2017, et pour des raisons que nous ne pouvions pas pr\u00e9voir en janvier, il semble que la JUB ne soit pas plus proche d&#8217;\u00eatre op\u00e9rationnelle qu&#8217;elle ne l&#8217;\u00e9tait \u00e0 l&#8217;\u00e9poque. <\/p>\n<p>Fin novembre 2017, le Conseil de l&#8217;UE a produit un document r\u00e9sumant la situation dans les \u00c9tats membres participants concernant la ratification de l&#8217;Accord relatif \u00e0 une juridiction unifi\u00e9e du brevet (AJUB) et la signature, la ratification ou la d\u00e9claration d&#8217;\u00eatre li\u00e9 par le protocole d&#8217;application provisoire (PAP). Il est disponible <a href=\"https:\/\/data.consilium.europa.eu\/doc\/document\/ST-14343-2017-INIT\/en\/pdf\" target=\"_blank\" rel=\"noopener\">ici<\/a>. Bien que de nombreux progr\u00e8s aient \u00e9t\u00e9 r\u00e9alis\u00e9s en 2017, le document reconna\u00eet que \u00ab l&#8217;Allemagne et le Royaume-Uni doivent d\u00e9poser leur instrument de ratification de l&#8217;AJUB avant son entr\u00e9e en vigueur (Article 89 AJUB) \u00bb. Depuis la publication du document, le Royaume-Uni a pris des mesures proc\u00e9durales afin de pouvoir ratifier \u2013 les Parlements \u00e9cossais et de Westminster ont approuv\u00e9 la l\u00e9gislation permettant la poursuite des d\u00e9marches de ratification. Cependant, en raison d&#8217;une affaire actuellement en instance devant la Cour constitutionnelle f\u00e9d\u00e9rale allemande (CCF) concernant la loi adopt\u00e9e par le Parlement allemand sur la mise en \u0153uvre de l&#8217;AJUB, la ratification allemande est suspendue jusqu&#8217;\u00e0 sa r\u00e9solution.    <\/p>\n<p>Beaucoup pensaient que la JUB serait pr\u00eate \u00e0 ouvrir ses portes d&#8217;ici d\u00e9cembre 2017, mais ce n&#8217;est manifestement pas le cas. Bien qu&#8217;une date de d\u00e9but en 2018 semble possible, avec les complications li\u00e9es au d\u00e9part officiel du Royaume-Uni de l&#8217;UE d\u00e9but 2019, rien n&#8217;est encore certain. Et apr\u00e8s cela, dire que la JUB \u00ab pourrait \u00eatre op\u00e9rationnelle d&#8217;ici d\u00e9cembre 2018 \u00bb ressemble trop au Jour de la marmotte !  <\/p>\n","protected":false},"excerpt":{"rendered":"<p>En janvier 2017, nous avions publi\u00e9 la nouvelle : \u00ab La JUB sera op\u00e9rationnelle d&#8217;ici d\u00e9cembre 2017 \u00bb. Nous sommes maintenant en d\u00e9cembre 2017, et pour des raisons que nous &hellip;<\/p>\n","protected":false},"author":315,"featured_media":0,"comment_status":"open","ping_status":"open","sticky":false,"template":"","format":"standard","meta":{"_acf_changed":false,"footnotes":""},"categories":[536,517],"tags":[],"class_list":["post-9004111222137550","post","type-post","status-publish","format-standard","hentry","category-articles","category-centre-de-connaissances"],"acf":[],"yoast_head":"<!-- This site is optimized with the Yoast SEO Premium plugin v27.5 (Yoast SEO v27.5) - https:\/\/yoast.com\/product\/yoast-seo-premium-wordpress\/ -->\n<title>Le jour de la marmotte pour la JUB ? - HGF<\/title>\n<meta name=\"robots\" content=\"index, follow, max-snippet:-1, max-image-preview:large, max-video-preview:-1\" \/>\n<link rel=\"canonical\" href=\"https:\/\/www.hgf.com\/fr\/centre-de-connaissances\/articles\/le-jour-de-la-marmotte-pour-la-jub\/\" \/>\n<meta property=\"og:locale\" content=\"fr_FR\" \/>\n<meta property=\"og:type\" content=\"article\" \/>\n<meta property=\"og:title\" content=\"Le jour de la marmotte pour la JUB ?\" \/>\n<meta property=\"og:description\" content=\"En janvier 2017, nous avions publi\u00e9 la nouvelle : \u00ab La JUB sera op\u00e9rationnelle d&#039;ici d\u00e9cembre 2017 \u00bb. Nous sommes maintenant en d\u00e9cembre 2017, et pour des\" \/>\n<meta property=\"og:url\" content=\"https:\/\/www.hgf.com\/fr\/centre-de-connaissances\/articles\/le-jour-de-la-marmotte-pour-la-jub\/\" \/>\n<meta property=\"og:site_name\" content=\"HGF\" \/>\n<meta property=\"article:published_time\" content=\"2017-12-13T17:02:28+00:00\" \/>\n<meta property=\"article:modified_time\" content=\"2025-11-13T20:14:25+00:00\" \/>\n<meta property=\"og:image\" content=\"https:\/\/www.hgf.com\/wp-content\/uploads\/2023\/04\/hgf-logo-1200x675-1.png\" \/>\n\t<meta property=\"og:image:width\" content=\"1200\" \/>\n\t<meta property=\"og:image:height\" content=\"675\" \/>\n\t<meta property=\"og:image:type\" content=\"image\/png\" \/>\n<meta name=\"author\" content=\"Akvil\u0117 Lukauskaite\" \/>\n<meta name=\"twitter:card\" content=\"summary_large_image\" \/>\n<meta name=\"twitter:creator\" content=\"@behrooz@tall.agency\" \/>\n<meta name=\"twitter:site\" content=\"@hgf_ip\" \/>\n<meta name=\"twitter:label1\" content=\"\u00c9crit par\" \/>\n\t<meta name=\"twitter:data1\" content=\"Akvil\u0117 Lukauskaite\" \/>\n\t<meta name=\"twitter:label2\" content=\"Dur\u00e9e de lecture estim\u00e9e\" \/>\n\t<meta name=\"twitter:data2\" content=\"1 minute\" \/>\n<script type=\"application\/ld+json\" class=\"yoast-schema-graph\">{\"@context\":\"https:\\\/\\\/schema.org\",\"@graph\":[{\"@type\":\"Article\",\"@id\":\"https:\\\/\\\/www.hgf.com\\\/fr\\\/centre-de-connaissances\\\/articles\\\/le-jour-de-la-marmotte-pour-la-jub\\\/#article\",\"isPartOf\":{\"@id\":\"https:\\\/\\\/www.hgf.com\\\/fr\\\/centre-de-connaissances\\\/articles\\\/le-jour-de-la-marmotte-pour-la-jub\\\/\"},\"author\":{\"name\":\"Akvil\u0117 Lukauskaite\",\"@id\":\"https:\\\/\\\/www.hgf.com\\\/fr\\\/#\\\/schema\\\/person\\\/e6343663c5ee3e1ccea20cd220f97f30\"},\"headline\":\"Le jour de la marmotte pour la JUB ?\",\"datePublished\":\"2017-12-13T17:02:28+00:00\",\"dateModified\":\"2025-11-13T20:14:25+00:00\",\"mainEntityOfPage\":{\"@id\":\"https:\\\/\\\/www.hgf.com\\\/fr\\\/centre-de-connaissances\\\/articles\\\/le-jour-de-la-marmotte-pour-la-jub\\\/\"},\"wordCount\":318,\"commentCount\":0,\"publisher\":{\"@id\":\"https:\\\/\\\/www.hgf.com\\\/fr\\\/#organization\"},\"articleSection\":[\"Articles\",\"Centre de connaissances\"],\"inLanguage\":\"fr-FR\",\"potentialAction\":[{\"@type\":\"CommentAction\",\"name\":\"Comment\",\"target\":[\"https:\\\/\\\/www.hgf.com\\\/fr\\\/centre-de-connaissances\\\/articles\\\/le-jour-de-la-marmotte-pour-la-jub\\\/#respond\"]}]},{\"@type\":\"WebPage\",\"@id\":\"https:\\\/\\\/www.hgf.com\\\/fr\\\/centre-de-connaissances\\\/articles\\\/le-jour-de-la-marmotte-pour-la-jub\\\/\",\"url\":\"https:\\\/\\\/www.hgf.com\\\/fr\\\/centre-de-connaissances\\\/articles\\\/le-jour-de-la-marmotte-pour-la-jub\\\/\",\"name\":\"Le jour de la marmotte pour la JUB ? - HGF\",\"isPartOf\":{\"@id\":\"https:\\\/\\\/www.hgf.com\\\/fr\\\/#website\"},\"datePublished\":\"2017-12-13T17:02:28+00:00\",\"dateModified\":\"2025-11-13T20:14:25+00:00\",\"inLanguage\":\"fr-FR\",\"potentialAction\":[{\"@type\":\"ReadAction\",\"target\":[\"https:\\\/\\\/www.hgf.com\\\/fr\\\/centre-de-connaissances\\\/articles\\\/le-jour-de-la-marmotte-pour-la-jub\\\/\"]}]},{\"@type\":\"WebSite\",\"@id\":\"https:\\\/\\\/www.hgf.com\\\/fr\\\/#website\",\"url\":\"https:\\\/\\\/www.hgf.com\\\/fr\\\/\",\"name\":\"HGF\",\"description\":\"Intellectual Property Rights specialists\",\"publisher\":{\"@id\":\"https:\\\/\\\/www.hgf.com\\\/fr\\\/#organization\"},\"potentialAction\":[{\"@type\":\"SearchAction\",\"target\":{\"@type\":\"EntryPoint\",\"urlTemplate\":\"https:\\\/\\\/www.hgf.com\\\/fr\\\/?s={search_term_string}\"},\"query-input\":{\"@type\":\"PropertyValueSpecification\",\"valueRequired\":true,\"valueName\":\"search_term_string\"}}],\"inLanguage\":\"fr-FR\"},{\"@type\":\"Organization\",\"@id\":\"https:\\\/\\\/www.hgf.com\\\/fr\\\/#organization\",\"name\":\"HGF\",\"url\":\"https:\\\/\\\/www.hgf.com\\\/fr\\\/\",\"logo\":{\"@type\":\"ImageObject\",\"inLanguage\":\"fr-FR\",\"@id\":\"https:\\\/\\\/www.hgf.com\\\/fr\\\/#\\\/schema\\\/logo\\\/image\\\/\",\"url\":\"https:\\\/\\\/www.hgf.com\\\/wp-content\\\/uploads\\\/2023\\\/04\\\/hgf-logo-696x696-1.png\",\"contentUrl\":\"https:\\\/\\\/www.hgf.com\\\/wp-content\\\/uploads\\\/2023\\\/04\\\/hgf-logo-696x696-1.png\",\"width\":696,\"height\":696,\"caption\":\"HGF\"},\"image\":{\"@id\":\"https:\\\/\\\/www.hgf.com\\\/fr\\\/#\\\/schema\\\/logo\\\/image\\\/\"},\"sameAs\":[\"https:\\\/\\\/x.com\\\/hgf_ip\",\"https:\\\/\\\/www.linkedin.com\\\/company\\\/hgf-limited-intellectual-property-specialists\\\/\"]},{\"@type\":\"Person\",\"@id\":\"https:\\\/\\\/www.hgf.com\\\/fr\\\/#\\\/schema\\\/person\\\/e6343663c5ee3e1ccea20cd220f97f30\",\"name\":\"Akvil\u0117 Lukauskaite\",\"image\":{\"@type\":\"ImageObject\",\"inLanguage\":\"fr-FR\",\"@id\":\"https:\\\/\\\/secure.gravatar.com\\\/avatar\\\/d9cf1622c8c99b4c7573ba733a04f6352d3557803ca19afd3e4aafc94d9bc0b8?s=96&d=mm&r=g\",\"url\":\"https:\\\/\\\/secure.gravatar.com\\\/avatar\\\/d9cf1622c8c99b4c7573ba733a04f6352d3557803ca19afd3e4aafc94d9bc0b8?s=96&d=mm&r=g\",\"contentUrl\":\"https:\\\/\\\/secure.gravatar.com\\\/avatar\\\/d9cf1622c8c99b4c7573ba733a04f6352d3557803ca19afd3e4aafc94d9bc0b8?s=96&d=mm&r=g\",\"caption\":\"Akvil\u0117 Lukauskaite\"},\"sameAs\":[\"https:\\\/\\\/x.com\\\/behrooz@tall.agency\",\"Behrooz Saeed\"]}]}<\/script>\n<!-- \/ Yoast SEO Premium plugin. -->","yoast_head_json":{"title":"Le jour de la marmotte pour la JUB ? - HGF","robots":{"index":"index","follow":"follow","max-snippet":"max-snippet:-1","max-image-preview":"max-image-preview:large","max-video-preview":"max-video-preview:-1"},"canonical":"https:\/\/www.hgf.com\/fr\/centre-de-connaissances\/articles\/le-jour-de-la-marmotte-pour-la-jub\/","og_locale":"fr_FR","og_type":"article","og_title":"Le jour de la marmotte pour la JUB ?","og_description":"En janvier 2017, nous avions publi\u00e9 la nouvelle : \u00ab La JUB sera op\u00e9rationnelle d'ici d\u00e9cembre 2017 \u00bb. Nous sommes maintenant en d\u00e9cembre 2017, et pour des","og_url":"https:\/\/www.hgf.com\/fr\/centre-de-connaissances\/articles\/le-jour-de-la-marmotte-pour-la-jub\/","og_site_name":"HGF","article_published_time":"2017-12-13T17:02:28+00:00","article_modified_time":"2025-11-13T20:14:25+00:00","og_image":[{"width":1200,"height":675,"url":"https:\/\/www.hgf.com\/wp-content\/uploads\/2023\/04\/hgf-logo-1200x675-1.png","type":"image\/png"}],"author":"Akvil\u0117 Lukauskaite","twitter_card":"summary_large_image","twitter_creator":"@behrooz@tall.agency","twitter_site":"@hgf_ip","twitter_misc":{"\u00c9crit par":"Akvil\u0117 Lukauskaite","Dur\u00e9e de lecture estim\u00e9e":"1 minute"},"schema":{"@context":"https:\/\/schema.org","@graph":[{"@type":"Article","@id":"https:\/\/www.hgf.com\/fr\/centre-de-connaissances\/articles\/le-jour-de-la-marmotte-pour-la-jub\/#article","isPartOf":{"@id":"https:\/\/www.hgf.com\/fr\/centre-de-connaissances\/articles\/le-jour-de-la-marmotte-pour-la-jub\/"},"author":{"name":"Akvil\u0117 Lukauskaite","@id":"https:\/\/www.hgf.com\/fr\/#\/schema\/person\/e6343663c5ee3e1ccea20cd220f97f30"},"headline":"Le jour de la marmotte pour la JUB ?","datePublished":"2017-12-13T17:02:28+00:00","dateModified":"2025-11-13T20:14:25+00:00","mainEntityOfPage":{"@id":"https:\/\/www.hgf.com\/fr\/centre-de-connaissances\/articles\/le-jour-de-la-marmotte-pour-la-jub\/"},"wordCount":318,"commentCount":0,"publisher":{"@id":"https:\/\/www.hgf.com\/fr\/#organization"},"articleSection":["Articles","Centre de connaissances"],"inLanguage":"fr-FR","potentialAction":[{"@type":"CommentAction","name":"Comment","target":["https:\/\/www.hgf.com\/fr\/centre-de-connaissances\/articles\/le-jour-de-la-marmotte-pour-la-jub\/#respond"]}]},{"@type":"WebPage","@id":"https:\/\/www.hgf.com\/fr\/centre-de-connaissances\/articles\/le-jour-de-la-marmotte-pour-la-jub\/","url":"https:\/\/www.hgf.com\/fr\/centre-de-connaissances\/articles\/le-jour-de-la-marmotte-pour-la-jub\/","name":"Le jour de la marmotte pour la JUB ? - HGF","isPartOf":{"@id":"https:\/\/www.hgf.com\/fr\/#website"},"datePublished":"2017-12-13T17:02:28+00:00","dateModified":"2025-11-13T20:14:25+00:00","inLanguage":"fr-FR","potentialAction":[{"@type":"ReadAction","target":["https:\/\/www.hgf.com\/fr\/centre-de-connaissances\/articles\/le-jour-de-la-marmotte-pour-la-jub\/"]}]},{"@type":"WebSite","@id":"https:\/\/www.hgf.com\/fr\/#website","url":"https:\/\/www.hgf.com\/fr\/","name":"HGF","description":"Intellectual Property Rights specialists","publisher":{"@id":"https:\/\/www.hgf.com\/fr\/#organization"},"potentialAction":[{"@type":"SearchAction","target":{"@type":"EntryPoint","urlTemplate":"https:\/\/www.hgf.com\/fr\/?s={search_term_string}"},"query-input":{"@type":"PropertyValueSpecification","valueRequired":true,"valueName":"search_term_string"}}],"inLanguage":"fr-FR"},{"@type":"Organization","@id":"https:\/\/www.hgf.com\/fr\/#organization","name":"HGF","url":"https:\/\/www.hgf.com\/fr\/","logo":{"@type":"ImageObject","inLanguage":"fr-FR","@id":"https:\/\/www.hgf.com\/fr\/#\/schema\/logo\/image\/","url":"https:\/\/www.hgf.com\/wp-content\/uploads\/2023\/04\/hgf-logo-696x696-1.png","contentUrl":"https:\/\/www.hgf.com\/wp-content\/uploads\/2023\/04\/hgf-logo-696x696-1.png","width":696,"height":696,"caption":"HGF"},"image":{"@id":"https:\/\/www.hgf.com\/fr\/#\/schema\/logo\/image\/"},"sameAs":["https:\/\/x.com\/hgf_ip","https:\/\/www.linkedin.com\/company\/hgf-limited-intellectual-property-specialists\/"]},{"@type":"Person","@id":"https:\/\/www.hgf.com\/fr\/#\/schema\/person\/e6343663c5ee3e1ccea20cd220f97f30","name":"Akvil\u0117 Lukauskaite","image":{"@type":"ImageObject","inLanguage":"fr-FR","@id":"https:\/\/secure.gravatar.com\/avatar\/d9cf1622c8c99b4c7573ba733a04f6352d3557803ca19afd3e4aafc94d9bc0b8?s=96&d=mm&r=g","url":"https:\/\/secure.gravatar.com\/avatar\/d9cf1622c8c99b4c7573ba733a04f6352d3557803ca19afd3e4aafc94d9bc0b8?s=96&d=mm&r=g","contentUrl":"https:\/\/secure.gravatar.com\/avatar\/d9cf1622c8c99b4c7573ba733a04f6352d3557803ca19afd3e4aafc94d9bc0b8?s=96&d=mm&r=g","caption":"Akvil\u0117 Lukauskaite"},"sameAs":["https:\/\/x.com\/behrooz@tall.agency","Behrooz Saeed"]}]}},"_links":{"self":[{"href":"https:\/\/www.hgf.com\/fr\/wp-json\/wp\/v2\/posts\/9004111222137550","targetHints":{"allow":["GET"]}}],"collection":[{"href":"https:\/\/www.hgf.com\/fr\/wp-json\/wp\/v2\/posts"}],"about":[{"href":"https:\/\/www.hgf.com\/fr\/wp-json\/wp\/v2\/types\/post"}],"author":[{"embeddable":true,"href":"https:\/\/www.hgf.com\/fr\/wp-json\/wp\/v2\/users\/315"}],"replies":[{"embeddable":true,"href":"https:\/\/www.hgf.com\/fr\/wp-json\/wp\/v2\/comments?post=9004111222137550"}],"version-history":[{"count":0,"href":"https:\/\/www.hgf.com\/fr\/wp-json\/wp\/v2\/posts\/9004111222137550\/revisions"}],"wp:attachment":[{"href":"https:\/\/www.hgf.com\/fr\/wp-json\/wp\/v2\/media?parent=9004111222137550"}],"wp:term":[{"taxonomy":"category","embeddable":true,"href":"https:\/\/www.hgf.com\/fr\/wp-json\/wp\/v2\/categories?post=9004111222137550"},{"taxonomy":"post_tag","embeddable":true,"href":"https:\/\/www.hgf.com\/fr\/wp-json\/wp\/v2\/tags?post=9004111222137550"}],"curies":[{"name":"wp","href":"https:\/\/api.w.org\/{rel}","templated":true}]}}