{"id":9004111222137466,"date":"2023-01-03T15:21:13","date_gmt":"2023-01-03T15:21:13","guid":{"rendered":"https:\/\/www.hgf.com\/?p=9004111222137466"},"modified":"2025-11-13T20:10:20","modified_gmt":"2025-11-13T20:10:20","slug":"sante-et-changement-climatique","status":"publish","type":"post","link":"https:\/\/www.hgf.com\/fr\/centre-de-connaissances\/articles\/sante-et-changement-climatique\/","title":{"rendered":"Sant\u00e9 et changement climatique"},"content":{"rendered":"<p class=\"p__large\">Pouvons-nous trouver un \u00e9quilibre entre les droits de propri\u00e9t\u00e9 intellectuelle et les besoins de sant\u00e9 publique face \u00e0 la crise climatique ?<\/p>\n<p>\u00ab Le monde se trouve \u00e0 un tournant critique. Une r\u00e9ponse coordonn\u00e9e et centr\u00e9e sur la sant\u00e9 face aux crises conjugu\u00e9es peut encore offrir un avenir o\u00f9 les gens pourront non seulement survivre, mais aussi s&#8217;\u00e9panouir. \u00bb (The Lancet Countdown 2022).<\/p>\n<p>Le changement climatique est la plus grande menace sanitaire \u00e0 laquelle le monde a \u00e9t\u00e9 confront\u00e9 au cours du si\u00e8cle dernier. Bien que l&#8217;effet du changement climatique sur la sant\u00e9 soit reconnu depuis un certain temps, ce n&#8217;est que r\u00e9cemment que le r\u00f4le du secteur de la sant\u00e9 en tant que participant actif dans la lutte contre la crise climatique est devenu plus largement appr\u00e9ci\u00e9. L&#8217;innovation sera essentielle pour le secteur de la sant\u00e9 dans le d\u00e9veloppement de processus visant \u00e0 r\u00e9duire les \u00e9missions et les d\u00e9chets, \u00e0 adapter les syst\u00e8mes de sant\u00e9 pour faire face aux catastrophes naturelles et \u00e0 l&#8217;\u00e9volution de la charge de morbidit\u00e9, ainsi qu&#8217;\u00e0 surveiller et suivre l&#8217;impact du changement climatique sur la sant\u00e9 mondiale. Traditionnellement, en raison des investissements consid\u00e9rables n\u00e9cessaires \u00e0 la commercialisation des produits de sant\u00e9, l&#8217;industrie s&#8217;est fortement appuy\u00e9e sur la cr\u00e9ation de monopoles par le biais de la propri\u00e9t\u00e9 intellectuelle et de l&#8217;exclusivit\u00e9 r\u00e9glementaire pour r\u00e9cup\u00e9rer les investissements financiers. Cependant, face \u00e0 une crise sanitaire aux multiples facettes qui pourrait s&#8217;\u00e9tendre sur des d\u00e9cennies, les droits de propri\u00e9t\u00e9 intellectuelle peuvent-ils \u00eatre \u00e9quilibr\u00e9s avec les besoins de sant\u00e9 publique ?    <\/p>\n<p>Les secteurs des sciences de la vie et de la sant\u00e9 contribuent de mani\u00e8re significative aux \u00e9missions de gaz \u00e0 effet de serre r\u00e9sultant de la production, de la distribution et de l&#8217;\u00e9limination des produits li\u00e9s \u00e0 la sant\u00e9. Le secteur de la sant\u00e9 est responsable \u00e0 lui seul de 4 \u00e0 5 % des \u00e9missions mondiales de dioxyde de carbone chaque ann\u00e9e, \u00e0 \u00e9galit\u00e9 avec la Russie, le quatri\u00e8me plus grand pollueur mondial. L&#8217;industrie reconna\u00eet d\u00e9sormais la n\u00e9cessit\u00e9 de fournir des syst\u00e8mes de sant\u00e9 neutres en carbone et de d\u00e9carboner tous les aspects des cha\u00eenes d&#8217;approvisionnement des produits, du laboratoire au patient, tout en am\u00e9liorant simultan\u00e9ment la sant\u00e9 publique.  <\/p>\n<p>L&#8217;industrie de la sant\u00e9 a la responsabilit\u00e9 non seulement d&#8217;att\u00e9nuer son impact sur le changement climatique, mais aussi de s&#8217;adapter rapidement \u00e0 des perspectives de sant\u00e9 mondiale qui \u00e9voluent rapidement. Elle doit d\u00e9velopper et mettre en \u0153uvre des syst\u00e8mes de sant\u00e9 r\u00e9silients et flexibles qui peuvent faire face aux effets directs des catastrophes climatiques tels que les blessures et les d\u00e9c\u00e8s, et qui peuvent \u00e9galement pr\u00e9dire, pr\u00e9venir et traiter les effets indirects sur la sant\u00e9 d&#8217;une plan\u00e8te qui se r\u00e9chauffe. Il est reconnu que l&#8217;augmentation globale des temp\u00e9ratures et les changements dans les r\u00e9gimes de pr\u00e9cipitations commencent \u00e0 inverser les progr\u00e8s r\u00e9alis\u00e9s en mati\u00e8re de sant\u00e9 publique mondiale au cours du si\u00e8cle dernier. Avec l&#8217;augmentation des temp\u00e9ratures, la r\u00e9partition g\u00e9ographique, le taux de reproduction et les p\u00e9riodes d&#8217;activit\u00e9 des vecteurs de maladies devraient augmenter, entra\u00eenant une augmentation des cas potentiellement mortels de paludisme, de zika, de dengue et de chol\u00e9ra.   <\/p>\n<p>L&#8217;interface entre la faune sauvage et les habitats humains est susceptible de changer, augmentant le potentiel de propagation de nouveaux vecteurs de maladies, comme nous l&#8217;avons vu avec la COVID-19. Outre les maladies infectieuses, des probl\u00e8mes de sant\u00e9 surviendront en raison des p\u00e9nuries de r\u00e9coltes, de la s\u00e9cheresse et des inondations. Dans les pays d\u00e9velopp\u00e9s, un nombre croissant de maladies chroniques telles que les maladies cardiaques, les accidents vasculaires c\u00e9r\u00e9braux, le cancer du poumon et les maladies respiratoires sont attribu\u00e9s en partie au changement climatique. De nombreuses affections comme le diab\u00e8te, les maladies cardiaques et l&#8217;ob\u00e9sit\u00e9 r\u00e9duisent la capacit\u00e9 du corps \u00e0 faire face \u00e0 la chaleur et augmentent la sensibilit\u00e9 \u00e0 la d\u00e9shydratation et aux maladies li\u00e9es \u00e0 la chaleur. Les ph\u00e9nom\u00e8nes m\u00e9t\u00e9orologiques inhabituels tels que les inondations et les temp\u00eates, comme nous l&#8217;avons vu r\u00e9cemment en Europe, en Australie et aux \u00c9tats-Unis, entra\u00eenent des troubles de sant\u00e9 mentale comme l&#8217;anxi\u00e9t\u00e9, la d\u00e9pression ou le trouble de stress post-traumatique.    <\/p>\n<p>Pour que l&#8217;industrie de la sant\u00e9 puisse faire face \u00e0 ces d\u00e9fis multiformes, l&#8217;innovation sera n\u00e9cessaire dans tout le secteur, du d\u00e9veloppement de syst\u00e8mes de sant\u00e9 r\u00e9silients \u00e0 l&#8217;utilisation de la bio-informatique pour pr\u00e9voir et mod\u00e9liser les risques sanitaires et trouver de nouveaux traitements pour des sch\u00e9mas de maladies nouveaux et changeants. La r\u00e9utilisation des m\u00e9dicaments existants pour r\u00e9pondre \u00e0 de nouveaux d\u00e9fis sanitaires repr\u00e9sente une voie plus rapide vers le march\u00e9, avec des co\u00fbts de d\u00e9veloppement plus faibles. Il existe un nombre croissant d&#8217;exemples d&#8217;anciens m\u00e9dicaments utilis\u00e9s pour traiter d&#8217;autres affections, un exemple r\u00e9cent bien connu \u00e9tant la r\u00e9utilisation de la dexam\u00e9thasone pour traiter la COVID-19.  <\/p>\n<p>Les chiffres montrent que la majorit\u00e9 des investissements dans la r\u00e9utilisation d&#8217;un m\u00e9dicament est r\u00e9alis\u00e9e par les innovateurs pendant la p\u00e9riode d&#8217;exclusivit\u00e9, avec des investissements nettement moindres apr\u00e8s l&#8217;expiration du brevet. L&#8217;absence de g\u00e9n\u00e9riques sur le march\u00e9 pendant cette p\u00e9riode signifie que la r\u00e9compense financi\u00e8re pour l&#8217;investissement est encore possible. La r\u00e9utilisation de m\u00e9dicaments connus pour de nouvelles utilisations peut \u00eatre un outil utile dans la lutte contre les impacts sanitaires du changement climatique, et des m\u00e9canismes peuvent \u00eatre n\u00e9cessaires pour encourager les entreprises innovatrices \u00e0 poursuivre ces recherches apr\u00e8s l&#8217;expiration de la p\u00e9riode d&#8217;exclusivit\u00e9.  <\/p>\n<p>La propri\u00e9t\u00e9 intellectuelle et les strat\u00e9gies telles que l&#8217;evergreening, utilis\u00e9es par les industries pharmaceutiques et des sciences de la vie pour maximiser la protection de leur innovation, peuvent constituer des obstacles \u00e0 la fabrication \u00e0 grande \u00e9chelle mondiale et \u00e0 des prix comp\u00e9titifs, qui seront n\u00e9cessaires pour fournir des solutions de sant\u00e9 mondiales \u00e9quitables et abordables dans la crise climatique. M\u00eame apr\u00e8s l&#8217;expiration du brevet, des droits tels que l&#8217;exclusivit\u00e9 des donn\u00e9es ou de la commercialisation peuvent servir \u00e0 emp\u00eacher l&#8217;entr\u00e9e de concurrents sur le march\u00e9 et maintenir les prix \u00e9lev\u00e9s. <\/p>\n<p>La crise du VIH dans les ann\u00e9es 1990 a mis en \u00e9vidence le conflit entre les droits de propri\u00e9t\u00e9 intellectuelle et le droit au traitement, lorsque l&#8217;inflexibilit\u00e9 des prix a rendu le traitement inabordable dans les pays en d\u00e9veloppement et a conduit \u00e0 la mort de millions de personnes en Afrique. Lorsque de grands monopoles sont d\u00e9tenus par quelques acteurs cl\u00e9s sur un march\u00e9, l&#8217;innovation peut \u00eatre \u00e9touff\u00e9e. En cons\u00e9quence, il peut sembler que les monopoles de propri\u00e9t\u00e9 intellectuelle n&#8217;ont pas leur place dans une crise immense comme celle \u00e0 laquelle le monde est maintenant confront\u00e9. En fait, l&#8217;utilisation de la propri\u00e9t\u00e9 intellectuelle pour prot\u00e9ger les avanc\u00e9es en mati\u00e8re de sant\u00e9 ax\u00e9es sur le climat continuera d&#8217;\u00eatre n\u00e9cessaire pour stimuler l&#8217;innovation, obtenir des financements et permettre aux start-ups de collaborer avec les grandes entreprises pharmaceutiques. Cependant, des approches flexibles seront n\u00e9cessaires pour garantir un acc\u00e8s \u00e9quitable aux m\u00e9dicaments et aux soins de sant\u00e9 pour tous.    <\/p>\n<p>Lors de la r\u00e9cente pand\u00e9mie de COVID-19, nous avons vu diff\u00e9rents mod\u00e8les se d\u00e9velopper pour fournir un acc\u00e8s plus rapide et plus \u00e9quitable aux vaccins, avec des adaptations des approches traditionnelles employ\u00e9es par les entreprises pharmaceutiques en mati\u00e8re de propri\u00e9t\u00e9 intellectuelle. Astra Zeneca, licenci\u00e9 exclusif du vaccin de l&#8217;Universit\u00e9 d&#8217;Oxford, s&#8217;est engag\u00e9 \u00e0 fournir le vaccin \u00e0 des tarifs sans but lucratif jusqu&#8217;\u00e0 la fin de la pand\u00e9mie, malgr\u00e9 un monopole de propri\u00e9t\u00e9 intellectuelle qui leur aurait permis de facturer des prix \u00e9lev\u00e9s. <\/p>\n<p>De m\u00eame, Moderna s&#8217;est engag\u00e9e \u00e0 ne pas faire valoir ses droits de propri\u00e9t\u00e9 intellectuelle pendant la dur\u00e9e de la pand\u00e9mie, bien qu&#8217;elle n&#8217;ait pas \u00e9t\u00e9 jusqu&#8217;\u00e0 partager le savoir-faire n\u00e9cessaire. Le financement public des vaccins de l&#8217;Universit\u00e9 d&#8217;Oxford et de Moderna a r\u00e9duit la pression pour maximiser les profits et a permis un approvisionnement multinational \u00e0 faible co\u00fbt. L&#8217;existence de la propri\u00e9t\u00e9 intellectuelle pour prot\u00e9ger les inventions offre la possibilit\u00e9 d&#8217;\u00e9tablir un monopole et de r\u00e9cup\u00e9rer l&#8217;investissement apr\u00e8s la fin de la pand\u00e9mie.  <\/p>\n<p>La pand\u00e9mie de Covid-19 sert d&#8217;exemple de ce qui peut \u00eatre r\u00e9alis\u00e9 en \u00e9quilibrant le besoin d&#8217;un acc\u00e8s \u00e9quitable aux soins de sant\u00e9 avec le profit. La crise climatique est un probl\u00e8me consid\u00e9rablement plus important, qui peut s&#8217;\u00e9tendre sur une p\u00e9riode significativement plus longue que la pand\u00e9mie. De nouvelles approches pour \u00e9quilibrer les monopoles dans les soins de sant\u00e9 avec la sant\u00e9 publique seront n\u00e9cessaires.  <\/p>\n<p>Nous voyons de nouvelles relations s&#8217;\u00e9tablir entre les entreprises pharmaceutiques pour lutter contre le changement climatique, par exemple la Sustainable Markets Initiative Health Systems Taskforce qui vise \u00e0 d\u00e9carboner le secteur gr\u00e2ce \u00e0 la collaboration. Une extension de telles collaborations peut conduire \u00e0 la mise en commun des brevets, un m\u00e9canisme par lequel un groupe d&#8217;entreprises pharmaceutiques peut partager leurs actifs de propri\u00e9t\u00e9 intellectuelle par le biais de licences de groupe n\u00e9goci\u00e9es dans une optique de sant\u00e9 publique, plut\u00f4t que de profit uniquement. La mise en commun des brevets fournit un m\u00e9canisme pour faciliter le partage des donn\u00e9es, permettant des progr\u00e8s plus rapides vers des solutions de sant\u00e9, tout en offrant des incitations financi\u00e8res aux entreprises innovantes gr\u00e2ce \u00e0 des accords de licence de groupe.  <\/p>\n<p>Dans le m\u00eame esprit, des engagements ouverts par un titulaire de brevet permettant \u00e0 des tiers d&#8217;acc\u00e9der et d&#8217;utiliser des inventions brevet\u00e9es sans risque de contrefa\u00e7on pendant une p\u00e9riode d\u00e9termin\u00e9e ont \u00e9t\u00e9 pris en temps de crise. Les engagements ouverts sont un outil utile pour \u00e9quilibrer le besoin de m\u00e9dicaments abordables avec la propri\u00e9t\u00e9 des droits de propri\u00e9t\u00e9 intellectuelle, et nous pourrions voir une augmentation des engagements ouverts propos\u00e9s \u00e0 mesure que la crise climatique progresse. <\/p>\n<p>La Commission europ\u00e9enne a r\u00e9cemment men\u00e9 une consultation, en vue de modifier le cadre des licences obligatoires des droits de propri\u00e9t\u00e9 intellectuelle en cas de crise sanitaire dans l&#8217;UE. Ils reconnaissent qu&#8217;en cas de crise, comme une crise environnementale, l&#8217;octroi de licences obligatoires de propri\u00e9t\u00e9 intellectuelle peut \u00eatre n\u00e9cessaire en dernier recours pour maximiser l&#8217;acc\u00e8s et la distribution des m\u00e9dicaments, sans s&#8217;appuyer sur des accords volontaires conclus entre les entreprises pharmaceutiques qui peuvent prendre beaucoup de temps \u00e0 n\u00e9gocier et peuvent entra\u00eener des disparit\u00e9s entre les \u00c9tats membres. <\/p>\n<p>Comme mentionn\u00e9 ci-dessus, la r\u00e9utilisation de m\u00e9dicaments connus pour de nouvelles utilisations peut \u00eatre un outil utile pour d\u00e9velopper rapidement de nouveaux m\u00e9dicaments dans la crise climatique. Les brevets de deuxi\u00e8me usage m\u00e9dical prot\u00e8gent une nouvelle utilisation m\u00e9dicale d&#8217;un m\u00e9dicament connu et peuvent inciter un innovateur \u00e0 r\u00e9utiliser des m\u00e9dicaments connus m\u00eame apr\u00e8s l&#8217;entr\u00e9e sur le march\u00e9 d&#8217;un g\u00e9n\u00e9rique. Cependant, si les entreprises doivent \u00eatre encourag\u00e9es \u00e0 investir, des adaptations du droit des brevets peuvent \u00eatre n\u00e9cessaires. Le syst\u00e8me des brevets pourrait b\u00e9n\u00e9ficier d&#8217;une harmonisation pour rem\u00e9dier aux in\u00e9galit\u00e9s dans la protection des nouvelles utilisations de compos\u00e9s connus dans diff\u00e9rentes juridictions.   <\/p>\n<p>Il est irr\u00e9aliste de penser que les industries pharmaceutiques et des sciences de la vie innoveront et investiront dans le d\u00e9veloppement des solutions de sant\u00e9 n\u00e9cessaires pour faire face \u00e0 la crise climatique sans r\u00e9compense financi\u00e8re ad\u00e9quate. Pour cette raison, la propri\u00e9t\u00e9 intellectuelle restera essentielle pour encourager l&#8217;innovation. Cependant, la mani\u00e8re dont les entreprises pharmaceutiques et des sciences de la vie d\u00e9veloppent et utilisent leurs actifs de propri\u00e9t\u00e9 intellectuelle, ainsi que le syst\u00e8me des brevets lui-m\u00eame, n\u00e9cessiteront une adaptation si nous voulons relever les d\u00e9fis sanitaires de la crise climatique sans impact potentiellement d\u00e9vastateur sur la sant\u00e9 publique.  <\/p>\n<p>&nbsp;<\/p>\n<hr>\n<p class=\"p__medium\">Cet article a \u00e9t\u00e9 pr\u00e9par\u00e9 par la Directrice des brevets HGF <a href=\"https:\/\/www.hgf.com\/fr\/our-people\/punita-shah\/\" target=\"_blank\" rel=\"noopener\">Punita Shah<\/a>.<\/p>\n","protected":false},"excerpt":{"rendered":"<p>Pouvons-nous trouver un \u00e9quilibre entre les droits de propri\u00e9t\u00e9 intellectuelle et les besoins de sant\u00e9 publique face \u00e0 la crise climatique ? \u00ab Le monde se trouve \u00e0 un tournant &hellip;<\/p>\n","protected":false},"author":473,"featured_media":9004111222137467,"comment_status":"closed","ping_status":"closed","sticky":false,"template":"","format":"standard","meta":{"_acf_changed":false,"footnotes":""},"categories":[536,517],"tags":[],"class_list":["post-9004111222137466","post","type-post","status-publish","format-standard","has-post-thumbnail","hentry","category-articles","category-centre-de-connaissances","sector-sante","service-brevets"],"acf":[],"yoast_head":"<!-- This site is optimized with the Yoast SEO Premium plugin v27.5 (Yoast SEO v27.5) - https:\/\/yoast.com\/product\/yoast-seo-premium-wordpress\/ -->\n<title>Sant\u00e9 et changement climatique - HGF<\/title>\n<meta name=\"robots\" content=\"index, follow, max-snippet:-1, max-image-preview:large, max-video-preview:-1\" \/>\n<link rel=\"canonical\" href=\"https:\/\/www.hgf.com\/fr\/centre-de-connaissances\/articles\/sante-et-changement-climatique\/\" \/>\n<meta property=\"og:locale\" content=\"fr_FR\" \/>\n<meta property=\"og:type\" content=\"article\" \/>\n<meta property=\"og:title\" content=\"Sant\u00e9 et changement climatique\" \/>\n<meta property=\"og:description\" content=\"Pouvons-nous trouver un \u00e9quilibre entre les droits de propri\u00e9t\u00e9 intellectuelle et les besoins de sant\u00e9 publique face \u00e0 la crise climatique ? \u00ab Le monde se\" \/>\n<meta property=\"og:url\" content=\"https:\/\/www.hgf.com\/fr\/centre-de-connaissances\/articles\/sante-et-changement-climatique\/\" \/>\n<meta property=\"og:site_name\" content=\"HGF\" \/>\n<meta property=\"article:published_time\" content=\"2023-01-03T15:21:13+00:00\" \/>\n<meta property=\"article:modified_time\" content=\"2025-11-13T20:10:20+00:00\" \/>\n<meta property=\"og:image\" content=\"https:\/\/www.hgf.com\/wp-content\/uploads\/2023\/01\/healthcare-and-climate-change-website.jpg\" \/>\n\t<meta property=\"og:image:width\" content=\"1024\" \/>\n\t<meta property=\"og:image:height\" content=\"576\" \/>\n\t<meta property=\"og:image:type\" content=\"image\/jpeg\" \/>\n<meta name=\"author\" content=\"Katie Pilgrim\" \/>\n<meta name=\"twitter:card\" content=\"summary_large_image\" \/>\n<meta name=\"twitter:creator\" content=\"@hgf_ip\" \/>\n<meta name=\"twitter:site\" content=\"@hgf_ip\" \/>\n<meta name=\"twitter:label1\" content=\"\u00c9crit par\" \/>\n\t<meta name=\"twitter:data1\" content=\"Katie Pilgrim\" \/>\n\t<meta name=\"twitter:label2\" content=\"Dur\u00e9e de lecture estim\u00e9e\" \/>\n\t<meta name=\"twitter:data2\" content=\"10 minutes\" \/>\n<script type=\"application\/ld+json\" class=\"yoast-schema-graph\">{\"@context\":\"https:\\\/\\\/schema.org\",\"@graph\":[{\"@type\":\"Article\",\"@id\":\"https:\\\/\\\/www.hgf.com\\\/fr\\\/centre-de-connaissances\\\/articles\\\/sante-et-changement-climatique\\\/#article\",\"isPartOf\":{\"@id\":\"https:\\\/\\\/www.hgf.com\\\/fr\\\/centre-de-connaissances\\\/articles\\\/sante-et-changement-climatique\\\/\"},\"author\":{\"name\":\"Katie Pilgrim\",\"@id\":\"https:\\\/\\\/www.hgf.com\\\/fr\\\/#\\\/schema\\\/person\\\/c7c1ab6d978273ea223510a2f207dd04\"},\"headline\":\"Sant\u00e9 et changement climatique\",\"datePublished\":\"2023-01-03T15:21:13+00:00\",\"dateModified\":\"2025-11-13T20:10:20+00:00\",\"mainEntityOfPage\":{\"@id\":\"https:\\\/\\\/www.hgf.com\\\/fr\\\/centre-de-connaissances\\\/articles\\\/sante-et-changement-climatique\\\/\"},\"wordCount\":2140,\"publisher\":{\"@id\":\"https:\\\/\\\/www.hgf.com\\\/fr\\\/#organization\"},\"image\":{\"@id\":\"https:\\\/\\\/www.hgf.com\\\/fr\\\/centre-de-connaissances\\\/articles\\\/sante-et-changement-climatique\\\/#primaryimage\"},\"thumbnailUrl\":\"https:\\\/\\\/www.hgf.com\\\/wp-content\\\/uploads\\\/2023\\\/01\\\/healthcare-and-climate-change-website.jpg\",\"articleSection\":[\"Articles\",\"Centre de connaissances\"],\"inLanguage\":\"fr-FR\"},{\"@type\":\"WebPage\",\"@id\":\"https:\\\/\\\/www.hgf.com\\\/fr\\\/centre-de-connaissances\\\/articles\\\/sante-et-changement-climatique\\\/\",\"url\":\"https:\\\/\\\/www.hgf.com\\\/fr\\\/centre-de-connaissances\\\/articles\\\/sante-et-changement-climatique\\\/\",\"name\":\"Sant\u00e9 et changement climatique - HGF\",\"isPartOf\":{\"@id\":\"https:\\\/\\\/www.hgf.com\\\/fr\\\/#website\"},\"primaryImageOfPage\":{\"@id\":\"https:\\\/\\\/www.hgf.com\\\/fr\\\/centre-de-connaissances\\\/articles\\\/sante-et-changement-climatique\\\/#primaryimage\"},\"image\":{\"@id\":\"https:\\\/\\\/www.hgf.com\\\/fr\\\/centre-de-connaissances\\\/articles\\\/sante-et-changement-climatique\\\/#primaryimage\"},\"thumbnailUrl\":\"https:\\\/\\\/www.hgf.com\\\/wp-content\\\/uploads\\\/2023\\\/01\\\/healthcare-and-climate-change-website.jpg\",\"datePublished\":\"2023-01-03T15:21:13+00:00\",\"dateModified\":\"2025-11-13T20:10:20+00:00\",\"inLanguage\":\"fr-FR\",\"potentialAction\":[{\"@type\":\"ReadAction\",\"target\":[\"https:\\\/\\\/www.hgf.com\\\/fr\\\/centre-de-connaissances\\\/articles\\\/sante-et-changement-climatique\\\/\"]}]},{\"@type\":\"ImageObject\",\"inLanguage\":\"fr-FR\",\"@id\":\"https:\\\/\\\/www.hgf.com\\\/fr\\\/centre-de-connaissances\\\/articles\\\/sante-et-changement-climatique\\\/#primaryimage\",\"url\":\"https:\\\/\\\/www.hgf.com\\\/wp-content\\\/uploads\\\/2023\\\/01\\\/healthcare-and-climate-change-website.jpg\",\"contentUrl\":\"https:\\\/\\\/www.hgf.com\\\/wp-content\\\/uploads\\\/2023\\\/01\\\/healthcare-and-climate-change-website.jpg\",\"width\":1024,\"height\":576},{\"@type\":\"WebSite\",\"@id\":\"https:\\\/\\\/www.hgf.com\\\/fr\\\/#website\",\"url\":\"https:\\\/\\\/www.hgf.com\\\/fr\\\/\",\"name\":\"HGF\",\"description\":\"Intellectual Property Rights specialists\",\"publisher\":{\"@id\":\"https:\\\/\\\/www.hgf.com\\\/fr\\\/#organization\"},\"potentialAction\":[{\"@type\":\"SearchAction\",\"target\":{\"@type\":\"EntryPoint\",\"urlTemplate\":\"https:\\\/\\\/www.hgf.com\\\/fr\\\/?s={search_term_string}\"},\"query-input\":{\"@type\":\"PropertyValueSpecification\",\"valueRequired\":true,\"valueName\":\"search_term_string\"}}],\"inLanguage\":\"fr-FR\"},{\"@type\":\"Organization\",\"@id\":\"https:\\\/\\\/www.hgf.com\\\/fr\\\/#organization\",\"name\":\"HGF\",\"url\":\"https:\\\/\\\/www.hgf.com\\\/fr\\\/\",\"logo\":{\"@type\":\"ImageObject\",\"inLanguage\":\"fr-FR\",\"@id\":\"https:\\\/\\\/www.hgf.com\\\/fr\\\/#\\\/schema\\\/logo\\\/image\\\/\",\"url\":\"https:\\\/\\\/www.hgf.com\\\/wp-content\\\/uploads\\\/2023\\\/04\\\/hgf-logo-696x696-1.png\",\"contentUrl\":\"https:\\\/\\\/www.hgf.com\\\/wp-content\\\/uploads\\\/2023\\\/04\\\/hgf-logo-696x696-1.png\",\"width\":696,\"height\":696,\"caption\":\"HGF\"},\"image\":{\"@id\":\"https:\\\/\\\/www.hgf.com\\\/fr\\\/#\\\/schema\\\/logo\\\/image\\\/\"},\"sameAs\":[\"https:\\\/\\\/x.com\\\/hgf_ip\",\"https:\\\/\\\/www.linkedin.com\\\/company\\\/hgf-limited-intellectual-property-specialists\\\/\"]},{\"@type\":\"Person\",\"@id\":\"https:\\\/\\\/www.hgf.com\\\/fr\\\/#\\\/schema\\\/person\\\/c7c1ab6d978273ea223510a2f207dd04\",\"name\":\"Katie Pilgrim\",\"image\":{\"@type\":\"ImageObject\",\"inLanguage\":\"fr-FR\",\"@id\":\"https:\\\/\\\/secure.gravatar.com\\\/avatar\\\/e3b963facae8a3c7ba467afd3c9fd6b67ad50e4022d0eadc099f4ce6cb860808?s=96&d=mm&r=g\",\"url\":\"https:\\\/\\\/secure.gravatar.com\\\/avatar\\\/e3b963facae8a3c7ba467afd3c9fd6b67ad50e4022d0eadc099f4ce6cb860808?s=96&d=mm&r=g\",\"contentUrl\":\"https:\\\/\\\/secure.gravatar.com\\\/avatar\\\/e3b963facae8a3c7ba467afd3c9fd6b67ad50e4022d0eadc099f4ce6cb860808?s=96&d=mm&r=g\",\"caption\":\"Katie Pilgrim\"}}]}<\/script>\n<!-- \/ Yoast SEO Premium plugin. -->","yoast_head_json":{"title":"Sant\u00e9 et changement climatique - HGF","robots":{"index":"index","follow":"follow","max-snippet":"max-snippet:-1","max-image-preview":"max-image-preview:large","max-video-preview":"max-video-preview:-1"},"canonical":"https:\/\/www.hgf.com\/fr\/centre-de-connaissances\/articles\/sante-et-changement-climatique\/","og_locale":"fr_FR","og_type":"article","og_title":"Sant\u00e9 et changement climatique","og_description":"Pouvons-nous trouver un \u00e9quilibre entre les droits de propri\u00e9t\u00e9 intellectuelle et les besoins de sant\u00e9 publique face \u00e0 la crise climatique ? \u00ab Le monde se","og_url":"https:\/\/www.hgf.com\/fr\/centre-de-connaissances\/articles\/sante-et-changement-climatique\/","og_site_name":"HGF","article_published_time":"2023-01-03T15:21:13+00:00","article_modified_time":"2025-11-13T20:10:20+00:00","og_image":[{"width":1024,"height":576,"url":"https:\/\/www.hgf.com\/wp-content\/uploads\/2023\/01\/healthcare-and-climate-change-website.jpg","type":"image\/jpeg"}],"author":"Katie Pilgrim","twitter_card":"summary_large_image","twitter_creator":"@hgf_ip","twitter_site":"@hgf_ip","twitter_misc":{"\u00c9crit par":"Katie Pilgrim","Dur\u00e9e de lecture estim\u00e9e":"10 minutes"},"schema":{"@context":"https:\/\/schema.org","@graph":[{"@type":"Article","@id":"https:\/\/www.hgf.com\/fr\/centre-de-connaissances\/articles\/sante-et-changement-climatique\/#article","isPartOf":{"@id":"https:\/\/www.hgf.com\/fr\/centre-de-connaissances\/articles\/sante-et-changement-climatique\/"},"author":{"name":"Katie Pilgrim","@id":"https:\/\/www.hgf.com\/fr\/#\/schema\/person\/c7c1ab6d978273ea223510a2f207dd04"},"headline":"Sant\u00e9 et changement climatique","datePublished":"2023-01-03T15:21:13+00:00","dateModified":"2025-11-13T20:10:20+00:00","mainEntityOfPage":{"@id":"https:\/\/www.hgf.com\/fr\/centre-de-connaissances\/articles\/sante-et-changement-climatique\/"},"wordCount":2140,"publisher":{"@id":"https:\/\/www.hgf.com\/fr\/#organization"},"image":{"@id":"https:\/\/www.hgf.com\/fr\/centre-de-connaissances\/articles\/sante-et-changement-climatique\/#primaryimage"},"thumbnailUrl":"https:\/\/www.hgf.com\/wp-content\/uploads\/2023\/01\/healthcare-and-climate-change-website.jpg","articleSection":["Articles","Centre de connaissances"],"inLanguage":"fr-FR"},{"@type":"WebPage","@id":"https:\/\/www.hgf.com\/fr\/centre-de-connaissances\/articles\/sante-et-changement-climatique\/","url":"https:\/\/www.hgf.com\/fr\/centre-de-connaissances\/articles\/sante-et-changement-climatique\/","name":"Sant\u00e9 et changement climatique - HGF","isPartOf":{"@id":"https:\/\/www.hgf.com\/fr\/#website"},"primaryImageOfPage":{"@id":"https:\/\/www.hgf.com\/fr\/centre-de-connaissances\/articles\/sante-et-changement-climatique\/#primaryimage"},"image":{"@id":"https:\/\/www.hgf.com\/fr\/centre-de-connaissances\/articles\/sante-et-changement-climatique\/#primaryimage"},"thumbnailUrl":"https:\/\/www.hgf.com\/wp-content\/uploads\/2023\/01\/healthcare-and-climate-change-website.jpg","datePublished":"2023-01-03T15:21:13+00:00","dateModified":"2025-11-13T20:10:20+00:00","inLanguage":"fr-FR","potentialAction":[{"@type":"ReadAction","target":["https:\/\/www.hgf.com\/fr\/centre-de-connaissances\/articles\/sante-et-changement-climatique\/"]}]},{"@type":"ImageObject","inLanguage":"fr-FR","@id":"https:\/\/www.hgf.com\/fr\/centre-de-connaissances\/articles\/sante-et-changement-climatique\/#primaryimage","url":"https:\/\/www.hgf.com\/wp-content\/uploads\/2023\/01\/healthcare-and-climate-change-website.jpg","contentUrl":"https:\/\/www.hgf.com\/wp-content\/uploads\/2023\/01\/healthcare-and-climate-change-website.jpg","width":1024,"height":576},{"@type":"WebSite","@id":"https:\/\/www.hgf.com\/fr\/#website","url":"https:\/\/www.hgf.com\/fr\/","name":"HGF","description":"Intellectual Property Rights specialists","publisher":{"@id":"https:\/\/www.hgf.com\/fr\/#organization"},"potentialAction":[{"@type":"SearchAction","target":{"@type":"EntryPoint","urlTemplate":"https:\/\/www.hgf.com\/fr\/?s={search_term_string}"},"query-input":{"@type":"PropertyValueSpecification","valueRequired":true,"valueName":"search_term_string"}}],"inLanguage":"fr-FR"},{"@type":"Organization","@id":"https:\/\/www.hgf.com\/fr\/#organization","name":"HGF","url":"https:\/\/www.hgf.com\/fr\/","logo":{"@type":"ImageObject","inLanguage":"fr-FR","@id":"https:\/\/www.hgf.com\/fr\/#\/schema\/logo\/image\/","url":"https:\/\/www.hgf.com\/wp-content\/uploads\/2023\/04\/hgf-logo-696x696-1.png","contentUrl":"https:\/\/www.hgf.com\/wp-content\/uploads\/2023\/04\/hgf-logo-696x696-1.png","width":696,"height":696,"caption":"HGF"},"image":{"@id":"https:\/\/www.hgf.com\/fr\/#\/schema\/logo\/image\/"},"sameAs":["https:\/\/x.com\/hgf_ip","https:\/\/www.linkedin.com\/company\/hgf-limited-intellectual-property-specialists\/"]},{"@type":"Person","@id":"https:\/\/www.hgf.com\/fr\/#\/schema\/person\/c7c1ab6d978273ea223510a2f207dd04","name":"Katie Pilgrim","image":{"@type":"ImageObject","inLanguage":"fr-FR","@id":"https:\/\/secure.gravatar.com\/avatar\/e3b963facae8a3c7ba467afd3c9fd6b67ad50e4022d0eadc099f4ce6cb860808?s=96&d=mm&r=g","url":"https:\/\/secure.gravatar.com\/avatar\/e3b963facae8a3c7ba467afd3c9fd6b67ad50e4022d0eadc099f4ce6cb860808?s=96&d=mm&r=g","contentUrl":"https:\/\/secure.gravatar.com\/avatar\/e3b963facae8a3c7ba467afd3c9fd6b67ad50e4022d0eadc099f4ce6cb860808?s=96&d=mm&r=g","caption":"Katie Pilgrim"}}]}},"_links":{"self":[{"href":"https:\/\/www.hgf.com\/fr\/wp-json\/wp\/v2\/posts\/9004111222137466","targetHints":{"allow":["GET"]}}],"collection":[{"href":"https:\/\/www.hgf.com\/fr\/wp-json\/wp\/v2\/posts"}],"about":[{"href":"https:\/\/www.hgf.com\/fr\/wp-json\/wp\/v2\/types\/post"}],"author":[{"embeddable":true,"href":"https:\/\/www.hgf.com\/fr\/wp-json\/wp\/v2\/users\/473"}],"replies":[{"embeddable":true,"href":"https:\/\/www.hgf.com\/fr\/wp-json\/wp\/v2\/comments?post=9004111222137466"}],"version-history":[{"count":0,"href":"https:\/\/www.hgf.com\/fr\/wp-json\/wp\/v2\/posts\/9004111222137466\/revisions"}],"wp:featuredmedia":[{"embeddable":true,"href":"https:\/\/www.hgf.com\/fr\/wp-json\/wp\/v2\/media\/9004111222137467"}],"wp:attachment":[{"href":"https:\/\/www.hgf.com\/fr\/wp-json\/wp\/v2\/media?parent=9004111222137466"}],"wp:term":[{"taxonomy":"category","embeddable":true,"href":"https:\/\/www.hgf.com\/fr\/wp-json\/wp\/v2\/categories?post=9004111222137466"},{"taxonomy":"post_tag","embeddable":true,"href":"https:\/\/www.hgf.com\/fr\/wp-json\/wp\/v2\/tags?post=9004111222137466"}],"curies":[{"name":"wp","href":"https:\/\/api.w.org\/{rel}","templated":true}]}}