{"id":9004111222137405,"date":"2022-10-13T16:29:17","date_gmt":"2022-10-13T15:29:17","guid":{"rendered":"https:\/\/www.hgf.com\/?p=9004111222137405"},"modified":"2025-11-13T20:10:51","modified_gmt":"2025-11-13T20:10:51","slug":"delai-de-reponse-aux-actions-de-luspto-en-matiere-de-marques-reduit-a-3-mois","status":"publish","type":"post","link":"https:\/\/www.hgf.com\/fr\/centre-de-connaissances\/actualites-juridiques\/delai-de-reponse-aux-actions-de-luspto-en-matiere-de-marques-reduit-a-3-mois\/","title":{"rendered":"D\u00e9lai de r\u00e9ponse aux actions de l&#8217;USPTO en mati\u00e8re de marques r\u00e9duit \u00e0 3 mois"},"content":{"rendered":"<p class=\"p__large\">\u00c0 partir du 3 d\u00e9cembre 2022, le d\u00e9lai de r\u00e9ponse aux actions de l&#8217;USPTO en mati\u00e8re de marques sera r\u00e9duit de 6 mois \u00e0 3 mois.<\/p>\n<p>Cela ne concernera que les actions officielles envoy\u00e9es le 3 d\u00e9cembre ou apr\u00e8s. Si un d\u00e9lai sup\u00e9rieur \u00e0 3 mois est n\u00e9cessaire, il sera possible de payer une taxe pour r\u00e9tablir le d\u00e9lai \u00e0 6 mois. <\/p>\n<p>Veuillez noter que cela ne s&#8217;applique qu&#8217;aux actions officielles pr\u00e9-enregistrement. Le changement de 6 mois \u00e0 3 mois ne s&#8217;appliquera aux actions officielles post-enregistrement qu&#8217;\u00e0 partir du 7 octobre 2023. En outre, ce nouveau d\u00e9lai ne s&#8217;appliquera pas aux d\u00e9signations am\u00e9ricaines issues d&#8217;une demande Madrid qui continueront de b\u00e9n\u00e9ficier du d\u00e9lai de r\u00e9ponse complet de 6 mois.  <\/p>\n","protected":false},"excerpt":{"rendered":"<p>\u00c0 partir du 3 d\u00e9cembre 2022, le d\u00e9lai de r\u00e9ponse aux actions de l&#8217;USPTO en mati\u00e8re de marques sera r\u00e9duit de 6 mois \u00e0 3 mois. Cela ne concernera que &hellip;<\/p>\n","protected":false},"author":473,"featured_media":9004111222138660,"comment_status":"closed","ping_status":"closed","sticky":false,"template":"","format":"standard","meta":{"_acf_changed":false,"footnotes":""},"categories":[548,517],"tags":[],"class_list":["post-9004111222137405","post","type-post","status-publish","format-standard","has-post-thumbnail","hentry","category-actualites-juridiques","category-centre-de-connaissances"],"acf":[],"yoast_head":"<!-- This site is optimized with the Yoast SEO Premium plugin v27.5 (Yoast SEO v27.5) - https:\/\/yoast.com\/product\/yoast-seo-premium-wordpress\/ -->\n<title>D\u00e9lai de r\u00e9ponse aux actions de l&#039;USPTO en mati\u00e8re de marques r\u00e9duit \u00e0 3 mois - HGF<\/title>\n<meta name=\"robots\" content=\"index, follow, max-snippet:-1, max-image-preview:large, max-video-preview:-1\" \/>\n<link rel=\"canonical\" href=\"https:\/\/www.hgf.com\/fr\/centre-de-connaissances\/actualites-juridiques\/delai-de-reponse-aux-actions-de-luspto-en-matiere-de-marques-reduit-a-3-mois\/\" \/>\n<meta property=\"og:locale\" content=\"fr_FR\" \/>\n<meta property=\"og:type\" content=\"article\" \/>\n<meta property=\"og:title\" content=\"D\u00e9lai de r\u00e9ponse aux actions de l&#039;USPTO en mati\u00e8re de marques r\u00e9duit \u00e0 3 mois\" \/>\n<meta property=\"og:description\" content=\"\u00c0 partir du 3 d\u00e9cembre 2022, le d\u00e9lai de r\u00e9ponse aux actions de l&#039;USPTO en mati\u00e8re de marques sera r\u00e9duit de 6 mois \u00e0 3 mois. Cela ne concernera que les\" \/>\n<meta property=\"og:url\" content=\"https:\/\/www.hgf.com\/fr\/centre-de-connaissances\/actualites-juridiques\/delai-de-reponse-aux-actions-de-luspto-en-matiere-de-marques-reduit-a-3-mois\/\" \/>\n<meta property=\"og:site_name\" content=\"HGF\" \/>\n<meta property=\"article:published_time\" content=\"2022-10-13T15:29:17+00:00\" \/>\n<meta property=\"article:modified_time\" content=\"2025-11-13T20:10:51+00:00\" \/>\n<meta property=\"og:image\" content=\"https:\/\/www.hgf.com\/wp-content\/uploads\/2023\/07\/Untitled-design-2025-12-15T121645.962.png\" \/>\n\t<meta property=\"og:image:width\" content=\"1920\" \/>\n\t<meta property=\"og:image:height\" content=\"1080\" \/>\n\t<meta property=\"og:image:type\" content=\"image\/png\" \/>\n<meta name=\"author\" content=\"Katie Pilgrim\" \/>\n<meta name=\"twitter:card\" content=\"summary_large_image\" \/>\n<meta name=\"twitter:creator\" content=\"@hgf_ip\" \/>\n<meta name=\"twitter:site\" content=\"@hgf_ip\" \/>\n<meta name=\"twitter:label1\" content=\"\u00c9crit par\" \/>\n\t<meta name=\"twitter:data1\" content=\"Katie Pilgrim\" \/>\n\t<meta name=\"twitter:label2\" content=\"Dur\u00e9e de lecture estim\u00e9e\" \/>\n\t<meta name=\"twitter:data2\" content=\"1 minute\" \/>\n<script type=\"application\/ld+json\" class=\"yoast-schema-graph\">{\"@context\":\"https:\\\/\\\/schema.org\",\"@graph\":[{\"@type\":\"Article\",\"@id\":\"https:\\\/\\\/www.hgf.com\\\/fr\\\/centre-de-connaissances\\\/actualites-juridiques\\\/delai-de-reponse-aux-actions-de-luspto-en-matiere-de-marques-reduit-a-3-mois\\\/#article\",\"isPartOf\":{\"@id\":\"https:\\\/\\\/www.hgf.com\\\/fr\\\/centre-de-connaissances\\\/actualites-juridiques\\\/delai-de-reponse-aux-actions-de-luspto-en-matiere-de-marques-reduit-a-3-mois\\\/\"},\"author\":{\"name\":\"Katie Pilgrim\",\"@id\":\"https:\\\/\\\/www.hgf.com\\\/fr\\\/#\\\/schema\\\/person\\\/c7c1ab6d978273ea223510a2f207dd04\"},\"headline\":\"D\u00e9lai de r\u00e9ponse aux actions de l&#8217;USPTO en mati\u00e8re de marques r\u00e9duit \u00e0 3 mois\",\"datePublished\":\"2022-10-13T15:29:17+00:00\",\"dateModified\":\"2025-11-13T20:10:51+00:00\",\"mainEntityOfPage\":{\"@id\":\"https:\\\/\\\/www.hgf.com\\\/fr\\\/centre-de-connaissances\\\/actualites-juridiques\\\/delai-de-reponse-aux-actions-de-luspto-en-matiere-de-marques-reduit-a-3-mois\\\/\"},\"wordCount\":147,\"publisher\":{\"@id\":\"https:\\\/\\\/www.hgf.com\\\/fr\\\/#organization\"},\"image\":{\"@id\":\"https:\\\/\\\/www.hgf.com\\\/fr\\\/centre-de-connaissances\\\/actualites-juridiques\\\/delai-de-reponse-aux-actions-de-luspto-en-matiere-de-marques-reduit-a-3-mois\\\/#primaryimage\"},\"thumbnailUrl\":\"https:\\\/\\\/www.hgf.com\\\/wp-content\\\/uploads\\\/2023\\\/07\\\/Untitled-design-2025-12-15T121645.962.png\",\"articleSection\":[\"Actualit\u00e9s juridiques\",\"Centre de connaissances\"],\"inLanguage\":\"fr-FR\"},{\"@type\":\"WebPage\",\"@id\":\"https:\\\/\\\/www.hgf.com\\\/fr\\\/centre-de-connaissances\\\/actualites-juridiques\\\/delai-de-reponse-aux-actions-de-luspto-en-matiere-de-marques-reduit-a-3-mois\\\/\",\"url\":\"https:\\\/\\\/www.hgf.com\\\/fr\\\/centre-de-connaissances\\\/actualites-juridiques\\\/delai-de-reponse-aux-actions-de-luspto-en-matiere-de-marques-reduit-a-3-mois\\\/\",\"name\":\"D\u00e9lai de r\u00e9ponse aux actions de l'USPTO en mati\u00e8re de marques r\u00e9duit \u00e0 3 mois - HGF\",\"isPartOf\":{\"@id\":\"https:\\\/\\\/www.hgf.com\\\/fr\\\/#website\"},\"primaryImageOfPage\":{\"@id\":\"https:\\\/\\\/www.hgf.com\\\/fr\\\/centre-de-connaissances\\\/actualites-juridiques\\\/delai-de-reponse-aux-actions-de-luspto-en-matiere-de-marques-reduit-a-3-mois\\\/#primaryimage\"},\"image\":{\"@id\":\"https:\\\/\\\/www.hgf.com\\\/fr\\\/centre-de-connaissances\\\/actualites-juridiques\\\/delai-de-reponse-aux-actions-de-luspto-en-matiere-de-marques-reduit-a-3-mois\\\/#primaryimage\"},\"thumbnailUrl\":\"https:\\\/\\\/www.hgf.com\\\/wp-content\\\/uploads\\\/2023\\\/07\\\/Untitled-design-2025-12-15T121645.962.png\",\"datePublished\":\"2022-10-13T15:29:17+00:00\",\"dateModified\":\"2025-11-13T20:10:51+00:00\",\"inLanguage\":\"fr-FR\",\"potentialAction\":[{\"@type\":\"ReadAction\",\"target\":[\"https:\\\/\\\/www.hgf.com\\\/fr\\\/centre-de-connaissances\\\/actualites-juridiques\\\/delai-de-reponse-aux-actions-de-luspto-en-matiere-de-marques-reduit-a-3-mois\\\/\"]}]},{\"@type\":\"ImageObject\",\"inLanguage\":\"fr-FR\",\"@id\":\"https:\\\/\\\/www.hgf.com\\\/fr\\\/centre-de-connaissances\\\/actualites-juridiques\\\/delai-de-reponse-aux-actions-de-luspto-en-matiere-de-marques-reduit-a-3-mois\\\/#primaryimage\",\"url\":\"https:\\\/\\\/www.hgf.com\\\/wp-content\\\/uploads\\\/2023\\\/07\\\/Untitled-design-2025-12-15T121645.962.png\",\"contentUrl\":\"https:\\\/\\\/www.hgf.com\\\/wp-content\\\/uploads\\\/2023\\\/07\\\/Untitled-design-2025-12-15T121645.962.png\",\"width\":1920,\"height\":1080},{\"@type\":\"WebSite\",\"@id\":\"https:\\\/\\\/www.hgf.com\\\/fr\\\/#website\",\"url\":\"https:\\\/\\\/www.hgf.com\\\/fr\\\/\",\"name\":\"HGF\",\"description\":\"Intellectual Property Rights specialists\",\"publisher\":{\"@id\":\"https:\\\/\\\/www.hgf.com\\\/fr\\\/#organization\"},\"potentialAction\":[{\"@type\":\"SearchAction\",\"target\":{\"@type\":\"EntryPoint\",\"urlTemplate\":\"https:\\\/\\\/www.hgf.com\\\/fr\\\/?s={search_term_string}\"},\"query-input\":{\"@type\":\"PropertyValueSpecification\",\"valueRequired\":true,\"valueName\":\"search_term_string\"}}],\"inLanguage\":\"fr-FR\"},{\"@type\":\"Organization\",\"@id\":\"https:\\\/\\\/www.hgf.com\\\/fr\\\/#organization\",\"name\":\"HGF\",\"url\":\"https:\\\/\\\/www.hgf.com\\\/fr\\\/\",\"logo\":{\"@type\":\"ImageObject\",\"inLanguage\":\"fr-FR\",\"@id\":\"https:\\\/\\\/www.hgf.com\\\/fr\\\/#\\\/schema\\\/logo\\\/image\\\/\",\"url\":\"https:\\\/\\\/www.hgf.com\\\/wp-content\\\/uploads\\\/2023\\\/04\\\/hgf-logo-696x696-1.png\",\"contentUrl\":\"https:\\\/\\\/www.hgf.com\\\/wp-content\\\/uploads\\\/2023\\\/04\\\/hgf-logo-696x696-1.png\",\"width\":696,\"height\":696,\"caption\":\"HGF\"},\"image\":{\"@id\":\"https:\\\/\\\/www.hgf.com\\\/fr\\\/#\\\/schema\\\/logo\\\/image\\\/\"},\"sameAs\":[\"https:\\\/\\\/x.com\\\/hgf_ip\",\"https:\\\/\\\/www.linkedin.com\\\/company\\\/hgf-limited-intellectual-property-specialists\\\/\"]},{\"@type\":\"Person\",\"@id\":\"https:\\\/\\\/www.hgf.com\\\/fr\\\/#\\\/schema\\\/person\\\/c7c1ab6d978273ea223510a2f207dd04\",\"name\":\"Katie Pilgrim\",\"image\":{\"@type\":\"ImageObject\",\"inLanguage\":\"fr-FR\",\"@id\":\"https:\\\/\\\/secure.gravatar.com\\\/avatar\\\/e3b963facae8a3c7ba467afd3c9fd6b67ad50e4022d0eadc099f4ce6cb860808?s=96&d=mm&r=g\",\"url\":\"https:\\\/\\\/secure.gravatar.com\\\/avatar\\\/e3b963facae8a3c7ba467afd3c9fd6b67ad50e4022d0eadc099f4ce6cb860808?s=96&d=mm&r=g\",\"contentUrl\":\"https:\\\/\\\/secure.gravatar.com\\\/avatar\\\/e3b963facae8a3c7ba467afd3c9fd6b67ad50e4022d0eadc099f4ce6cb860808?s=96&d=mm&r=g\",\"caption\":\"Katie Pilgrim\"}}]}<\/script>\n<!-- \/ Yoast SEO Premium plugin. -->","yoast_head_json":{"title":"D\u00e9lai de r\u00e9ponse aux actions de l'USPTO en mati\u00e8re de marques r\u00e9duit \u00e0 3 mois - HGF","robots":{"index":"index","follow":"follow","max-snippet":"max-snippet:-1","max-image-preview":"max-image-preview:large","max-video-preview":"max-video-preview:-1"},"canonical":"https:\/\/www.hgf.com\/fr\/centre-de-connaissances\/actualites-juridiques\/delai-de-reponse-aux-actions-de-luspto-en-matiere-de-marques-reduit-a-3-mois\/","og_locale":"fr_FR","og_type":"article","og_title":"D\u00e9lai de r\u00e9ponse aux actions de l'USPTO en mati\u00e8re de marques r\u00e9duit \u00e0 3 mois","og_description":"\u00c0 partir du 3 d\u00e9cembre 2022, le d\u00e9lai de r\u00e9ponse aux actions de l'USPTO en mati\u00e8re de marques sera r\u00e9duit de 6 mois \u00e0 3 mois. Cela ne concernera que les","og_url":"https:\/\/www.hgf.com\/fr\/centre-de-connaissances\/actualites-juridiques\/delai-de-reponse-aux-actions-de-luspto-en-matiere-de-marques-reduit-a-3-mois\/","og_site_name":"HGF","article_published_time":"2022-10-13T15:29:17+00:00","article_modified_time":"2025-11-13T20:10:51+00:00","og_image":[{"width":1920,"height":1080,"url":"https:\/\/www.hgf.com\/wp-content\/uploads\/2023\/07\/Untitled-design-2025-12-15T121645.962.png","type":"image\/png"}],"author":"Katie Pilgrim","twitter_card":"summary_large_image","twitter_creator":"@hgf_ip","twitter_site":"@hgf_ip","twitter_misc":{"\u00c9crit par":"Katie Pilgrim","Dur\u00e9e de lecture estim\u00e9e":"1 minute"},"schema":{"@context":"https:\/\/schema.org","@graph":[{"@type":"Article","@id":"https:\/\/www.hgf.com\/fr\/centre-de-connaissances\/actualites-juridiques\/delai-de-reponse-aux-actions-de-luspto-en-matiere-de-marques-reduit-a-3-mois\/#article","isPartOf":{"@id":"https:\/\/www.hgf.com\/fr\/centre-de-connaissances\/actualites-juridiques\/delai-de-reponse-aux-actions-de-luspto-en-matiere-de-marques-reduit-a-3-mois\/"},"author":{"name":"Katie Pilgrim","@id":"https:\/\/www.hgf.com\/fr\/#\/schema\/person\/c7c1ab6d978273ea223510a2f207dd04"},"headline":"D\u00e9lai de r\u00e9ponse aux actions de l&#8217;USPTO en mati\u00e8re de marques r\u00e9duit \u00e0 3 mois","datePublished":"2022-10-13T15:29:17+00:00","dateModified":"2025-11-13T20:10:51+00:00","mainEntityOfPage":{"@id":"https:\/\/www.hgf.com\/fr\/centre-de-connaissances\/actualites-juridiques\/delai-de-reponse-aux-actions-de-luspto-en-matiere-de-marques-reduit-a-3-mois\/"},"wordCount":147,"publisher":{"@id":"https:\/\/www.hgf.com\/fr\/#organization"},"image":{"@id":"https:\/\/www.hgf.com\/fr\/centre-de-connaissances\/actualites-juridiques\/delai-de-reponse-aux-actions-de-luspto-en-matiere-de-marques-reduit-a-3-mois\/#primaryimage"},"thumbnailUrl":"https:\/\/www.hgf.com\/wp-content\/uploads\/2023\/07\/Untitled-design-2025-12-15T121645.962.png","articleSection":["Actualit\u00e9s juridiques","Centre de connaissances"],"inLanguage":"fr-FR"},{"@type":"WebPage","@id":"https:\/\/www.hgf.com\/fr\/centre-de-connaissances\/actualites-juridiques\/delai-de-reponse-aux-actions-de-luspto-en-matiere-de-marques-reduit-a-3-mois\/","url":"https:\/\/www.hgf.com\/fr\/centre-de-connaissances\/actualites-juridiques\/delai-de-reponse-aux-actions-de-luspto-en-matiere-de-marques-reduit-a-3-mois\/","name":"D\u00e9lai de r\u00e9ponse aux actions de l'USPTO en mati\u00e8re de marques r\u00e9duit \u00e0 3 mois - HGF","isPartOf":{"@id":"https:\/\/www.hgf.com\/fr\/#website"},"primaryImageOfPage":{"@id":"https:\/\/www.hgf.com\/fr\/centre-de-connaissances\/actualites-juridiques\/delai-de-reponse-aux-actions-de-luspto-en-matiere-de-marques-reduit-a-3-mois\/#primaryimage"},"image":{"@id":"https:\/\/www.hgf.com\/fr\/centre-de-connaissances\/actualites-juridiques\/delai-de-reponse-aux-actions-de-luspto-en-matiere-de-marques-reduit-a-3-mois\/#primaryimage"},"thumbnailUrl":"https:\/\/www.hgf.com\/wp-content\/uploads\/2023\/07\/Untitled-design-2025-12-15T121645.962.png","datePublished":"2022-10-13T15:29:17+00:00","dateModified":"2025-11-13T20:10:51+00:00","inLanguage":"fr-FR","potentialAction":[{"@type":"ReadAction","target":["https:\/\/www.hgf.com\/fr\/centre-de-connaissances\/actualites-juridiques\/delai-de-reponse-aux-actions-de-luspto-en-matiere-de-marques-reduit-a-3-mois\/"]}]},{"@type":"ImageObject","inLanguage":"fr-FR","@id":"https:\/\/www.hgf.com\/fr\/centre-de-connaissances\/actualites-juridiques\/delai-de-reponse-aux-actions-de-luspto-en-matiere-de-marques-reduit-a-3-mois\/#primaryimage","url":"https:\/\/www.hgf.com\/wp-content\/uploads\/2023\/07\/Untitled-design-2025-12-15T121645.962.png","contentUrl":"https:\/\/www.hgf.com\/wp-content\/uploads\/2023\/07\/Untitled-design-2025-12-15T121645.962.png","width":1920,"height":1080},{"@type":"WebSite","@id":"https:\/\/www.hgf.com\/fr\/#website","url":"https:\/\/www.hgf.com\/fr\/","name":"HGF","description":"Intellectual Property Rights specialists","publisher":{"@id":"https:\/\/www.hgf.com\/fr\/#organization"},"potentialAction":[{"@type":"SearchAction","target":{"@type":"EntryPoint","urlTemplate":"https:\/\/www.hgf.com\/fr\/?s={search_term_string}"},"query-input":{"@type":"PropertyValueSpecification","valueRequired":true,"valueName":"search_term_string"}}],"inLanguage":"fr-FR"},{"@type":"Organization","@id":"https:\/\/www.hgf.com\/fr\/#organization","name":"HGF","url":"https:\/\/www.hgf.com\/fr\/","logo":{"@type":"ImageObject","inLanguage":"fr-FR","@id":"https:\/\/www.hgf.com\/fr\/#\/schema\/logo\/image\/","url":"https:\/\/www.hgf.com\/wp-content\/uploads\/2023\/04\/hgf-logo-696x696-1.png","contentUrl":"https:\/\/www.hgf.com\/wp-content\/uploads\/2023\/04\/hgf-logo-696x696-1.png","width":696,"height":696,"caption":"HGF"},"image":{"@id":"https:\/\/www.hgf.com\/fr\/#\/schema\/logo\/image\/"},"sameAs":["https:\/\/x.com\/hgf_ip","https:\/\/www.linkedin.com\/company\/hgf-limited-intellectual-property-specialists\/"]},{"@type":"Person","@id":"https:\/\/www.hgf.com\/fr\/#\/schema\/person\/c7c1ab6d978273ea223510a2f207dd04","name":"Katie Pilgrim","image":{"@type":"ImageObject","inLanguage":"fr-FR","@id":"https:\/\/secure.gravatar.com\/avatar\/e3b963facae8a3c7ba467afd3c9fd6b67ad50e4022d0eadc099f4ce6cb860808?s=96&d=mm&r=g","url":"https:\/\/secure.gravatar.com\/avatar\/e3b963facae8a3c7ba467afd3c9fd6b67ad50e4022d0eadc099f4ce6cb860808?s=96&d=mm&r=g","contentUrl":"https:\/\/secure.gravatar.com\/avatar\/e3b963facae8a3c7ba467afd3c9fd6b67ad50e4022d0eadc099f4ce6cb860808?s=96&d=mm&r=g","caption":"Katie Pilgrim"}}]}},"_links":{"self":[{"href":"https:\/\/www.hgf.com\/fr\/wp-json\/wp\/v2\/posts\/9004111222137405","targetHints":{"allow":["GET"]}}],"collection":[{"href":"https:\/\/www.hgf.com\/fr\/wp-json\/wp\/v2\/posts"}],"about":[{"href":"https:\/\/www.hgf.com\/fr\/wp-json\/wp\/v2\/types\/post"}],"author":[{"embeddable":true,"href":"https:\/\/www.hgf.com\/fr\/wp-json\/wp\/v2\/users\/473"}],"replies":[{"embeddable":true,"href":"https:\/\/www.hgf.com\/fr\/wp-json\/wp\/v2\/comments?post=9004111222137405"}],"version-history":[{"count":0,"href":"https:\/\/www.hgf.com\/fr\/wp-json\/wp\/v2\/posts\/9004111222137405\/revisions"}],"wp:featuredmedia":[{"embeddable":true,"href":"https:\/\/www.hgf.com\/fr\/wp-json\/wp\/v2\/media\/9004111222138660"}],"wp:attachment":[{"href":"https:\/\/www.hgf.com\/fr\/wp-json\/wp\/v2\/media?parent=9004111222137405"}],"wp:term":[{"taxonomy":"category","embeddable":true,"href":"https:\/\/www.hgf.com\/fr\/wp-json\/wp\/v2\/categories?post=9004111222137405"},{"taxonomy":"post_tag","embeddable":true,"href":"https:\/\/www.hgf.com\/fr\/wp-json\/wp\/v2\/tags?post=9004111222137405"}],"curies":[{"name":"wp","href":"https:\/\/api.w.org\/{rel}","templated":true}]}}