{"id":9004111222137257,"date":"2022-02-21T14:19:07","date_gmt":"2022-02-21T14:19:07","guid":{"rendered":"https:\/\/www.hgf.com\/?p=9004111222137257"},"modified":"2025-11-13T20:11:36","modified_gmt":"2025-11-13T20:11:36","slug":"iqpc-global-exchange-europe-2022","status":"publish","type":"post","link":"https:\/\/www.hgf.com\/fr\/centre-de-connaissances\/evenements\/iqpc-global-exchange-europe-2022\/","title":{"rendered":"IQPC global exchange europe 2022"},"content":{"rendered":"<p class=\"p__large\">HGF parraine le 13e Global IP Exchange Europe annuel, qui se d\u00e9roulera les 7 et 8 mars 2022 \u00e0 Berlin, en Allemagne.<\/p>\n<p>Global IP Exchange Europe est un \u00e9v\u00e9nement de premier plan pour les dirigeants sp\u00e9cialis\u00e9s dans la propri\u00e9t\u00e9 intellectuelle, les brevets, les marques et la protection des marques, qui cherchent \u00e0 d\u00e9couvrir de nouvelles id\u00e9es, \u00e0 \u00e9tablir des connexions et \u00e0 trouver de nouvelles solutions \u00e0 leurs d\u00e9fis.<\/p>\n<p>Les temps forts de 2022 incluent :<\/p>\n<ul>\n<li>D\u00e9jeuner-formation diversit\u00e9 et inclusion : c\u00e9l\u00e9bration de la Journ\u00e9e internationale des femmes<\/li>\n<li>Promouvoir la PI \u00e0 travers la gouvernance sociale environnementale<\/li>\n<li>Croissance et innovation en PI, donn\u00e9es et intelligence artificielle<\/li>\n<li>Rappel sur le brevet unitaire et la JUB &amp; remise \u00e0 niveau et restructuration de la PI post-pand\u00e9mie<\/li>\n<\/ul>\n<p>L&#8217;associ\u00e9e et conseil en brevets d&#8217;HGF <a href=\"https:\/\/www.hgf.com\/fr\/our-people\/lucy-johnson\/\" target=\"_blank\" rel=\"noopener\">Lucy Johnson<\/a> pr\u00e9sidera l&#8217;\u00e9v\u00e9nement et l&#8217;associ\u00e9e et responsable juridique <a href=\"https:\/\/www.hgf.com\/fr\/our-people\/rachel-fetches\/\" target=\"_blank\" rel=\"noopener\">Rachel Fetches<\/a> animera une <strong>R\u00e9flexion JUB &#8211; Les risques et opportunit\u00e9s pour vos brevets sous le nouveau r\u00e9gime<\/strong> :<\/p>\n<p>Apr\u00e8s une longue p\u00e9riode d&#8217;incertitude et un paysage de brevets fragment\u00e9, la voie est enfin ouverte pour la Juridiction unifi\u00e9e du brevet (JUB). Entrant en vigueur mi-2022, il est temps de vous familiariser \u00e0 nouveau avec les nouvelles r\u00e8gles et leurs complexit\u00e9s pour vos op\u00e9rations commerciales. Assistez \u00e0 cette remise \u00e0 niveau pour saisir les opportunit\u00e9s et \u00e9viter les risques du nouveau r\u00e9gime, notamment :  <\/p>\n<ul>\n<li>Aper\u00e7u du nouveau syst\u00e8me ; la structure et les proc\u00e9dures<\/li>\n<li>Consid\u00e9rations importantes concernant les brevets unitaires comme guichet unique<\/li>\n<li>Peser le pour et le contre de l&#8217;exclusion volontaire<\/li>\n<li>Implications pour vos brevets existants et en cours<\/li>\n<li>Impact \u00e0 long et court terme sur l&#8217;application des brevets<\/li>\n<li>Port\u00e9e territoriale et r\u00e9percussions du Brexit<\/li>\n<\/ul>\n<p>Les associ\u00e9s et conseils en brevets d&#8217;HGF <a href=\"https:\/\/www.hgf.com\/fr\/our-people\/achim-krebs\/\" target=\"_blank\" rel=\"noopener\">Dr Achim Krebs<\/a> et Dr Markus Zoller assisteront \u00e9galement \u00e0 l&#8217;\u00e9v\u00e9nement.<\/p>\n<div class=\"btn-wrap btn-wrap--mb\"><a href=\"https:\/\/www.iqpc.com\/events-global-ip-exchange-europe\" class=\"btn on-grey\" target=\"_blank\"><span>EN SAVOIR PLUS<\/span><\/a><\/div>\n","protected":false},"excerpt":{"rendered":"<p>HGF parraine le 13e Global IP Exchange Europe annuel, qui se d\u00e9roulera les 7 et 8 mars 2022 \u00e0 Berlin, en Allemagne. Global IP Exchange Europe est un \u00e9v\u00e9nement de &hellip;<\/p>\n","protected":false},"author":315,"featured_media":9004111222133988,"comment_status":"closed","ping_status":"closed","sticky":false,"template":"","format":"standard","meta":{"_acf_changed":false,"footnotes":""},"categories":[545,517,543],"tags":[],"class_list":["post-9004111222137257","post","type-post","status-publish","format-standard","has-post-thumbnail","hentry","category-autres-evenements","category-centre-de-connaissances","category-evenements"],"acf":[],"yoast_head":"<!-- This site is optimized with the Yoast SEO Premium plugin v27.4 (Yoast SEO v27.4) - https:\/\/yoast.com\/product\/yoast-seo-premium-wordpress\/ -->\n<title>IQPC global exchange europe 2022 - HGF<\/title>\n<meta name=\"robots\" content=\"index, follow, max-snippet:-1, max-image-preview:large, max-video-preview:-1\" \/>\n<link rel=\"canonical\" href=\"https:\/\/www.hgf.com\/fr\/centre-de-connaissances\/evenements\/iqpc-global-exchange-europe-2022\/\" \/>\n<meta property=\"og:locale\" content=\"fr_FR\" \/>\n<meta property=\"og:type\" content=\"article\" \/>\n<meta property=\"og:title\" content=\"IQPC global exchange europe 2022\" \/>\n<meta property=\"og:description\" content=\"HGF parraine le 13e Global IP Exchange Europe annuel, qui se d\u00e9roulera les 7 et 8 mars 2022 \u00e0 Berlin, en Allemagne. Global IP Exchange Europe est un\" \/>\n<meta property=\"og:url\" content=\"https:\/\/www.hgf.com\/fr\/centre-de-connaissances\/evenements\/iqpc-global-exchange-europe-2022\/\" \/>\n<meta property=\"og:site_name\" content=\"HGF\" \/>\n<meta property=\"article:published_time\" content=\"2022-02-21T14:19:07+00:00\" \/>\n<meta property=\"article:modified_time\" content=\"2025-11-13T20:11:36+00:00\" \/>\n<meta property=\"og:image\" content=\"https:\/\/www.hgf.com\/wp-content\/uploads\/2023\/02\/hgf-logo.jpg\" \/>\n\t<meta property=\"og:image:width\" content=\"1920\" \/>\n\t<meta property=\"og:image:height\" content=\"1080\" \/>\n\t<meta property=\"og:image:type\" content=\"image\/jpeg\" \/>\n<meta name=\"author\" content=\"Akvil\u0117 Lukauskaite\" \/>\n<meta name=\"twitter:card\" content=\"summary_large_image\" \/>\n<meta name=\"twitter:creator\" content=\"@behrooz@tall.agency\" \/>\n<meta name=\"twitter:site\" content=\"@hgf_ip\" \/>\n<meta name=\"twitter:label1\" content=\"\u00c9crit par\" \/>\n\t<meta name=\"twitter:data1\" content=\"Akvil\u0117 Lukauskaite\" \/>\n\t<meta name=\"twitter:label2\" content=\"Dur\u00e9e de lecture estim\u00e9e\" \/>\n\t<meta name=\"twitter:data2\" content=\"2 minutes\" \/>\n<script type=\"application\/ld+json\" class=\"yoast-schema-graph\">{\"@context\":\"https:\\\/\\\/schema.org\",\"@graph\":[{\"@type\":\"Article\",\"@id\":\"https:\\\/\\\/www.hgf.com\\\/fr\\\/centre-de-connaissances\\\/evenements\\\/iqpc-global-exchange-europe-2022\\\/#article\",\"isPartOf\":{\"@id\":\"https:\\\/\\\/www.hgf.com\\\/fr\\\/centre-de-connaissances\\\/evenements\\\/iqpc-global-exchange-europe-2022\\\/\"},\"author\":{\"name\":\"Akvil\u0117 Lukauskaite\",\"@id\":\"https:\\\/\\\/www.hgf.com\\\/fr\\\/#\\\/schema\\\/person\\\/e6343663c5ee3e1ccea20cd220f97f30\"},\"headline\":\"IQPC global exchange europe 2022\",\"datePublished\":\"2022-02-21T14:19:07+00:00\",\"dateModified\":\"2025-11-13T20:11:36+00:00\",\"mainEntityOfPage\":{\"@id\":\"https:\\\/\\\/www.hgf.com\\\/fr\\\/centre-de-connaissances\\\/evenements\\\/iqpc-global-exchange-europe-2022\\\/\"},\"wordCount\":345,\"publisher\":{\"@id\":\"https:\\\/\\\/www.hgf.com\\\/fr\\\/#organization\"},\"image\":{\"@id\":\"https:\\\/\\\/www.hgf.com\\\/fr\\\/centre-de-connaissances\\\/evenements\\\/iqpc-global-exchange-europe-2022\\\/#primaryimage\"},\"thumbnailUrl\":\"https:\\\/\\\/www.hgf.com\\\/wp-content\\\/uploads\\\/2023\\\/02\\\/hgf-logo.jpg\",\"articleSection\":[\"Autres \u00e9v\u00e9nements\",\"Centre de connaissances\",\"\u00c9v\u00e9nements\"],\"inLanguage\":\"fr-FR\"},{\"@type\":\"WebPage\",\"@id\":\"https:\\\/\\\/www.hgf.com\\\/fr\\\/centre-de-connaissances\\\/evenements\\\/iqpc-global-exchange-europe-2022\\\/\",\"url\":\"https:\\\/\\\/www.hgf.com\\\/fr\\\/centre-de-connaissances\\\/evenements\\\/iqpc-global-exchange-europe-2022\\\/\",\"name\":\"IQPC global exchange europe 2022 - HGF\",\"isPartOf\":{\"@id\":\"https:\\\/\\\/www.hgf.com\\\/fr\\\/#website\"},\"primaryImageOfPage\":{\"@id\":\"https:\\\/\\\/www.hgf.com\\\/fr\\\/centre-de-connaissances\\\/evenements\\\/iqpc-global-exchange-europe-2022\\\/#primaryimage\"},\"image\":{\"@id\":\"https:\\\/\\\/www.hgf.com\\\/fr\\\/centre-de-connaissances\\\/evenements\\\/iqpc-global-exchange-europe-2022\\\/#primaryimage\"},\"thumbnailUrl\":\"https:\\\/\\\/www.hgf.com\\\/wp-content\\\/uploads\\\/2023\\\/02\\\/hgf-logo.jpg\",\"datePublished\":\"2022-02-21T14:19:07+00:00\",\"dateModified\":\"2025-11-13T20:11:36+00:00\",\"inLanguage\":\"fr-FR\",\"potentialAction\":[{\"@type\":\"ReadAction\",\"target\":[\"https:\\\/\\\/www.hgf.com\\\/fr\\\/centre-de-connaissances\\\/evenements\\\/iqpc-global-exchange-europe-2022\\\/\"]}]},{\"@type\":\"ImageObject\",\"inLanguage\":\"fr-FR\",\"@id\":\"https:\\\/\\\/www.hgf.com\\\/fr\\\/centre-de-connaissances\\\/evenements\\\/iqpc-global-exchange-europe-2022\\\/#primaryimage\",\"url\":\"https:\\\/\\\/www.hgf.com\\\/wp-content\\\/uploads\\\/2023\\\/02\\\/hgf-logo.jpg\",\"contentUrl\":\"https:\\\/\\\/www.hgf.com\\\/wp-content\\\/uploads\\\/2023\\\/02\\\/hgf-logo.jpg\",\"width\":1920,\"height\":1080},{\"@type\":\"WebSite\",\"@id\":\"https:\\\/\\\/www.hgf.com\\\/fr\\\/#website\",\"url\":\"https:\\\/\\\/www.hgf.com\\\/fr\\\/\",\"name\":\"HGF\",\"description\":\"Intellectual Property Rights specialists\",\"publisher\":{\"@id\":\"https:\\\/\\\/www.hgf.com\\\/fr\\\/#organization\"},\"potentialAction\":[{\"@type\":\"SearchAction\",\"target\":{\"@type\":\"EntryPoint\",\"urlTemplate\":\"https:\\\/\\\/www.hgf.com\\\/fr\\\/?s={search_term_string}\"},\"query-input\":{\"@type\":\"PropertyValueSpecification\",\"valueRequired\":true,\"valueName\":\"search_term_string\"}}],\"inLanguage\":\"fr-FR\"},{\"@type\":\"Organization\",\"@id\":\"https:\\\/\\\/www.hgf.com\\\/fr\\\/#organization\",\"name\":\"HGF\",\"url\":\"https:\\\/\\\/www.hgf.com\\\/fr\\\/\",\"logo\":{\"@type\":\"ImageObject\",\"inLanguage\":\"fr-FR\",\"@id\":\"https:\\\/\\\/www.hgf.com\\\/fr\\\/#\\\/schema\\\/logo\\\/image\\\/\",\"url\":\"https:\\\/\\\/www.hgf.com\\\/wp-content\\\/uploads\\\/2023\\\/04\\\/hgf-logo-696x696-1.png\",\"contentUrl\":\"https:\\\/\\\/www.hgf.com\\\/wp-content\\\/uploads\\\/2023\\\/04\\\/hgf-logo-696x696-1.png\",\"width\":696,\"height\":696,\"caption\":\"HGF\"},\"image\":{\"@id\":\"https:\\\/\\\/www.hgf.com\\\/fr\\\/#\\\/schema\\\/logo\\\/image\\\/\"},\"sameAs\":[\"https:\\\/\\\/x.com\\\/hgf_ip\",\"https:\\\/\\\/www.linkedin.com\\\/company\\\/hgf-limited-intellectual-property-specialists\\\/\"]},{\"@type\":\"Person\",\"@id\":\"https:\\\/\\\/www.hgf.com\\\/fr\\\/#\\\/schema\\\/person\\\/e6343663c5ee3e1ccea20cd220f97f30\",\"name\":\"Akvil\u0117 Lukauskaite\",\"image\":{\"@type\":\"ImageObject\",\"inLanguage\":\"fr-FR\",\"@id\":\"https:\\\/\\\/secure.gravatar.com\\\/avatar\\\/d9cf1622c8c99b4c7573ba733a04f6352d3557803ca19afd3e4aafc94d9bc0b8?s=96&d=mm&r=g\",\"url\":\"https:\\\/\\\/secure.gravatar.com\\\/avatar\\\/d9cf1622c8c99b4c7573ba733a04f6352d3557803ca19afd3e4aafc94d9bc0b8?s=96&d=mm&r=g\",\"contentUrl\":\"https:\\\/\\\/secure.gravatar.com\\\/avatar\\\/d9cf1622c8c99b4c7573ba733a04f6352d3557803ca19afd3e4aafc94d9bc0b8?s=96&d=mm&r=g\",\"caption\":\"Akvil\u0117 Lukauskaite\"},\"sameAs\":[\"https:\\\/\\\/x.com\\\/behrooz@tall.agency\",\"Behrooz Saeed\"]}]}<\/script>\n<!-- \/ Yoast SEO Premium plugin. -->","yoast_head_json":{"title":"IQPC global exchange europe 2022 - HGF","robots":{"index":"index","follow":"follow","max-snippet":"max-snippet:-1","max-image-preview":"max-image-preview:large","max-video-preview":"max-video-preview:-1"},"canonical":"https:\/\/www.hgf.com\/fr\/centre-de-connaissances\/evenements\/iqpc-global-exchange-europe-2022\/","og_locale":"fr_FR","og_type":"article","og_title":"IQPC global exchange europe 2022","og_description":"HGF parraine le 13e Global IP Exchange Europe annuel, qui se d\u00e9roulera les 7 et 8 mars 2022 \u00e0 Berlin, en Allemagne. Global IP Exchange Europe est un","og_url":"https:\/\/www.hgf.com\/fr\/centre-de-connaissances\/evenements\/iqpc-global-exchange-europe-2022\/","og_site_name":"HGF","article_published_time":"2022-02-21T14:19:07+00:00","article_modified_time":"2025-11-13T20:11:36+00:00","og_image":[{"width":1920,"height":1080,"url":"https:\/\/www.hgf.com\/wp-content\/uploads\/2023\/02\/hgf-logo.jpg","type":"image\/jpeg"}],"author":"Akvil\u0117 Lukauskaite","twitter_card":"summary_large_image","twitter_creator":"@behrooz@tall.agency","twitter_site":"@hgf_ip","twitter_misc":{"\u00c9crit par":"Akvil\u0117 Lukauskaite","Dur\u00e9e de lecture estim\u00e9e":"2 minutes"},"schema":{"@context":"https:\/\/schema.org","@graph":[{"@type":"Article","@id":"https:\/\/www.hgf.com\/fr\/centre-de-connaissances\/evenements\/iqpc-global-exchange-europe-2022\/#article","isPartOf":{"@id":"https:\/\/www.hgf.com\/fr\/centre-de-connaissances\/evenements\/iqpc-global-exchange-europe-2022\/"},"author":{"name":"Akvil\u0117 Lukauskaite","@id":"https:\/\/www.hgf.com\/fr\/#\/schema\/person\/e6343663c5ee3e1ccea20cd220f97f30"},"headline":"IQPC global exchange europe 2022","datePublished":"2022-02-21T14:19:07+00:00","dateModified":"2025-11-13T20:11:36+00:00","mainEntityOfPage":{"@id":"https:\/\/www.hgf.com\/fr\/centre-de-connaissances\/evenements\/iqpc-global-exchange-europe-2022\/"},"wordCount":345,"publisher":{"@id":"https:\/\/www.hgf.com\/fr\/#organization"},"image":{"@id":"https:\/\/www.hgf.com\/fr\/centre-de-connaissances\/evenements\/iqpc-global-exchange-europe-2022\/#primaryimage"},"thumbnailUrl":"https:\/\/www.hgf.com\/wp-content\/uploads\/2023\/02\/hgf-logo.jpg","articleSection":["Autres \u00e9v\u00e9nements","Centre de connaissances","\u00c9v\u00e9nements"],"inLanguage":"fr-FR"},{"@type":"WebPage","@id":"https:\/\/www.hgf.com\/fr\/centre-de-connaissances\/evenements\/iqpc-global-exchange-europe-2022\/","url":"https:\/\/www.hgf.com\/fr\/centre-de-connaissances\/evenements\/iqpc-global-exchange-europe-2022\/","name":"IQPC global exchange europe 2022 - HGF","isPartOf":{"@id":"https:\/\/www.hgf.com\/fr\/#website"},"primaryImageOfPage":{"@id":"https:\/\/www.hgf.com\/fr\/centre-de-connaissances\/evenements\/iqpc-global-exchange-europe-2022\/#primaryimage"},"image":{"@id":"https:\/\/www.hgf.com\/fr\/centre-de-connaissances\/evenements\/iqpc-global-exchange-europe-2022\/#primaryimage"},"thumbnailUrl":"https:\/\/www.hgf.com\/wp-content\/uploads\/2023\/02\/hgf-logo.jpg","datePublished":"2022-02-21T14:19:07+00:00","dateModified":"2025-11-13T20:11:36+00:00","inLanguage":"fr-FR","potentialAction":[{"@type":"ReadAction","target":["https:\/\/www.hgf.com\/fr\/centre-de-connaissances\/evenements\/iqpc-global-exchange-europe-2022\/"]}]},{"@type":"ImageObject","inLanguage":"fr-FR","@id":"https:\/\/www.hgf.com\/fr\/centre-de-connaissances\/evenements\/iqpc-global-exchange-europe-2022\/#primaryimage","url":"https:\/\/www.hgf.com\/wp-content\/uploads\/2023\/02\/hgf-logo.jpg","contentUrl":"https:\/\/www.hgf.com\/wp-content\/uploads\/2023\/02\/hgf-logo.jpg","width":1920,"height":1080},{"@type":"WebSite","@id":"https:\/\/www.hgf.com\/fr\/#website","url":"https:\/\/www.hgf.com\/fr\/","name":"HGF","description":"Intellectual Property Rights specialists","publisher":{"@id":"https:\/\/www.hgf.com\/fr\/#organization"},"potentialAction":[{"@type":"SearchAction","target":{"@type":"EntryPoint","urlTemplate":"https:\/\/www.hgf.com\/fr\/?s={search_term_string}"},"query-input":{"@type":"PropertyValueSpecification","valueRequired":true,"valueName":"search_term_string"}}],"inLanguage":"fr-FR"},{"@type":"Organization","@id":"https:\/\/www.hgf.com\/fr\/#organization","name":"HGF","url":"https:\/\/www.hgf.com\/fr\/","logo":{"@type":"ImageObject","inLanguage":"fr-FR","@id":"https:\/\/www.hgf.com\/fr\/#\/schema\/logo\/image\/","url":"https:\/\/www.hgf.com\/wp-content\/uploads\/2023\/04\/hgf-logo-696x696-1.png","contentUrl":"https:\/\/www.hgf.com\/wp-content\/uploads\/2023\/04\/hgf-logo-696x696-1.png","width":696,"height":696,"caption":"HGF"},"image":{"@id":"https:\/\/www.hgf.com\/fr\/#\/schema\/logo\/image\/"},"sameAs":["https:\/\/x.com\/hgf_ip","https:\/\/www.linkedin.com\/company\/hgf-limited-intellectual-property-specialists\/"]},{"@type":"Person","@id":"https:\/\/www.hgf.com\/fr\/#\/schema\/person\/e6343663c5ee3e1ccea20cd220f97f30","name":"Akvil\u0117 Lukauskaite","image":{"@type":"ImageObject","inLanguage":"fr-FR","@id":"https:\/\/secure.gravatar.com\/avatar\/d9cf1622c8c99b4c7573ba733a04f6352d3557803ca19afd3e4aafc94d9bc0b8?s=96&d=mm&r=g","url":"https:\/\/secure.gravatar.com\/avatar\/d9cf1622c8c99b4c7573ba733a04f6352d3557803ca19afd3e4aafc94d9bc0b8?s=96&d=mm&r=g","contentUrl":"https:\/\/secure.gravatar.com\/avatar\/d9cf1622c8c99b4c7573ba733a04f6352d3557803ca19afd3e4aafc94d9bc0b8?s=96&d=mm&r=g","caption":"Akvil\u0117 Lukauskaite"},"sameAs":["https:\/\/x.com\/behrooz@tall.agency","Behrooz Saeed"]}]}},"_links":{"self":[{"href":"https:\/\/www.hgf.com\/fr\/wp-json\/wp\/v2\/posts\/9004111222137257","targetHints":{"allow":["GET"]}}],"collection":[{"href":"https:\/\/www.hgf.com\/fr\/wp-json\/wp\/v2\/posts"}],"about":[{"href":"https:\/\/www.hgf.com\/fr\/wp-json\/wp\/v2\/types\/post"}],"author":[{"embeddable":true,"href":"https:\/\/www.hgf.com\/fr\/wp-json\/wp\/v2\/users\/315"}],"replies":[{"embeddable":true,"href":"https:\/\/www.hgf.com\/fr\/wp-json\/wp\/v2\/comments?post=9004111222137257"}],"version-history":[{"count":0,"href":"https:\/\/www.hgf.com\/fr\/wp-json\/wp\/v2\/posts\/9004111222137257\/revisions"}],"wp:featuredmedia":[{"embeddable":true,"href":"https:\/\/www.hgf.com\/fr\/wp-json\/wp\/v2\/media\/9004111222133988"}],"wp:attachment":[{"href":"https:\/\/www.hgf.com\/fr\/wp-json\/wp\/v2\/media?parent=9004111222137257"}],"wp:term":[{"taxonomy":"category","embeddable":true,"href":"https:\/\/www.hgf.com\/fr\/wp-json\/wp\/v2\/categories?post=9004111222137257"},{"taxonomy":"post_tag","embeddable":true,"href":"https:\/\/www.hgf.com\/fr\/wp-json\/wp\/v2\/tags?post=9004111222137257"}],"curies":[{"name":"wp","href":"https:\/\/api.w.org\/{rel}","templated":true}]}}