{"id":9004111222137255,"date":"2022-02-10T16:45:12","date_gmt":"2022-02-10T16:45:12","guid":{"rendered":"https:\/\/www.hgf.com\/?p=9004111222137255"},"modified":"2026-04-01T11:39:42","modified_gmt":"2026-04-01T10:39:42","slug":"renvoi-a-la-grande-chambre-de-recours-de-loeb-concernant-le-droit-a-la-priorite","status":"publish","type":"post","link":"https:\/\/www.hgf.com\/fr\/centre-de-connaissances\/actualites-juridiques\/renvoi-a-la-grande-chambre-de-recours-de-loeb-concernant-le-droit-a-la-priorite\/","title":{"rendered":"Renvoi \u00e0 la Grande Chambre de recours de l&#8217;OEB concernant le &#8220;droit \u00e0 la priorit\u00e9&#8221;"},"content":{"rendered":"<p class=\"p__large\">Un renvoi a \u00e9t\u00e9 fait \u00e0 la Grande Chambre de recours (GCR) de l&#8217;OEB concernant le droit \u00e0 la priorit\u00e9. <a href=\"https:\/\/www.epo.org\/law-practice\/case-law-appeals\/recent\/t192719ex1.html\" target=\"_blank\" rel=\"noopener\">T 2719\/19<\/a> a \u00e9t\u00e9 consolid\u00e9 avec <a href=\"https:\/\/www.epo.org\/law-practice\/case-law-appeals\/recent\/t171513ex1.html\" target=\"_blank\" rel=\"noopener\">T 1513\/17<\/a> et les questions suivantes ont \u00e9t\u00e9 soumises \u00e0 la GCR :<\/p>\n<p><em>I. La CBE conf\u00e8re-t-elle \u00e0 l&#8217;OEB la comp\u00e9tence pour d\u00e9terminer si une partie revendique valablement \u00eatre un ayant cause comme mentionn\u00e9 \u00e0 l&#8217;article 87(1)(b) CBE ?<\/em><\/p>\n<p><em>II. Si la r\u00e9ponse \u00e0 la question I est affirmative : <\/em><\/p>\n<p><em>Une partie B peut-elle valablement se pr\u00e9valoir du droit de priorit\u00e9 revendiqu\u00e9 dans une demande PCT aux fins de revendiquer des droits de priorit\u00e9 en vertu de l&#8217;article 87(1) CBE dans le cas o\u00f9<\/em><\/p>\n<p><em>1. une demande PCT d\u00e9signe la partie A comme demandeur pour les \u00c9tats-Unis uniquement et la partie B comme demandeur pour d&#8217;autres \u00c9tats d\u00e9sign\u00e9s, y compris la protection par brevet europ\u00e9en r\u00e9gional et<\/em><\/p>\n<p><em>2. la demande PCT revendique la priorit\u00e9 d&#8217;une demande de brevet ant\u00e9rieure qui d\u00e9signe la partie A comme demandeur et<\/em><\/p>\n<p><em>3. la priorit\u00e9 revendiqu\u00e9e dans la demande PCT est conforme \u00e0 l&#8217;article 4 de la Convention de Paris ?<\/em><\/p>\n<h5>Contexte du renvoi<\/h5>\n<p>La demande de priorit\u00e9 am\u00e9ricaine US 60\/571444 (P1) a \u00e9t\u00e9 d\u00e9pos\u00e9e par 3 inventeurs demandeurs : R.P. Rother, H. Wang et Z. Zhong. Par la suite, une demande PCT a \u00e9t\u00e9 d\u00e9pos\u00e9e qui nommait R.P. Rother, H. Wang et Z. Zhong comme demandeurs pour les \u00c9tats-Unis, tandis qu&#8217;elle nommait Alexion Pharmaceuticals et l&#8217;Universit\u00e9 de Western Ontario comme demandeurs pour un brevet europ\u00e9en.<\/p>\n<p>Une cession des droits de priorit\u00e9 des inventeurs Wang et Zhong \u00e0 Alexion Pharmaceuticals ou \u00e0 l&#8217;Universit\u00e9 de Western Ontario n&#8217;avait pas eu lieu avant le d\u00e9p\u00f4t de la demande PCT ; seul le droit de priorit\u00e9 de l&#8217;inventeur Rother avait \u00e9t\u00e9 c\u00e9d\u00e9 \u00e0 Alexion Pharmaceuticals.<\/p>\n<p>La validit\u00e9 de la revendication de priorit\u00e9 a ensuite \u00e9t\u00e9 contest\u00e9e car Alexion Pharmaceuticals et l&#8217;Universit\u00e9 de Western Ontario n&#8217;\u00e9taient pas demandeurs ou ayants cause de la demande de priorit\u00e9 puisque Wang et Zhong n&#8217;avaient pas transf\u00e9r\u00e9 leur droit de priorit\u00e9 au moment du d\u00e9p\u00f4t.<\/p>\n<p>Cependant, Alexion a fait appel, arguant que lorsque les demandeurs d&#8217;une demande PCT n&#8217;\u00e9taient pas les m\u00eames pour tous les \u00c9tats d\u00e9sign\u00e9s, ils devraient n\u00e9anmoins \u00eatre consid\u00e9r\u00e9s comme des &#8220;codemandeurs&#8221;.<\/p>\n<p>L'&#8221;approche des codemandeurs&#8221; est celle o\u00f9 la partie A est demandeur pour la demande de priorit\u00e9 et les parties A et B sont demandeurs pour la demande ult\u00e9rieure dans laquelle le droit de priorit\u00e9 a \u00e9t\u00e9 invoqu\u00e9. La partie B peut b\u00e9n\u00e9ficier du droit de priorit\u00e9 auquel leur codemandeur, la partie A, avait droit. Un transfert s\u00e9par\u00e9 du droit de priorit\u00e9 \u00e0 la partie B n&#8217;\u00e9tait pas n\u00e9cessaire. L&#8217;approche des codemandeurs a \u00e9t\u00e9 d\u00e9velopp\u00e9e dans la jurisprudence de l&#8217;OEB et est d\u00e9crite dans l&#8217;<a href=\"https:\/\/www.epo.org\/law-practice\/legal-texts\/html\/epc\/2016\/e\/ar118.html\" target=\"_blank\" rel=\"noopener\">article 118<\/a> :<\/p>\n<p><em>&#8220;Lorsque les demandeurs ou les titulaires d&#8217;un brevet europ\u00e9en ne sont pas les m\u00eames pour diff\u00e9rents \u00c9tats contractants d\u00e9sign\u00e9s, ils sont consid\u00e9r\u00e9s comme codemandeurs ou copropri\u00e9taires aux fins de la proc\u00e9dure devant l&#8217;Office europ\u00e9en des brevets. L&#8217;unicit\u00e9 de la demande ou du brevet au cours de cette proc\u00e9dure n&#8217;en est pas affect\u00e9e ; en particulier, le texte de la demande ou du brevet doit \u00eatre uniforme pour tous les \u00c9tats contractants d\u00e9sign\u00e9s, \u00e0 moins que la pr\u00e9sente convention n&#8217;en dispose autrement.&#8221;<\/em><\/p>\n<p>L&#8217;argument d&#8217;Alexion \u00e9tait que l&#8217;approche des codemandeurs devrait \u00e9galement s&#8217;appliquer aux demandes PCT. C&#8217;est-\u00e0-dire qu&#8217;Alexion estimait qu&#8217;eux-m\u00eames, l&#8217;Universit\u00e9 de Western Ontario, Rother, Wang et Zhong \u00e9taient tous codemandeurs de la demande PCT.<\/p>\n<p>La Chambre de recours a particuli\u00e8rement not\u00e9 une pratique divergente concernant l&#8217;approche des codemandeurs PCT et un certain nombre de cas dans lesquels la validit\u00e9 de l&#8217;approche des codemandeurs PCT \u00e9tait ou avait \u00e9t\u00e9 contest\u00e9e (T 2749\/18, T 2842\/18, T 1837\/19 et T 845\/19). La Chambre de recours a conclu que la question \u00e9tait un point de droit d&#8217;importance fondamentale et m\u00e9ritait donc un renvoi \u00e0 la Grande Chambre de recours pour obtenir des orientations sur la question de la priorit\u00e9. Il est int\u00e9ressant de noter que les questions renvoy\u00e9es comprenaient une question sur la comp\u00e9tence m\u00eame de l&#8217;OEB pour d\u00e9terminer les questions de cession du droit de priorit\u00e9, car la Chambre de recours estimait \u00e9galement qu&#8217;il \u00e9tait n\u00e9cessaire de clarifier cette question.<\/p>\n<hr \/>\n<p class=\"p__large p__medium\">Cette mise \u00e0 jour a \u00e9t\u00e9 pr\u00e9par\u00e9e par le responsable des normes professionnelles de HGF, Dr Edward Pullicino.<\/p>\n","protected":false},"excerpt":{"rendered":"<p>Un renvoi a \u00e9t\u00e9 fait \u00e0 la Grande Chambre de recours (GCR) de l&#8217;OEB concernant le droit \u00e0 la priorit\u00e9. T 2719\/19 a \u00e9t\u00e9 consolid\u00e9 avec T 1513\/17 et les &hellip;<\/p>\n","protected":false},"author":315,"featured_media":9004111222139205,"comment_status":"closed","ping_status":"closed","sticky":false,"template":"","format":"standard","meta":{"_acf_changed":false,"footnotes":""},"categories":[548,517],"tags":[],"class_list":["post-9004111222137255","post","type-post","status-publish","format-standard","has-post-thumbnail","hentry","category-actualites-juridiques","category-centre-de-connaissances"],"acf":[],"yoast_head":"<!-- This site is optimized with the Yoast SEO Premium plugin v27.5 (Yoast SEO v27.5) - https:\/\/yoast.com\/product\/yoast-seo-premium-wordpress\/ -->\n<title>Renvoi \u00e0 la Grande Chambre de recours de l&#039;OEB concernant le &quot;droit \u00e0 la priorit\u00e9&quot; - HGF<\/title>\n<meta name=\"robots\" content=\"index, follow, max-snippet:-1, max-image-preview:large, max-video-preview:-1\" \/>\n<link rel=\"canonical\" href=\"https:\/\/www.hgf.com\/fr\/centre-de-connaissances\/actualites-juridiques\/renvoi-a-la-grande-chambre-de-recours-de-loeb-concernant-le-droit-a-la-priorite\/\" \/>\n<meta property=\"og:locale\" content=\"fr_FR\" \/>\n<meta property=\"og:type\" content=\"article\" \/>\n<meta property=\"og:title\" content=\"Renvoi \u00e0 la Grande Chambre de recours de l&#039;OEB concernant le &quot;droit \u00e0 la priorit\u00e9&quot;\" \/>\n<meta property=\"og:description\" content=\"Un renvoi a \u00e9t\u00e9 fait \u00e0 la Grande Chambre de recours (GCR) de l&#039;OEB concernant le droit \u00e0 la priorit\u00e9. T 2719\/19 a \u00e9t\u00e9 consolid\u00e9 avec T 1513\/17 et les\" \/>\n<meta property=\"og:url\" content=\"https:\/\/www.hgf.com\/fr\/centre-de-connaissances\/actualites-juridiques\/renvoi-a-la-grande-chambre-de-recours-de-loeb-concernant-le-droit-a-la-priorite\/\" \/>\n<meta property=\"og:site_name\" content=\"HGF\" \/>\n<meta property=\"article:published_time\" content=\"2022-02-10T16:45:12+00:00\" \/>\n<meta property=\"article:modified_time\" content=\"2026-04-01T10:39:42+00:00\" \/>\n<meta property=\"og:image\" content=\"https:\/\/www.hgf.com\/wp-content\/uploads\/2020\/06\/Untitled-design-41.jpg\" \/>\n\t<meta property=\"og:image:width\" content=\"1920\" \/>\n\t<meta property=\"og:image:height\" content=\"1080\" \/>\n\t<meta property=\"og:image:type\" content=\"image\/jpeg\" \/>\n<meta name=\"author\" content=\"Akvil\u0117 Lukauskaite\" \/>\n<meta name=\"twitter:card\" content=\"summary_large_image\" \/>\n<meta name=\"twitter:creator\" content=\"@behrooz@tall.agency\" \/>\n<meta name=\"twitter:site\" content=\"@hgf_ip\" \/>\n<meta name=\"twitter:label1\" content=\"\u00c9crit par\" \/>\n\t<meta name=\"twitter:data1\" content=\"Akvil\u0117 Lukauskaite\" \/>\n\t<meta name=\"twitter:label2\" content=\"Dur\u00e9e de lecture estim\u00e9e\" \/>\n\t<meta name=\"twitter:data2\" content=\"4 minutes\" \/>\n<script type=\"application\/ld+json\" class=\"yoast-schema-graph\">{\"@context\":\"https:\\\/\\\/schema.org\",\"@graph\":[{\"@type\":\"Article\",\"@id\":\"https:\\\/\\\/www.hgf.com\\\/fr\\\/centre-de-connaissances\\\/actualites-juridiques\\\/renvoi-a-la-grande-chambre-de-recours-de-loeb-concernant-le-droit-a-la-priorite\\\/#article\",\"isPartOf\":{\"@id\":\"https:\\\/\\\/www.hgf.com\\\/fr\\\/centre-de-connaissances\\\/actualites-juridiques\\\/renvoi-a-la-grande-chambre-de-recours-de-loeb-concernant-le-droit-a-la-priorite\\\/\"},\"author\":{\"name\":\"Akvil\u0117 Lukauskaite\",\"@id\":\"https:\\\/\\\/www.hgf.com\\\/fr\\\/#\\\/schema\\\/person\\\/e6343663c5ee3e1ccea20cd220f97f30\"},\"headline\":\"Renvoi \u00e0 la Grande Chambre de recours de l&#8217;OEB concernant le &#8220;droit \u00e0 la priorit\u00e9&#8221;\",\"datePublished\":\"2022-02-10T16:45:12+00:00\",\"dateModified\":\"2026-04-01T10:39:42+00:00\",\"mainEntityOfPage\":{\"@id\":\"https:\\\/\\\/www.hgf.com\\\/fr\\\/centre-de-connaissances\\\/actualites-juridiques\\\/renvoi-a-la-grande-chambre-de-recours-de-loeb-concernant-le-droit-a-la-priorite\\\/\"},\"wordCount\":796,\"publisher\":{\"@id\":\"https:\\\/\\\/www.hgf.com\\\/fr\\\/#organization\"},\"image\":{\"@id\":\"https:\\\/\\\/www.hgf.com\\\/fr\\\/centre-de-connaissances\\\/actualites-juridiques\\\/renvoi-a-la-grande-chambre-de-recours-de-loeb-concernant-le-droit-a-la-priorite\\\/#primaryimage\"},\"thumbnailUrl\":\"https:\\\/\\\/www.hgf.com\\\/wp-content\\\/uploads\\\/2020\\\/06\\\/Untitled-design-41.jpg\",\"articleSection\":[\"Actualit\u00e9s juridiques\",\"Centre de connaissances\"],\"inLanguage\":\"fr-FR\"},{\"@type\":\"WebPage\",\"@id\":\"https:\\\/\\\/www.hgf.com\\\/fr\\\/centre-de-connaissances\\\/actualites-juridiques\\\/renvoi-a-la-grande-chambre-de-recours-de-loeb-concernant-le-droit-a-la-priorite\\\/\",\"url\":\"https:\\\/\\\/www.hgf.com\\\/fr\\\/centre-de-connaissances\\\/actualites-juridiques\\\/renvoi-a-la-grande-chambre-de-recours-de-loeb-concernant-le-droit-a-la-priorite\\\/\",\"name\":\"Renvoi \u00e0 la Grande Chambre de recours de l'OEB concernant le \\\"droit \u00e0 la priorit\u00e9\\\" - HGF\",\"isPartOf\":{\"@id\":\"https:\\\/\\\/www.hgf.com\\\/fr\\\/#website\"},\"primaryImageOfPage\":{\"@id\":\"https:\\\/\\\/www.hgf.com\\\/fr\\\/centre-de-connaissances\\\/actualites-juridiques\\\/renvoi-a-la-grande-chambre-de-recours-de-loeb-concernant-le-droit-a-la-priorite\\\/#primaryimage\"},\"image\":{\"@id\":\"https:\\\/\\\/www.hgf.com\\\/fr\\\/centre-de-connaissances\\\/actualites-juridiques\\\/renvoi-a-la-grande-chambre-de-recours-de-loeb-concernant-le-droit-a-la-priorite\\\/#primaryimage\"},\"thumbnailUrl\":\"https:\\\/\\\/www.hgf.com\\\/wp-content\\\/uploads\\\/2020\\\/06\\\/Untitled-design-41.jpg\",\"datePublished\":\"2022-02-10T16:45:12+00:00\",\"dateModified\":\"2026-04-01T10:39:42+00:00\",\"inLanguage\":\"fr-FR\",\"potentialAction\":[{\"@type\":\"ReadAction\",\"target\":[\"https:\\\/\\\/www.hgf.com\\\/fr\\\/centre-de-connaissances\\\/actualites-juridiques\\\/renvoi-a-la-grande-chambre-de-recours-de-loeb-concernant-le-droit-a-la-priorite\\\/\"]}]},{\"@type\":\"ImageObject\",\"inLanguage\":\"fr-FR\",\"@id\":\"https:\\\/\\\/www.hgf.com\\\/fr\\\/centre-de-connaissances\\\/actualites-juridiques\\\/renvoi-a-la-grande-chambre-de-recours-de-loeb-concernant-le-droit-a-la-priorite\\\/#primaryimage\",\"url\":\"https:\\\/\\\/www.hgf.com\\\/wp-content\\\/uploads\\\/2020\\\/06\\\/Untitled-design-41.jpg\",\"contentUrl\":\"https:\\\/\\\/www.hgf.com\\\/wp-content\\\/uploads\\\/2020\\\/06\\\/Untitled-design-41.jpg\",\"width\":1920,\"height\":1080},{\"@type\":\"WebSite\",\"@id\":\"https:\\\/\\\/www.hgf.com\\\/fr\\\/#website\",\"url\":\"https:\\\/\\\/www.hgf.com\\\/fr\\\/\",\"name\":\"HGF\",\"description\":\"Intellectual Property Rights specialists\",\"publisher\":{\"@id\":\"https:\\\/\\\/www.hgf.com\\\/fr\\\/#organization\"},\"potentialAction\":[{\"@type\":\"SearchAction\",\"target\":{\"@type\":\"EntryPoint\",\"urlTemplate\":\"https:\\\/\\\/www.hgf.com\\\/fr\\\/?s={search_term_string}\"},\"query-input\":{\"@type\":\"PropertyValueSpecification\",\"valueRequired\":true,\"valueName\":\"search_term_string\"}}],\"inLanguage\":\"fr-FR\"},{\"@type\":\"Organization\",\"@id\":\"https:\\\/\\\/www.hgf.com\\\/fr\\\/#organization\",\"name\":\"HGF\",\"url\":\"https:\\\/\\\/www.hgf.com\\\/fr\\\/\",\"logo\":{\"@type\":\"ImageObject\",\"inLanguage\":\"fr-FR\",\"@id\":\"https:\\\/\\\/www.hgf.com\\\/fr\\\/#\\\/schema\\\/logo\\\/image\\\/\",\"url\":\"https:\\\/\\\/www.hgf.com\\\/wp-content\\\/uploads\\\/2023\\\/04\\\/hgf-logo-696x696-1.png\",\"contentUrl\":\"https:\\\/\\\/www.hgf.com\\\/wp-content\\\/uploads\\\/2023\\\/04\\\/hgf-logo-696x696-1.png\",\"width\":696,\"height\":696,\"caption\":\"HGF\"},\"image\":{\"@id\":\"https:\\\/\\\/www.hgf.com\\\/fr\\\/#\\\/schema\\\/logo\\\/image\\\/\"},\"sameAs\":[\"https:\\\/\\\/x.com\\\/hgf_ip\",\"https:\\\/\\\/www.linkedin.com\\\/company\\\/hgf-limited-intellectual-property-specialists\\\/\"]},{\"@type\":\"Person\",\"@id\":\"https:\\\/\\\/www.hgf.com\\\/fr\\\/#\\\/schema\\\/person\\\/e6343663c5ee3e1ccea20cd220f97f30\",\"name\":\"Akvil\u0117 Lukauskaite\",\"image\":{\"@type\":\"ImageObject\",\"inLanguage\":\"fr-FR\",\"@id\":\"https:\\\/\\\/secure.gravatar.com\\\/avatar\\\/d9cf1622c8c99b4c7573ba733a04f6352d3557803ca19afd3e4aafc94d9bc0b8?s=96&d=mm&r=g\",\"url\":\"https:\\\/\\\/secure.gravatar.com\\\/avatar\\\/d9cf1622c8c99b4c7573ba733a04f6352d3557803ca19afd3e4aafc94d9bc0b8?s=96&d=mm&r=g\",\"contentUrl\":\"https:\\\/\\\/secure.gravatar.com\\\/avatar\\\/d9cf1622c8c99b4c7573ba733a04f6352d3557803ca19afd3e4aafc94d9bc0b8?s=96&d=mm&r=g\",\"caption\":\"Akvil\u0117 Lukauskaite\"},\"sameAs\":[\"https:\\\/\\\/x.com\\\/behrooz@tall.agency\",\"Behrooz Saeed\"]}]}<\/script>\n<!-- \/ Yoast SEO Premium plugin. -->","yoast_head_json":{"title":"Renvoi \u00e0 la Grande Chambre de recours de l'OEB concernant le \"droit \u00e0 la priorit\u00e9\" - HGF","robots":{"index":"index","follow":"follow","max-snippet":"max-snippet:-1","max-image-preview":"max-image-preview:large","max-video-preview":"max-video-preview:-1"},"canonical":"https:\/\/www.hgf.com\/fr\/centre-de-connaissances\/actualites-juridiques\/renvoi-a-la-grande-chambre-de-recours-de-loeb-concernant-le-droit-a-la-priorite\/","og_locale":"fr_FR","og_type":"article","og_title":"Renvoi \u00e0 la Grande Chambre de recours de l'OEB concernant le \"droit \u00e0 la priorit\u00e9\"","og_description":"Un renvoi a \u00e9t\u00e9 fait \u00e0 la Grande Chambre de recours (GCR) de l'OEB concernant le droit \u00e0 la priorit\u00e9. T 2719\/19 a \u00e9t\u00e9 consolid\u00e9 avec T 1513\/17 et les","og_url":"https:\/\/www.hgf.com\/fr\/centre-de-connaissances\/actualites-juridiques\/renvoi-a-la-grande-chambre-de-recours-de-loeb-concernant-le-droit-a-la-priorite\/","og_site_name":"HGF","article_published_time":"2022-02-10T16:45:12+00:00","article_modified_time":"2026-04-01T10:39:42+00:00","og_image":[{"width":1920,"height":1080,"url":"https:\/\/www.hgf.com\/wp-content\/uploads\/2020\/06\/Untitled-design-41.jpg","type":"image\/jpeg"}],"author":"Akvil\u0117 Lukauskaite","twitter_card":"summary_large_image","twitter_creator":"@behrooz@tall.agency","twitter_site":"@hgf_ip","twitter_misc":{"\u00c9crit par":"Akvil\u0117 Lukauskaite","Dur\u00e9e de lecture estim\u00e9e":"4 minutes"},"schema":{"@context":"https:\/\/schema.org","@graph":[{"@type":"Article","@id":"https:\/\/www.hgf.com\/fr\/centre-de-connaissances\/actualites-juridiques\/renvoi-a-la-grande-chambre-de-recours-de-loeb-concernant-le-droit-a-la-priorite\/#article","isPartOf":{"@id":"https:\/\/www.hgf.com\/fr\/centre-de-connaissances\/actualites-juridiques\/renvoi-a-la-grande-chambre-de-recours-de-loeb-concernant-le-droit-a-la-priorite\/"},"author":{"name":"Akvil\u0117 Lukauskaite","@id":"https:\/\/www.hgf.com\/fr\/#\/schema\/person\/e6343663c5ee3e1ccea20cd220f97f30"},"headline":"Renvoi \u00e0 la Grande Chambre de recours de l&#8217;OEB concernant le &#8220;droit \u00e0 la priorit\u00e9&#8221;","datePublished":"2022-02-10T16:45:12+00:00","dateModified":"2026-04-01T10:39:42+00:00","mainEntityOfPage":{"@id":"https:\/\/www.hgf.com\/fr\/centre-de-connaissances\/actualites-juridiques\/renvoi-a-la-grande-chambre-de-recours-de-loeb-concernant-le-droit-a-la-priorite\/"},"wordCount":796,"publisher":{"@id":"https:\/\/www.hgf.com\/fr\/#organization"},"image":{"@id":"https:\/\/www.hgf.com\/fr\/centre-de-connaissances\/actualites-juridiques\/renvoi-a-la-grande-chambre-de-recours-de-loeb-concernant-le-droit-a-la-priorite\/#primaryimage"},"thumbnailUrl":"https:\/\/www.hgf.com\/wp-content\/uploads\/2020\/06\/Untitled-design-41.jpg","articleSection":["Actualit\u00e9s juridiques","Centre de connaissances"],"inLanguage":"fr-FR"},{"@type":"WebPage","@id":"https:\/\/www.hgf.com\/fr\/centre-de-connaissances\/actualites-juridiques\/renvoi-a-la-grande-chambre-de-recours-de-loeb-concernant-le-droit-a-la-priorite\/","url":"https:\/\/www.hgf.com\/fr\/centre-de-connaissances\/actualites-juridiques\/renvoi-a-la-grande-chambre-de-recours-de-loeb-concernant-le-droit-a-la-priorite\/","name":"Renvoi \u00e0 la Grande Chambre de recours de l'OEB concernant le \"droit \u00e0 la priorit\u00e9\" - HGF","isPartOf":{"@id":"https:\/\/www.hgf.com\/fr\/#website"},"primaryImageOfPage":{"@id":"https:\/\/www.hgf.com\/fr\/centre-de-connaissances\/actualites-juridiques\/renvoi-a-la-grande-chambre-de-recours-de-loeb-concernant-le-droit-a-la-priorite\/#primaryimage"},"image":{"@id":"https:\/\/www.hgf.com\/fr\/centre-de-connaissances\/actualites-juridiques\/renvoi-a-la-grande-chambre-de-recours-de-loeb-concernant-le-droit-a-la-priorite\/#primaryimage"},"thumbnailUrl":"https:\/\/www.hgf.com\/wp-content\/uploads\/2020\/06\/Untitled-design-41.jpg","datePublished":"2022-02-10T16:45:12+00:00","dateModified":"2026-04-01T10:39:42+00:00","inLanguage":"fr-FR","potentialAction":[{"@type":"ReadAction","target":["https:\/\/www.hgf.com\/fr\/centre-de-connaissances\/actualites-juridiques\/renvoi-a-la-grande-chambre-de-recours-de-loeb-concernant-le-droit-a-la-priorite\/"]}]},{"@type":"ImageObject","inLanguage":"fr-FR","@id":"https:\/\/www.hgf.com\/fr\/centre-de-connaissances\/actualites-juridiques\/renvoi-a-la-grande-chambre-de-recours-de-loeb-concernant-le-droit-a-la-priorite\/#primaryimage","url":"https:\/\/www.hgf.com\/wp-content\/uploads\/2020\/06\/Untitled-design-41.jpg","contentUrl":"https:\/\/www.hgf.com\/wp-content\/uploads\/2020\/06\/Untitled-design-41.jpg","width":1920,"height":1080},{"@type":"WebSite","@id":"https:\/\/www.hgf.com\/fr\/#website","url":"https:\/\/www.hgf.com\/fr\/","name":"HGF","description":"Intellectual Property Rights specialists","publisher":{"@id":"https:\/\/www.hgf.com\/fr\/#organization"},"potentialAction":[{"@type":"SearchAction","target":{"@type":"EntryPoint","urlTemplate":"https:\/\/www.hgf.com\/fr\/?s={search_term_string}"},"query-input":{"@type":"PropertyValueSpecification","valueRequired":true,"valueName":"search_term_string"}}],"inLanguage":"fr-FR"},{"@type":"Organization","@id":"https:\/\/www.hgf.com\/fr\/#organization","name":"HGF","url":"https:\/\/www.hgf.com\/fr\/","logo":{"@type":"ImageObject","inLanguage":"fr-FR","@id":"https:\/\/www.hgf.com\/fr\/#\/schema\/logo\/image\/","url":"https:\/\/www.hgf.com\/wp-content\/uploads\/2023\/04\/hgf-logo-696x696-1.png","contentUrl":"https:\/\/www.hgf.com\/wp-content\/uploads\/2023\/04\/hgf-logo-696x696-1.png","width":696,"height":696,"caption":"HGF"},"image":{"@id":"https:\/\/www.hgf.com\/fr\/#\/schema\/logo\/image\/"},"sameAs":["https:\/\/x.com\/hgf_ip","https:\/\/www.linkedin.com\/company\/hgf-limited-intellectual-property-specialists\/"]},{"@type":"Person","@id":"https:\/\/www.hgf.com\/fr\/#\/schema\/person\/e6343663c5ee3e1ccea20cd220f97f30","name":"Akvil\u0117 Lukauskaite","image":{"@type":"ImageObject","inLanguage":"fr-FR","@id":"https:\/\/secure.gravatar.com\/avatar\/d9cf1622c8c99b4c7573ba733a04f6352d3557803ca19afd3e4aafc94d9bc0b8?s=96&d=mm&r=g","url":"https:\/\/secure.gravatar.com\/avatar\/d9cf1622c8c99b4c7573ba733a04f6352d3557803ca19afd3e4aafc94d9bc0b8?s=96&d=mm&r=g","contentUrl":"https:\/\/secure.gravatar.com\/avatar\/d9cf1622c8c99b4c7573ba733a04f6352d3557803ca19afd3e4aafc94d9bc0b8?s=96&d=mm&r=g","caption":"Akvil\u0117 Lukauskaite"},"sameAs":["https:\/\/x.com\/behrooz@tall.agency","Behrooz Saeed"]}]}},"_links":{"self":[{"href":"https:\/\/www.hgf.com\/fr\/wp-json\/wp\/v2\/posts\/9004111222137255","targetHints":{"allow":["GET"]}}],"collection":[{"href":"https:\/\/www.hgf.com\/fr\/wp-json\/wp\/v2\/posts"}],"about":[{"href":"https:\/\/www.hgf.com\/fr\/wp-json\/wp\/v2\/types\/post"}],"author":[{"embeddable":true,"href":"https:\/\/www.hgf.com\/fr\/wp-json\/wp\/v2\/users\/315"}],"replies":[{"embeddable":true,"href":"https:\/\/www.hgf.com\/fr\/wp-json\/wp\/v2\/comments?post=9004111222137255"}],"version-history":[{"count":0,"href":"https:\/\/www.hgf.com\/fr\/wp-json\/wp\/v2\/posts\/9004111222137255\/revisions"}],"wp:featuredmedia":[{"embeddable":true,"href":"https:\/\/www.hgf.com\/fr\/wp-json\/wp\/v2\/media\/9004111222139205"}],"wp:attachment":[{"href":"https:\/\/www.hgf.com\/fr\/wp-json\/wp\/v2\/media?parent=9004111222137255"}],"wp:term":[{"taxonomy":"category","embeddable":true,"href":"https:\/\/www.hgf.com\/fr\/wp-json\/wp\/v2\/categories?post=9004111222137255"},{"taxonomy":"post_tag","embeddable":true,"href":"https:\/\/www.hgf.com\/fr\/wp-json\/wp\/v2\/tags?post=9004111222137255"}],"curies":[{"name":"wp","href":"https:\/\/api.w.org\/{rel}","templated":true}]}}