{"id":9004111222137089,"date":"2021-04-22T13:40:34","date_gmt":"2021-04-22T12:40:34","guid":{"rendered":"https:\/\/www.hgf.com\/?p=9004111222137089"},"modified":"2025-11-13T20:12:22","modified_gmt":"2025-11-13T20:12:22","slug":"le-surcyclage-des-produits-et-les-proprietaires-de-marques","status":"publish","type":"post","link":"https:\/\/www.hgf.com\/fr\/centre-de-connaissances\/articles\/le-surcyclage-des-produits-et-les-proprietaires-de-marques\/","title":{"rendered":"Le surcyclage des produits et les propri\u00e9taires de marques"},"content":{"rendered":"<p class=\"p__large\">Le surcyclage est devenu de plus en plus populaire ces derni\u00e8res ann\u00e9es, l&#8217;augmentation de la sensibilisation environnementale tant chez les entreprises que chez les consommateurs stimulant cette tendance, mais cela s&#8217;accompagne de nouveaux d\u00e9fis pour les propri\u00e9taires de marques.<\/p>\n<p>Le surcyclage est un concept particuli\u00e8rement unique du point de vue des marques. Nous avons d\u00e9j\u00e0 vu des cas, comme lorsque Rolex a poursuivi Vintage Watchmaker LLC aux \u00c9tats-Unis pour avoir propos\u00e9 des pi\u00e8ces d\u00e9tach\u00e9es non approuv\u00e9es par Rolex, affirmant que cela constituait de la contrefa\u00e7on, mais le surcyclage est quelque peu distinct. Le produit d&#8217;origine a \u00e9t\u00e9 repris et r\u00e9utilis\u00e9, retravaill\u00e9, r\u00e9employ\u00e9 ou m\u00eame r\u00e9imagin\u00e9, mais s&#8217;il porte toujours la marque du propri\u00e9taire, il est compr\u00e9hensible que cela puisse attirer l&#8217;attention de ce dernier. <\/p>\n<p>Il serait difficile de consid\u00e9rer le surcyclage comme fournissant des produits contrefaits de la m\u00eame mani\u00e8re que Rolex a argument\u00e9 que l&#8217;utilisation de pi\u00e8ces non approuv\u00e9es rendrait la montre contrefaite. Cependant, on peut soutenir qu&#8217;en pratiquant le surcyclage, le \u00ab surcycleur \u00bb enfreint la marque, dilue la marque, se livre \u00e0 une concurrence d\u00e9loyale, cause des dommages \u00e0 la r\u00e9putation et cr\u00e9e de la confusion. Des all\u00e9gations audacieuses, certes, mais qui ont toutes \u00e9t\u00e9 avanc\u00e9es r\u00e9cemment dans une affaire intent\u00e9e par Chanel contre Shiver and Duke LLC aux \u00c9tats-Unis, qui produisait des bijoux \u00e0 partir de boutons Chanel authentiques arborant leur monogramme \u00ab C \u00bb entrelac\u00e9, dans un cas o\u00f9 le propri\u00e9taire de la marque a sans doute une revendication d&#8217;infraction plus justifiable. <\/p>\n<p>Le principal probl\u00e8me pour les propri\u00e9taires de marques dans les cas de surcyclage est le principe d&#8217;\u00e9puisement au Royaume-Uni et dans l&#8217;UE, ou la doctrine de la premi\u00e8re vente aux \u00c9tats-Unis, qui \u00e9tablit dans sa forme la plus simple qu&#8217;une fois qu&#8217;un propri\u00e9taire de marque met ses produits sur le march\u00e9, il ne peut emp\u00eacher leur revente ult\u00e9rieure. Cependant, dans des cas comme celui de Chanel, on entre dans une zone grise : un produit authentique a \u00e9t\u00e9 vendu, les droits sont donc \u00e9puis\u00e9s pour ce produit, mais peut-on alors contr\u00f4ler ce qui est fait avec ces pi\u00e8ces, comment ces pi\u00e8ces retravaill\u00e9es sont vendues et les r\u00e9f\u00e9rences utilis\u00e9es pour le faire. <\/p>\n<p>Il y a peut-\u00eatre deux faces \u00e0 cette m\u00e9daille et les entreprises sont dans une position d\u00e9licate, particuli\u00e8rement sous l&#8217;\u0153il du public et des m\u00e9dias. En th\u00e9orie, nous devrions encourager la r\u00e9utilisation et les moyens de r\u00e9duire le gaspillage, mais d&#8217;un autre c\u00f4t\u00e9, s&#8217;il y a place \u00e0 la confusion et que les consommateurs peuvent croire que les produits sont les v\u00f4tres, cela n&#8217;est clairement pas souhaitable si d&#8217;autres peuvent profiter de votre r\u00e9putation, d&#8217;autant plus que le contr\u00f4le sur la qualit\u00e9 et le service client est perdu. Il est donc compr\u00e9hensible de voir des cas comme celui intent\u00e9 par Chanel dans ce cas. Les propri\u00e9taires de marques doivent \u00e9galement \u00eatre prudents car beaucoup des \u00ab surcycleurs \u00bb les plus enthousiastes, du moins \u00e0 petite \u00e9chelle, sont les fans les plus ardents de la marque.  <\/p>\n<p>Le contexte de cette affaire Chanel est qu&#8217;en r\u00e9ponse \u00e0 la production par Shiver and Duke d&#8217;articles de bijouterie fantaisie comportant les boutons monogramm\u00e9s \u00ab C \u00bb de Chanel, Chanel a d&#8217;abord envoy\u00e9 une lettre de cessation et d&#8217;abstention \u00e0 Shiver and Duke, \u00e0 laquelle Shiver and Duke a simplement r\u00e9pondu en ajoutant la mention \u00ab retravaill\u00e9, r\u00e9imagin\u00e9, design original de Shiver and Duke \u00bb aux produits, tout en continuant d&#8217;indiquer qu&#8217;ils \u00e9taient fabriqu\u00e9s \u00e0 partir de boutons Chanel authentiques. Ils ont \u00e9galement ajout\u00e9 \u00ab SD SHIVER + DUKE \u00bb au dos des boutons. Bien que certains aspects de cette r\u00e9ponse puissent \u00eatre satisfaisants, comme le fait de pr\u00e9ciser qu&#8217;il s&#8217;agit de designs originaux de Shiver and Duke, l&#8217;ajout de l&#8217;inscription sur le bouton peut cr\u00e9er plus de confusion. Cette affaire n&#8217;a pas encore \u00e9t\u00e9 tranch\u00e9e et concerne les \u00c9tats-Unis, mais elle met en lumi\u00e8re un profil factuel important \u00e0 conna\u00eetre.  <\/p>\n<p>Il faut examiner la question du surcyclage tant du point de vue purement juridique que du point de vue pratique de la r\u00e9putation associ\u00e9e \u00e0 toute action d&#8217;application envisag\u00e9e. Une \u00e9valuation raisonnable de la validit\u00e9 de la r\u00e9clamation d&#8217;un propri\u00e9taire de marque peut \u00eatre trouv\u00e9e dans la r\u00e9ponse \u00e0 la question : quel est le nouveau produit ? Est-il diff\u00e9rent du produit vendu par le propri\u00e9taire de la marque ? Si la r\u00e9ponse est oui, alors le propri\u00e9taire de la marque devrait avoir une base raisonnable pour une r\u00e9clamation. Dans l&#8217;affaire Chanel, le produit en vente n&#8217;est plus un bouton, mais un bijou dont Chanel n&#8217;a pas consenti \u00e0 la vente. Concernant l&#8217;affaire Rolex, le produit en vente reste sans doute une montre. De plus, la marque du propri\u00e9taire est-elle utilis\u00e9e dans un sens de marque pour vendre le nouveau produit concern\u00e9 ou simplement dans un sens descriptif pour \u00ab d\u00e9crire \u00bb ce qui compose le produit ? Dans le premier cas, la marque devrait avoir une base raisonnable pour la r\u00e9clamation, dans le second cas, moins. Enfin, ind\u00e9pendamment de la force juridique de la position du propri\u00e9taire de la marque, le surcyclage soul\u00e8ve des questions sp\u00e9cifiques en mati\u00e8re d&#8217;application. De nombreux surcycleurs \u00e0 petite \u00e9chelle sont des fans de la marque et adopter une position trop agressive dans ces cas pourrait entra\u00eener un \u00ab retour de b\u00e2ton \u00bb r\u00e9putationnel. Si ces contrefacteurs sont des fans de la marque \u00e0 petite \u00e9chelle, une politique \u00e9ducative est peut-\u00eatre pr\u00e9f\u00e9rable \u00e0 une politique d&#8217;application. Cependant, lorsque les ventes atteignent un niveau commercial susceptible de causer des dommages \u00e0 la marque, l&#8217;application peut \u00eatre la seule option.           <\/p>\n<p>\u00c0 l&#8217;\u00e8re de la sensibilisation environnementale et, de mani\u00e8re assez opportune, \u00e0 l&#8217;\u00e8re du coronavirus o\u00f9 pendant le confinement, beaucoup se sont mis \u00e0 leur table de cuisine pour devenir cr\u00e9atifs et m\u00eame g\u00e9n\u00e9rer des revenus suppl\u00e9mentaires, le surcyclage ne fera qu&#8217;augmenter en pr\u00e9valence, et une approche consciente et \u00e9volutive devra \u00eatre envisag\u00e9e par les propri\u00e9taires de marques.<\/p>\n<p>&nbsp;<\/p>\n<p class=\"p__medium\">Cet article a \u00e9t\u00e9 pr\u00e9par\u00e9 par <a href=\"https:\/\/www.hgf.com\/our-people\/suzan-ure\/\">Suzan Ure<\/a>, Conseil en Marques chez HGF.<\/p>\n","protected":false},"excerpt":{"rendered":"<p>Le surcyclage est devenu de plus en plus populaire ces derni\u00e8res ann\u00e9es, l&#8217;augmentation de la sensibilisation environnementale tant chez les entreprises que chez les consommateurs stimulant cette tendance, mais cela &hellip;<\/p>\n","protected":false},"author":315,"featured_media":9004111222137090,"comment_status":"closed","ping_status":"closed","sticky":false,"template":"","format":"standard","meta":{"_acf_changed":false,"footnotes":""},"categories":[536,517],"tags":[],"class_list":["post-9004111222137089","post","type-post","status-publish","format-standard","has-post-thumbnail","hentry","category-articles","category-centre-de-connaissances","sector-commerce-de-detail","service-dessins-et-modeles","service-marques","sector_groups-marques"],"acf":[],"yoast_head":"<!-- This site is optimized with the Yoast SEO Premium plugin v27.5 (Yoast SEO v27.5) - https:\/\/yoast.com\/product\/yoast-seo-premium-wordpress\/ -->\n<title>Le surcyclage des produits et les propri\u00e9taires de marques - HGF<\/title>\n<meta name=\"robots\" content=\"index, follow, max-snippet:-1, max-image-preview:large, max-video-preview:-1\" \/>\n<link rel=\"canonical\" href=\"https:\/\/www.hgf.com\/fr\/centre-de-connaissances\/articles\/le-surcyclage-des-produits-et-les-proprietaires-de-marques\/\" \/>\n<meta property=\"og:locale\" content=\"fr_FR\" \/>\n<meta property=\"og:type\" content=\"article\" \/>\n<meta property=\"og:title\" content=\"Le surcyclage des produits et les propri\u00e9taires de marques\" \/>\n<meta property=\"og:description\" content=\"Le surcyclage est devenu de plus en plus populaire ces derni\u00e8res ann\u00e9es, l&#039;augmentation de la sensibilisation environnementale tant chez les entreprises\" \/>\n<meta property=\"og:url\" content=\"https:\/\/www.hgf.com\/fr\/centre-de-connaissances\/articles\/le-surcyclage-des-produits-et-les-proprietaires-de-marques\/\" \/>\n<meta property=\"og:site_name\" content=\"HGF\" \/>\n<meta property=\"article:published_time\" content=\"2021-04-22T12:40:34+00:00\" \/>\n<meta property=\"article:modified_time\" content=\"2025-11-13T20:12:22+00:00\" \/>\n<meta property=\"og:image\" content=\"https:\/\/www.hgf.com\/wp-content\/uploads\/2021\/05\/Retail-Scanner-Article-1-1024x576.png\" \/>\n\t<meta property=\"og:image:width\" content=\"1024\" \/>\n\t<meta property=\"og:image:height\" content=\"576\" \/>\n\t<meta property=\"og:image:type\" content=\"image\/png\" \/>\n<meta name=\"author\" content=\"Akvil\u0117 Lukauskaite\" \/>\n<meta name=\"twitter:card\" content=\"summary_large_image\" \/>\n<meta name=\"twitter:creator\" content=\"@behrooz@tall.agency\" \/>\n<meta name=\"twitter:site\" content=\"@hgf_ip\" \/>\n<meta name=\"twitter:label1\" content=\"\u00c9crit par\" \/>\n\t<meta name=\"twitter:data1\" content=\"Akvil\u0117 Lukauskaite\" \/>\n\t<meta name=\"twitter:label2\" content=\"Dur\u00e9e de lecture estim\u00e9e\" \/>\n\t<meta name=\"twitter:data2\" content=\"5 minutes\" \/>\n<script type=\"application\/ld+json\" class=\"yoast-schema-graph\">{\"@context\":\"https:\\\/\\\/schema.org\",\"@graph\":[{\"@type\":\"Article\",\"@id\":\"https:\\\/\\\/www.hgf.com\\\/fr\\\/centre-de-connaissances\\\/articles\\\/le-surcyclage-des-produits-et-les-proprietaires-de-marques\\\/#article\",\"isPartOf\":{\"@id\":\"https:\\\/\\\/www.hgf.com\\\/fr\\\/centre-de-connaissances\\\/articles\\\/le-surcyclage-des-produits-et-les-proprietaires-de-marques\\\/\"},\"author\":{\"name\":\"Akvil\u0117 Lukauskaite\",\"@id\":\"https:\\\/\\\/www.hgf.com\\\/fr\\\/#\\\/schema\\\/person\\\/e6343663c5ee3e1ccea20cd220f97f30\"},\"headline\":\"Le surcyclage des produits et les propri\u00e9taires de marques\",\"datePublished\":\"2021-04-22T12:40:34+00:00\",\"dateModified\":\"2025-11-13T20:12:22+00:00\",\"mainEntityOfPage\":{\"@id\":\"https:\\\/\\\/www.hgf.com\\\/fr\\\/centre-de-connaissances\\\/articles\\\/le-surcyclage-des-produits-et-les-proprietaires-de-marques\\\/\"},\"wordCount\":1104,\"publisher\":{\"@id\":\"https:\\\/\\\/www.hgf.com\\\/fr\\\/#organization\"},\"image\":{\"@id\":\"https:\\\/\\\/www.hgf.com\\\/fr\\\/centre-de-connaissances\\\/articles\\\/le-surcyclage-des-produits-et-les-proprietaires-de-marques\\\/#primaryimage\"},\"thumbnailUrl\":\"https:\\\/\\\/www.hgf.com\\\/wp-content\\\/uploads\\\/2021\\\/05\\\/Retail-Scanner-Article-1.png\",\"articleSection\":[\"Articles\",\"Centre de connaissances\"],\"inLanguage\":\"fr-FR\"},{\"@type\":\"WebPage\",\"@id\":\"https:\\\/\\\/www.hgf.com\\\/fr\\\/centre-de-connaissances\\\/articles\\\/le-surcyclage-des-produits-et-les-proprietaires-de-marques\\\/\",\"url\":\"https:\\\/\\\/www.hgf.com\\\/fr\\\/centre-de-connaissances\\\/articles\\\/le-surcyclage-des-produits-et-les-proprietaires-de-marques\\\/\",\"name\":\"Le surcyclage des produits et les propri\u00e9taires de marques - HGF\",\"isPartOf\":{\"@id\":\"https:\\\/\\\/www.hgf.com\\\/fr\\\/#website\"},\"primaryImageOfPage\":{\"@id\":\"https:\\\/\\\/www.hgf.com\\\/fr\\\/centre-de-connaissances\\\/articles\\\/le-surcyclage-des-produits-et-les-proprietaires-de-marques\\\/#primaryimage\"},\"image\":{\"@id\":\"https:\\\/\\\/www.hgf.com\\\/fr\\\/centre-de-connaissances\\\/articles\\\/le-surcyclage-des-produits-et-les-proprietaires-de-marques\\\/#primaryimage\"},\"thumbnailUrl\":\"https:\\\/\\\/www.hgf.com\\\/wp-content\\\/uploads\\\/2021\\\/05\\\/Retail-Scanner-Article-1.png\",\"datePublished\":\"2021-04-22T12:40:34+00:00\",\"dateModified\":\"2025-11-13T20:12:22+00:00\",\"inLanguage\":\"fr-FR\",\"potentialAction\":[{\"@type\":\"ReadAction\",\"target\":[\"https:\\\/\\\/www.hgf.com\\\/fr\\\/centre-de-connaissances\\\/articles\\\/le-surcyclage-des-produits-et-les-proprietaires-de-marques\\\/\"]}]},{\"@type\":\"ImageObject\",\"inLanguage\":\"fr-FR\",\"@id\":\"https:\\\/\\\/www.hgf.com\\\/fr\\\/centre-de-connaissances\\\/articles\\\/le-surcyclage-des-produits-et-les-proprietaires-de-marques\\\/#primaryimage\",\"url\":\"https:\\\/\\\/www.hgf.com\\\/wp-content\\\/uploads\\\/2021\\\/05\\\/Retail-Scanner-Article-1.png\",\"contentUrl\":\"https:\\\/\\\/www.hgf.com\\\/wp-content\\\/uploads\\\/2021\\\/05\\\/Retail-Scanner-Article-1.png\",\"width\":1920,\"height\":1080},{\"@type\":\"WebSite\",\"@id\":\"https:\\\/\\\/www.hgf.com\\\/fr\\\/#website\",\"url\":\"https:\\\/\\\/www.hgf.com\\\/fr\\\/\",\"name\":\"HGF\",\"description\":\"Intellectual Property Rights specialists\",\"publisher\":{\"@id\":\"https:\\\/\\\/www.hgf.com\\\/fr\\\/#organization\"},\"potentialAction\":[{\"@type\":\"SearchAction\",\"target\":{\"@type\":\"EntryPoint\",\"urlTemplate\":\"https:\\\/\\\/www.hgf.com\\\/fr\\\/?s={search_term_string}\"},\"query-input\":{\"@type\":\"PropertyValueSpecification\",\"valueRequired\":true,\"valueName\":\"search_term_string\"}}],\"inLanguage\":\"fr-FR\"},{\"@type\":\"Organization\",\"@id\":\"https:\\\/\\\/www.hgf.com\\\/fr\\\/#organization\",\"name\":\"HGF\",\"url\":\"https:\\\/\\\/www.hgf.com\\\/fr\\\/\",\"logo\":{\"@type\":\"ImageObject\",\"inLanguage\":\"fr-FR\",\"@id\":\"https:\\\/\\\/www.hgf.com\\\/fr\\\/#\\\/schema\\\/logo\\\/image\\\/\",\"url\":\"https:\\\/\\\/www.hgf.com\\\/wp-content\\\/uploads\\\/2023\\\/04\\\/hgf-logo-696x696-1.png\",\"contentUrl\":\"https:\\\/\\\/www.hgf.com\\\/wp-content\\\/uploads\\\/2023\\\/04\\\/hgf-logo-696x696-1.png\",\"width\":696,\"height\":696,\"caption\":\"HGF\"},\"image\":{\"@id\":\"https:\\\/\\\/www.hgf.com\\\/fr\\\/#\\\/schema\\\/logo\\\/image\\\/\"},\"sameAs\":[\"https:\\\/\\\/x.com\\\/hgf_ip\",\"https:\\\/\\\/www.linkedin.com\\\/company\\\/hgf-limited-intellectual-property-specialists\\\/\"]},{\"@type\":\"Person\",\"@id\":\"https:\\\/\\\/www.hgf.com\\\/fr\\\/#\\\/schema\\\/person\\\/e6343663c5ee3e1ccea20cd220f97f30\",\"name\":\"Akvil\u0117 Lukauskaite\",\"image\":{\"@type\":\"ImageObject\",\"inLanguage\":\"fr-FR\",\"@id\":\"https:\\\/\\\/secure.gravatar.com\\\/avatar\\\/d9cf1622c8c99b4c7573ba733a04f6352d3557803ca19afd3e4aafc94d9bc0b8?s=96&d=mm&r=g\",\"url\":\"https:\\\/\\\/secure.gravatar.com\\\/avatar\\\/d9cf1622c8c99b4c7573ba733a04f6352d3557803ca19afd3e4aafc94d9bc0b8?s=96&d=mm&r=g\",\"contentUrl\":\"https:\\\/\\\/secure.gravatar.com\\\/avatar\\\/d9cf1622c8c99b4c7573ba733a04f6352d3557803ca19afd3e4aafc94d9bc0b8?s=96&d=mm&r=g\",\"caption\":\"Akvil\u0117 Lukauskaite\"},\"sameAs\":[\"https:\\\/\\\/x.com\\\/behrooz@tall.agency\",\"Behrooz Saeed\"]}]}<\/script>\n<!-- \/ Yoast SEO Premium plugin. -->","yoast_head_json":{"title":"Le surcyclage des produits et les propri\u00e9taires de marques - HGF","robots":{"index":"index","follow":"follow","max-snippet":"max-snippet:-1","max-image-preview":"max-image-preview:large","max-video-preview":"max-video-preview:-1"},"canonical":"https:\/\/www.hgf.com\/fr\/centre-de-connaissances\/articles\/le-surcyclage-des-produits-et-les-proprietaires-de-marques\/","og_locale":"fr_FR","og_type":"article","og_title":"Le surcyclage des produits et les propri\u00e9taires de marques","og_description":"Le surcyclage est devenu de plus en plus populaire ces derni\u00e8res ann\u00e9es, l'augmentation de la sensibilisation environnementale tant chez les entreprises","og_url":"https:\/\/www.hgf.com\/fr\/centre-de-connaissances\/articles\/le-surcyclage-des-produits-et-les-proprietaires-de-marques\/","og_site_name":"HGF","article_published_time":"2021-04-22T12:40:34+00:00","article_modified_time":"2025-11-13T20:12:22+00:00","og_image":[{"width":1024,"height":576,"url":"https:\/\/www.hgf.com\/wp-content\/uploads\/2021\/05\/Retail-Scanner-Article-1-1024x576.png","type":"image\/png"}],"author":"Akvil\u0117 Lukauskaite","twitter_card":"summary_large_image","twitter_creator":"@behrooz@tall.agency","twitter_site":"@hgf_ip","twitter_misc":{"\u00c9crit par":"Akvil\u0117 Lukauskaite","Dur\u00e9e de lecture estim\u00e9e":"5 minutes"},"schema":{"@context":"https:\/\/schema.org","@graph":[{"@type":"Article","@id":"https:\/\/www.hgf.com\/fr\/centre-de-connaissances\/articles\/le-surcyclage-des-produits-et-les-proprietaires-de-marques\/#article","isPartOf":{"@id":"https:\/\/www.hgf.com\/fr\/centre-de-connaissances\/articles\/le-surcyclage-des-produits-et-les-proprietaires-de-marques\/"},"author":{"name":"Akvil\u0117 Lukauskaite","@id":"https:\/\/www.hgf.com\/fr\/#\/schema\/person\/e6343663c5ee3e1ccea20cd220f97f30"},"headline":"Le surcyclage des produits et les propri\u00e9taires de marques","datePublished":"2021-04-22T12:40:34+00:00","dateModified":"2025-11-13T20:12:22+00:00","mainEntityOfPage":{"@id":"https:\/\/www.hgf.com\/fr\/centre-de-connaissances\/articles\/le-surcyclage-des-produits-et-les-proprietaires-de-marques\/"},"wordCount":1104,"publisher":{"@id":"https:\/\/www.hgf.com\/fr\/#organization"},"image":{"@id":"https:\/\/www.hgf.com\/fr\/centre-de-connaissances\/articles\/le-surcyclage-des-produits-et-les-proprietaires-de-marques\/#primaryimage"},"thumbnailUrl":"https:\/\/www.hgf.com\/wp-content\/uploads\/2021\/05\/Retail-Scanner-Article-1.png","articleSection":["Articles","Centre de connaissances"],"inLanguage":"fr-FR"},{"@type":"WebPage","@id":"https:\/\/www.hgf.com\/fr\/centre-de-connaissances\/articles\/le-surcyclage-des-produits-et-les-proprietaires-de-marques\/","url":"https:\/\/www.hgf.com\/fr\/centre-de-connaissances\/articles\/le-surcyclage-des-produits-et-les-proprietaires-de-marques\/","name":"Le surcyclage des produits et les propri\u00e9taires de marques - HGF","isPartOf":{"@id":"https:\/\/www.hgf.com\/fr\/#website"},"primaryImageOfPage":{"@id":"https:\/\/www.hgf.com\/fr\/centre-de-connaissances\/articles\/le-surcyclage-des-produits-et-les-proprietaires-de-marques\/#primaryimage"},"image":{"@id":"https:\/\/www.hgf.com\/fr\/centre-de-connaissances\/articles\/le-surcyclage-des-produits-et-les-proprietaires-de-marques\/#primaryimage"},"thumbnailUrl":"https:\/\/www.hgf.com\/wp-content\/uploads\/2021\/05\/Retail-Scanner-Article-1.png","datePublished":"2021-04-22T12:40:34+00:00","dateModified":"2025-11-13T20:12:22+00:00","inLanguage":"fr-FR","potentialAction":[{"@type":"ReadAction","target":["https:\/\/www.hgf.com\/fr\/centre-de-connaissances\/articles\/le-surcyclage-des-produits-et-les-proprietaires-de-marques\/"]}]},{"@type":"ImageObject","inLanguage":"fr-FR","@id":"https:\/\/www.hgf.com\/fr\/centre-de-connaissances\/articles\/le-surcyclage-des-produits-et-les-proprietaires-de-marques\/#primaryimage","url":"https:\/\/www.hgf.com\/wp-content\/uploads\/2021\/05\/Retail-Scanner-Article-1.png","contentUrl":"https:\/\/www.hgf.com\/wp-content\/uploads\/2021\/05\/Retail-Scanner-Article-1.png","width":1920,"height":1080},{"@type":"WebSite","@id":"https:\/\/www.hgf.com\/fr\/#website","url":"https:\/\/www.hgf.com\/fr\/","name":"HGF","description":"Intellectual Property Rights specialists","publisher":{"@id":"https:\/\/www.hgf.com\/fr\/#organization"},"potentialAction":[{"@type":"SearchAction","target":{"@type":"EntryPoint","urlTemplate":"https:\/\/www.hgf.com\/fr\/?s={search_term_string}"},"query-input":{"@type":"PropertyValueSpecification","valueRequired":true,"valueName":"search_term_string"}}],"inLanguage":"fr-FR"},{"@type":"Organization","@id":"https:\/\/www.hgf.com\/fr\/#organization","name":"HGF","url":"https:\/\/www.hgf.com\/fr\/","logo":{"@type":"ImageObject","inLanguage":"fr-FR","@id":"https:\/\/www.hgf.com\/fr\/#\/schema\/logo\/image\/","url":"https:\/\/www.hgf.com\/wp-content\/uploads\/2023\/04\/hgf-logo-696x696-1.png","contentUrl":"https:\/\/www.hgf.com\/wp-content\/uploads\/2023\/04\/hgf-logo-696x696-1.png","width":696,"height":696,"caption":"HGF"},"image":{"@id":"https:\/\/www.hgf.com\/fr\/#\/schema\/logo\/image\/"},"sameAs":["https:\/\/x.com\/hgf_ip","https:\/\/www.linkedin.com\/company\/hgf-limited-intellectual-property-specialists\/"]},{"@type":"Person","@id":"https:\/\/www.hgf.com\/fr\/#\/schema\/person\/e6343663c5ee3e1ccea20cd220f97f30","name":"Akvil\u0117 Lukauskaite","image":{"@type":"ImageObject","inLanguage":"fr-FR","@id":"https:\/\/secure.gravatar.com\/avatar\/d9cf1622c8c99b4c7573ba733a04f6352d3557803ca19afd3e4aafc94d9bc0b8?s=96&d=mm&r=g","url":"https:\/\/secure.gravatar.com\/avatar\/d9cf1622c8c99b4c7573ba733a04f6352d3557803ca19afd3e4aafc94d9bc0b8?s=96&d=mm&r=g","contentUrl":"https:\/\/secure.gravatar.com\/avatar\/d9cf1622c8c99b4c7573ba733a04f6352d3557803ca19afd3e4aafc94d9bc0b8?s=96&d=mm&r=g","caption":"Akvil\u0117 Lukauskaite"},"sameAs":["https:\/\/x.com\/behrooz@tall.agency","Behrooz Saeed"]}]}},"_links":{"self":[{"href":"https:\/\/www.hgf.com\/fr\/wp-json\/wp\/v2\/posts\/9004111222137089","targetHints":{"allow":["GET"]}}],"collection":[{"href":"https:\/\/www.hgf.com\/fr\/wp-json\/wp\/v2\/posts"}],"about":[{"href":"https:\/\/www.hgf.com\/fr\/wp-json\/wp\/v2\/types\/post"}],"author":[{"embeddable":true,"href":"https:\/\/www.hgf.com\/fr\/wp-json\/wp\/v2\/users\/315"}],"replies":[{"embeddable":true,"href":"https:\/\/www.hgf.com\/fr\/wp-json\/wp\/v2\/comments?post=9004111222137089"}],"version-history":[{"count":0,"href":"https:\/\/www.hgf.com\/fr\/wp-json\/wp\/v2\/posts\/9004111222137089\/revisions"}],"wp:featuredmedia":[{"embeddable":true,"href":"https:\/\/www.hgf.com\/fr\/wp-json\/wp\/v2\/media\/9004111222137090"}],"wp:attachment":[{"href":"https:\/\/www.hgf.com\/fr\/wp-json\/wp\/v2\/media?parent=9004111222137089"}],"wp:term":[{"taxonomy":"category","embeddable":true,"href":"https:\/\/www.hgf.com\/fr\/wp-json\/wp\/v2\/categories?post=9004111222137089"},{"taxonomy":"post_tag","embeddable":true,"href":"https:\/\/www.hgf.com\/fr\/wp-json\/wp\/v2\/tags?post=9004111222137089"}],"curies":[{"name":"wp","href":"https:\/\/api.w.org\/{rel}","templated":true}]}}