{"id":9004111222137031,"date":"2020-11-27T12:04:00","date_gmt":"2020-11-27T12:04:00","guid":{"rendered":"https:\/\/www.hgf.com\/?p=9004111222137031"},"modified":"2025-11-13T20:12:48","modified_gmt":"2025-11-13T20:12:48","slug":"des-temps-difficiles-pour-loktoberfest","status":"publish","type":"post","link":"https:\/\/www.hgf.com\/fr\/centre-de-connaissances\/articles\/des-temps-difficiles-pour-loktoberfest\/","title":{"rendered":"Des temps difficiles pour l&#8217;Oktoberfest"},"content":{"rendered":"<p class=\"p__large\">Les temps sont difficiles avec la Covid-19 qui a conduit \u00e0 l&#8217;annulation des c\u00e9l\u00e8bres festivit\u00e9s de l&#8217;Oktoberfest \u00e0 Munich cette ann\u00e9e et \u00e0 une nouvelle d\u00e9faite (partielle) concernant la demande d&#8217;enregistrement de la marque verbale \u00ab Oktoberfest \u00bb en tant que marque de l&#8217;Union europ\u00e9enne (n\u00b0 15535008).<\/p>\n<p>\u00ab Oktoberfest \u00bb d\u00e9crit directement un \u00ab festival au mois d&#8217;octobre \u00bb a d\u00e9clar\u00e9 l&#8217;EUIPO, ce qui a \u00e9t\u00e9 confirm\u00e9 par la r\u00e9cente d\u00e9cision de la chambre de recours. Cependant, la marque a \u00e9t\u00e9 autoris\u00e9e \u00e0 l&#8217;enregistrement pour la majorit\u00e9 des \u00ab produits d\u00e9riv\u00e9s \u00bb tels que les cosm\u00e9tiques, les v\u00eatements, les imprim\u00e9s et les jeux, ainsi que pour plusieurs services non li\u00e9s \u00e0 l&#8217;offre d&#8217;aliments et de boissons, y compris les services h\u00f4teliers, les t\u00e9l\u00e9communications, le marketing et les services de voyage. <\/p>\n<h4>Mais reprenons depuis le d\u00e9but :<\/h4>\n<p>Ce qui a commenc\u00e9 comme une course de chevaux en l&#8217;honneur du mariage du Prince R\u00e9gent Ludwig de Bavi\u00e8re en 1810 et s&#8217;est poursuivi comme un festival de la bi\u00e8re en 1819, l&#8217;Oktoberfest est devenu le plus grand festival populaire au monde avec une importante consommation de bi\u00e8re.<\/p>\n<p>En 2016 &#8211; plut\u00f4t tardivement pourrait-on penser &#8211; la ville de Munich a d\u00e9pos\u00e9 une demande de marque verbale \u00ab Oktoberfest \u00bb pour prot\u00e9ger son festival embl\u00e9matique des copies. La marque a \u00e9t\u00e9 demand\u00e9e pour un grand nombre de produits et services, entre autres, bien s\u00fbr, \u00ab l&#8217;organisation de foires et festivals (divertissement) \u00bb en classe 41. La demande d&#8217;enregistrement a \u00e9t\u00e9 refus\u00e9e.  <\/p>\n<h4>La d\u00e9cision de l&#8217;EUIPO<\/h4>\n<p>Alors que la marque verbale \u00ab Oktoberfest-Bier \u00bb est enregistr\u00e9e au nom de l&#8217;Association des Brasseries de Munich pour &#8211; <em>bi\u00e8res<\/em> &#8211; en tant que marque collective et en raison du caract\u00e8re distinctif acquis, l&#8217;Office s&#8217;est oppos\u00e9 \u00e0 la demande de marque verbale par la ville de Munich dans ce qui a \u00e9t\u00e9, selon l&#8217;Office, l&#8217;un des plus importants cas de motifs absolus de refus jusqu&#8217;\u00e0 pr\u00e9sent. La ville de Munich a eu plusieurs fois l&#8217;occasion de soumettre des documents \u00e0 l&#8217;Office. <\/p>\n<p>Dans sa d\u00e9cision de 2019, l&#8217;EUIPO a d\u00e9clar\u00e9 que le signe manque de caract\u00e8re distinctif et est descriptif pour une grande partie des produits et services demand\u00e9s, en particulier pour les services li\u00e9s aux foires en classe 41, mais aussi pour la plupart des produits qui pourraient \u00eatre utilis\u00e9s pour le merchandising. Comme le mot \u00ab Oktoberfest \u00bb est un mot allemand, l&#8217;examinateur s&#8217;est concentr\u00e9 sur la partie germanophone de l&#8217;Union europ\u00e9enne, \u00e0 savoir l&#8217;Allemagne et l&#8217;Autriche. Compte tenu du grand nombre de documents d\u00e9pos\u00e9s, ceux concernant l&#8217;Autriche ont \u00e9t\u00e9 examin\u00e9s en d\u00e9tail.  <\/p>\n<p>La d\u00e9cision \u00e9tait bas\u00e9e non seulement sur une objection formelle \u00e9mise par l&#8217;Office, mais aussi sur un certain nombre d&#8217;observations de tiers. Ces observations faisaient r\u00e9f\u00e9rence au fait qu&#8217;il existe un grand nombre d&#8217;Oktoberfest dans le monde (2054 au total) et que par cons\u00e9quent, le terme \u00ab Oktoberfest \u00bb d\u00e9crit les festivals au mois d&#8217;octobre en g\u00e9n\u00e9ral ainsi que le lieu o\u00f9 le festival se d\u00e9roule et o\u00f9 les produits peuvent \u00eatre achet\u00e9s. <\/p>\n<p>De plus, la ville de Munich n&#8217;a pas r\u00e9ussi \u00e0 d\u00e9montrer le caract\u00e8re distinctif acquis de la marque de plusieurs fa\u00e7ons, notamment parce que les preuves d&#8217;enqu\u00eate soumises contenaient un certain nombre d&#8217;erreurs m\u00e9thodologiques et se concentraient sur les visiteurs de la foire plut\u00f4t que sur la population g\u00e9n\u00e9rale. Ind\u00e9pendamment de ces erreurs, le degr\u00e9 de reconnaissance et d&#8217;association d&#8217;\u00ab Oktoberfest \u00bb \u00e0 la ville de Munich n&#8217;\u00e9tait que de 36 % et l&#8217;Examinateur exigeait une reconnaissance sup\u00e9rieure \u00e0 50 %. <\/p>\n<h4>Le recours[1]<\/h4>\n<p>La ville de Munich a fait appel de cette d\u00e9cision devant la chambre de recours.<\/p>\n<p>La chambre a d\u00fb statuer sur cette affaire pr\u00e9cis\u00e9ment au moment o\u00f9 les grands \u00e9v\u00e9nements impliquant des centaines de personnes \u00e9taient interdits par les gouvernements en raison de la pand\u00e9mie. Cependant, la chambre a soulign\u00e9 que cela n&#8217;avait aucun effet sur l&#8217;issue de la d\u00e9cision. <\/p>\n<p>La chambre a approuv\u00e9 la division d&#8217;examen de l&#8217;EUIPO sur le fait que le terme \u00ab Oktoberfest \u00bb est descriptif d&#8217;une foire tenue au mois d&#8217;octobre et est utilis\u00e9 par un grand nombre d&#8217;autres organisateurs de festivals de la bi\u00e8re. Cependant, ils n&#8217;\u00e9taient pas d&#8217;accord sur l&#8217;\u00e9valuation des preuves pr\u00e9sent\u00e9es par la ville de Munich ; bien qu&#8217;il existe plusieurs autres festivals populaires en Allemagne et en Autriche, il n&#8217;y avait aucune preuve que les consommateurs supposeraient que la ville de Munich serait \u00e9galement l&#8217;organisateur de ces festivals, comme c&#8217;est le cas avec l&#8217;Oktoberfest de Munich. <\/p>\n<p>Elle a donc largement annul\u00e9 la d\u00e9cision de l&#8217;EUIPO mais a maintenu l&#8217;objection pour les services li\u00e9s \u00e0 la fourniture d&#8217;aliments et de boissons (dans les classes 41 et 43) ainsi que pour les aliments et boissons connexes dans les classes 29, 30, 32, 33.<\/p>\n<p>En conclusion, la chambre a expliqu\u00e9 que la ville de Munich b\u00e9n\u00e9ficie de la protection du terme \u00ab Oktoberfest \u00bb pour plusieurs produits d\u00e9riv\u00e9s et peut donc agir contre les copies qui tentent d&#8217;exploiter ce signe attractif. Cependant, l&#8217;organisation du festival embl\u00e9matique \u00ab Oktoberfest \u00bb lui-m\u00eame reste non prot\u00e9g\u00e9e. <\/p>\n<p>La ville de Munich ne semble pas abandonner si facilement, car d&#8217;apr\u00e8s des articles de presse r\u00e9cents, on peut supposer qu&#8217;elle continuera \u00e0 se battre et fera appel de la d\u00e9cision de la chambre devant le Tribunal de l&#8217;Union europ\u00e9enne. De plus, elle a r\u00e9cemment d\u00e9pos\u00e9 deux nouvelles demandes de marques de l&#8217;Union europ\u00e9enne \u00ab M\u00fcnchner Oktoberfest \u00bb et \u00ab Oktoberfest M\u00fcnchen \u00bb le 7 octobre 2020 et il sera int\u00e9ressant de voir comment ces affaires \u00e9voluent. <\/p>\n<p>Prost !<\/p>\n<p>MISE \u00c0 JOUR DE 09\/2023 :<br \/>\nAlors que l&#8217;Oktoberfest de Munich bat son plein (\u00e0 nouveau) actuellement, nous souhaitons vous fournir une mise \u00e0 jour concernant l&#8217;aspect des marques. La marque de l&#8217;Union europ\u00e9enne n\u00b0 15535008 \u00ab Oktoberfest \u00bb qui avait \u00e9t\u00e9 enregistr\u00e9e pour une liste compl\u00e8te de produits et services comme rapport\u00e9, \u00e9tait \u00e0 nouveau attaqu\u00e9e. Un tiers avait engag\u00e9 une proc\u00e9dure d&#8217;annulation.<br \/>\nUne premi\u00e8re d\u00e9cision a maintenant \u00e9t\u00e9 rendue par l&#8217;EUIPO, refusant la protection de la marque pour la verrerie, telle que les verres \u00e0 bi\u00e8re, et les v\u00eatements, chaussures et couvre-chefs. L&#8217;Office \u00e9tait convaincu que \u00ab les verres \u00e0 bi\u00e8re et les chopes sont vendus sur le march\u00e9 concern\u00e9 par de nombreuses entreprises diff\u00e9rentes comme ayant un style Oktoberfest, c&#8217;est-\u00e0-dire le type de verres ou de chopes utilis\u00e9s pour servir la bi\u00e8re \u00e0 l&#8217;Oktoberfest \u00bb. De m\u00eame, l&#8217;Office a fait valoir que de nombreuses entreprises diff\u00e9rentes vendent des v\u00eatements, chaussures et couvre-chefs ayant un \u00ab style Oktoberfest \u00bb &#8211; soit traditionnellement bavarois soit \u00ab style f\u00eate \u00bb.<br \/>\nBien que la d\u00e9cision n&#8217;explique pas en d\u00e9tail ce que l&#8217;on entend par \u00ab style Oktoberfest \u00bb ou \u00ab style f\u00eate \u00bb, cela semble coh\u00e9rent avec la jurisprudence europ\u00e9enne actuelle.<br \/>\nLa revendication suppl\u00e9mentaire selon laquelle la marque a \u00e9t\u00e9 d\u00e9pos\u00e9e par la ville de Munich de mauvaise foi a \u00e9t\u00e9 rejet\u00e9e par l&#8217;Office. <\/p>\n<p>L&#8217;histoire n&#8217;est cependant pas termin\u00e9e, car cette d\u00e9cision a fait l&#8217;objet d&#8217;un recours par le demandeur en annulation. <\/p>\n<p>&nbsp;<\/p>\n<p>[1] R 1840\/2019-4<\/p>\n<p>&nbsp;<\/p>\n<p class=\"p__medium\">Cet article a \u00e9t\u00e9 pr\u00e9par\u00e9 par l&#8217;avocate HGF <a href=\"https:\/\/www.hgf.com\/fr\/our-people\/olivia-petter\/\">Olivia Petter<\/a>.<\/p>\n","protected":false},"excerpt":{"rendered":"<p>Les temps sont difficiles avec la Covid-19 qui a conduit \u00e0 l&#8217;annulation des c\u00e9l\u00e8bres festivit\u00e9s de l&#8217;Oktoberfest \u00e0 Munich cette ann\u00e9e et \u00e0 une nouvelle d\u00e9faite (partielle) concernant la demande &hellip;<\/p>\n","protected":false},"author":315,"featured_media":9004111222137032,"comment_status":"closed","ping_status":"closed","sticky":false,"template":"","format":"standard","meta":{"_acf_changed":false,"footnotes":""},"categories":[536,517],"tags":[],"class_list":["post-9004111222137031","post","type-post","status-publish","format-standard","has-post-thumbnail","hentry","category-articles","category-centre-de-connaissances","sector-commerce-de-detail","service-marques","sector_groups-marques"],"acf":[],"yoast_head":"<!-- This site is optimized with the Yoast SEO Premium plugin v27.5 (Yoast SEO v27.5) - https:\/\/yoast.com\/product\/yoast-seo-premium-wordpress\/ -->\n<title>Des temps difficiles pour l&#039;Oktoberfest - HGF<\/title>\n<meta name=\"robots\" content=\"index, follow, max-snippet:-1, max-image-preview:large, max-video-preview:-1\" \/>\n<link rel=\"canonical\" href=\"https:\/\/www.hgf.com\/fr\/centre-de-connaissances\/articles\/des-temps-difficiles-pour-loktoberfest\/\" \/>\n<meta property=\"og:locale\" content=\"fr_FR\" \/>\n<meta property=\"og:type\" content=\"article\" \/>\n<meta property=\"og:title\" content=\"Des temps difficiles pour l&#039;Oktoberfest\" \/>\n<meta property=\"og:description\" content=\"Les temps sont difficiles avec la Covid-19 qui a conduit \u00e0 l&#039;annulation des c\u00e9l\u00e8bres festivit\u00e9s de l&#039;Oktoberfest \u00e0 Munich cette ann\u00e9e et \u00e0 une nouvelle\" \/>\n<meta property=\"og:url\" content=\"https:\/\/www.hgf.com\/fr\/centre-de-connaissances\/articles\/des-temps-difficiles-pour-loktoberfest\/\" \/>\n<meta property=\"og:site_name\" content=\"HGF\" \/>\n<meta property=\"article:published_time\" content=\"2020-11-27T12:04:00+00:00\" \/>\n<meta property=\"article:modified_time\" content=\"2025-11-13T20:12:48+00:00\" \/>\n<meta property=\"og:image\" content=\"https:\/\/www.hgf.com\/wp-content\/uploads\/2021\/05\/Rough-times-for-Oktoberfest.jpg\" \/>\n\t<meta property=\"og:image:width\" content=\"1920\" \/>\n\t<meta property=\"og:image:height\" content=\"1080\" \/>\n\t<meta property=\"og:image:type\" content=\"image\/jpeg\" \/>\n<meta name=\"author\" content=\"Akvil\u0117 Lukauskaite\" \/>\n<meta name=\"twitter:card\" content=\"summary_large_image\" \/>\n<meta name=\"twitter:creator\" content=\"@behrooz@tall.agency\" \/>\n<meta name=\"twitter:site\" content=\"@hgf_ip\" \/>\n<meta name=\"twitter:label1\" content=\"\u00c9crit par\" \/>\n\t<meta name=\"twitter:data1\" content=\"Akvil\u0117 Lukauskaite\" \/>\n\t<meta name=\"twitter:label2\" content=\"Dur\u00e9e de lecture estim\u00e9e\" \/>\n\t<meta name=\"twitter:data2\" content=\"6 minutes\" \/>\n<script type=\"application\/ld+json\" class=\"yoast-schema-graph\">{\"@context\":\"https:\\\/\\\/schema.org\",\"@graph\":[{\"@type\":\"Article\",\"@id\":\"https:\\\/\\\/www.hgf.com\\\/fr\\\/centre-de-connaissances\\\/articles\\\/des-temps-difficiles-pour-loktoberfest\\\/#article\",\"isPartOf\":{\"@id\":\"https:\\\/\\\/www.hgf.com\\\/fr\\\/centre-de-connaissances\\\/articles\\\/des-temps-difficiles-pour-loktoberfest\\\/\"},\"author\":{\"name\":\"Akvil\u0117 Lukauskaite\",\"@id\":\"https:\\\/\\\/www.hgf.com\\\/fr\\\/#\\\/schema\\\/person\\\/e6343663c5ee3e1ccea20cd220f97f30\"},\"headline\":\"Des temps difficiles pour l&#8217;Oktoberfest\",\"datePublished\":\"2020-11-27T12:04:00+00:00\",\"dateModified\":\"2025-11-13T20:12:48+00:00\",\"mainEntityOfPage\":{\"@id\":\"https:\\\/\\\/www.hgf.com\\\/fr\\\/centre-de-connaissances\\\/articles\\\/des-temps-difficiles-pour-loktoberfest\\\/\"},\"wordCount\":1294,\"publisher\":{\"@id\":\"https:\\\/\\\/www.hgf.com\\\/fr\\\/#organization\"},\"image\":{\"@id\":\"https:\\\/\\\/www.hgf.com\\\/fr\\\/centre-de-connaissances\\\/articles\\\/des-temps-difficiles-pour-loktoberfest\\\/#primaryimage\"},\"thumbnailUrl\":\"https:\\\/\\\/www.hgf.com\\\/wp-content\\\/uploads\\\/2021\\\/05\\\/Rough-times-for-Oktoberfest.jpg\",\"articleSection\":[\"Articles\",\"Centre de connaissances\"],\"inLanguage\":\"fr-FR\"},{\"@type\":\"WebPage\",\"@id\":\"https:\\\/\\\/www.hgf.com\\\/fr\\\/centre-de-connaissances\\\/articles\\\/des-temps-difficiles-pour-loktoberfest\\\/\",\"url\":\"https:\\\/\\\/www.hgf.com\\\/fr\\\/centre-de-connaissances\\\/articles\\\/des-temps-difficiles-pour-loktoberfest\\\/\",\"name\":\"Des temps difficiles pour l'Oktoberfest - HGF\",\"isPartOf\":{\"@id\":\"https:\\\/\\\/www.hgf.com\\\/fr\\\/#website\"},\"primaryImageOfPage\":{\"@id\":\"https:\\\/\\\/www.hgf.com\\\/fr\\\/centre-de-connaissances\\\/articles\\\/des-temps-difficiles-pour-loktoberfest\\\/#primaryimage\"},\"image\":{\"@id\":\"https:\\\/\\\/www.hgf.com\\\/fr\\\/centre-de-connaissances\\\/articles\\\/des-temps-difficiles-pour-loktoberfest\\\/#primaryimage\"},\"thumbnailUrl\":\"https:\\\/\\\/www.hgf.com\\\/wp-content\\\/uploads\\\/2021\\\/05\\\/Rough-times-for-Oktoberfest.jpg\",\"datePublished\":\"2020-11-27T12:04:00+00:00\",\"dateModified\":\"2025-11-13T20:12:48+00:00\",\"inLanguage\":\"fr-FR\",\"potentialAction\":[{\"@type\":\"ReadAction\",\"target\":[\"https:\\\/\\\/www.hgf.com\\\/fr\\\/centre-de-connaissances\\\/articles\\\/des-temps-difficiles-pour-loktoberfest\\\/\"]}]},{\"@type\":\"ImageObject\",\"inLanguage\":\"fr-FR\",\"@id\":\"https:\\\/\\\/www.hgf.com\\\/fr\\\/centre-de-connaissances\\\/articles\\\/des-temps-difficiles-pour-loktoberfest\\\/#primaryimage\",\"url\":\"https:\\\/\\\/www.hgf.com\\\/wp-content\\\/uploads\\\/2021\\\/05\\\/Rough-times-for-Oktoberfest.jpg\",\"contentUrl\":\"https:\\\/\\\/www.hgf.com\\\/wp-content\\\/uploads\\\/2021\\\/05\\\/Rough-times-for-Oktoberfest.jpg\",\"width\":1920,\"height\":1080},{\"@type\":\"WebSite\",\"@id\":\"https:\\\/\\\/www.hgf.com\\\/fr\\\/#website\",\"url\":\"https:\\\/\\\/www.hgf.com\\\/fr\\\/\",\"name\":\"HGF\",\"description\":\"Intellectual Property Rights specialists\",\"publisher\":{\"@id\":\"https:\\\/\\\/www.hgf.com\\\/fr\\\/#organization\"},\"potentialAction\":[{\"@type\":\"SearchAction\",\"target\":{\"@type\":\"EntryPoint\",\"urlTemplate\":\"https:\\\/\\\/www.hgf.com\\\/fr\\\/?s={search_term_string}\"},\"query-input\":{\"@type\":\"PropertyValueSpecification\",\"valueRequired\":true,\"valueName\":\"search_term_string\"}}],\"inLanguage\":\"fr-FR\"},{\"@type\":\"Organization\",\"@id\":\"https:\\\/\\\/www.hgf.com\\\/fr\\\/#organization\",\"name\":\"HGF\",\"url\":\"https:\\\/\\\/www.hgf.com\\\/fr\\\/\",\"logo\":{\"@type\":\"ImageObject\",\"inLanguage\":\"fr-FR\",\"@id\":\"https:\\\/\\\/www.hgf.com\\\/fr\\\/#\\\/schema\\\/logo\\\/image\\\/\",\"url\":\"https:\\\/\\\/www.hgf.com\\\/wp-content\\\/uploads\\\/2023\\\/04\\\/hgf-logo-696x696-1.png\",\"contentUrl\":\"https:\\\/\\\/www.hgf.com\\\/wp-content\\\/uploads\\\/2023\\\/04\\\/hgf-logo-696x696-1.png\",\"width\":696,\"height\":696,\"caption\":\"HGF\"},\"image\":{\"@id\":\"https:\\\/\\\/www.hgf.com\\\/fr\\\/#\\\/schema\\\/logo\\\/image\\\/\"},\"sameAs\":[\"https:\\\/\\\/x.com\\\/hgf_ip\",\"https:\\\/\\\/www.linkedin.com\\\/company\\\/hgf-limited-intellectual-property-specialists\\\/\"]},{\"@type\":\"Person\",\"@id\":\"https:\\\/\\\/www.hgf.com\\\/fr\\\/#\\\/schema\\\/person\\\/e6343663c5ee3e1ccea20cd220f97f30\",\"name\":\"Akvil\u0117 Lukauskaite\",\"image\":{\"@type\":\"ImageObject\",\"inLanguage\":\"fr-FR\",\"@id\":\"https:\\\/\\\/secure.gravatar.com\\\/avatar\\\/d9cf1622c8c99b4c7573ba733a04f6352d3557803ca19afd3e4aafc94d9bc0b8?s=96&d=mm&r=g\",\"url\":\"https:\\\/\\\/secure.gravatar.com\\\/avatar\\\/d9cf1622c8c99b4c7573ba733a04f6352d3557803ca19afd3e4aafc94d9bc0b8?s=96&d=mm&r=g\",\"contentUrl\":\"https:\\\/\\\/secure.gravatar.com\\\/avatar\\\/d9cf1622c8c99b4c7573ba733a04f6352d3557803ca19afd3e4aafc94d9bc0b8?s=96&d=mm&r=g\",\"caption\":\"Akvil\u0117 Lukauskaite\"},\"sameAs\":[\"https:\\\/\\\/x.com\\\/behrooz@tall.agency\",\"Behrooz Saeed\"]}]}<\/script>\n<!-- \/ Yoast SEO Premium plugin. -->","yoast_head_json":{"title":"Des temps difficiles pour l'Oktoberfest - HGF","robots":{"index":"index","follow":"follow","max-snippet":"max-snippet:-1","max-image-preview":"max-image-preview:large","max-video-preview":"max-video-preview:-1"},"canonical":"https:\/\/www.hgf.com\/fr\/centre-de-connaissances\/articles\/des-temps-difficiles-pour-loktoberfest\/","og_locale":"fr_FR","og_type":"article","og_title":"Des temps difficiles pour l'Oktoberfest","og_description":"Les temps sont difficiles avec la Covid-19 qui a conduit \u00e0 l'annulation des c\u00e9l\u00e8bres festivit\u00e9s de l'Oktoberfest \u00e0 Munich cette ann\u00e9e et \u00e0 une nouvelle","og_url":"https:\/\/www.hgf.com\/fr\/centre-de-connaissances\/articles\/des-temps-difficiles-pour-loktoberfest\/","og_site_name":"HGF","article_published_time":"2020-11-27T12:04:00+00:00","article_modified_time":"2025-11-13T20:12:48+00:00","og_image":[{"width":1920,"height":1080,"url":"https:\/\/www.hgf.com\/wp-content\/uploads\/2021\/05\/Rough-times-for-Oktoberfest.jpg","type":"image\/jpeg"}],"author":"Akvil\u0117 Lukauskaite","twitter_card":"summary_large_image","twitter_creator":"@behrooz@tall.agency","twitter_site":"@hgf_ip","twitter_misc":{"\u00c9crit par":"Akvil\u0117 Lukauskaite","Dur\u00e9e de lecture estim\u00e9e":"6 minutes"},"schema":{"@context":"https:\/\/schema.org","@graph":[{"@type":"Article","@id":"https:\/\/www.hgf.com\/fr\/centre-de-connaissances\/articles\/des-temps-difficiles-pour-loktoberfest\/#article","isPartOf":{"@id":"https:\/\/www.hgf.com\/fr\/centre-de-connaissances\/articles\/des-temps-difficiles-pour-loktoberfest\/"},"author":{"name":"Akvil\u0117 Lukauskaite","@id":"https:\/\/www.hgf.com\/fr\/#\/schema\/person\/e6343663c5ee3e1ccea20cd220f97f30"},"headline":"Des temps difficiles pour l&#8217;Oktoberfest","datePublished":"2020-11-27T12:04:00+00:00","dateModified":"2025-11-13T20:12:48+00:00","mainEntityOfPage":{"@id":"https:\/\/www.hgf.com\/fr\/centre-de-connaissances\/articles\/des-temps-difficiles-pour-loktoberfest\/"},"wordCount":1294,"publisher":{"@id":"https:\/\/www.hgf.com\/fr\/#organization"},"image":{"@id":"https:\/\/www.hgf.com\/fr\/centre-de-connaissances\/articles\/des-temps-difficiles-pour-loktoberfest\/#primaryimage"},"thumbnailUrl":"https:\/\/www.hgf.com\/wp-content\/uploads\/2021\/05\/Rough-times-for-Oktoberfest.jpg","articleSection":["Articles","Centre de connaissances"],"inLanguage":"fr-FR"},{"@type":"WebPage","@id":"https:\/\/www.hgf.com\/fr\/centre-de-connaissances\/articles\/des-temps-difficiles-pour-loktoberfest\/","url":"https:\/\/www.hgf.com\/fr\/centre-de-connaissances\/articles\/des-temps-difficiles-pour-loktoberfest\/","name":"Des temps difficiles pour l'Oktoberfest - HGF","isPartOf":{"@id":"https:\/\/www.hgf.com\/fr\/#website"},"primaryImageOfPage":{"@id":"https:\/\/www.hgf.com\/fr\/centre-de-connaissances\/articles\/des-temps-difficiles-pour-loktoberfest\/#primaryimage"},"image":{"@id":"https:\/\/www.hgf.com\/fr\/centre-de-connaissances\/articles\/des-temps-difficiles-pour-loktoberfest\/#primaryimage"},"thumbnailUrl":"https:\/\/www.hgf.com\/wp-content\/uploads\/2021\/05\/Rough-times-for-Oktoberfest.jpg","datePublished":"2020-11-27T12:04:00+00:00","dateModified":"2025-11-13T20:12:48+00:00","inLanguage":"fr-FR","potentialAction":[{"@type":"ReadAction","target":["https:\/\/www.hgf.com\/fr\/centre-de-connaissances\/articles\/des-temps-difficiles-pour-loktoberfest\/"]}]},{"@type":"ImageObject","inLanguage":"fr-FR","@id":"https:\/\/www.hgf.com\/fr\/centre-de-connaissances\/articles\/des-temps-difficiles-pour-loktoberfest\/#primaryimage","url":"https:\/\/www.hgf.com\/wp-content\/uploads\/2021\/05\/Rough-times-for-Oktoberfest.jpg","contentUrl":"https:\/\/www.hgf.com\/wp-content\/uploads\/2021\/05\/Rough-times-for-Oktoberfest.jpg","width":1920,"height":1080},{"@type":"WebSite","@id":"https:\/\/www.hgf.com\/fr\/#website","url":"https:\/\/www.hgf.com\/fr\/","name":"HGF","description":"Intellectual Property Rights specialists","publisher":{"@id":"https:\/\/www.hgf.com\/fr\/#organization"},"potentialAction":[{"@type":"SearchAction","target":{"@type":"EntryPoint","urlTemplate":"https:\/\/www.hgf.com\/fr\/?s={search_term_string}"},"query-input":{"@type":"PropertyValueSpecification","valueRequired":true,"valueName":"search_term_string"}}],"inLanguage":"fr-FR"},{"@type":"Organization","@id":"https:\/\/www.hgf.com\/fr\/#organization","name":"HGF","url":"https:\/\/www.hgf.com\/fr\/","logo":{"@type":"ImageObject","inLanguage":"fr-FR","@id":"https:\/\/www.hgf.com\/fr\/#\/schema\/logo\/image\/","url":"https:\/\/www.hgf.com\/wp-content\/uploads\/2023\/04\/hgf-logo-696x696-1.png","contentUrl":"https:\/\/www.hgf.com\/wp-content\/uploads\/2023\/04\/hgf-logo-696x696-1.png","width":696,"height":696,"caption":"HGF"},"image":{"@id":"https:\/\/www.hgf.com\/fr\/#\/schema\/logo\/image\/"},"sameAs":["https:\/\/x.com\/hgf_ip","https:\/\/www.linkedin.com\/company\/hgf-limited-intellectual-property-specialists\/"]},{"@type":"Person","@id":"https:\/\/www.hgf.com\/fr\/#\/schema\/person\/e6343663c5ee3e1ccea20cd220f97f30","name":"Akvil\u0117 Lukauskaite","image":{"@type":"ImageObject","inLanguage":"fr-FR","@id":"https:\/\/secure.gravatar.com\/avatar\/d9cf1622c8c99b4c7573ba733a04f6352d3557803ca19afd3e4aafc94d9bc0b8?s=96&d=mm&r=g","url":"https:\/\/secure.gravatar.com\/avatar\/d9cf1622c8c99b4c7573ba733a04f6352d3557803ca19afd3e4aafc94d9bc0b8?s=96&d=mm&r=g","contentUrl":"https:\/\/secure.gravatar.com\/avatar\/d9cf1622c8c99b4c7573ba733a04f6352d3557803ca19afd3e4aafc94d9bc0b8?s=96&d=mm&r=g","caption":"Akvil\u0117 Lukauskaite"},"sameAs":["https:\/\/x.com\/behrooz@tall.agency","Behrooz Saeed"]}]}},"_links":{"self":[{"href":"https:\/\/www.hgf.com\/fr\/wp-json\/wp\/v2\/posts\/9004111222137031","targetHints":{"allow":["GET"]}}],"collection":[{"href":"https:\/\/www.hgf.com\/fr\/wp-json\/wp\/v2\/posts"}],"about":[{"href":"https:\/\/www.hgf.com\/fr\/wp-json\/wp\/v2\/types\/post"}],"author":[{"embeddable":true,"href":"https:\/\/www.hgf.com\/fr\/wp-json\/wp\/v2\/users\/315"}],"replies":[{"embeddable":true,"href":"https:\/\/www.hgf.com\/fr\/wp-json\/wp\/v2\/comments?post=9004111222137031"}],"version-history":[{"count":0,"href":"https:\/\/www.hgf.com\/fr\/wp-json\/wp\/v2\/posts\/9004111222137031\/revisions"}],"wp:featuredmedia":[{"embeddable":true,"href":"https:\/\/www.hgf.com\/fr\/wp-json\/wp\/v2\/media\/9004111222137032"}],"wp:attachment":[{"href":"https:\/\/www.hgf.com\/fr\/wp-json\/wp\/v2\/media?parent=9004111222137031"}],"wp:term":[{"taxonomy":"category","embeddable":true,"href":"https:\/\/www.hgf.com\/fr\/wp-json\/wp\/v2\/categories?post=9004111222137031"},{"taxonomy":"post_tag","embeddable":true,"href":"https:\/\/www.hgf.com\/fr\/wp-json\/wp\/v2\/tags?post=9004111222137031"}],"curies":[{"name":"wp","href":"https:\/\/api.w.org\/{rel}","templated":true}]}}