{"id":9004111222136989,"date":"2020-09-01T13:55:34","date_gmt":"2020-09-01T12:55:34","guid":{"rendered":"https:\/\/www.hgf.com\/?p=9004111222136989"},"modified":"2025-11-13T20:12:59","modified_gmt":"2025-11-13T20:12:59","slug":"conference-sur-les-proteines-alternatives-transformer-lavenir-de-lalimentation","status":"publish","type":"post","link":"https:\/\/www.hgf.com\/fr\/centre-de-connaissances\/evenements\/conference-sur-les-proteines-alternatives-transformer-lavenir-de-lalimentation\/","title":{"rendered":"Conf\u00e9rence sur les prot\u00e9ines alternatives &#8211; transformer l&#8217;avenir de l&#8217;alimentation"},"content":{"rendered":"<p class=\"p__large\">HGF est le partenaire en propri\u00e9t\u00e9 intellectuelle de la conf\u00e9rence sur les prot\u00e9ines alternatives qui se d\u00e9roulera les 2 et 3 septembre 2020.<\/p>\n<p>La Conf\u00e9rence sur les prot\u00e9ines alternatives 2020 se concentrera sur la nouvelle vague d&#8217;entreprises alimentaires du futur qui transforment les activit\u00e9s de demain.<\/p>\n<p>La conf\u00e9rence se d\u00e9roulera sur deux jours en mode virtuel et les participants pourront d\u00e9couvrir les derni\u00e8res tendances commerciales et les meilleures pratiques pour transformer l&#8217;avenir de l&#8217;alimentation gr\u00e2ce \u00e0 l&#8217;agriculture cellulaire et aux prot\u00e9ines alternatives d&#8217;origine v\u00e9g\u00e9tale.<\/p>\n<p>L&#8217;associ\u00e9 HGF <a href=\"https:\/\/www.hgf.com\/about-us\/our-people\/kerry-rees\/\">Kerry Rees<\/a> animera une session le 2 septembre :<\/p>\n<h5>Propri\u00e9t\u00e9 intellectuelle et march\u00e9 des prot\u00e9ines alternatives : utiliser la PI pour attirer les investissements<\/h5>\n<p>La PI est un actif cl\u00e9 pour les entreprises ax\u00e9es sur la technologie et est utilis\u00e9e pour attirer le financement d&#8217;investisseurs \u00e0 toutes les \u00e9tapes du d\u00e9veloppement d&#8217;une entreprise. Les entreprises qui peuvent d\u00e9montrer une strat\u00e9gie PI intelligente sont plus susceptibles d&#8217;obtenir la confiance des investisseurs, tandis que toute faiblesse dans un portefeuille de PI peut r\u00e9duire la valeur de l&#8217;entreprise et compromettre un accord de financement. La pr\u00e9sentation abordera les aspects cl\u00e9s du d\u00e9veloppement d&#8217;une strat\u00e9gie PI qui inspire confiance aux investisseurs.  <\/p>\n<p>L&#8217;associ\u00e9e HGF <a href=\"https:\/\/www.hgf.com\/about-us\/our-people\/marie-mcmorrow-1\/\">Marie McMorrow<\/a> et la directrice des brevets <a href=\"https:\/\/www.hgf.com\/about-us\/our-people\/dr-jennifer-bailey\/\">Dr Jennifer Bailey<\/a> assisteront \u00e9galement \u00e0 l&#8217;\u00e9v\u00e9nement.<\/p>\n<div class=\"btn-wrap \"><a href=\"https:\/\/w.tame.events\/e\/144103307\" class=\"btn on-grey\" target=\"_blank\"><span>Register now<\/span><\/a><\/div>\n","protected":false},"excerpt":{"rendered":"<p>HGF est le partenaire en propri\u00e9t\u00e9 intellectuelle de la conf\u00e9rence sur les prot\u00e9ines alternatives qui se d\u00e9roulera les 2 et 3 septembre 2020. La Conf\u00e9rence sur les prot\u00e9ines alternatives 2020 &hellip;<\/p>\n","protected":false},"author":315,"featured_media":9004111222133988,"comment_status":"open","ping_status":"open","sticky":false,"template":"","format":"standard","meta":{"_acf_changed":false,"footnotes":""},"categories":[545,517,543],"tags":[],"class_list":["post-9004111222136989","post","type-post","status-publish","format-standard","has-post-thumbnail","hentry","category-autres-evenements","category-centre-de-connaissances","category-evenements","sector-alimentation-boissons","service-brevets","service-gestion-de-portefeuille","service-strategie-fr","sector_groups-sciences-de-la-vie"],"acf":[],"yoast_head":"<!-- This site is optimized with the Yoast SEO Premium plugin v27.5 (Yoast SEO v27.5) - https:\/\/yoast.com\/product\/yoast-seo-premium-wordpress\/ -->\n<title>Conf\u00e9rence sur les prot\u00e9ines alternatives - transformer l&#039;avenir de l&#039;alimentation - HGF<\/title>\n<meta name=\"robots\" content=\"index, follow, max-snippet:-1, max-image-preview:large, max-video-preview:-1\" \/>\n<link rel=\"canonical\" href=\"https:\/\/www.hgf.com\/fr\/centre-de-connaissances\/evenements\/conference-sur-les-proteines-alternatives-transformer-lavenir-de-lalimentation\/\" \/>\n<meta property=\"og:locale\" content=\"fr_FR\" \/>\n<meta property=\"og:type\" content=\"article\" \/>\n<meta property=\"og:title\" content=\"Conf\u00e9rence sur les prot\u00e9ines alternatives - transformer l&#039;avenir de l&#039;alimentation\" \/>\n<meta property=\"og:description\" content=\"HGF est le partenaire en propri\u00e9t\u00e9 intellectuelle de la conf\u00e9rence sur les prot\u00e9ines alternatives qui se d\u00e9roulera les 2 et 3 septembre 2020. La\" \/>\n<meta property=\"og:url\" content=\"https:\/\/www.hgf.com\/fr\/centre-de-connaissances\/evenements\/conference-sur-les-proteines-alternatives-transformer-lavenir-de-lalimentation\/\" \/>\n<meta property=\"og:site_name\" content=\"HGF\" \/>\n<meta property=\"article:published_time\" content=\"2020-09-01T12:55:34+00:00\" \/>\n<meta property=\"article:modified_time\" content=\"2025-11-13T20:12:59+00:00\" \/>\n<meta property=\"og:image\" content=\"https:\/\/www.hgf.com\/wp-content\/uploads\/2023\/02\/hgf-logo.jpg\" \/>\n\t<meta property=\"og:image:width\" content=\"1920\" \/>\n\t<meta property=\"og:image:height\" content=\"1080\" \/>\n\t<meta property=\"og:image:type\" content=\"image\/jpeg\" \/>\n<meta name=\"author\" content=\"Akvil\u0117 Lukauskaite\" \/>\n<meta name=\"twitter:card\" content=\"summary_large_image\" \/>\n<meta name=\"twitter:creator\" content=\"@behrooz@tall.agency\" \/>\n<meta name=\"twitter:site\" content=\"@hgf_ip\" \/>\n<meta name=\"twitter:label1\" content=\"\u00c9crit par\" \/>\n\t<meta name=\"twitter:data1\" content=\"Akvil\u0117 Lukauskaite\" \/>\n\t<meta name=\"twitter:label2\" content=\"Dur\u00e9e de lecture estim\u00e9e\" \/>\n\t<meta name=\"twitter:data2\" content=\"1 minute\" \/>\n<script type=\"application\/ld+json\" class=\"yoast-schema-graph\">{\"@context\":\"https:\\\/\\\/schema.org\",\"@graph\":[{\"@type\":\"Article\",\"@id\":\"https:\\\/\\\/www.hgf.com\\\/fr\\\/centre-de-connaissances\\\/evenements\\\/conference-sur-les-proteines-alternatives-transformer-lavenir-de-lalimentation\\\/#article\",\"isPartOf\":{\"@id\":\"https:\\\/\\\/www.hgf.com\\\/fr\\\/centre-de-connaissances\\\/evenements\\\/conference-sur-les-proteines-alternatives-transformer-lavenir-de-lalimentation\\\/\"},\"author\":{\"name\":\"Akvil\u0117 Lukauskaite\",\"@id\":\"https:\\\/\\\/www.hgf.com\\\/fr\\\/#\\\/schema\\\/person\\\/e6343663c5ee3e1ccea20cd220f97f30\"},\"headline\":\"Conf\u00e9rence sur les prot\u00e9ines alternatives &#8211; transformer l&#8217;avenir de l&#8217;alimentation\",\"datePublished\":\"2020-09-01T12:55:34+00:00\",\"dateModified\":\"2025-11-13T20:12:59+00:00\",\"mainEntityOfPage\":{\"@id\":\"https:\\\/\\\/www.hgf.com\\\/fr\\\/centre-de-connaissances\\\/evenements\\\/conference-sur-les-proteines-alternatives-transformer-lavenir-de-lalimentation\\\/\"},\"wordCount\":277,\"commentCount\":0,\"publisher\":{\"@id\":\"https:\\\/\\\/www.hgf.com\\\/fr\\\/#organization\"},\"image\":{\"@id\":\"https:\\\/\\\/www.hgf.com\\\/fr\\\/centre-de-connaissances\\\/evenements\\\/conference-sur-les-proteines-alternatives-transformer-lavenir-de-lalimentation\\\/#primaryimage\"},\"thumbnailUrl\":\"https:\\\/\\\/www.hgf.com\\\/wp-content\\\/uploads\\\/2023\\\/02\\\/hgf-logo.jpg\",\"articleSection\":[\"Autres \u00e9v\u00e9nements\",\"Centre de connaissances\",\"\u00c9v\u00e9nements\"],\"inLanguage\":\"fr-FR\",\"potentialAction\":[{\"@type\":\"CommentAction\",\"name\":\"Comment\",\"target\":[\"https:\\\/\\\/www.hgf.com\\\/fr\\\/centre-de-connaissances\\\/evenements\\\/conference-sur-les-proteines-alternatives-transformer-lavenir-de-lalimentation\\\/#respond\"]}]},{\"@type\":\"WebPage\",\"@id\":\"https:\\\/\\\/www.hgf.com\\\/fr\\\/centre-de-connaissances\\\/evenements\\\/conference-sur-les-proteines-alternatives-transformer-lavenir-de-lalimentation\\\/\",\"url\":\"https:\\\/\\\/www.hgf.com\\\/fr\\\/centre-de-connaissances\\\/evenements\\\/conference-sur-les-proteines-alternatives-transformer-lavenir-de-lalimentation\\\/\",\"name\":\"Conf\u00e9rence sur les prot\u00e9ines alternatives - transformer l'avenir de l'alimentation - HGF\",\"isPartOf\":{\"@id\":\"https:\\\/\\\/www.hgf.com\\\/fr\\\/#website\"},\"primaryImageOfPage\":{\"@id\":\"https:\\\/\\\/www.hgf.com\\\/fr\\\/centre-de-connaissances\\\/evenements\\\/conference-sur-les-proteines-alternatives-transformer-lavenir-de-lalimentation\\\/#primaryimage\"},\"image\":{\"@id\":\"https:\\\/\\\/www.hgf.com\\\/fr\\\/centre-de-connaissances\\\/evenements\\\/conference-sur-les-proteines-alternatives-transformer-lavenir-de-lalimentation\\\/#primaryimage\"},\"thumbnailUrl\":\"https:\\\/\\\/www.hgf.com\\\/wp-content\\\/uploads\\\/2023\\\/02\\\/hgf-logo.jpg\",\"datePublished\":\"2020-09-01T12:55:34+00:00\",\"dateModified\":\"2025-11-13T20:12:59+00:00\",\"inLanguage\":\"fr-FR\",\"potentialAction\":[{\"@type\":\"ReadAction\",\"target\":[\"https:\\\/\\\/www.hgf.com\\\/fr\\\/centre-de-connaissances\\\/evenements\\\/conference-sur-les-proteines-alternatives-transformer-lavenir-de-lalimentation\\\/\"]}]},{\"@type\":\"ImageObject\",\"inLanguage\":\"fr-FR\",\"@id\":\"https:\\\/\\\/www.hgf.com\\\/fr\\\/centre-de-connaissances\\\/evenements\\\/conference-sur-les-proteines-alternatives-transformer-lavenir-de-lalimentation\\\/#primaryimage\",\"url\":\"https:\\\/\\\/www.hgf.com\\\/wp-content\\\/uploads\\\/2023\\\/02\\\/hgf-logo.jpg\",\"contentUrl\":\"https:\\\/\\\/www.hgf.com\\\/wp-content\\\/uploads\\\/2023\\\/02\\\/hgf-logo.jpg\",\"width\":1920,\"height\":1080},{\"@type\":\"WebSite\",\"@id\":\"https:\\\/\\\/www.hgf.com\\\/fr\\\/#website\",\"url\":\"https:\\\/\\\/www.hgf.com\\\/fr\\\/\",\"name\":\"HGF\",\"description\":\"Intellectual Property Rights specialists\",\"publisher\":{\"@id\":\"https:\\\/\\\/www.hgf.com\\\/fr\\\/#organization\"},\"potentialAction\":[{\"@type\":\"SearchAction\",\"target\":{\"@type\":\"EntryPoint\",\"urlTemplate\":\"https:\\\/\\\/www.hgf.com\\\/fr\\\/?s={search_term_string}\"},\"query-input\":{\"@type\":\"PropertyValueSpecification\",\"valueRequired\":true,\"valueName\":\"search_term_string\"}}],\"inLanguage\":\"fr-FR\"},{\"@type\":\"Organization\",\"@id\":\"https:\\\/\\\/www.hgf.com\\\/fr\\\/#organization\",\"name\":\"HGF\",\"url\":\"https:\\\/\\\/www.hgf.com\\\/fr\\\/\",\"logo\":{\"@type\":\"ImageObject\",\"inLanguage\":\"fr-FR\",\"@id\":\"https:\\\/\\\/www.hgf.com\\\/fr\\\/#\\\/schema\\\/logo\\\/image\\\/\",\"url\":\"https:\\\/\\\/www.hgf.com\\\/wp-content\\\/uploads\\\/2023\\\/04\\\/hgf-logo-696x696-1.png\",\"contentUrl\":\"https:\\\/\\\/www.hgf.com\\\/wp-content\\\/uploads\\\/2023\\\/04\\\/hgf-logo-696x696-1.png\",\"width\":696,\"height\":696,\"caption\":\"HGF\"},\"image\":{\"@id\":\"https:\\\/\\\/www.hgf.com\\\/fr\\\/#\\\/schema\\\/logo\\\/image\\\/\"},\"sameAs\":[\"https:\\\/\\\/x.com\\\/hgf_ip\",\"https:\\\/\\\/www.linkedin.com\\\/company\\\/hgf-limited-intellectual-property-specialists\\\/\"]},{\"@type\":\"Person\",\"@id\":\"https:\\\/\\\/www.hgf.com\\\/fr\\\/#\\\/schema\\\/person\\\/e6343663c5ee3e1ccea20cd220f97f30\",\"name\":\"Akvil\u0117 Lukauskaite\",\"image\":{\"@type\":\"ImageObject\",\"inLanguage\":\"fr-FR\",\"@id\":\"https:\\\/\\\/secure.gravatar.com\\\/avatar\\\/d9cf1622c8c99b4c7573ba733a04f6352d3557803ca19afd3e4aafc94d9bc0b8?s=96&d=mm&r=g\",\"url\":\"https:\\\/\\\/secure.gravatar.com\\\/avatar\\\/d9cf1622c8c99b4c7573ba733a04f6352d3557803ca19afd3e4aafc94d9bc0b8?s=96&d=mm&r=g\",\"contentUrl\":\"https:\\\/\\\/secure.gravatar.com\\\/avatar\\\/d9cf1622c8c99b4c7573ba733a04f6352d3557803ca19afd3e4aafc94d9bc0b8?s=96&d=mm&r=g\",\"caption\":\"Akvil\u0117 Lukauskaite\"},\"sameAs\":[\"https:\\\/\\\/x.com\\\/behrooz@tall.agency\",\"Behrooz Saeed\"]}]}<\/script>\n<!-- \/ Yoast SEO Premium plugin. -->","yoast_head_json":{"title":"Conf\u00e9rence sur les prot\u00e9ines alternatives - transformer l'avenir de l'alimentation - HGF","robots":{"index":"index","follow":"follow","max-snippet":"max-snippet:-1","max-image-preview":"max-image-preview:large","max-video-preview":"max-video-preview:-1"},"canonical":"https:\/\/www.hgf.com\/fr\/centre-de-connaissances\/evenements\/conference-sur-les-proteines-alternatives-transformer-lavenir-de-lalimentation\/","og_locale":"fr_FR","og_type":"article","og_title":"Conf\u00e9rence sur les prot\u00e9ines alternatives - transformer l'avenir de l'alimentation","og_description":"HGF est le partenaire en propri\u00e9t\u00e9 intellectuelle de la conf\u00e9rence sur les prot\u00e9ines alternatives qui se d\u00e9roulera les 2 et 3 septembre 2020. La","og_url":"https:\/\/www.hgf.com\/fr\/centre-de-connaissances\/evenements\/conference-sur-les-proteines-alternatives-transformer-lavenir-de-lalimentation\/","og_site_name":"HGF","article_published_time":"2020-09-01T12:55:34+00:00","article_modified_time":"2025-11-13T20:12:59+00:00","og_image":[{"width":1920,"height":1080,"url":"https:\/\/www.hgf.com\/wp-content\/uploads\/2023\/02\/hgf-logo.jpg","type":"image\/jpeg"}],"author":"Akvil\u0117 Lukauskaite","twitter_card":"summary_large_image","twitter_creator":"@behrooz@tall.agency","twitter_site":"@hgf_ip","twitter_misc":{"\u00c9crit par":"Akvil\u0117 Lukauskaite","Dur\u00e9e de lecture estim\u00e9e":"1 minute"},"schema":{"@context":"https:\/\/schema.org","@graph":[{"@type":"Article","@id":"https:\/\/www.hgf.com\/fr\/centre-de-connaissances\/evenements\/conference-sur-les-proteines-alternatives-transformer-lavenir-de-lalimentation\/#article","isPartOf":{"@id":"https:\/\/www.hgf.com\/fr\/centre-de-connaissances\/evenements\/conference-sur-les-proteines-alternatives-transformer-lavenir-de-lalimentation\/"},"author":{"name":"Akvil\u0117 Lukauskaite","@id":"https:\/\/www.hgf.com\/fr\/#\/schema\/person\/e6343663c5ee3e1ccea20cd220f97f30"},"headline":"Conf\u00e9rence sur les prot\u00e9ines alternatives &#8211; transformer l&#8217;avenir de l&#8217;alimentation","datePublished":"2020-09-01T12:55:34+00:00","dateModified":"2025-11-13T20:12:59+00:00","mainEntityOfPage":{"@id":"https:\/\/www.hgf.com\/fr\/centre-de-connaissances\/evenements\/conference-sur-les-proteines-alternatives-transformer-lavenir-de-lalimentation\/"},"wordCount":277,"commentCount":0,"publisher":{"@id":"https:\/\/www.hgf.com\/fr\/#organization"},"image":{"@id":"https:\/\/www.hgf.com\/fr\/centre-de-connaissances\/evenements\/conference-sur-les-proteines-alternatives-transformer-lavenir-de-lalimentation\/#primaryimage"},"thumbnailUrl":"https:\/\/www.hgf.com\/wp-content\/uploads\/2023\/02\/hgf-logo.jpg","articleSection":["Autres \u00e9v\u00e9nements","Centre de connaissances","\u00c9v\u00e9nements"],"inLanguage":"fr-FR","potentialAction":[{"@type":"CommentAction","name":"Comment","target":["https:\/\/www.hgf.com\/fr\/centre-de-connaissances\/evenements\/conference-sur-les-proteines-alternatives-transformer-lavenir-de-lalimentation\/#respond"]}]},{"@type":"WebPage","@id":"https:\/\/www.hgf.com\/fr\/centre-de-connaissances\/evenements\/conference-sur-les-proteines-alternatives-transformer-lavenir-de-lalimentation\/","url":"https:\/\/www.hgf.com\/fr\/centre-de-connaissances\/evenements\/conference-sur-les-proteines-alternatives-transformer-lavenir-de-lalimentation\/","name":"Conf\u00e9rence sur les prot\u00e9ines alternatives - transformer l'avenir de l'alimentation - HGF","isPartOf":{"@id":"https:\/\/www.hgf.com\/fr\/#website"},"primaryImageOfPage":{"@id":"https:\/\/www.hgf.com\/fr\/centre-de-connaissances\/evenements\/conference-sur-les-proteines-alternatives-transformer-lavenir-de-lalimentation\/#primaryimage"},"image":{"@id":"https:\/\/www.hgf.com\/fr\/centre-de-connaissances\/evenements\/conference-sur-les-proteines-alternatives-transformer-lavenir-de-lalimentation\/#primaryimage"},"thumbnailUrl":"https:\/\/www.hgf.com\/wp-content\/uploads\/2023\/02\/hgf-logo.jpg","datePublished":"2020-09-01T12:55:34+00:00","dateModified":"2025-11-13T20:12:59+00:00","inLanguage":"fr-FR","potentialAction":[{"@type":"ReadAction","target":["https:\/\/www.hgf.com\/fr\/centre-de-connaissances\/evenements\/conference-sur-les-proteines-alternatives-transformer-lavenir-de-lalimentation\/"]}]},{"@type":"ImageObject","inLanguage":"fr-FR","@id":"https:\/\/www.hgf.com\/fr\/centre-de-connaissances\/evenements\/conference-sur-les-proteines-alternatives-transformer-lavenir-de-lalimentation\/#primaryimage","url":"https:\/\/www.hgf.com\/wp-content\/uploads\/2023\/02\/hgf-logo.jpg","contentUrl":"https:\/\/www.hgf.com\/wp-content\/uploads\/2023\/02\/hgf-logo.jpg","width":1920,"height":1080},{"@type":"WebSite","@id":"https:\/\/www.hgf.com\/fr\/#website","url":"https:\/\/www.hgf.com\/fr\/","name":"HGF","description":"Intellectual Property Rights specialists","publisher":{"@id":"https:\/\/www.hgf.com\/fr\/#organization"},"potentialAction":[{"@type":"SearchAction","target":{"@type":"EntryPoint","urlTemplate":"https:\/\/www.hgf.com\/fr\/?s={search_term_string}"},"query-input":{"@type":"PropertyValueSpecification","valueRequired":true,"valueName":"search_term_string"}}],"inLanguage":"fr-FR"},{"@type":"Organization","@id":"https:\/\/www.hgf.com\/fr\/#organization","name":"HGF","url":"https:\/\/www.hgf.com\/fr\/","logo":{"@type":"ImageObject","inLanguage":"fr-FR","@id":"https:\/\/www.hgf.com\/fr\/#\/schema\/logo\/image\/","url":"https:\/\/www.hgf.com\/wp-content\/uploads\/2023\/04\/hgf-logo-696x696-1.png","contentUrl":"https:\/\/www.hgf.com\/wp-content\/uploads\/2023\/04\/hgf-logo-696x696-1.png","width":696,"height":696,"caption":"HGF"},"image":{"@id":"https:\/\/www.hgf.com\/fr\/#\/schema\/logo\/image\/"},"sameAs":["https:\/\/x.com\/hgf_ip","https:\/\/www.linkedin.com\/company\/hgf-limited-intellectual-property-specialists\/"]},{"@type":"Person","@id":"https:\/\/www.hgf.com\/fr\/#\/schema\/person\/e6343663c5ee3e1ccea20cd220f97f30","name":"Akvil\u0117 Lukauskaite","image":{"@type":"ImageObject","inLanguage":"fr-FR","@id":"https:\/\/secure.gravatar.com\/avatar\/d9cf1622c8c99b4c7573ba733a04f6352d3557803ca19afd3e4aafc94d9bc0b8?s=96&d=mm&r=g","url":"https:\/\/secure.gravatar.com\/avatar\/d9cf1622c8c99b4c7573ba733a04f6352d3557803ca19afd3e4aafc94d9bc0b8?s=96&d=mm&r=g","contentUrl":"https:\/\/secure.gravatar.com\/avatar\/d9cf1622c8c99b4c7573ba733a04f6352d3557803ca19afd3e4aafc94d9bc0b8?s=96&d=mm&r=g","caption":"Akvil\u0117 Lukauskaite"},"sameAs":["https:\/\/x.com\/behrooz@tall.agency","Behrooz Saeed"]}]}},"_links":{"self":[{"href":"https:\/\/www.hgf.com\/fr\/wp-json\/wp\/v2\/posts\/9004111222136989","targetHints":{"allow":["GET"]}}],"collection":[{"href":"https:\/\/www.hgf.com\/fr\/wp-json\/wp\/v2\/posts"}],"about":[{"href":"https:\/\/www.hgf.com\/fr\/wp-json\/wp\/v2\/types\/post"}],"author":[{"embeddable":true,"href":"https:\/\/www.hgf.com\/fr\/wp-json\/wp\/v2\/users\/315"}],"replies":[{"embeddable":true,"href":"https:\/\/www.hgf.com\/fr\/wp-json\/wp\/v2\/comments?post=9004111222136989"}],"version-history":[{"count":0,"href":"https:\/\/www.hgf.com\/fr\/wp-json\/wp\/v2\/posts\/9004111222136989\/revisions"}],"wp:featuredmedia":[{"embeddable":true,"href":"https:\/\/www.hgf.com\/fr\/wp-json\/wp\/v2\/media\/9004111222133988"}],"wp:attachment":[{"href":"https:\/\/www.hgf.com\/fr\/wp-json\/wp\/v2\/media?parent=9004111222136989"}],"wp:term":[{"taxonomy":"category","embeddable":true,"href":"https:\/\/www.hgf.com\/fr\/wp-json\/wp\/v2\/categories?post=9004111222136989"},{"taxonomy":"post_tag","embeddable":true,"href":"https:\/\/www.hgf.com\/fr\/wp-json\/wp\/v2\/tags?post=9004111222136989"}],"curies":[{"name":"wp","href":"https:\/\/api.w.org\/{rel}","templated":true}]}}