{"id":9004111222136978,"date":"2022-07-12T08:57:54","date_gmt":"2022-07-12T07:57:54","guid":{"rendered":"https:\/\/www.hgf.com\/?p=9004111222136978"},"modified":"2025-11-13T20:11:02","modified_gmt":"2025-11-13T20:11:02","slug":"une-question-de-recharges-mais-aussi-de-marques","status":"publish","type":"post","link":"https:\/\/www.hgf.com\/fr\/centre-de-connaissances\/articles\/une-question-de-recharges-mais-aussi-de-marques\/","title":{"rendered":"Une question de recharges mais aussi de marques"},"content":{"rendered":"<h5>L&#8217;affaire<\/h5>\n<p>L&#8217;avocat g\u00e9n\u00e9ral Giovanni Pitruzzelli a rendu un avis le 12 mai 2022 dans une affaire port\u00e9e devant la Cour de justice de l&#8217;Union europ\u00e9enne (CJUE), provenant des juridictions nationales finlandaises. L&#8217;affaire implique les soci\u00e9t\u00e9s <g id=\"gid_0\">Mysoda<\/g> et <g id=\"gid_1\">Sodastream<\/g> et concerne la responsabilit\u00e9 potentielle pour contrefa\u00e7on de marque en relation avec le reconditionnement, le r\u00e9\u00e9tiquetage et le remplissage des produits. L&#8217;affaire est centr\u00e9e sur les actions de <em>MySoda<\/em> consistant \u00e0 r\u00e9utiliser les bouteilles rechargeables de <em>Sodastream<\/em> pour produire des boissons gazeuses. <em>MySoda<\/em> les a remplies de dioxyde de carbone et les a r\u00e9\u00e9tiquet\u00e9es. Bien que les bouteilles aient de nouvelles \u00e9tiquettes, elles sont rest\u00e9es grav\u00e9es des marques de commerce de <em>Sodastream<\/em>.   <\/p>\n<p>Les juridictions nationales finlandaises ont pos\u00e9 les questions suivantes \u00e0 la CJUE, sur lesquelles l&#8217;avocat g\u00e9n\u00e9ral a rendu son avis le 12 mai 2022 :<\/p>\n<p>Avant que le reconditionnement et le r\u00e9\u00e9tiquetage puissent \u00eatre jug\u00e9s acceptables, ces actes doivent-ils \u00eatre n\u00e9cessaires pour emp\u00eacher un cloisonnement artificiel du march\u00e9 ?<\/p>\n<ol>\n<li>Lorsqu&#8217;un tiers remplit une bouteille de dioxyde de carbone pour la revendre, retire l&#8217;\u00e9tiquette d&#8217;origine et la remplace par une \u00e9tiquette portant son propre logo et que la marque de la personne qui a mis la bouteille sur le march\u00e9 est toujours visible, cela n&#8217;est-il acceptable que si cela est n\u00e9cessaire ?<\/li>\n<li>Le retrait et le remplacement de l&#8217;\u00e9tiquette sur laquelle la marque est appos\u00e9e peuvent-ils \u00eatre consid\u00e9r\u00e9s comme portant atteinte en principe \u00e0 la fonction de la marque, c&#8217;est-\u00e0-dire \u00e0 l&#8217;indication de l&#8217;origine de la marque ?<\/li>\n<li>Le retrait et le remplacement de l&#8217;\u00e9tiquette doivent-ils \u00eatre n\u00e9cessaires \u00e0 la commercialisation ?<\/li>\n<\/ol>\n<h5>Qu&#8217;a constat\u00e9 l&#8217;avocat g\u00e9n\u00e9ral ?<\/h5>\n<p>L&#8217;avis de l&#8217;avocat g\u00e9n\u00e9ral Giovanni Pitruzzelli \u00e9tait tr\u00e8s \u00e9quilibr\u00e9 en ce qui concerne les deux parties. Il a estim\u00e9 que le reconditionnement, le r\u00e9\u00e9tiquetage et le remplissage des produits \u00e9taient acceptables, mais que certaines conditions devaient \u00eatre remplies avant que cela ne puisse avoir lieu. <\/p>\n<p>L&#8217;avocat g\u00e9n\u00e9ral a estim\u00e9 que le reconditionnement et le r\u00e9\u00e9tiquetage des produits doivent \u00eatre justifi\u00e9s comme \u00e9tant n\u00e9cessaires \u00e0 l&#8217;acc\u00e8s des tiers, compte tenu de la nature des produits et de leur destination. Les int\u00e9r\u00eats l\u00e9gitimes du propri\u00e9taire de la marque doivent \u00e9galement \u00eatre sauvegard\u00e9s, par exemple, par un \u00e9tiquetage clair, et il doit \u00eatre tenu compte des pratiques industrielles courantes. <\/p>\n<p>Il convient de noter que l&#8217;avis de l&#8217;avocat g\u00e9n\u00e9ral, bien que persuasif, n&#8217;est pas une d\u00e9cision finale. N\u00e9anmoins, la CJUE suit g\u00e9n\u00e9ralement le raisonnement de l&#8217;avocat g\u00e9n\u00e9ral dans environ 70 % de ses affaires. <\/p>\n<h5>Importance pour les d\u00e9taillants et les propri\u00e9taires de marques<\/h5>\n<p>Cette affaire sera extr\u00eamement importante pour le secteur de la vente au d\u00e9tail, car elle a des implications pour le besoin urgent de durabilit\u00e9 et d&#8217;une \u00e9conomie circulaire, dans laquelle les produits sont r\u00e9utilis\u00e9s, par exemple, par le remplissage, le reconditionnement et le r\u00e9\u00e9tiquetage. Elle pourrait potentiellement avoir des r\u00e9percussions ou au moins fournir des orientations sur la question du surcyclage et sur les cas o\u00f9 des consommables de remplacement sont fournis pour des produits de marque par des tiers, tels que les cassettes pour les machines \u00e0 recycler les couches ou les dosettes de caf\u00e9. <\/p>\n<p>Si l&#8217;avis de l&#8217;avocat g\u00e9n\u00e9ral est suivi, les d\u00e9taillants et les propri\u00e9taires de marques impliqu\u00e9s dans le remplissage, le reconditionnement ou le r\u00e9\u00e9tiquetage de produits peuvent devoir justifier la n\u00e9cessit\u00e9 de cette pratique afin d&#8217;\u00e9viter la contrefa\u00e7on de marque. La d\u00e9cision cr\u00e9era en fin de compte une plus grande clart\u00e9 en ce qui concerne les pratiques de durabilit\u00e9 acceptables, dans le contexte de la libre circulation des marchandises dans l&#8217;EEE. <\/p>\n<p>La jurisprudence de l&#8217;UE sur la question du reconditionnement s&#8217;appliquait \u00e0 l&#8217;origine uniquement \u00e0 la vente transfrontali\u00e8re de marchandises et de produits pharmaceutiques en particulier. Si l&#8217;avis de l&#8217;AG est suivi, cela semblerait maintenant s&#8217;appliquer au sein du m\u00eame march\u00e9 national et plus clairement aux produits en dehors du secteur pharmaceutique. <\/p>\n<p>Les principaux probl\u00e8mes pour le secteur de la vente au d\u00e9tail sont mis en \u00e9vidence par les arguments des deux parties. Les arguments de <em>Sodastream<\/em> t\u00e9moignent des pr\u00e9occupations potentielles des propri\u00e9taires de marques, dont les produits peuvent \u00eatre r\u00e9utilis\u00e9s. Ils ont fait valoir qu&#8217;ils avaient des raisons l\u00e9gitimes d&#8217;emp\u00eacher les actions de <em>MySoda<\/em> et donc la libre circulation des marchandises au sein de l&#8217;EEE. Ils ont fait valoir que <g id=\"gid_2\">MySoda<\/g> avait modifi\u00e9 ou alt\u00e9r\u00e9 la bouteille et son contenu. Les actions de <g id=\"gid_3\">MySoda<\/g> induiraient \u00e9galement les consommateurs en erreur quant \u00e0 un lien \u00e9conomique entre les marques et des dommages seraient caus\u00e9s aux b\u00e9n\u00e9fices et \u00e0 la r\u00e9putation de <g id=\"gid_4\">Sodastream<\/g>. Ce point est \u00e9galement d&#8217;une importance cruciale lors de l&#8217;examen du surcyclage.   <\/p>\n<p>D&#8217;autre part, les arguments de <em>MySoda<\/em> mettent en \u00e9vidence les probl\u00e8mes potentiels qui peuvent se poser aux entreprises qui souhaitent r\u00e9utiliser des produits, mais qui sont confront\u00e9es \u00e0 d&#8217;\u00e9ventuelles plaintes pour contrefa\u00e7on de marque. Ils ont r\u00e9torqu\u00e9 que leurs actions n&#8217;affecteraient pas la fonction de la marque de commerce de <g id=\"gid_1\">Sodastream<\/g>, qui est d&#8217;indiquer l&#8217;origine des bouteilles. Le consommateur comprendrait que l&#8217;\u00e9tiquette de <g id=\"gid_2\">MySoda<\/g> n&#8217;indique que l&#8217;origine du dioxyde de carbone et du remplisseur qui \u00e9tait <g id=\"gid_3\">MySoda<\/g>, et non les bouteilles. La gravure de <g id=\"gid_4\">Sodastream<\/g> indiquait l&#8217;origine des bouteilles elles-m\u00eames. Ce point est important si l&#8217;on consid\u00e8re les besoins croissants et l&#8217;importance de \u00ab l&#8217;\u00e9conomie circulaire \u00bb et du recyclage, une tendance particuli\u00e8rement en hausse dans le secteur de la mode.   <\/p>\n<h5>Contexte<\/h5>\n<p>L&#8217;affaire en question s&#8217;inscrit dans le contexte de la libre circulation des marchandises au sein de l&#8217;EEE. Celle-ci est actuellement r\u00e9gie par le principe de l&#8217;\u00e9puisement des droits, qui est codifi\u00e9 \u00e0 l&#8217;article 7 de la directive sur les marques. Celui-ci stipule que le propri\u00e9taire d&#8217;une marque n&#8217;a le droit qu&#8217;\u00e0 la vente initiale de ses produits. Une fois cette vente effectu\u00e9e par le propri\u00e9taire ou avec son consentement, il ne peut plus restreindre la circulation ou la vente des marchandises au sein de l&#8217;EEE, en particulier lorsque l&#8217;utilisation est conforme aux pratiques honn\u00eates en mati\u00e8re industrielle ou commerciale.   <\/p>\n<p>La jurisprudence, impliquant <em>Cenrafarm, Xerox, Peak Holding<\/em> et <em>American Home Products,<\/em> a g\u00e9n\u00e9ralement maintenu le principe de l&#8217;\u00e9puisement des droits, ainsi que l&#8217;exception selon laquelle la restriction \u00e0 la circulation des marchandises ne peut avoir lieu que lorsque le propri\u00e9taire de la marque a des raisons l\u00e9gitimes de l&#8217;emp\u00eacher. Un exemple de raison l\u00e9gitime, qui est avanc\u00e9e par <em>Sodastream<\/em> dans la pr\u00e9sente affaire, est le cas o\u00f9 la commercialisation ult\u00e9rieure interf\u00e8re avec la fonction d&#8217;une marque de commerce qui consiste \u00e0 indiquer l&#8217;origine des marchandises ou modifierait ou alt\u00e9rerait ces marchandises. <\/p>\n<p>L&#8217;affaire <em>Bristol-Myers Squibb c. Paranova<\/em>, qui r\u00e9sume les conditions qui doivent \u00eatre remplies pour la commercialisation ult\u00e9rieure d&#8217;une marque de commerce, en relation avec la vente transfrontali\u00e8re de produits pharmaceutiques, est particuli\u00e8rement importante :<\/p>\n<ul>\n<li>L&#8217;application du droit de marque cloisonnerait artificiellement le march\u00e9 de l&#8217;EEE ;<\/li>\n<li>Le reconditionnement ne nuit pas \u00e0 l&#8217;\u00e9tat d&#8217;origine du produit ;<\/li>\n<li>L&#8217;importateur parall\u00e8le respecte certaines obligations en mati\u00e8re d&#8217;\u00e9tiquetage ;<\/li>\n<li>Le nouvel emballage ne nuit pas \u00e0 la r\u00e9putation de la marque ;<\/li>\n<li>L&#8217;importateur donne un pr\u00e9avis et fournit des \u00e9chantillons au propri\u00e9taire de la marque.<\/li>\n<\/ul>\n<p>Si l&#8217;avis de l&#8217;avocat g\u00e9n\u00e9ral est suivi, cette affaire s&#8217;appliquerait plus clairement aux marchandises en dehors du secteur pharmaceutique et s&#8217;appliquerait au commerce intra-national au sein d&#8217;un pays.<\/p>\n<p>Il a d\u00e9j\u00e0 \u00e9t\u00e9 \u00e9tabli dans l&#8217;affaire <em>Viking Gas<\/em> que l&#8217;importation parall\u00e8le n&#8217;est pas n\u00e9cessaire pour que l&#8217;\u00e9puisement des droits ait lieu. En effet, lorsque le d\u00e9fendeur avait mis sur le march\u00e9 du gaz en bouteille, avec des bouteilles r\u00e9utilis\u00e9es, il n&#8217;\u00e9tait pas responsable de la contrefa\u00e7on de marque, car les droits du propri\u00e9taire de la marque avaient \u00e9t\u00e9 \u00e9puis\u00e9s lors de la premi\u00e8re vente. <\/p>\n<p>En tant que tel, la question de savoir si l&#8217;\u00e9puisement des droits a eu lieu dans la pr\u00e9sente affaire, qui n&#8217;implique pas d&#8217;importations parall\u00e8les, n&#8217;est pas en cause. Il s&#8217;agit plut\u00f4t de savoir si <em>Sodastream<\/em> a des raisons l\u00e9gitimes d&#8217;emp\u00eacher <em>MySoda<\/em> de remplir, de reconditionner et de r\u00e9\u00e9tiqueter ses produits, en plus de savoir si la n\u00e9cessit\u00e9 des actions de <em>MySoda<\/em> peut \u00eatre justifi\u00e9e. <\/p>\n<p>La d\u00e9fense traditionnelle contre la contrefa\u00e7on de marque a en effet \u00e9t\u00e9 l&#8217;\u00e9puisement des droits et le fait que le propri\u00e9taire de la marque n&#8217;avait pas de raisons l\u00e9gitimes d&#8217;emp\u00eacher la libre circulation des marchandises. <em>MySoda<\/em> a fait valoir que ses actions n&#8217;auraient pas d&#8217;incidence n\u00e9gative sur la marque <em>Sodastream<\/em>.<\/p>\n<h5>Il appartient maintenant \u00e0 la CJUE de trancher<\/h5>\n<p>Comme indiqu\u00e9 pr\u00e9c\u00e9demment, l&#8217;avis de l&#8217;avocat g\u00e9n\u00e9ral Giovanni Pitruzzelli n&#8217;est qu&#8217;un avis consultatif et la CJUE rendra une d\u00e9cision finale concernant les questions pos\u00e9es par les juridictions nationales finlandaises. Toutefois, il est tr\u00e8s probable qu&#8217;au moins les aspects cl\u00e9s de l&#8217;avis de l&#8217;avocat g\u00e9n\u00e9ral seront int\u00e9gr\u00e9s. <\/p>\n<p>L&#8217;avis de l&#8217;avocat g\u00e9n\u00e9ral suit largement la jurisprudence ant\u00e9rieure en mati\u00e8re d&#8217;\u00e9puisement des droits et les raisons l\u00e9gitimes d&#8217;emp\u00eacher la libre circulation des marchandises dans l&#8217;EEE. La seule diff\u00e9rence est que cette affaire traite de nouvelles questions qui ont d\u00e9coul\u00e9 de la durabilit\u00e9 croissante et d&#8217;une \u00e9volution vers une \u00e9conomie circulaire. <\/p>\n<p>Les questions primordiales sont de savoir si l&#8217;\u00e9puisement des droits dans l&#8217;EEE peut avoir lieu au sein d&#8217;un march\u00e9 national et si la jurisprudence ant\u00e9rieure, qui s&#8217;applique largement aux produits pharmaceutiques, peut s&#8217;appliquer de mani\u00e8re g\u00e9n\u00e9rale \u00e0 toutes les marques. L&#8217;avis de l&#8217;avocat g\u00e9n\u00e9ral semble r\u00e9pondre aux deux questions par l&#8217;affirmative et constitue donc une progression logique en termes de jurisprudence, compte tenu de l&#8217;importance croissante de la durabilit\u00e9. <\/p>\n<p>L&#8217;avis de l&#8217;avocat g\u00e9n\u00e9ral fournit en outre un cadre permettant d&#8217;\u00e9valuer les pratiques de durabilit\u00e9 en fonction de leur incidence sur les marques de commerce et les marques. La n\u00e9cessit\u00e9 semble \u00eatre l&#8217;\u00e9l\u00e9ment cl\u00e9 qui devra \u00eatre prouv\u00e9 par les d\u00e9taillants et les entreprises qui souhaitent r\u00e9utiliser, reconditionner, remplir ou r\u00e9\u00e9tiqueter des produits. <\/p>\n<p>De plus, suite au Brexit, il est important de noter que la d\u00e9cision finale dans cette affaire n&#8217;aura plus d&#8217;incidence directe au Royaume-Uni. Le Royaume-Uni trouvera probablement sa propre fa\u00e7on de naviguer dans ce nouveau paysage de la durabilit\u00e9 en ce qui concerne le droit des marques. <\/p>\n<hr>\n<p class=\"p__medium\">Cet article a \u00e9t\u00e9 pr\u00e9par\u00e9 par <a href=\"https:\/\/www.hgf.com\/fr\/our-people\/melissa-buamah\/\" target=\"_blank\" rel=\"noopener\">Melissa Buamah<\/a>, stagiaire en droit des marques chez HGF.<\/p>\n","protected":false},"excerpt":{"rendered":"<p>L&#8217;affaire L&#8217;avocat g\u00e9n\u00e9ral Giovanni Pitruzzelli a rendu un avis le 12 mai 2022 dans une affaire port\u00e9e devant la Cour de justice de l&#8217;Union europ\u00e9enne (CJUE), provenant des juridictions nationales &hellip;<\/p>\n","protected":false},"author":315,"featured_media":9004111222136979,"comment_status":"closed","ping_status":"closed","sticky":false,"template":"","format":"standard","meta":{"_acf_changed":false,"footnotes":""},"categories":[536,517],"tags":[],"class_list":["post-9004111222136978","post","type-post","status-publish","format-standard","has-post-thumbnail","hentry","category-articles","category-centre-de-connaissances","sector-alimentation-boissons","sector-commerce-de-detail","service-marques","sector_groups-marques"],"acf":[],"yoast_head":"<!-- This site is optimized with the Yoast SEO Premium plugin v27.5 (Yoast SEO v27.5) - https:\/\/yoast.com\/product\/yoast-seo-premium-wordpress\/ -->\n<title>Une question de recharges mais aussi de marques - HGF<\/title>\n<meta name=\"robots\" content=\"index, follow, max-snippet:-1, max-image-preview:large, max-video-preview:-1\" \/>\n<link rel=\"canonical\" href=\"https:\/\/www.hgf.com\/fr\/centre-de-connaissances\/articles\/une-question-de-recharges-mais-aussi-de-marques\/\" \/>\n<meta property=\"og:locale\" content=\"fr_FR\" \/>\n<meta property=\"og:type\" content=\"article\" \/>\n<meta property=\"og:title\" content=\"Une question de recharges mais aussi de marques\" \/>\n<meta property=\"og:description\" content=\"L&#039;affaire L&#039;avocat g\u00e9n\u00e9ral Giovanni Pitruzzelli a rendu un avis le 12 mai 2022 dans une affaire port\u00e9e devant la Cour de justice de l&#039;Union europ\u00e9enne\" \/>\n<meta property=\"og:url\" content=\"https:\/\/www.hgf.com\/fr\/centre-de-connaissances\/articles\/une-question-de-recharges-mais-aussi-de-marques\/\" \/>\n<meta property=\"og:site_name\" content=\"HGF\" \/>\n<meta property=\"article:published_time\" content=\"2022-07-12T07:57:54+00:00\" \/>\n<meta property=\"article:modified_time\" content=\"2025-11-13T20:11:02+00:00\" \/>\n<meta property=\"og:image\" content=\"https:\/\/www.hgf.com\/wp-content\/uploads\/2022\/06\/HGF_RetailScanner_Summer22_1920x1080_Article2.jpg\" \/>\n\t<meta property=\"og:image:width\" content=\"1920\" \/>\n\t<meta property=\"og:image:height\" content=\"1080\" \/>\n\t<meta property=\"og:image:type\" content=\"image\/jpeg\" \/>\n<meta name=\"author\" content=\"Akvil\u0117 Lukauskaite\" \/>\n<meta name=\"twitter:card\" content=\"summary_large_image\" \/>\n<meta name=\"twitter:creator\" content=\"@behrooz@tall.agency\" \/>\n<meta name=\"twitter:site\" content=\"@hgf_ip\" \/>\n<meta name=\"twitter:label1\" content=\"\u00c9crit par\" \/>\n\t<meta name=\"twitter:data1\" content=\"Akvil\u0117 Lukauskaite\" \/>\n\t<meta name=\"twitter:label2\" content=\"Dur\u00e9e de lecture estim\u00e9e\" \/>\n\t<meta name=\"twitter:data2\" content=\"9 minutes\" \/>\n<script type=\"application\/ld+json\" class=\"yoast-schema-graph\">{\"@context\":\"https:\\\/\\\/schema.org\",\"@graph\":[{\"@type\":\"Article\",\"@id\":\"https:\\\/\\\/www.hgf.com\\\/fr\\\/centre-de-connaissances\\\/articles\\\/une-question-de-recharges-mais-aussi-de-marques\\\/#article\",\"isPartOf\":{\"@id\":\"https:\\\/\\\/www.hgf.com\\\/fr\\\/centre-de-connaissances\\\/articles\\\/une-question-de-recharges-mais-aussi-de-marques\\\/\"},\"author\":{\"name\":\"Akvil\u0117 Lukauskaite\",\"@id\":\"https:\\\/\\\/www.hgf.com\\\/fr\\\/#\\\/schema\\\/person\\\/e6343663c5ee3e1ccea20cd220f97f30\"},\"headline\":\"Une question de recharges mais aussi de marques\",\"datePublished\":\"2022-07-12T07:57:54+00:00\",\"dateModified\":\"2025-11-13T20:11:02+00:00\",\"mainEntityOfPage\":{\"@id\":\"https:\\\/\\\/www.hgf.com\\\/fr\\\/centre-de-connaissances\\\/articles\\\/une-question-de-recharges-mais-aussi-de-marques\\\/\"},\"wordCount\":1930,\"publisher\":{\"@id\":\"https:\\\/\\\/www.hgf.com\\\/fr\\\/#organization\"},\"image\":{\"@id\":\"https:\\\/\\\/www.hgf.com\\\/fr\\\/centre-de-connaissances\\\/articles\\\/une-question-de-recharges-mais-aussi-de-marques\\\/#primaryimage\"},\"thumbnailUrl\":\"https:\\\/\\\/www.hgf.com\\\/wp-content\\\/uploads\\\/2022\\\/06\\\/HGF_RetailScanner_Summer22_1920x1080_Article2.jpg\",\"articleSection\":[\"Articles\",\"Centre de connaissances\"],\"inLanguage\":\"fr-FR\"},{\"@type\":\"WebPage\",\"@id\":\"https:\\\/\\\/www.hgf.com\\\/fr\\\/centre-de-connaissances\\\/articles\\\/une-question-de-recharges-mais-aussi-de-marques\\\/\",\"url\":\"https:\\\/\\\/www.hgf.com\\\/fr\\\/centre-de-connaissances\\\/articles\\\/une-question-de-recharges-mais-aussi-de-marques\\\/\",\"name\":\"Une question de recharges mais aussi de marques - HGF\",\"isPartOf\":{\"@id\":\"https:\\\/\\\/www.hgf.com\\\/fr\\\/#website\"},\"primaryImageOfPage\":{\"@id\":\"https:\\\/\\\/www.hgf.com\\\/fr\\\/centre-de-connaissances\\\/articles\\\/une-question-de-recharges-mais-aussi-de-marques\\\/#primaryimage\"},\"image\":{\"@id\":\"https:\\\/\\\/www.hgf.com\\\/fr\\\/centre-de-connaissances\\\/articles\\\/une-question-de-recharges-mais-aussi-de-marques\\\/#primaryimage\"},\"thumbnailUrl\":\"https:\\\/\\\/www.hgf.com\\\/wp-content\\\/uploads\\\/2022\\\/06\\\/HGF_RetailScanner_Summer22_1920x1080_Article2.jpg\",\"datePublished\":\"2022-07-12T07:57:54+00:00\",\"dateModified\":\"2025-11-13T20:11:02+00:00\",\"inLanguage\":\"fr-FR\",\"potentialAction\":[{\"@type\":\"ReadAction\",\"target\":[\"https:\\\/\\\/www.hgf.com\\\/fr\\\/centre-de-connaissances\\\/articles\\\/une-question-de-recharges-mais-aussi-de-marques\\\/\"]}]},{\"@type\":\"ImageObject\",\"inLanguage\":\"fr-FR\",\"@id\":\"https:\\\/\\\/www.hgf.com\\\/fr\\\/centre-de-connaissances\\\/articles\\\/une-question-de-recharges-mais-aussi-de-marques\\\/#primaryimage\",\"url\":\"https:\\\/\\\/www.hgf.com\\\/wp-content\\\/uploads\\\/2022\\\/06\\\/HGF_RetailScanner_Summer22_1920x1080_Article2.jpg\",\"contentUrl\":\"https:\\\/\\\/www.hgf.com\\\/wp-content\\\/uploads\\\/2022\\\/06\\\/HGF_RetailScanner_Summer22_1920x1080_Article2.jpg\",\"width\":1920,\"height\":1080},{\"@type\":\"WebSite\",\"@id\":\"https:\\\/\\\/www.hgf.com\\\/fr\\\/#website\",\"url\":\"https:\\\/\\\/www.hgf.com\\\/fr\\\/\",\"name\":\"HGF\",\"description\":\"Intellectual Property Rights specialists\",\"publisher\":{\"@id\":\"https:\\\/\\\/www.hgf.com\\\/fr\\\/#organization\"},\"potentialAction\":[{\"@type\":\"SearchAction\",\"target\":{\"@type\":\"EntryPoint\",\"urlTemplate\":\"https:\\\/\\\/www.hgf.com\\\/fr\\\/?s={search_term_string}\"},\"query-input\":{\"@type\":\"PropertyValueSpecification\",\"valueRequired\":true,\"valueName\":\"search_term_string\"}}],\"inLanguage\":\"fr-FR\"},{\"@type\":\"Organization\",\"@id\":\"https:\\\/\\\/www.hgf.com\\\/fr\\\/#organization\",\"name\":\"HGF\",\"url\":\"https:\\\/\\\/www.hgf.com\\\/fr\\\/\",\"logo\":{\"@type\":\"ImageObject\",\"inLanguage\":\"fr-FR\",\"@id\":\"https:\\\/\\\/www.hgf.com\\\/fr\\\/#\\\/schema\\\/logo\\\/image\\\/\",\"url\":\"https:\\\/\\\/www.hgf.com\\\/wp-content\\\/uploads\\\/2023\\\/04\\\/hgf-logo-696x696-1.png\",\"contentUrl\":\"https:\\\/\\\/www.hgf.com\\\/wp-content\\\/uploads\\\/2023\\\/04\\\/hgf-logo-696x696-1.png\",\"width\":696,\"height\":696,\"caption\":\"HGF\"},\"image\":{\"@id\":\"https:\\\/\\\/www.hgf.com\\\/fr\\\/#\\\/schema\\\/logo\\\/image\\\/\"},\"sameAs\":[\"https:\\\/\\\/x.com\\\/hgf_ip\",\"https:\\\/\\\/www.linkedin.com\\\/company\\\/hgf-limited-intellectual-property-specialists\\\/\"]},{\"@type\":\"Person\",\"@id\":\"https:\\\/\\\/www.hgf.com\\\/fr\\\/#\\\/schema\\\/person\\\/e6343663c5ee3e1ccea20cd220f97f30\",\"name\":\"Akvil\u0117 Lukauskaite\",\"image\":{\"@type\":\"ImageObject\",\"inLanguage\":\"fr-FR\",\"@id\":\"https:\\\/\\\/secure.gravatar.com\\\/avatar\\\/d9cf1622c8c99b4c7573ba733a04f6352d3557803ca19afd3e4aafc94d9bc0b8?s=96&d=mm&r=g\",\"url\":\"https:\\\/\\\/secure.gravatar.com\\\/avatar\\\/d9cf1622c8c99b4c7573ba733a04f6352d3557803ca19afd3e4aafc94d9bc0b8?s=96&d=mm&r=g\",\"contentUrl\":\"https:\\\/\\\/secure.gravatar.com\\\/avatar\\\/d9cf1622c8c99b4c7573ba733a04f6352d3557803ca19afd3e4aafc94d9bc0b8?s=96&d=mm&r=g\",\"caption\":\"Akvil\u0117 Lukauskaite\"},\"sameAs\":[\"https:\\\/\\\/x.com\\\/behrooz@tall.agency\",\"Behrooz Saeed\"]}]}<\/script>\n<!-- \/ Yoast SEO Premium plugin. -->","yoast_head_json":{"title":"Une question de recharges mais aussi de marques - HGF","robots":{"index":"index","follow":"follow","max-snippet":"max-snippet:-1","max-image-preview":"max-image-preview:large","max-video-preview":"max-video-preview:-1"},"canonical":"https:\/\/www.hgf.com\/fr\/centre-de-connaissances\/articles\/une-question-de-recharges-mais-aussi-de-marques\/","og_locale":"fr_FR","og_type":"article","og_title":"Une question de recharges mais aussi de marques","og_description":"L'affaire L'avocat g\u00e9n\u00e9ral Giovanni Pitruzzelli a rendu un avis le 12 mai 2022 dans une affaire port\u00e9e devant la Cour de justice de l'Union europ\u00e9enne","og_url":"https:\/\/www.hgf.com\/fr\/centre-de-connaissances\/articles\/une-question-de-recharges-mais-aussi-de-marques\/","og_site_name":"HGF","article_published_time":"2022-07-12T07:57:54+00:00","article_modified_time":"2025-11-13T20:11:02+00:00","og_image":[{"width":1920,"height":1080,"url":"https:\/\/www.hgf.com\/wp-content\/uploads\/2022\/06\/HGF_RetailScanner_Summer22_1920x1080_Article2.jpg","type":"image\/jpeg"}],"author":"Akvil\u0117 Lukauskaite","twitter_card":"summary_large_image","twitter_creator":"@behrooz@tall.agency","twitter_site":"@hgf_ip","twitter_misc":{"\u00c9crit par":"Akvil\u0117 Lukauskaite","Dur\u00e9e de lecture estim\u00e9e":"9 minutes"},"schema":{"@context":"https:\/\/schema.org","@graph":[{"@type":"Article","@id":"https:\/\/www.hgf.com\/fr\/centre-de-connaissances\/articles\/une-question-de-recharges-mais-aussi-de-marques\/#article","isPartOf":{"@id":"https:\/\/www.hgf.com\/fr\/centre-de-connaissances\/articles\/une-question-de-recharges-mais-aussi-de-marques\/"},"author":{"name":"Akvil\u0117 Lukauskaite","@id":"https:\/\/www.hgf.com\/fr\/#\/schema\/person\/e6343663c5ee3e1ccea20cd220f97f30"},"headline":"Une question de recharges mais aussi de marques","datePublished":"2022-07-12T07:57:54+00:00","dateModified":"2025-11-13T20:11:02+00:00","mainEntityOfPage":{"@id":"https:\/\/www.hgf.com\/fr\/centre-de-connaissances\/articles\/une-question-de-recharges-mais-aussi-de-marques\/"},"wordCount":1930,"publisher":{"@id":"https:\/\/www.hgf.com\/fr\/#organization"},"image":{"@id":"https:\/\/www.hgf.com\/fr\/centre-de-connaissances\/articles\/une-question-de-recharges-mais-aussi-de-marques\/#primaryimage"},"thumbnailUrl":"https:\/\/www.hgf.com\/wp-content\/uploads\/2022\/06\/HGF_RetailScanner_Summer22_1920x1080_Article2.jpg","articleSection":["Articles","Centre de connaissances"],"inLanguage":"fr-FR"},{"@type":"WebPage","@id":"https:\/\/www.hgf.com\/fr\/centre-de-connaissances\/articles\/une-question-de-recharges-mais-aussi-de-marques\/","url":"https:\/\/www.hgf.com\/fr\/centre-de-connaissances\/articles\/une-question-de-recharges-mais-aussi-de-marques\/","name":"Une question de recharges mais aussi de marques - HGF","isPartOf":{"@id":"https:\/\/www.hgf.com\/fr\/#website"},"primaryImageOfPage":{"@id":"https:\/\/www.hgf.com\/fr\/centre-de-connaissances\/articles\/une-question-de-recharges-mais-aussi-de-marques\/#primaryimage"},"image":{"@id":"https:\/\/www.hgf.com\/fr\/centre-de-connaissances\/articles\/une-question-de-recharges-mais-aussi-de-marques\/#primaryimage"},"thumbnailUrl":"https:\/\/www.hgf.com\/wp-content\/uploads\/2022\/06\/HGF_RetailScanner_Summer22_1920x1080_Article2.jpg","datePublished":"2022-07-12T07:57:54+00:00","dateModified":"2025-11-13T20:11:02+00:00","inLanguage":"fr-FR","potentialAction":[{"@type":"ReadAction","target":["https:\/\/www.hgf.com\/fr\/centre-de-connaissances\/articles\/une-question-de-recharges-mais-aussi-de-marques\/"]}]},{"@type":"ImageObject","inLanguage":"fr-FR","@id":"https:\/\/www.hgf.com\/fr\/centre-de-connaissances\/articles\/une-question-de-recharges-mais-aussi-de-marques\/#primaryimage","url":"https:\/\/www.hgf.com\/wp-content\/uploads\/2022\/06\/HGF_RetailScanner_Summer22_1920x1080_Article2.jpg","contentUrl":"https:\/\/www.hgf.com\/wp-content\/uploads\/2022\/06\/HGF_RetailScanner_Summer22_1920x1080_Article2.jpg","width":1920,"height":1080},{"@type":"WebSite","@id":"https:\/\/www.hgf.com\/fr\/#website","url":"https:\/\/www.hgf.com\/fr\/","name":"HGF","description":"Intellectual Property Rights specialists","publisher":{"@id":"https:\/\/www.hgf.com\/fr\/#organization"},"potentialAction":[{"@type":"SearchAction","target":{"@type":"EntryPoint","urlTemplate":"https:\/\/www.hgf.com\/fr\/?s={search_term_string}"},"query-input":{"@type":"PropertyValueSpecification","valueRequired":true,"valueName":"search_term_string"}}],"inLanguage":"fr-FR"},{"@type":"Organization","@id":"https:\/\/www.hgf.com\/fr\/#organization","name":"HGF","url":"https:\/\/www.hgf.com\/fr\/","logo":{"@type":"ImageObject","inLanguage":"fr-FR","@id":"https:\/\/www.hgf.com\/fr\/#\/schema\/logo\/image\/","url":"https:\/\/www.hgf.com\/wp-content\/uploads\/2023\/04\/hgf-logo-696x696-1.png","contentUrl":"https:\/\/www.hgf.com\/wp-content\/uploads\/2023\/04\/hgf-logo-696x696-1.png","width":696,"height":696,"caption":"HGF"},"image":{"@id":"https:\/\/www.hgf.com\/fr\/#\/schema\/logo\/image\/"},"sameAs":["https:\/\/x.com\/hgf_ip","https:\/\/www.linkedin.com\/company\/hgf-limited-intellectual-property-specialists\/"]},{"@type":"Person","@id":"https:\/\/www.hgf.com\/fr\/#\/schema\/person\/e6343663c5ee3e1ccea20cd220f97f30","name":"Akvil\u0117 Lukauskaite","image":{"@type":"ImageObject","inLanguage":"fr-FR","@id":"https:\/\/secure.gravatar.com\/avatar\/d9cf1622c8c99b4c7573ba733a04f6352d3557803ca19afd3e4aafc94d9bc0b8?s=96&d=mm&r=g","url":"https:\/\/secure.gravatar.com\/avatar\/d9cf1622c8c99b4c7573ba733a04f6352d3557803ca19afd3e4aafc94d9bc0b8?s=96&d=mm&r=g","contentUrl":"https:\/\/secure.gravatar.com\/avatar\/d9cf1622c8c99b4c7573ba733a04f6352d3557803ca19afd3e4aafc94d9bc0b8?s=96&d=mm&r=g","caption":"Akvil\u0117 Lukauskaite"},"sameAs":["https:\/\/x.com\/behrooz@tall.agency","Behrooz Saeed"]}]}},"_links":{"self":[{"href":"https:\/\/www.hgf.com\/fr\/wp-json\/wp\/v2\/posts\/9004111222136978","targetHints":{"allow":["GET"]}}],"collection":[{"href":"https:\/\/www.hgf.com\/fr\/wp-json\/wp\/v2\/posts"}],"about":[{"href":"https:\/\/www.hgf.com\/fr\/wp-json\/wp\/v2\/types\/post"}],"author":[{"embeddable":true,"href":"https:\/\/www.hgf.com\/fr\/wp-json\/wp\/v2\/users\/315"}],"replies":[{"embeddable":true,"href":"https:\/\/www.hgf.com\/fr\/wp-json\/wp\/v2\/comments?post=9004111222136978"}],"version-history":[{"count":0,"href":"https:\/\/www.hgf.com\/fr\/wp-json\/wp\/v2\/posts\/9004111222136978\/revisions"}],"wp:featuredmedia":[{"embeddable":true,"href":"https:\/\/www.hgf.com\/fr\/wp-json\/wp\/v2\/media\/9004111222136979"}],"wp:attachment":[{"href":"https:\/\/www.hgf.com\/fr\/wp-json\/wp\/v2\/media?parent=9004111222136978"}],"wp:term":[{"taxonomy":"category","embeddable":true,"href":"https:\/\/www.hgf.com\/fr\/wp-json\/wp\/v2\/categories?post=9004111222136978"},{"taxonomy":"post_tag","embeddable":true,"href":"https:\/\/www.hgf.com\/fr\/wp-json\/wp\/v2\/tags?post=9004111222136978"}],"curies":[{"name":"wp","href":"https:\/\/api.w.org\/{rel}","templated":true}]}}