{"id":9004111222136961,"date":"2022-07-14T13:07:20","date_gmt":"2022-07-14T12:07:20","guid":{"rendered":"https:\/\/www.hgf.com\/?p=9004111222136961"},"modified":"2025-11-13T20:11:01","modified_gmt":"2025-11-13T20:11:01","slug":"cub-une-etape-majeure-vers-une-date-de-lancement-debut-2023","status":"publish","type":"post","link":"https:\/\/www.hgf.com\/fr\/centre-de-connaissances\/articles\/cub-une-etape-majeure-vers-une-date-de-lancement-debut-2023\/","title":{"rendered":"CUB \u2013 une \u00e9tape majeure vers une date de lancement d\u00e9but 2023"},"content":{"rendered":"<p>Le comit\u00e9 administratif de la Cour unifi\u00e9e des brevets (CUB) <a href=\"https:\/\/www.unified-patent-court.org\/news\/administrative-committee-takes-significant-steps-towards-setting-unified-patent-court\">a tenu sa deuxi\u00e8me r\u00e9union<\/a> le 8 juillet 2022.<\/p>\n<p>Le comit\u00e9 a franchi une \u00e9tape importante en adoptant le r\u00e8glement de proc\u00e9dure de la Cour et son bar\u00e8me de frais \u2013 les deux entreront en vigueur le 1er septembre 2022 (apr\u00e8s une v\u00e9rification juridique, ils seront publi\u00e9s au cours de l\u2019\u00e9t\u00e9). En outre, dans le cadre des activit\u00e9s op\u00e9rationnelles de la CUB, le comit\u00e9 a adopt\u00e9 le r\u00e8glement de la CUB sur les voyages de service, qui comprend des mesures incitatives pour les modes de transport \u00e0 faibles \u00e9missions de carbone. <\/p>\n<p>Lors de la r\u00e9union, le comit\u00e9 a \u00e9galement confirm\u00e9 la mise en place de divisions locales et r\u00e9gionales du Tribunal de premi\u00e8re instance. Ces divisions seront situ\u00e9es en Autriche (Vienne), en Belgique (Bruxelles), au Danemark (Copenhague), en Finlande (Helsinki), en France (Paris), en Allemagne (D\u00fcsseldorf, Hambourg, Mannheim, Munich), en Italie (Milan), aux Pays-Bas (La Haye), en Slov\u00e9nie (Ljubljana) et au Portugal (Lisbonne). La division r\u00e9gionale nordique-baltique sera principalement situ\u00e9e en Su\u00e8de (Stockholm). En ce qui concerne le centre de m\u00e9diation et d\u2019arbitrage en mati\u00e8re de brevets de la CUB, le comit\u00e9 a adopt\u00e9 le r\u00e8glement int\u00e9rieur de ce centre, qui sera \u00e9tabli avec des si\u00e8ges \u00e0 Ljubljana et \u00e0 Lisbonne.   <\/p>\n<p>La liste recommand\u00e9e des candidats les plus aptes \u00e0 \u00eatre nomm\u00e9s juges de la Cour unifi\u00e9e des brevets a \u00e9galement \u00e9t\u00e9 finalis\u00e9e. Cette liste devrait \u00eatre adopt\u00e9e tr\u00e8s prochainement avant la pause estivale. <\/p>\n<p>Suite \u00e0 ces d\u00e9cisions cl\u00e9s, le comit\u00e9 administratif a d\u00e9clar\u00e9 que le calendrier du d\u00e9but des op\u00e9rations de la Cour peut raisonnablement \u00eatre pr\u00e9vu pour le d\u00e9but de l\u2019ann\u00e9e 2023.<\/p>\n<p>Consultez notre <a href=\"https:\/\/www.hgf.com\/fr\/upc\/\">section d\u2019actualit\u00e9s sur la CUB<\/a> pour plus d\u2019informations ou envoyez un courriel \u00e0 <a href=\"mailto:upcready@hgf.com\">upcready@hgf.com<\/a> pour toute question.<\/p>\n","protected":false},"excerpt":{"rendered":"<p>Le comit\u00e9 administratif de la Cour unifi\u00e9e des brevets (CUB) a tenu sa deuxi\u00e8me r\u00e9union le 8 juillet 2022. Le comit\u00e9 a franchi une \u00e9tape importante en adoptant le r\u00e8glement &hellip;<\/p>\n","protected":false},"author":316,"featured_media":9004111222136962,"comment_status":"closed","ping_status":"closed","sticky":false,"template":"","format":"standard","meta":{"_acf_changed":false,"footnotes":""},"categories":[536,517],"tags":[],"class_list":["post-9004111222136961","post","type-post","status-publish","format-standard","has-post-thumbnail","hentry","category-articles","category-centre-de-connaissances"],"acf":[],"yoast_head":"<!-- This site is optimized with the Yoast SEO Premium plugin v27.4 (Yoast SEO v27.4) - https:\/\/yoast.com\/product\/yoast-seo-premium-wordpress\/ -->\n<title>CUB \u2013 une \u00e9tape majeure vers une date de lancement d\u00e9but 2023 - HGF<\/title>\n<meta name=\"robots\" content=\"index, follow, max-snippet:-1, max-image-preview:large, max-video-preview:-1\" \/>\n<link rel=\"canonical\" href=\"https:\/\/www.hgf.com\/fr\/centre-de-connaissances\/articles\/cub-une-etape-majeure-vers-une-date-de-lancement-debut-2023\/\" \/>\n<meta property=\"og:locale\" content=\"fr_FR\" \/>\n<meta property=\"og:type\" content=\"article\" \/>\n<meta property=\"og:title\" content=\"CUB \u2013 une \u00e9tape majeure vers une date de lancement d\u00e9but 2023\" \/>\n<meta property=\"og:description\" content=\"Le comit\u00e9 administratif de la Cour unifi\u00e9e des brevets (CUB) a tenu sa deuxi\u00e8me r\u00e9union le 8 juillet 2022. Le comit\u00e9 a franchi une \u00e9tape importante en\" \/>\n<meta property=\"og:url\" content=\"https:\/\/www.hgf.com\/fr\/centre-de-connaissances\/articles\/cub-une-etape-majeure-vers-une-date-de-lancement-debut-2023\/\" \/>\n<meta property=\"og:site_name\" content=\"HGF\" \/>\n<meta property=\"article:published_time\" content=\"2022-07-14T12:07:20+00:00\" \/>\n<meta property=\"article:modified_time\" content=\"2025-11-13T20:11:01+00:00\" \/>\n<meta property=\"og:image\" content=\"https:\/\/www.hgf.com\/wp-content\/uploads\/2022\/04\/Image-2-for-the-website-1024x576.png\" \/>\n\t<meta property=\"og:image:width\" content=\"1024\" \/>\n\t<meta property=\"og:image:height\" content=\"576\" \/>\n\t<meta property=\"og:image:type\" content=\"image\/png\" \/>\n<meta name=\"author\" content=\"Nichola Butler\" \/>\n<meta name=\"twitter:card\" content=\"summary_large_image\" \/>\n<meta name=\"twitter:creator\" content=\"@hgf_ip\" \/>\n<meta name=\"twitter:site\" content=\"@hgf_ip\" \/>\n<meta name=\"twitter:label1\" content=\"\u00c9crit par\" \/>\n\t<meta name=\"twitter:data1\" content=\"Nichola Butler\" \/>\n\t<meta name=\"twitter:label2\" content=\"Dur\u00e9e de lecture estim\u00e9e\" \/>\n\t<meta name=\"twitter:data2\" content=\"2 minutes\" \/>\n<script type=\"application\/ld+json\" class=\"yoast-schema-graph\">{\"@context\":\"https:\\\/\\\/schema.org\",\"@graph\":[{\"@type\":\"Article\",\"@id\":\"https:\\\/\\\/www.hgf.com\\\/fr\\\/centre-de-connaissances\\\/articles\\\/cub-une-etape-majeure-vers-une-date-de-lancement-debut-2023\\\/#article\",\"isPartOf\":{\"@id\":\"https:\\\/\\\/www.hgf.com\\\/fr\\\/centre-de-connaissances\\\/articles\\\/cub-une-etape-majeure-vers-une-date-de-lancement-debut-2023\\\/\"},\"author\":{\"name\":\"Nichola Butler\",\"@id\":\"https:\\\/\\\/www.hgf.com\\\/fr\\\/#\\\/schema\\\/person\\\/b8e8f97c9bef17c5a63b58710dec05fc\"},\"headline\":\"CUB \u2013 une \u00e9tape majeure vers une date de lancement d\u00e9but 2023\",\"datePublished\":\"2022-07-14T12:07:20+00:00\",\"dateModified\":\"2025-11-13T20:11:01+00:00\",\"mainEntityOfPage\":{\"@id\":\"https:\\\/\\\/www.hgf.com\\\/fr\\\/centre-de-connaissances\\\/articles\\\/cub-une-etape-majeure-vers-une-date-de-lancement-debut-2023\\\/\"},\"wordCount\":341,\"publisher\":{\"@id\":\"https:\\\/\\\/www.hgf.com\\\/fr\\\/#organization\"},\"image\":{\"@id\":\"https:\\\/\\\/www.hgf.com\\\/fr\\\/centre-de-connaissances\\\/articles\\\/cub-une-etape-majeure-vers-une-date-de-lancement-debut-2023\\\/#primaryimage\"},\"thumbnailUrl\":\"https:\\\/\\\/www.hgf.com\\\/wp-content\\\/uploads\\\/2022\\\/04\\\/Image-2-for-the-website.png\",\"articleSection\":[\"Articles\",\"Centre de connaissances\"],\"inLanguage\":\"fr-FR\"},{\"@type\":\"WebPage\",\"@id\":\"https:\\\/\\\/www.hgf.com\\\/fr\\\/centre-de-connaissances\\\/articles\\\/cub-une-etape-majeure-vers-une-date-de-lancement-debut-2023\\\/\",\"url\":\"https:\\\/\\\/www.hgf.com\\\/fr\\\/centre-de-connaissances\\\/articles\\\/cub-une-etape-majeure-vers-une-date-de-lancement-debut-2023\\\/\",\"name\":\"CUB \u2013 une \u00e9tape majeure vers une date de lancement d\u00e9but 2023 - HGF\",\"isPartOf\":{\"@id\":\"https:\\\/\\\/www.hgf.com\\\/fr\\\/#website\"},\"primaryImageOfPage\":{\"@id\":\"https:\\\/\\\/www.hgf.com\\\/fr\\\/centre-de-connaissances\\\/articles\\\/cub-une-etape-majeure-vers-une-date-de-lancement-debut-2023\\\/#primaryimage\"},\"image\":{\"@id\":\"https:\\\/\\\/www.hgf.com\\\/fr\\\/centre-de-connaissances\\\/articles\\\/cub-une-etape-majeure-vers-une-date-de-lancement-debut-2023\\\/#primaryimage\"},\"thumbnailUrl\":\"https:\\\/\\\/www.hgf.com\\\/wp-content\\\/uploads\\\/2022\\\/04\\\/Image-2-for-the-website.png\",\"datePublished\":\"2022-07-14T12:07:20+00:00\",\"dateModified\":\"2025-11-13T20:11:01+00:00\",\"inLanguage\":\"fr-FR\",\"potentialAction\":[{\"@type\":\"ReadAction\",\"target\":[\"https:\\\/\\\/www.hgf.com\\\/fr\\\/centre-de-connaissances\\\/articles\\\/cub-une-etape-majeure-vers-une-date-de-lancement-debut-2023\\\/\"]}]},{\"@type\":\"ImageObject\",\"inLanguage\":\"fr-FR\",\"@id\":\"https:\\\/\\\/www.hgf.com\\\/fr\\\/centre-de-connaissances\\\/articles\\\/cub-une-etape-majeure-vers-une-date-de-lancement-debut-2023\\\/#primaryimage\",\"url\":\"https:\\\/\\\/www.hgf.com\\\/wp-content\\\/uploads\\\/2022\\\/04\\\/Image-2-for-the-website.png\",\"contentUrl\":\"https:\\\/\\\/www.hgf.com\\\/wp-content\\\/uploads\\\/2022\\\/04\\\/Image-2-for-the-website.png\",\"width\":1920,\"height\":1080},{\"@type\":\"WebSite\",\"@id\":\"https:\\\/\\\/www.hgf.com\\\/fr\\\/#website\",\"url\":\"https:\\\/\\\/www.hgf.com\\\/fr\\\/\",\"name\":\"HGF\",\"description\":\"Intellectual Property Rights specialists\",\"publisher\":{\"@id\":\"https:\\\/\\\/www.hgf.com\\\/fr\\\/#organization\"},\"potentialAction\":[{\"@type\":\"SearchAction\",\"target\":{\"@type\":\"EntryPoint\",\"urlTemplate\":\"https:\\\/\\\/www.hgf.com\\\/fr\\\/?s={search_term_string}\"},\"query-input\":{\"@type\":\"PropertyValueSpecification\",\"valueRequired\":true,\"valueName\":\"search_term_string\"}}],\"inLanguage\":\"fr-FR\"},{\"@type\":\"Organization\",\"@id\":\"https:\\\/\\\/www.hgf.com\\\/fr\\\/#organization\",\"name\":\"HGF\",\"url\":\"https:\\\/\\\/www.hgf.com\\\/fr\\\/\",\"logo\":{\"@type\":\"ImageObject\",\"inLanguage\":\"fr-FR\",\"@id\":\"https:\\\/\\\/www.hgf.com\\\/fr\\\/#\\\/schema\\\/logo\\\/image\\\/\",\"url\":\"https:\\\/\\\/www.hgf.com\\\/wp-content\\\/uploads\\\/2023\\\/04\\\/hgf-logo-696x696-1.png\",\"contentUrl\":\"https:\\\/\\\/www.hgf.com\\\/wp-content\\\/uploads\\\/2023\\\/04\\\/hgf-logo-696x696-1.png\",\"width\":696,\"height\":696,\"caption\":\"HGF\"},\"image\":{\"@id\":\"https:\\\/\\\/www.hgf.com\\\/fr\\\/#\\\/schema\\\/logo\\\/image\\\/\"},\"sameAs\":[\"https:\\\/\\\/x.com\\\/hgf_ip\",\"https:\\\/\\\/www.linkedin.com\\\/company\\\/hgf-limited-intellectual-property-specialists\\\/\"]},{\"@type\":\"Person\",\"@id\":\"https:\\\/\\\/www.hgf.com\\\/fr\\\/#\\\/schema\\\/person\\\/b8e8f97c9bef17c5a63b58710dec05fc\",\"name\":\"Nichola Butler\",\"image\":{\"@type\":\"ImageObject\",\"inLanguage\":\"fr-FR\",\"@id\":\"https:\\\/\\\/secure.gravatar.com\\\/avatar\\\/42cf846a377c3a78e27a6251ef72637db7331dd1905ba199ce32a5a55e286c39?s=96&d=mm&r=g\",\"url\":\"https:\\\/\\\/secure.gravatar.com\\\/avatar\\\/42cf846a377c3a78e27a6251ef72637db7331dd1905ba199ce32a5a55e286c39?s=96&d=mm&r=g\",\"contentUrl\":\"https:\\\/\\\/secure.gravatar.com\\\/avatar\\\/42cf846a377c3a78e27a6251ef72637db7331dd1905ba199ce32a5a55e286c39?s=96&d=mm&r=g\",\"caption\":\"Nichola Butler\"}}]}<\/script>\n<!-- \/ Yoast SEO Premium plugin. -->","yoast_head_json":{"title":"CUB \u2013 une \u00e9tape majeure vers une date de lancement d\u00e9but 2023 - HGF","robots":{"index":"index","follow":"follow","max-snippet":"max-snippet:-1","max-image-preview":"max-image-preview:large","max-video-preview":"max-video-preview:-1"},"canonical":"https:\/\/www.hgf.com\/fr\/centre-de-connaissances\/articles\/cub-une-etape-majeure-vers-une-date-de-lancement-debut-2023\/","og_locale":"fr_FR","og_type":"article","og_title":"CUB \u2013 une \u00e9tape majeure vers une date de lancement d\u00e9but 2023","og_description":"Le comit\u00e9 administratif de la Cour unifi\u00e9e des brevets (CUB) a tenu sa deuxi\u00e8me r\u00e9union le 8 juillet 2022. Le comit\u00e9 a franchi une \u00e9tape importante en","og_url":"https:\/\/www.hgf.com\/fr\/centre-de-connaissances\/articles\/cub-une-etape-majeure-vers-une-date-de-lancement-debut-2023\/","og_site_name":"HGF","article_published_time":"2022-07-14T12:07:20+00:00","article_modified_time":"2025-11-13T20:11:01+00:00","og_image":[{"width":1024,"height":576,"url":"https:\/\/www.hgf.com\/wp-content\/uploads\/2022\/04\/Image-2-for-the-website-1024x576.png","type":"image\/png"}],"author":"Nichola Butler","twitter_card":"summary_large_image","twitter_creator":"@hgf_ip","twitter_site":"@hgf_ip","twitter_misc":{"\u00c9crit par":"Nichola Butler","Dur\u00e9e de lecture estim\u00e9e":"2 minutes"},"schema":{"@context":"https:\/\/schema.org","@graph":[{"@type":"Article","@id":"https:\/\/www.hgf.com\/fr\/centre-de-connaissances\/articles\/cub-une-etape-majeure-vers-une-date-de-lancement-debut-2023\/#article","isPartOf":{"@id":"https:\/\/www.hgf.com\/fr\/centre-de-connaissances\/articles\/cub-une-etape-majeure-vers-une-date-de-lancement-debut-2023\/"},"author":{"name":"Nichola Butler","@id":"https:\/\/www.hgf.com\/fr\/#\/schema\/person\/b8e8f97c9bef17c5a63b58710dec05fc"},"headline":"CUB \u2013 une \u00e9tape majeure vers une date de lancement d\u00e9but 2023","datePublished":"2022-07-14T12:07:20+00:00","dateModified":"2025-11-13T20:11:01+00:00","mainEntityOfPage":{"@id":"https:\/\/www.hgf.com\/fr\/centre-de-connaissances\/articles\/cub-une-etape-majeure-vers-une-date-de-lancement-debut-2023\/"},"wordCount":341,"publisher":{"@id":"https:\/\/www.hgf.com\/fr\/#organization"},"image":{"@id":"https:\/\/www.hgf.com\/fr\/centre-de-connaissances\/articles\/cub-une-etape-majeure-vers-une-date-de-lancement-debut-2023\/#primaryimage"},"thumbnailUrl":"https:\/\/www.hgf.com\/wp-content\/uploads\/2022\/04\/Image-2-for-the-website.png","articleSection":["Articles","Centre de connaissances"],"inLanguage":"fr-FR"},{"@type":"WebPage","@id":"https:\/\/www.hgf.com\/fr\/centre-de-connaissances\/articles\/cub-une-etape-majeure-vers-une-date-de-lancement-debut-2023\/","url":"https:\/\/www.hgf.com\/fr\/centre-de-connaissances\/articles\/cub-une-etape-majeure-vers-une-date-de-lancement-debut-2023\/","name":"CUB \u2013 une \u00e9tape majeure vers une date de lancement d\u00e9but 2023 - HGF","isPartOf":{"@id":"https:\/\/www.hgf.com\/fr\/#website"},"primaryImageOfPage":{"@id":"https:\/\/www.hgf.com\/fr\/centre-de-connaissances\/articles\/cub-une-etape-majeure-vers-une-date-de-lancement-debut-2023\/#primaryimage"},"image":{"@id":"https:\/\/www.hgf.com\/fr\/centre-de-connaissances\/articles\/cub-une-etape-majeure-vers-une-date-de-lancement-debut-2023\/#primaryimage"},"thumbnailUrl":"https:\/\/www.hgf.com\/wp-content\/uploads\/2022\/04\/Image-2-for-the-website.png","datePublished":"2022-07-14T12:07:20+00:00","dateModified":"2025-11-13T20:11:01+00:00","inLanguage":"fr-FR","potentialAction":[{"@type":"ReadAction","target":["https:\/\/www.hgf.com\/fr\/centre-de-connaissances\/articles\/cub-une-etape-majeure-vers-une-date-de-lancement-debut-2023\/"]}]},{"@type":"ImageObject","inLanguage":"fr-FR","@id":"https:\/\/www.hgf.com\/fr\/centre-de-connaissances\/articles\/cub-une-etape-majeure-vers-une-date-de-lancement-debut-2023\/#primaryimage","url":"https:\/\/www.hgf.com\/wp-content\/uploads\/2022\/04\/Image-2-for-the-website.png","contentUrl":"https:\/\/www.hgf.com\/wp-content\/uploads\/2022\/04\/Image-2-for-the-website.png","width":1920,"height":1080},{"@type":"WebSite","@id":"https:\/\/www.hgf.com\/fr\/#website","url":"https:\/\/www.hgf.com\/fr\/","name":"HGF","description":"Intellectual Property Rights specialists","publisher":{"@id":"https:\/\/www.hgf.com\/fr\/#organization"},"potentialAction":[{"@type":"SearchAction","target":{"@type":"EntryPoint","urlTemplate":"https:\/\/www.hgf.com\/fr\/?s={search_term_string}"},"query-input":{"@type":"PropertyValueSpecification","valueRequired":true,"valueName":"search_term_string"}}],"inLanguage":"fr-FR"},{"@type":"Organization","@id":"https:\/\/www.hgf.com\/fr\/#organization","name":"HGF","url":"https:\/\/www.hgf.com\/fr\/","logo":{"@type":"ImageObject","inLanguage":"fr-FR","@id":"https:\/\/www.hgf.com\/fr\/#\/schema\/logo\/image\/","url":"https:\/\/www.hgf.com\/wp-content\/uploads\/2023\/04\/hgf-logo-696x696-1.png","contentUrl":"https:\/\/www.hgf.com\/wp-content\/uploads\/2023\/04\/hgf-logo-696x696-1.png","width":696,"height":696,"caption":"HGF"},"image":{"@id":"https:\/\/www.hgf.com\/fr\/#\/schema\/logo\/image\/"},"sameAs":["https:\/\/x.com\/hgf_ip","https:\/\/www.linkedin.com\/company\/hgf-limited-intellectual-property-specialists\/"]},{"@type":"Person","@id":"https:\/\/www.hgf.com\/fr\/#\/schema\/person\/b8e8f97c9bef17c5a63b58710dec05fc","name":"Nichola Butler","image":{"@type":"ImageObject","inLanguage":"fr-FR","@id":"https:\/\/secure.gravatar.com\/avatar\/42cf846a377c3a78e27a6251ef72637db7331dd1905ba199ce32a5a55e286c39?s=96&d=mm&r=g","url":"https:\/\/secure.gravatar.com\/avatar\/42cf846a377c3a78e27a6251ef72637db7331dd1905ba199ce32a5a55e286c39?s=96&d=mm&r=g","contentUrl":"https:\/\/secure.gravatar.com\/avatar\/42cf846a377c3a78e27a6251ef72637db7331dd1905ba199ce32a5a55e286c39?s=96&d=mm&r=g","caption":"Nichola Butler"}}]}},"_links":{"self":[{"href":"https:\/\/www.hgf.com\/fr\/wp-json\/wp\/v2\/posts\/9004111222136961","targetHints":{"allow":["GET"]}}],"collection":[{"href":"https:\/\/www.hgf.com\/fr\/wp-json\/wp\/v2\/posts"}],"about":[{"href":"https:\/\/www.hgf.com\/fr\/wp-json\/wp\/v2\/types\/post"}],"author":[{"embeddable":true,"href":"https:\/\/www.hgf.com\/fr\/wp-json\/wp\/v2\/users\/316"}],"replies":[{"embeddable":true,"href":"https:\/\/www.hgf.com\/fr\/wp-json\/wp\/v2\/comments?post=9004111222136961"}],"version-history":[{"count":0,"href":"https:\/\/www.hgf.com\/fr\/wp-json\/wp\/v2\/posts\/9004111222136961\/revisions"}],"wp:featuredmedia":[{"embeddable":true,"href":"https:\/\/www.hgf.com\/fr\/wp-json\/wp\/v2\/media\/9004111222136962"}],"wp:attachment":[{"href":"https:\/\/www.hgf.com\/fr\/wp-json\/wp\/v2\/media?parent=9004111222136961"}],"wp:term":[{"taxonomy":"category","embeddable":true,"href":"https:\/\/www.hgf.com\/fr\/wp-json\/wp\/v2\/categories?post=9004111222136961"},{"taxonomy":"post_tag","embeddable":true,"href":"https:\/\/www.hgf.com\/fr\/wp-json\/wp\/v2\/tags?post=9004111222136961"}],"curies":[{"name":"wp","href":"https:\/\/api.w.org\/{rel}","templated":true}]}}