{"id":9004111222136663,"date":"2023-10-04T14:36:21","date_gmt":"2023-10-04T13:36:21","guid":{"rendered":"https:\/\/www.hgf.com\/?p=9004111222136663"},"modified":"2025-11-13T20:09:19","modified_gmt":"2025-11-13T20:09:19","slug":"fin-de-la-regle-des-10-jours-de-loeb-a-compter-du-1er-novembre-2023-4-semaines-restantes","status":"publish","type":"post","link":"https:\/\/www.hgf.com\/fr\/centre-de-connaissances\/news-1\/fin-de-la-regle-des-10-jours-de-loeb-a-compter-du-1er-novembre-2023-4-semaines-restantes\/","title":{"rendered":"Fin de la \u00ab r\u00e8gle des 10 jours \u00bb de l&#8217;OEB \u00e0 compter du 1er novembre 2023 \u2013 4 semaines restantes"},"content":{"rendered":"<p>Toute communication envoy\u00e9e par l&#8217;OEB \u00e0 compter du 1er novembre 2023 ne sera plus soumise \u00e0 la \u00ab r\u00e8gle des dix jours \u00bb. Cela signifie que les communications sont r\u00e9put\u00e9es d\u00e9livr\u00e9es \u00e0 la date imprim\u00e9e sur la correspondance, et que tout calcul des d\u00e9lais auxquels le destinataire doit r\u00e9pondre est effectu\u00e9 \u00e0 partir de cette date. <\/p>\n<p><strong>Quelle action dois-je entreprendre ?<\/strong><br \/>\nAucune action sp\u00e9cifique ne doit \u00eatre entreprise concernant ce changement de r\u00e8gle \u2013 mais vous devez \u00eatre conscient que les 10 jours suppl\u00e9mentaires pour r\u00e9pondre aux d\u00e9lais de l&#8217;OEB ne peuvent plus \u00eatre syst\u00e9matiquement pris en compte pour les communications envoy\u00e9es par l&#8217;OEB \u00e0 compter du 1er novembre 2023.<\/p>\n<p><strong>Qu&#8217;est-ce que la r\u00e8gle des dix jours ?<\/strong><br \/>\nLa r\u00e8gle des 10 jours a \u00e9t\u00e9 introduite par l&#8217;OEB pour tenir compte des retards de livraison postale lorsque les lettres physiques constituaient le mode de communication normal. Tous les d\u00e9lais dans les lettres \u00e9taient calcul\u00e9s \u00e0 partir de la date imprim\u00e9e sur la lettre plus 10 jours. Cela constituait un coussin pour que la lettre soit envoy\u00e9e puis d\u00e9livr\u00e9e au destinataire. Jusqu&#8217;au 31 octobre 2023, par exemple, si une lettre d&#8217;Avis d&#8217;intention de d\u00e9livrer \u00e9tait re\u00e7ue de l&#8217;OEB, fixant un d\u00e9lai de 4 mois pour r\u00e9pondre, alors le d\u00e9lai r\u00e9el pour r\u00e9pondre serait la date imprim\u00e9e sur la lettre + 10 jours + 4 mois. \u00c0 compter du 1er novembre 2023, ce ne sera plus le cas.    <\/p>\n<p><strong>Pourquoi la r\u00e8gle des dix jours est-elle supprim\u00e9e ?<\/strong><br \/>\nEn 2011, l&#8217;OEB a introduit la bo\u00eete aux lettres \u00e9lectronique de l&#8217;OEB dont l&#8217;utilisation s&#8217;est d\u00e9velopp\u00e9e. D\u00e9sormais, 99 % de la correspondance de l&#8217;OEB est envoy\u00e9e \u00e9lectroniquement et les retards de service postal associ\u00e9s aux lettres physiques sont n\u00e9gligeables. Par cons\u00e9quent, \u00e0 compter du 1er novembre 2023, la date imprim\u00e9e sur une communication \u00e9lectronique est la date \u00e0 laquelle elle est suppos\u00e9e \u00eatre re\u00e7ue, et tous les d\u00e9lais pour r\u00e9pondre \u00e0 la communication sont calcul\u00e9s \u00e0 partir de cette date. Par exemple, si l&#8217;OEB envoyait un Avis d&#8217;intention de d\u00e9livrer \u00e0 compter du 1er novembre 2023, alors le d\u00e9lai pour r\u00e9pondre serait la date imprim\u00e9e sur la communication + 4 mois.   <\/p>\n<p><strong>Quelles garanties sont mises en place \u00e0 la place de la r\u00e8gle des 10 jours ?<\/strong><br \/>\nSi le destinataire all\u00e8gue qu&#8217;une communication n&#8217;a jamais \u00e9t\u00e9 re\u00e7ue, l&#8217;OEB doit prouver le contraire. Si l&#8217;OEB n&#8217;est pas en mesure de le faire, il doit alors envoyer une nouvelle communication avec une nouvelle date, ce qui remet \u00e0 z\u00e9ro tous les d\u00e9lais en utilisant la date de la nouvelle communication.<br \/>\nSi le destinataire all\u00e8gue que la communication a \u00e9t\u00e9 re\u00e7ue apr\u00e8s la date imprim\u00e9e sur la communication, alors l&#8217;un des deux sc\u00e9narios pourrait se d\u00e9rouler : <\/p>\n<ol>\n<li>Si la communication a \u00e9t\u00e9 d\u00e9livr\u00e9e dans les 7 jours suivant la date imprim\u00e9e sur la communication, aucun ajustement n&#8217;est effectu\u00e9 et la p\u00e9riode pour r\u00e9pondre est calcul\u00e9e \u00e0 partir de la date imprim\u00e9e sur la communication.<\/li>\n<li>Si le document a \u00e9t\u00e9 d\u00e9livr\u00e9 7 jours ou plus apr\u00e8s la date imprim\u00e9e sur les documents, il est alors consid\u00e9r\u00e9 comme exceptionnellement tardif et tous les d\u00e9lais sont prolong\u00e9s du nombre de jours de diff\u00e9rence entre la date de la d\u00e9livrance et la date sur le document, moins 7 jours.<\/li>\n<\/ol>\n<p>&nbsp;<\/p>\n<p>Si vous souhaitez obtenir de plus amples informations ou des conseils sur ce changement, veuillez cliquer <a href=\"mailto:marketing@hgf.com?subject=End%20of%20EPO%20%2210%20day%20rule%22%20from%20Nov%201%202023\"><u>ici<\/u><\/a> ou contacter votre repr\u00e9sentant HGF habituel.<\/p>\n","protected":false},"excerpt":{"rendered":"<p>Toute communication envoy\u00e9e par l&#8217;OEB \u00e0 compter du 1er novembre 2023 ne sera plus soumise \u00e0 la \u00ab r\u00e8gle des dix jours \u00bb. Cela signifie que les communications sont r\u00e9put\u00e9es &hellip;<\/p>\n","protected":false},"author":316,"featured_media":9004111222139205,"comment_status":"closed","ping_status":"closed","sticky":false,"template":"","format":"standard","meta":{"_acf_changed":false,"footnotes":""},"categories":[549,517],"tags":[],"class_list":["post-9004111222136663","post","type-post","status-publish","format-standard","has-post-thumbnail","hentry","category-news-1","category-centre-de-connaissances","service-brevets"],"acf":[],"yoast_head":"<!-- This site is optimized with the Yoast SEO Premium plugin v27.5 (Yoast SEO v27.5) - https:\/\/yoast.com\/product\/yoast-seo-premium-wordpress\/ -->\n<title>Fin de la \u00ab r\u00e8gle des 10 jours \u00bb de l&#039;OEB \u00e0 compter du 1er novembre 2023 \u2013 4 semaines restantes - HGF<\/title>\n<meta name=\"robots\" content=\"index, follow, max-snippet:-1, max-image-preview:large, max-video-preview:-1\" \/>\n<link rel=\"canonical\" href=\"https:\/\/www.hgf.com\/fr\/centre-de-connaissances\/news-1\/fin-de-la-regle-des-10-jours-de-loeb-a-compter-du-1er-novembre-2023-4-semaines-restantes\/\" \/>\n<meta property=\"og:locale\" content=\"fr_FR\" \/>\n<meta property=\"og:type\" content=\"article\" \/>\n<meta property=\"og:title\" content=\"Fin de la \u00ab r\u00e8gle des 10 jours \u00bb de l&#039;OEB \u00e0 compter du 1er novembre 2023 \u2013 4 semaines restantes\" \/>\n<meta property=\"og:description\" content=\"Toute communication envoy\u00e9e par l&#039;OEB \u00e0 compter du 1er novembre 2023 ne sera plus soumise \u00e0 la \u00ab r\u00e8gle des dix jours \u00bb. Cela signifie que les\" \/>\n<meta property=\"og:url\" content=\"https:\/\/www.hgf.com\/fr\/centre-de-connaissances\/news-1\/fin-de-la-regle-des-10-jours-de-loeb-a-compter-du-1er-novembre-2023-4-semaines-restantes\/\" \/>\n<meta property=\"og:site_name\" content=\"HGF\" \/>\n<meta property=\"article:published_time\" content=\"2023-10-04T13:36:21+00:00\" \/>\n<meta property=\"article:modified_time\" content=\"2025-11-13T20:09:19+00:00\" \/>\n<meta property=\"og:image\" content=\"https:\/\/www.hgf.com\/wp-content\/uploads\/2020\/06\/Untitled-design-41.jpg\" \/>\n\t<meta property=\"og:image:width\" content=\"1920\" \/>\n\t<meta property=\"og:image:height\" content=\"1080\" \/>\n\t<meta property=\"og:image:type\" content=\"image\/jpeg\" \/>\n<meta name=\"author\" content=\"Nichola Butler\" \/>\n<meta name=\"twitter:card\" content=\"summary_large_image\" \/>\n<meta name=\"twitter:creator\" content=\"@hgf_ip\" \/>\n<meta name=\"twitter:site\" content=\"@hgf_ip\" \/>\n<meta name=\"twitter:label1\" content=\"\u00c9crit par\" \/>\n\t<meta name=\"twitter:data1\" content=\"Nichola Butler\" \/>\n\t<meta name=\"twitter:label2\" content=\"Dur\u00e9e de lecture estim\u00e9e\" \/>\n\t<meta name=\"twitter:data2\" content=\"3 minutes\" \/>\n<script type=\"application\/ld+json\" class=\"yoast-schema-graph\">{\"@context\":\"https:\\\/\\\/schema.org\",\"@graph\":[{\"@type\":\"Article\",\"@id\":\"https:\\\/\\\/www.hgf.com\\\/fr\\\/centre-de-connaissances\\\/news-1\\\/fin-de-la-regle-des-10-jours-de-loeb-a-compter-du-1er-novembre-2023-4-semaines-restantes\\\/#article\",\"isPartOf\":{\"@id\":\"https:\\\/\\\/www.hgf.com\\\/fr\\\/centre-de-connaissances\\\/news-1\\\/fin-de-la-regle-des-10-jours-de-loeb-a-compter-du-1er-novembre-2023-4-semaines-restantes\\\/\"},\"author\":{\"name\":\"Nichola Butler\",\"@id\":\"https:\\\/\\\/www.hgf.com\\\/fr\\\/#\\\/schema\\\/person\\\/b8e8f97c9bef17c5a63b58710dec05fc\"},\"headline\":\"Fin de la \u00ab r\u00e8gle des 10 jours \u00bb de l&#8217;OEB \u00e0 compter du 1er novembre 2023 \u2013 4 semaines restantes\",\"datePublished\":\"2023-10-04T13:36:21+00:00\",\"dateModified\":\"2025-11-13T20:09:19+00:00\",\"mainEntityOfPage\":{\"@id\":\"https:\\\/\\\/www.hgf.com\\\/fr\\\/centre-de-connaissances\\\/news-1\\\/fin-de-la-regle-des-10-jours-de-loeb-a-compter-du-1er-novembre-2023-4-semaines-restantes\\\/\"},\"wordCount\":632,\"publisher\":{\"@id\":\"https:\\\/\\\/www.hgf.com\\\/fr\\\/#organization\"},\"image\":{\"@id\":\"https:\\\/\\\/www.hgf.com\\\/fr\\\/centre-de-connaissances\\\/news-1\\\/fin-de-la-regle-des-10-jours-de-loeb-a-compter-du-1er-novembre-2023-4-semaines-restantes\\\/#primaryimage\"},\"thumbnailUrl\":\"https:\\\/\\\/www.hgf.com\\\/wp-content\\\/uploads\\\/2020\\\/06\\\/Untitled-design-41.jpg\",\"articleSection\":[\"Actualit\u00e9s\",\"Centre de connaissances\"],\"inLanguage\":\"fr-FR\"},{\"@type\":\"WebPage\",\"@id\":\"https:\\\/\\\/www.hgf.com\\\/fr\\\/centre-de-connaissances\\\/news-1\\\/fin-de-la-regle-des-10-jours-de-loeb-a-compter-du-1er-novembre-2023-4-semaines-restantes\\\/\",\"url\":\"https:\\\/\\\/www.hgf.com\\\/fr\\\/centre-de-connaissances\\\/news-1\\\/fin-de-la-regle-des-10-jours-de-loeb-a-compter-du-1er-novembre-2023-4-semaines-restantes\\\/\",\"name\":\"Fin de la \u00ab r\u00e8gle des 10 jours \u00bb de l'OEB \u00e0 compter du 1er novembre 2023 \u2013 4 semaines restantes - HGF\",\"isPartOf\":{\"@id\":\"https:\\\/\\\/www.hgf.com\\\/fr\\\/#website\"},\"primaryImageOfPage\":{\"@id\":\"https:\\\/\\\/www.hgf.com\\\/fr\\\/centre-de-connaissances\\\/news-1\\\/fin-de-la-regle-des-10-jours-de-loeb-a-compter-du-1er-novembre-2023-4-semaines-restantes\\\/#primaryimage\"},\"image\":{\"@id\":\"https:\\\/\\\/www.hgf.com\\\/fr\\\/centre-de-connaissances\\\/news-1\\\/fin-de-la-regle-des-10-jours-de-loeb-a-compter-du-1er-novembre-2023-4-semaines-restantes\\\/#primaryimage\"},\"thumbnailUrl\":\"https:\\\/\\\/www.hgf.com\\\/wp-content\\\/uploads\\\/2020\\\/06\\\/Untitled-design-41.jpg\",\"datePublished\":\"2023-10-04T13:36:21+00:00\",\"dateModified\":\"2025-11-13T20:09:19+00:00\",\"inLanguage\":\"fr-FR\",\"potentialAction\":[{\"@type\":\"ReadAction\",\"target\":[\"https:\\\/\\\/www.hgf.com\\\/fr\\\/centre-de-connaissances\\\/news-1\\\/fin-de-la-regle-des-10-jours-de-loeb-a-compter-du-1er-novembre-2023-4-semaines-restantes\\\/\"]}]},{\"@type\":\"ImageObject\",\"inLanguage\":\"fr-FR\",\"@id\":\"https:\\\/\\\/www.hgf.com\\\/fr\\\/centre-de-connaissances\\\/news-1\\\/fin-de-la-regle-des-10-jours-de-loeb-a-compter-du-1er-novembre-2023-4-semaines-restantes\\\/#primaryimage\",\"url\":\"https:\\\/\\\/www.hgf.com\\\/wp-content\\\/uploads\\\/2020\\\/06\\\/Untitled-design-41.jpg\",\"contentUrl\":\"https:\\\/\\\/www.hgf.com\\\/wp-content\\\/uploads\\\/2020\\\/06\\\/Untitled-design-41.jpg\",\"width\":1920,\"height\":1080},{\"@type\":\"WebSite\",\"@id\":\"https:\\\/\\\/www.hgf.com\\\/fr\\\/#website\",\"url\":\"https:\\\/\\\/www.hgf.com\\\/fr\\\/\",\"name\":\"HGF\",\"description\":\"Intellectual Property Rights specialists\",\"publisher\":{\"@id\":\"https:\\\/\\\/www.hgf.com\\\/fr\\\/#organization\"},\"potentialAction\":[{\"@type\":\"SearchAction\",\"target\":{\"@type\":\"EntryPoint\",\"urlTemplate\":\"https:\\\/\\\/www.hgf.com\\\/fr\\\/?s={search_term_string}\"},\"query-input\":{\"@type\":\"PropertyValueSpecification\",\"valueRequired\":true,\"valueName\":\"search_term_string\"}}],\"inLanguage\":\"fr-FR\"},{\"@type\":\"Organization\",\"@id\":\"https:\\\/\\\/www.hgf.com\\\/fr\\\/#organization\",\"name\":\"HGF\",\"url\":\"https:\\\/\\\/www.hgf.com\\\/fr\\\/\",\"logo\":{\"@type\":\"ImageObject\",\"inLanguage\":\"fr-FR\",\"@id\":\"https:\\\/\\\/www.hgf.com\\\/fr\\\/#\\\/schema\\\/logo\\\/image\\\/\",\"url\":\"https:\\\/\\\/www.hgf.com\\\/wp-content\\\/uploads\\\/2023\\\/04\\\/hgf-logo-696x696-1.png\",\"contentUrl\":\"https:\\\/\\\/www.hgf.com\\\/wp-content\\\/uploads\\\/2023\\\/04\\\/hgf-logo-696x696-1.png\",\"width\":696,\"height\":696,\"caption\":\"HGF\"},\"image\":{\"@id\":\"https:\\\/\\\/www.hgf.com\\\/fr\\\/#\\\/schema\\\/logo\\\/image\\\/\"},\"sameAs\":[\"https:\\\/\\\/x.com\\\/hgf_ip\",\"https:\\\/\\\/www.linkedin.com\\\/company\\\/hgf-limited-intellectual-property-specialists\\\/\"]},{\"@type\":\"Person\",\"@id\":\"https:\\\/\\\/www.hgf.com\\\/fr\\\/#\\\/schema\\\/person\\\/b8e8f97c9bef17c5a63b58710dec05fc\",\"name\":\"Nichola Butler\",\"image\":{\"@type\":\"ImageObject\",\"inLanguage\":\"fr-FR\",\"@id\":\"https:\\\/\\\/secure.gravatar.com\\\/avatar\\\/42cf846a377c3a78e27a6251ef72637db7331dd1905ba199ce32a5a55e286c39?s=96&d=mm&r=g\",\"url\":\"https:\\\/\\\/secure.gravatar.com\\\/avatar\\\/42cf846a377c3a78e27a6251ef72637db7331dd1905ba199ce32a5a55e286c39?s=96&d=mm&r=g\",\"contentUrl\":\"https:\\\/\\\/secure.gravatar.com\\\/avatar\\\/42cf846a377c3a78e27a6251ef72637db7331dd1905ba199ce32a5a55e286c39?s=96&d=mm&r=g\",\"caption\":\"Nichola Butler\"}}]}<\/script>\n<!-- \/ Yoast SEO Premium plugin. -->","yoast_head_json":{"title":"Fin de la \u00ab r\u00e8gle des 10 jours \u00bb de l'OEB \u00e0 compter du 1er novembre 2023 \u2013 4 semaines restantes - HGF","robots":{"index":"index","follow":"follow","max-snippet":"max-snippet:-1","max-image-preview":"max-image-preview:large","max-video-preview":"max-video-preview:-1"},"canonical":"https:\/\/www.hgf.com\/fr\/centre-de-connaissances\/news-1\/fin-de-la-regle-des-10-jours-de-loeb-a-compter-du-1er-novembre-2023-4-semaines-restantes\/","og_locale":"fr_FR","og_type":"article","og_title":"Fin de la \u00ab r\u00e8gle des 10 jours \u00bb de l'OEB \u00e0 compter du 1er novembre 2023 \u2013 4 semaines restantes","og_description":"Toute communication envoy\u00e9e par l'OEB \u00e0 compter du 1er novembre 2023 ne sera plus soumise \u00e0 la \u00ab r\u00e8gle des dix jours \u00bb. Cela signifie que les","og_url":"https:\/\/www.hgf.com\/fr\/centre-de-connaissances\/news-1\/fin-de-la-regle-des-10-jours-de-loeb-a-compter-du-1er-novembre-2023-4-semaines-restantes\/","og_site_name":"HGF","article_published_time":"2023-10-04T13:36:21+00:00","article_modified_time":"2025-11-13T20:09:19+00:00","og_image":[{"width":1920,"height":1080,"url":"https:\/\/www.hgf.com\/wp-content\/uploads\/2020\/06\/Untitled-design-41.jpg","type":"image\/jpeg"}],"author":"Nichola Butler","twitter_card":"summary_large_image","twitter_creator":"@hgf_ip","twitter_site":"@hgf_ip","twitter_misc":{"\u00c9crit par":"Nichola Butler","Dur\u00e9e de lecture estim\u00e9e":"3 minutes"},"schema":{"@context":"https:\/\/schema.org","@graph":[{"@type":"Article","@id":"https:\/\/www.hgf.com\/fr\/centre-de-connaissances\/news-1\/fin-de-la-regle-des-10-jours-de-loeb-a-compter-du-1er-novembre-2023-4-semaines-restantes\/#article","isPartOf":{"@id":"https:\/\/www.hgf.com\/fr\/centre-de-connaissances\/news-1\/fin-de-la-regle-des-10-jours-de-loeb-a-compter-du-1er-novembre-2023-4-semaines-restantes\/"},"author":{"name":"Nichola Butler","@id":"https:\/\/www.hgf.com\/fr\/#\/schema\/person\/b8e8f97c9bef17c5a63b58710dec05fc"},"headline":"Fin de la \u00ab r\u00e8gle des 10 jours \u00bb de l&#8217;OEB \u00e0 compter du 1er novembre 2023 \u2013 4 semaines restantes","datePublished":"2023-10-04T13:36:21+00:00","dateModified":"2025-11-13T20:09:19+00:00","mainEntityOfPage":{"@id":"https:\/\/www.hgf.com\/fr\/centre-de-connaissances\/news-1\/fin-de-la-regle-des-10-jours-de-loeb-a-compter-du-1er-novembre-2023-4-semaines-restantes\/"},"wordCount":632,"publisher":{"@id":"https:\/\/www.hgf.com\/fr\/#organization"},"image":{"@id":"https:\/\/www.hgf.com\/fr\/centre-de-connaissances\/news-1\/fin-de-la-regle-des-10-jours-de-loeb-a-compter-du-1er-novembre-2023-4-semaines-restantes\/#primaryimage"},"thumbnailUrl":"https:\/\/www.hgf.com\/wp-content\/uploads\/2020\/06\/Untitled-design-41.jpg","articleSection":["Actualit\u00e9s","Centre de connaissances"],"inLanguage":"fr-FR"},{"@type":"WebPage","@id":"https:\/\/www.hgf.com\/fr\/centre-de-connaissances\/news-1\/fin-de-la-regle-des-10-jours-de-loeb-a-compter-du-1er-novembre-2023-4-semaines-restantes\/","url":"https:\/\/www.hgf.com\/fr\/centre-de-connaissances\/news-1\/fin-de-la-regle-des-10-jours-de-loeb-a-compter-du-1er-novembre-2023-4-semaines-restantes\/","name":"Fin de la \u00ab r\u00e8gle des 10 jours \u00bb de l'OEB \u00e0 compter du 1er novembre 2023 \u2013 4 semaines restantes - HGF","isPartOf":{"@id":"https:\/\/www.hgf.com\/fr\/#website"},"primaryImageOfPage":{"@id":"https:\/\/www.hgf.com\/fr\/centre-de-connaissances\/news-1\/fin-de-la-regle-des-10-jours-de-loeb-a-compter-du-1er-novembre-2023-4-semaines-restantes\/#primaryimage"},"image":{"@id":"https:\/\/www.hgf.com\/fr\/centre-de-connaissances\/news-1\/fin-de-la-regle-des-10-jours-de-loeb-a-compter-du-1er-novembre-2023-4-semaines-restantes\/#primaryimage"},"thumbnailUrl":"https:\/\/www.hgf.com\/wp-content\/uploads\/2020\/06\/Untitled-design-41.jpg","datePublished":"2023-10-04T13:36:21+00:00","dateModified":"2025-11-13T20:09:19+00:00","inLanguage":"fr-FR","potentialAction":[{"@type":"ReadAction","target":["https:\/\/www.hgf.com\/fr\/centre-de-connaissances\/news-1\/fin-de-la-regle-des-10-jours-de-loeb-a-compter-du-1er-novembre-2023-4-semaines-restantes\/"]}]},{"@type":"ImageObject","inLanguage":"fr-FR","@id":"https:\/\/www.hgf.com\/fr\/centre-de-connaissances\/news-1\/fin-de-la-regle-des-10-jours-de-loeb-a-compter-du-1er-novembre-2023-4-semaines-restantes\/#primaryimage","url":"https:\/\/www.hgf.com\/wp-content\/uploads\/2020\/06\/Untitled-design-41.jpg","contentUrl":"https:\/\/www.hgf.com\/wp-content\/uploads\/2020\/06\/Untitled-design-41.jpg","width":1920,"height":1080},{"@type":"WebSite","@id":"https:\/\/www.hgf.com\/fr\/#website","url":"https:\/\/www.hgf.com\/fr\/","name":"HGF","description":"Intellectual Property Rights specialists","publisher":{"@id":"https:\/\/www.hgf.com\/fr\/#organization"},"potentialAction":[{"@type":"SearchAction","target":{"@type":"EntryPoint","urlTemplate":"https:\/\/www.hgf.com\/fr\/?s={search_term_string}"},"query-input":{"@type":"PropertyValueSpecification","valueRequired":true,"valueName":"search_term_string"}}],"inLanguage":"fr-FR"},{"@type":"Organization","@id":"https:\/\/www.hgf.com\/fr\/#organization","name":"HGF","url":"https:\/\/www.hgf.com\/fr\/","logo":{"@type":"ImageObject","inLanguage":"fr-FR","@id":"https:\/\/www.hgf.com\/fr\/#\/schema\/logo\/image\/","url":"https:\/\/www.hgf.com\/wp-content\/uploads\/2023\/04\/hgf-logo-696x696-1.png","contentUrl":"https:\/\/www.hgf.com\/wp-content\/uploads\/2023\/04\/hgf-logo-696x696-1.png","width":696,"height":696,"caption":"HGF"},"image":{"@id":"https:\/\/www.hgf.com\/fr\/#\/schema\/logo\/image\/"},"sameAs":["https:\/\/x.com\/hgf_ip","https:\/\/www.linkedin.com\/company\/hgf-limited-intellectual-property-specialists\/"]},{"@type":"Person","@id":"https:\/\/www.hgf.com\/fr\/#\/schema\/person\/b8e8f97c9bef17c5a63b58710dec05fc","name":"Nichola Butler","image":{"@type":"ImageObject","inLanguage":"fr-FR","@id":"https:\/\/secure.gravatar.com\/avatar\/42cf846a377c3a78e27a6251ef72637db7331dd1905ba199ce32a5a55e286c39?s=96&d=mm&r=g","url":"https:\/\/secure.gravatar.com\/avatar\/42cf846a377c3a78e27a6251ef72637db7331dd1905ba199ce32a5a55e286c39?s=96&d=mm&r=g","contentUrl":"https:\/\/secure.gravatar.com\/avatar\/42cf846a377c3a78e27a6251ef72637db7331dd1905ba199ce32a5a55e286c39?s=96&d=mm&r=g","caption":"Nichola Butler"}}]}},"_links":{"self":[{"href":"https:\/\/www.hgf.com\/fr\/wp-json\/wp\/v2\/posts\/9004111222136663","targetHints":{"allow":["GET"]}}],"collection":[{"href":"https:\/\/www.hgf.com\/fr\/wp-json\/wp\/v2\/posts"}],"about":[{"href":"https:\/\/www.hgf.com\/fr\/wp-json\/wp\/v2\/types\/post"}],"author":[{"embeddable":true,"href":"https:\/\/www.hgf.com\/fr\/wp-json\/wp\/v2\/users\/316"}],"replies":[{"embeddable":true,"href":"https:\/\/www.hgf.com\/fr\/wp-json\/wp\/v2\/comments?post=9004111222136663"}],"version-history":[{"count":0,"href":"https:\/\/www.hgf.com\/fr\/wp-json\/wp\/v2\/posts\/9004111222136663\/revisions"}],"wp:featuredmedia":[{"embeddable":true,"href":"https:\/\/www.hgf.com\/fr\/wp-json\/wp\/v2\/media\/9004111222139205"}],"wp:attachment":[{"href":"https:\/\/www.hgf.com\/fr\/wp-json\/wp\/v2\/media?parent=9004111222136663"}],"wp:term":[{"taxonomy":"category","embeddable":true,"href":"https:\/\/www.hgf.com\/fr\/wp-json\/wp\/v2\/categories?post=9004111222136663"},{"taxonomy":"post_tag","embeddable":true,"href":"https:\/\/www.hgf.com\/fr\/wp-json\/wp\/v2\/tags?post=9004111222136663"}],"curies":[{"name":"wp","href":"https:\/\/api.w.org\/{rel}","templated":true}]}}