{"id":9004111222136449,"date":"2024-04-09T11:58:23","date_gmt":"2024-04-09T10:58:23","guid":{"rendered":"https:\/\/www.hgf.com\/?p=9004111222136449"},"modified":"2025-11-13T20:08:31","modified_gmt":"2025-11-13T20:08:31","slug":"seminaire-a-dresde-et-salzbourg-les-bases-de-la-protection-des-marques-perspectives-nationales-et-europeennes","status":"publish","type":"post","link":"https:\/\/www.hgf.com\/fr\/centre-de-connaissances\/evenements\/seminaire-a-dresde-et-salzbourg-les-bases-de-la-protection-des-marques-perspectives-nationales-et-europeennes\/","title":{"rendered":"S\u00e9minaire \u00e0 Dresde et Salzbourg : les bases de la protection des marques &#8211; perspectives nationales et europ\u00e9ennes"},"content":{"rendered":"<p class=\"p__large\">HGF a le plaisir de vous inviter \u00e0 notre prochain s\u00e9minaire en langue allemande sur \u00ab Les fondamentaux de la protection des marques : perspectives nationales et europ\u00e9ennes \u00bb \u00e0 Salzbourg et Dresde. Le s\u00e9minaire couvrira les aspects fondamentaux de la protection des marques au niveau national allemand et europ\u00e9en. <\/p>\n<p><strong>Date :<\/strong><\/p>\n<ul>\n<li>Salzbourg : 14 mai 2024, 17h30<\/li>\n<li>Dresde : 11 juin 2024, 18h00<\/li>\n<\/ul>\n<p><strong>Lieu :<\/strong><\/p>\n<ul>\n<li>Salzbourg : HGF Europe LLP, <span class=\"LrzXr\">Rudolfskai 48, 5020 Salzburg<\/span><\/li>\n<li>Dresde : impact hub gallery Dresden, <span class=\"LrzXr\">trompeterstra\u00dfe 5, 01069 Dresden<\/span><\/li>\n<\/ul>\n<p>Dans le cadre de notre s\u00e9rie de s\u00e9minaires en langue allemande \u00e0 Dresde et Salzbourg, nous pr\u00e9sentons un s\u00e9minaire passionnant qui traite des questions fondamentales de la protection des marques. Que vous ayez d\u00e9j\u00e0 de l&#8217;exp\u00e9rience dans le domaine du droit des marques ou que vous commenciez tout juste \u00e0 vous y familiariser, ce webinaire vous apportera des informations pr\u00e9cieuses et des conseils pratiques. <\/p>\n<p>Notre avocate exp\u00e9riment\u00e9e <a href=\"https:\/\/www.hgf.com\/fr\/our-people\/julia-saladin\/\">Julia Saladin<\/a> traitera des aspects fondamentaux de la protection des marques tant au niveau national allemand qu&#8217;au niveau europ\u00e9en. Nous aborderons le parcours d&#8217;une marque pour obtenir sa protection, l&#8217;utilisation de la marque pour pr\u00e9server les droits, la d\u00e9fense d&#8217;une marque et les consid\u00e9rations fondamentales concernant la strat\u00e9gie de marque dans les entreprises. <\/p>\n<p>Le s\u00e9minaire offre non seulement des connaissances th\u00e9oriques, mais aussi des aper\u00e7us pratiques et des \u00e9tudes de cas qui vous permettront d&#8217;appliquer ce que vous avez appris dans votre pratique professionnelle.<\/p>\n<p>Nous serions ravis de vous accueillir \u00e0 ce s\u00e9minaire pour approfondir vos connaissances en droit des marques et en protection des marques, et pour b\u00e9n\u00e9ficier de l&#8217;exp\u00e9rience de notre experte.<br \/>\nVous \u00eates int\u00e9ress\u00e9 par le s\u00e9minaire mais ne pouvez pas assister \u00e0 l&#8217;une des dates en personne ? \u00c9crivez un court e-mail \u00e0 Laura Schirlitzki (lschirlitzki@hgf.com). <\/p>\n<p>&nbsp;<\/p>\n<div class=\"btn-wrap btn-wrap--mb\"><a href=\"https:\/\/campaigns.hgf.com\/seminarreihe-salzburg-termin-5-markenschutz\/\" class=\"btn on-grey\" target=\"_blank\"><span>Register here for Salzburg<\/span><\/a><\/div>\n<div class=\"btn-wrap btn-wrap--mb\"><a href=\"https:\/\/campaigns.hgf.com\/seminarreihe-dresden-termin-5-markenschutz\/\" class=\"btn on-grey\" target=\"_blank\"><span>Register here for Dresden<\/span><\/a><\/div>\n","protected":false},"excerpt":{"rendered":"<p>HGF a le plaisir de vous inviter \u00e0 notre prochain s\u00e9minaire en langue allemande sur \u00ab Les fondamentaux de la protection des marques : perspectives nationales et europ\u00e9ennes \u00bb \u00e0 &hellip;<\/p>\n","protected":false},"author":587,"featured_media":9004111222135756,"comment_status":"closed","ping_status":"closed","sticky":false,"template":"","format":"standard","meta":{"_acf_changed":false,"footnotes":""},"categories":[517,543,544],"tags":[],"class_list":["post-9004111222136449","post","type-post","status-publish","format-standard","has-post-thumbnail","hentry","category-centre-de-connaissances","category-evenements","category-hgf-evenements","service-brevets"],"acf":[],"yoast_head":"<!-- This site is optimized with the Yoast SEO Premium plugin v27.4 (Yoast SEO v27.4) - https:\/\/yoast.com\/product\/yoast-seo-premium-wordpress\/ -->\n<title>S\u00e9minaire \u00e0 Dresde et Salzbourg : les bases de la protection des marques - perspectives nationales et europ\u00e9ennes - HGF<\/title>\n<meta name=\"robots\" content=\"index, follow, max-snippet:-1, max-image-preview:large, max-video-preview:-1\" \/>\n<link rel=\"canonical\" href=\"https:\/\/www.hgf.com\/fr\/centre-de-connaissances\/evenements\/seminaire-a-dresde-et-salzbourg-les-bases-de-la-protection-des-marques-perspectives-nationales-et-europeennes\/\" \/>\n<meta property=\"og:locale\" content=\"fr_FR\" \/>\n<meta property=\"og:type\" content=\"article\" \/>\n<meta property=\"og:title\" content=\"S\u00e9minaire \u00e0 Dresde et Salzbourg : les bases de la protection des marques - perspectives nationales et europ\u00e9ennes\" \/>\n<meta property=\"og:description\" content=\"HGF a le plaisir de vous inviter \u00e0 notre prochain s\u00e9minaire en langue allemande sur \u00ab Les fondamentaux de la protection des marques : perspectives\" \/>\n<meta property=\"og:url\" content=\"https:\/\/www.hgf.com\/fr\/centre-de-connaissances\/evenements\/seminaire-a-dresde-et-salzbourg-les-bases-de-la-protection-des-marques-perspectives-nationales-et-europeennes\/\" \/>\n<meta property=\"og:site_name\" content=\"HGF\" \/>\n<meta property=\"article:published_time\" content=\"2024-04-09T10:58:23+00:00\" \/>\n<meta property=\"article:modified_time\" content=\"2025-11-13T20:08:31+00:00\" \/>\n<meta property=\"og:image\" content=\"https:\/\/www.hgf.com\/wp-content\/uploads\/2023\/12\/Dresden-Image.png\" \/>\n\t<meta property=\"og:image:width\" content=\"800\" \/>\n\t<meta property=\"og:image:height\" content=\"400\" \/>\n\t<meta property=\"og:image:type\" content=\"image\/png\" \/>\n<meta name=\"author\" content=\"Laura Schirlitzki\" \/>\n<meta name=\"twitter:card\" content=\"summary_large_image\" \/>\n<meta name=\"twitter:creator\" content=\"@hgf_ip\" \/>\n<meta name=\"twitter:site\" content=\"@hgf_ip\" \/>\n<meta name=\"twitter:label1\" content=\"\u00c9crit par\" \/>\n\t<meta name=\"twitter:data1\" content=\"Laura Schirlitzki\" \/>\n\t<meta name=\"twitter:label2\" content=\"Dur\u00e9e de lecture estim\u00e9e\" \/>\n\t<meta name=\"twitter:data2\" content=\"2 minutes\" \/>\n<script type=\"application\/ld+json\" class=\"yoast-schema-graph\">{\"@context\":\"https:\\\/\\\/schema.org\",\"@graph\":[{\"@type\":\"Article\",\"@id\":\"https:\\\/\\\/www.hgf.com\\\/fr\\\/centre-de-connaissances\\\/evenements\\\/seminaire-a-dresde-et-salzbourg-les-bases-de-la-protection-des-marques-perspectives-nationales-et-europeennes\\\/#article\",\"isPartOf\":{\"@id\":\"https:\\\/\\\/www.hgf.com\\\/fr\\\/centre-de-connaissances\\\/evenements\\\/seminaire-a-dresde-et-salzbourg-les-bases-de-la-protection-des-marques-perspectives-nationales-et-europeennes\\\/\"},\"author\":{\"name\":\"Laura Schirlitzki\",\"@id\":\"https:\\\/\\\/www.hgf.com\\\/fr\\\/#\\\/schema\\\/person\\\/947e0bb489e71984ddee930860fabc85\"},\"headline\":\"S\u00e9minaire \u00e0 Dresde et Salzbourg : les bases de la protection des marques &#8211; perspectives nationales et europ\u00e9ennes\",\"datePublished\":\"2024-04-09T10:58:23+00:00\",\"dateModified\":\"2025-11-13T20:08:31+00:00\",\"mainEntityOfPage\":{\"@id\":\"https:\\\/\\\/www.hgf.com\\\/fr\\\/centre-de-connaissances\\\/evenements\\\/seminaire-a-dresde-et-salzbourg-les-bases-de-la-protection-des-marques-perspectives-nationales-et-europeennes\\\/\"},\"wordCount\":374,\"publisher\":{\"@id\":\"https:\\\/\\\/www.hgf.com\\\/fr\\\/#organization\"},\"image\":{\"@id\":\"https:\\\/\\\/www.hgf.com\\\/fr\\\/centre-de-connaissances\\\/evenements\\\/seminaire-a-dresde-et-salzbourg-les-bases-de-la-protection-des-marques-perspectives-nationales-et-europeennes\\\/#primaryimage\"},\"thumbnailUrl\":\"https:\\\/\\\/www.hgf.com\\\/wp-content\\\/uploads\\\/2023\\\/12\\\/Dresden-Image.png\",\"articleSection\":[\"Centre de connaissances\",\"\u00c9v\u00e9nements\",\"HGF-\u00c9v\u00e9nements\"],\"inLanguage\":\"fr-FR\"},{\"@type\":\"WebPage\",\"@id\":\"https:\\\/\\\/www.hgf.com\\\/fr\\\/centre-de-connaissances\\\/evenements\\\/seminaire-a-dresde-et-salzbourg-les-bases-de-la-protection-des-marques-perspectives-nationales-et-europeennes\\\/\",\"url\":\"https:\\\/\\\/www.hgf.com\\\/fr\\\/centre-de-connaissances\\\/evenements\\\/seminaire-a-dresde-et-salzbourg-les-bases-de-la-protection-des-marques-perspectives-nationales-et-europeennes\\\/\",\"name\":\"S\u00e9minaire \u00e0 Dresde et Salzbourg : les bases de la protection des marques - perspectives nationales et europ\u00e9ennes - HGF\",\"isPartOf\":{\"@id\":\"https:\\\/\\\/www.hgf.com\\\/fr\\\/#website\"},\"primaryImageOfPage\":{\"@id\":\"https:\\\/\\\/www.hgf.com\\\/fr\\\/centre-de-connaissances\\\/evenements\\\/seminaire-a-dresde-et-salzbourg-les-bases-de-la-protection-des-marques-perspectives-nationales-et-europeennes\\\/#primaryimage\"},\"image\":{\"@id\":\"https:\\\/\\\/www.hgf.com\\\/fr\\\/centre-de-connaissances\\\/evenements\\\/seminaire-a-dresde-et-salzbourg-les-bases-de-la-protection-des-marques-perspectives-nationales-et-europeennes\\\/#primaryimage\"},\"thumbnailUrl\":\"https:\\\/\\\/www.hgf.com\\\/wp-content\\\/uploads\\\/2023\\\/12\\\/Dresden-Image.png\",\"datePublished\":\"2024-04-09T10:58:23+00:00\",\"dateModified\":\"2025-11-13T20:08:31+00:00\",\"inLanguage\":\"fr-FR\",\"potentialAction\":[{\"@type\":\"ReadAction\",\"target\":[\"https:\\\/\\\/www.hgf.com\\\/fr\\\/centre-de-connaissances\\\/evenements\\\/seminaire-a-dresde-et-salzbourg-les-bases-de-la-protection-des-marques-perspectives-nationales-et-europeennes\\\/\"]}]},{\"@type\":\"ImageObject\",\"inLanguage\":\"fr-FR\",\"@id\":\"https:\\\/\\\/www.hgf.com\\\/fr\\\/centre-de-connaissances\\\/evenements\\\/seminaire-a-dresde-et-salzbourg-les-bases-de-la-protection-des-marques-perspectives-nationales-et-europeennes\\\/#primaryimage\",\"url\":\"https:\\\/\\\/www.hgf.com\\\/wp-content\\\/uploads\\\/2023\\\/12\\\/Dresden-Image.png\",\"contentUrl\":\"https:\\\/\\\/www.hgf.com\\\/wp-content\\\/uploads\\\/2023\\\/12\\\/Dresden-Image.png\",\"width\":800,\"height\":400},{\"@type\":\"WebSite\",\"@id\":\"https:\\\/\\\/www.hgf.com\\\/fr\\\/#website\",\"url\":\"https:\\\/\\\/www.hgf.com\\\/fr\\\/\",\"name\":\"HGF\",\"description\":\"Intellectual Property Rights specialists\",\"publisher\":{\"@id\":\"https:\\\/\\\/www.hgf.com\\\/fr\\\/#organization\"},\"potentialAction\":[{\"@type\":\"SearchAction\",\"target\":{\"@type\":\"EntryPoint\",\"urlTemplate\":\"https:\\\/\\\/www.hgf.com\\\/fr\\\/?s={search_term_string}\"},\"query-input\":{\"@type\":\"PropertyValueSpecification\",\"valueRequired\":true,\"valueName\":\"search_term_string\"}}],\"inLanguage\":\"fr-FR\"},{\"@type\":\"Organization\",\"@id\":\"https:\\\/\\\/www.hgf.com\\\/fr\\\/#organization\",\"name\":\"HGF\",\"url\":\"https:\\\/\\\/www.hgf.com\\\/fr\\\/\",\"logo\":{\"@type\":\"ImageObject\",\"inLanguage\":\"fr-FR\",\"@id\":\"https:\\\/\\\/www.hgf.com\\\/fr\\\/#\\\/schema\\\/logo\\\/image\\\/\",\"url\":\"https:\\\/\\\/www.hgf.com\\\/wp-content\\\/uploads\\\/2023\\\/04\\\/hgf-logo-696x696-1.png\",\"contentUrl\":\"https:\\\/\\\/www.hgf.com\\\/wp-content\\\/uploads\\\/2023\\\/04\\\/hgf-logo-696x696-1.png\",\"width\":696,\"height\":696,\"caption\":\"HGF\"},\"image\":{\"@id\":\"https:\\\/\\\/www.hgf.com\\\/fr\\\/#\\\/schema\\\/logo\\\/image\\\/\"},\"sameAs\":[\"https:\\\/\\\/x.com\\\/hgf_ip\",\"https:\\\/\\\/www.linkedin.com\\\/company\\\/hgf-limited-intellectual-property-specialists\\\/\"]},{\"@type\":\"Person\",\"@id\":\"https:\\\/\\\/www.hgf.com\\\/fr\\\/#\\\/schema\\\/person\\\/947e0bb489e71984ddee930860fabc85\",\"name\":\"Laura Schirlitzki\",\"image\":{\"@type\":\"ImageObject\",\"inLanguage\":\"fr-FR\",\"@id\":\"https:\\\/\\\/secure.gravatar.com\\\/avatar\\\/d67b3a9d7c2be432ef98b37cecb1ee25228e9bed81175cafffa32eeabe6496eb?s=96&d=mm&r=g\",\"url\":\"https:\\\/\\\/secure.gravatar.com\\\/avatar\\\/d67b3a9d7c2be432ef98b37cecb1ee25228e9bed81175cafffa32eeabe6496eb?s=96&d=mm&r=g\",\"contentUrl\":\"https:\\\/\\\/secure.gravatar.com\\\/avatar\\\/d67b3a9d7c2be432ef98b37cecb1ee25228e9bed81175cafffa32eeabe6496eb?s=96&d=mm&r=g\",\"caption\":\"Laura Schirlitzki\"}}]}<\/script>\n<!-- \/ Yoast SEO Premium plugin. -->","yoast_head_json":{"title":"S\u00e9minaire \u00e0 Dresde et Salzbourg : les bases de la protection des marques - perspectives nationales et europ\u00e9ennes - HGF","robots":{"index":"index","follow":"follow","max-snippet":"max-snippet:-1","max-image-preview":"max-image-preview:large","max-video-preview":"max-video-preview:-1"},"canonical":"https:\/\/www.hgf.com\/fr\/centre-de-connaissances\/evenements\/seminaire-a-dresde-et-salzbourg-les-bases-de-la-protection-des-marques-perspectives-nationales-et-europeennes\/","og_locale":"fr_FR","og_type":"article","og_title":"S\u00e9minaire \u00e0 Dresde et Salzbourg : les bases de la protection des marques - perspectives nationales et europ\u00e9ennes","og_description":"HGF a le plaisir de vous inviter \u00e0 notre prochain s\u00e9minaire en langue allemande sur \u00ab Les fondamentaux de la protection des marques : perspectives","og_url":"https:\/\/www.hgf.com\/fr\/centre-de-connaissances\/evenements\/seminaire-a-dresde-et-salzbourg-les-bases-de-la-protection-des-marques-perspectives-nationales-et-europeennes\/","og_site_name":"HGF","article_published_time":"2024-04-09T10:58:23+00:00","article_modified_time":"2025-11-13T20:08:31+00:00","og_image":[{"width":800,"height":400,"url":"https:\/\/www.hgf.com\/wp-content\/uploads\/2023\/12\/Dresden-Image.png","type":"image\/png"}],"author":"Laura Schirlitzki","twitter_card":"summary_large_image","twitter_creator":"@hgf_ip","twitter_site":"@hgf_ip","twitter_misc":{"\u00c9crit par":"Laura Schirlitzki","Dur\u00e9e de lecture estim\u00e9e":"2 minutes"},"schema":{"@context":"https:\/\/schema.org","@graph":[{"@type":"Article","@id":"https:\/\/www.hgf.com\/fr\/centre-de-connaissances\/evenements\/seminaire-a-dresde-et-salzbourg-les-bases-de-la-protection-des-marques-perspectives-nationales-et-europeennes\/#article","isPartOf":{"@id":"https:\/\/www.hgf.com\/fr\/centre-de-connaissances\/evenements\/seminaire-a-dresde-et-salzbourg-les-bases-de-la-protection-des-marques-perspectives-nationales-et-europeennes\/"},"author":{"name":"Laura Schirlitzki","@id":"https:\/\/www.hgf.com\/fr\/#\/schema\/person\/947e0bb489e71984ddee930860fabc85"},"headline":"S\u00e9minaire \u00e0 Dresde et Salzbourg : les bases de la protection des marques &#8211; perspectives nationales et europ\u00e9ennes","datePublished":"2024-04-09T10:58:23+00:00","dateModified":"2025-11-13T20:08:31+00:00","mainEntityOfPage":{"@id":"https:\/\/www.hgf.com\/fr\/centre-de-connaissances\/evenements\/seminaire-a-dresde-et-salzbourg-les-bases-de-la-protection-des-marques-perspectives-nationales-et-europeennes\/"},"wordCount":374,"publisher":{"@id":"https:\/\/www.hgf.com\/fr\/#organization"},"image":{"@id":"https:\/\/www.hgf.com\/fr\/centre-de-connaissances\/evenements\/seminaire-a-dresde-et-salzbourg-les-bases-de-la-protection-des-marques-perspectives-nationales-et-europeennes\/#primaryimage"},"thumbnailUrl":"https:\/\/www.hgf.com\/wp-content\/uploads\/2023\/12\/Dresden-Image.png","articleSection":["Centre de connaissances","\u00c9v\u00e9nements","HGF-\u00c9v\u00e9nements"],"inLanguage":"fr-FR"},{"@type":"WebPage","@id":"https:\/\/www.hgf.com\/fr\/centre-de-connaissances\/evenements\/seminaire-a-dresde-et-salzbourg-les-bases-de-la-protection-des-marques-perspectives-nationales-et-europeennes\/","url":"https:\/\/www.hgf.com\/fr\/centre-de-connaissances\/evenements\/seminaire-a-dresde-et-salzbourg-les-bases-de-la-protection-des-marques-perspectives-nationales-et-europeennes\/","name":"S\u00e9minaire \u00e0 Dresde et Salzbourg : les bases de la protection des marques - perspectives nationales et europ\u00e9ennes - HGF","isPartOf":{"@id":"https:\/\/www.hgf.com\/fr\/#website"},"primaryImageOfPage":{"@id":"https:\/\/www.hgf.com\/fr\/centre-de-connaissances\/evenements\/seminaire-a-dresde-et-salzbourg-les-bases-de-la-protection-des-marques-perspectives-nationales-et-europeennes\/#primaryimage"},"image":{"@id":"https:\/\/www.hgf.com\/fr\/centre-de-connaissances\/evenements\/seminaire-a-dresde-et-salzbourg-les-bases-de-la-protection-des-marques-perspectives-nationales-et-europeennes\/#primaryimage"},"thumbnailUrl":"https:\/\/www.hgf.com\/wp-content\/uploads\/2023\/12\/Dresden-Image.png","datePublished":"2024-04-09T10:58:23+00:00","dateModified":"2025-11-13T20:08:31+00:00","inLanguage":"fr-FR","potentialAction":[{"@type":"ReadAction","target":["https:\/\/www.hgf.com\/fr\/centre-de-connaissances\/evenements\/seminaire-a-dresde-et-salzbourg-les-bases-de-la-protection-des-marques-perspectives-nationales-et-europeennes\/"]}]},{"@type":"ImageObject","inLanguage":"fr-FR","@id":"https:\/\/www.hgf.com\/fr\/centre-de-connaissances\/evenements\/seminaire-a-dresde-et-salzbourg-les-bases-de-la-protection-des-marques-perspectives-nationales-et-europeennes\/#primaryimage","url":"https:\/\/www.hgf.com\/wp-content\/uploads\/2023\/12\/Dresden-Image.png","contentUrl":"https:\/\/www.hgf.com\/wp-content\/uploads\/2023\/12\/Dresden-Image.png","width":800,"height":400},{"@type":"WebSite","@id":"https:\/\/www.hgf.com\/fr\/#website","url":"https:\/\/www.hgf.com\/fr\/","name":"HGF","description":"Intellectual Property Rights specialists","publisher":{"@id":"https:\/\/www.hgf.com\/fr\/#organization"},"potentialAction":[{"@type":"SearchAction","target":{"@type":"EntryPoint","urlTemplate":"https:\/\/www.hgf.com\/fr\/?s={search_term_string}"},"query-input":{"@type":"PropertyValueSpecification","valueRequired":true,"valueName":"search_term_string"}}],"inLanguage":"fr-FR"},{"@type":"Organization","@id":"https:\/\/www.hgf.com\/fr\/#organization","name":"HGF","url":"https:\/\/www.hgf.com\/fr\/","logo":{"@type":"ImageObject","inLanguage":"fr-FR","@id":"https:\/\/www.hgf.com\/fr\/#\/schema\/logo\/image\/","url":"https:\/\/www.hgf.com\/wp-content\/uploads\/2023\/04\/hgf-logo-696x696-1.png","contentUrl":"https:\/\/www.hgf.com\/wp-content\/uploads\/2023\/04\/hgf-logo-696x696-1.png","width":696,"height":696,"caption":"HGF"},"image":{"@id":"https:\/\/www.hgf.com\/fr\/#\/schema\/logo\/image\/"},"sameAs":["https:\/\/x.com\/hgf_ip","https:\/\/www.linkedin.com\/company\/hgf-limited-intellectual-property-specialists\/"]},{"@type":"Person","@id":"https:\/\/www.hgf.com\/fr\/#\/schema\/person\/947e0bb489e71984ddee930860fabc85","name":"Laura Schirlitzki","image":{"@type":"ImageObject","inLanguage":"fr-FR","@id":"https:\/\/secure.gravatar.com\/avatar\/d67b3a9d7c2be432ef98b37cecb1ee25228e9bed81175cafffa32eeabe6496eb?s=96&d=mm&r=g","url":"https:\/\/secure.gravatar.com\/avatar\/d67b3a9d7c2be432ef98b37cecb1ee25228e9bed81175cafffa32eeabe6496eb?s=96&d=mm&r=g","contentUrl":"https:\/\/secure.gravatar.com\/avatar\/d67b3a9d7c2be432ef98b37cecb1ee25228e9bed81175cafffa32eeabe6496eb?s=96&d=mm&r=g","caption":"Laura Schirlitzki"}}]}},"_links":{"self":[{"href":"https:\/\/www.hgf.com\/fr\/wp-json\/wp\/v2\/posts\/9004111222136449","targetHints":{"allow":["GET"]}}],"collection":[{"href":"https:\/\/www.hgf.com\/fr\/wp-json\/wp\/v2\/posts"}],"about":[{"href":"https:\/\/www.hgf.com\/fr\/wp-json\/wp\/v2\/types\/post"}],"author":[{"embeddable":true,"href":"https:\/\/www.hgf.com\/fr\/wp-json\/wp\/v2\/users\/587"}],"replies":[{"embeddable":true,"href":"https:\/\/www.hgf.com\/fr\/wp-json\/wp\/v2\/comments?post=9004111222136449"}],"version-history":[{"count":0,"href":"https:\/\/www.hgf.com\/fr\/wp-json\/wp\/v2\/posts\/9004111222136449\/revisions"}],"wp:featuredmedia":[{"embeddable":true,"href":"https:\/\/www.hgf.com\/fr\/wp-json\/wp\/v2\/media\/9004111222135756"}],"wp:attachment":[{"href":"https:\/\/www.hgf.com\/fr\/wp-json\/wp\/v2\/media?parent=9004111222136449"}],"wp:term":[{"taxonomy":"category","embeddable":true,"href":"https:\/\/www.hgf.com\/fr\/wp-json\/wp\/v2\/categories?post=9004111222136449"},{"taxonomy":"post_tag","embeddable":true,"href":"https:\/\/www.hgf.com\/fr\/wp-json\/wp\/v2\/tags?post=9004111222136449"}],"curies":[{"name":"wp","href":"https:\/\/api.w.org\/{rel}","templated":true}]}}