{"id":9004111222136442,"date":"2024-04-17T10:04:08","date_gmt":"2024-04-17T09:04:08","guid":{"rendered":"https:\/\/www.hgf.com\/?p=9004111222136442"},"modified":"2025-11-13T20:08:27","modified_gmt":"2025-11-13T20:08:27","slug":"article-dopinion-brevet-unitaire-et-tribunal-unifie-des-brevets-en-irlande","status":"publish","type":"post","link":"https:\/\/www.hgf.com\/fr\/centre-de-connaissances\/articles\/article-dopinion-brevet-unitaire-et-tribunal-unifie-des-brevets-en-irlande\/","title":{"rendered":"Article d&#8217;opinion : brevet unitaire et tribunal unifi\u00e9 des brevets en Irlande"},"content":{"rendered":"<p class=\"p__large\">La propri\u00e9t\u00e9 intellectuelle (PI) est un \u00e9l\u00e9ment essentiel de toute entreprise et, en particulier, un \u00e9l\u00e9ment vital de la bo\u00eete \u00e0 outils strat\u00e9gique de toute entreprise qui cr\u00e9e de la valeur gr\u00e2ce \u00e0 l&#8217;innovation et \u00e0 des am\u00e9liorations it\u00e9ratives constantes des produits et des processus.<\/p>\n<p>L&#8217;Irlande et le syst\u00e8me europ\u00e9en de brevet unitaire semblent \u00eatre de retour \u00e0 la case d\u00e9part. \u00c0 l&#8217;heure actuelle, dans le cadre d&#8217;un nouveau syst\u00e8me de brevets en Europe, 17 pays europ\u00e9ens sont d\u00e9j\u00e0 sur la piste de course, sprintant depuis le d\u00e9but du nouveau syst\u00e8me de brevets de l&#8217;UE le 1er juin 2023.<\/p>\n<p>La question est de savoir pourquoi l&#8217;Irlande a renonc\u00e9 \u00e0 organiser le r\u00e9f\u00e9rendum n\u00e9cessaire pour que l&#8217;\u00e9lectorat se prononce sur l&#8217;adh\u00e9sion de l&#8217;Irlande au nouveau syst\u00e8me de brevet unitaire. En d&#8217;autres termes, l&#8217;Irlande n&#8217;est toujours pas pr\u00eate \u00e0 participer \u00e0 cette course \u00e0 la comp\u00e9titivit\u00e9, l&#8217;annonce du 15 avril 2024 indiquant que le r\u00e9f\u00e9rendum propos\u00e9 en Irlande est report\u00e9. <\/p>\n<p>Au lieu d&#8217;\u00eatre sur cette piste de course, nous restons \u00e0 l&#8217;\u00e9cart et regardons ces 17 pays, qui repr\u00e9sentent 66 % de la population de l&#8217;UE, b\u00e9n\u00e9ficier d&#8217;une avance consid\u00e9rable dans cette course pour gagner un avantage concurrentiel sur le march\u00e9 mondial actuel.<\/p>\n<p>Une autre question que nous pourrions poser au niveau national est la suivante : \u00ab Quel est l&#8217;impact du retard pris au d\u00e9part sur la comp\u00e9titivit\u00e9 de l&#8217;Irlande par rapport aux autres pays ? \u00bb &#8211; et, plus fondamentalement, quel est le co\u00fbt final de ce retard ?<\/p>\n<p>Pour les entreprises irlandaises, la question est la suivante : \u00ab Quelle est la perte d&#8217;opportunit\u00e9 pour la comp\u00e9titivit\u00e9 de mon entreprise ? \u00bb et \u00ab Combien cela me co\u00fbte-t-il r\u00e9ellement en termes de perte d&#8217;avantage concurrentiel ? \u00bb<\/p>\n<h5><strong>Que se passe-t-il ?<\/strong><\/h5>\n<p>Un brevet europ\u00e9en \u00e0 effet unitaire (c&#8217;est-\u00e0-dire le \u00ab brevet unitaire \u00bb) ainsi qu&#8217;une nouvelle cour pour les litiges en mati\u00e8re de brevets pour les entreprises des \u00c9tats membres participants de l&#8217;UE (\u00ab la Cour unifi\u00e9e des brevets \u00bb) sont <span style=\"text-decoration: line-through;\">d\u00e9sormais<\/span> op\u00e9rationnels depuis le 1er juin 2023. Les entreprises en France, en Allemagne et dans d&#8217;autres pays europ\u00e9ens utilisent d\u00e9j\u00e0 activement ce nouveau syst\u00e8me europ\u00e9en de brevet unitaire. <\/p>\n<p>La Cour unifi\u00e9e des brevets est une juridiction internationale unique en mati\u00e8re de brevets, comp\u00e9tente pour traiter les litiges relatifs \u00e0 la contrefa\u00e7on et \u00e0 la validit\u00e9 des brevets europ\u00e9ens existants, ainsi que des brevets unitaires disponibles dans le cadre de ce nouveau syst\u00e8me.<\/p>\n<p>Depuis le 1er juin dernier, le brevet unitaire est disponible pour assurer la protection des brevets dans les \u00c9tats membres participants de l&#8217;UE, qui sont actuellement les 17 pays suivants : <strong>Autriche, Belgique, Bulgarie, Danemark, Estonie, Finlande, France, Allemagne, Italie, Lettonie, Lituanie, Luxembourg, Malte, Pays-Bas, Portugal, Slov\u00e9nie et Su\u00e8de.<\/strong> <\/p>\n<p>D&#8217;autres \u00c9tats membres de l&#8217;UE ont indiqu\u00e9 qu&#8217;ils participeraient \u00e0 l&#8217;avenir, notamment l&#8217;Irlande, ainsi que la Gr\u00e8ce, la Roumanie et la Slovaquie, qui ont tous d\u00e9j\u00e0 fait part de leur intention de rejoindre le nouveau syst\u00e8me. Le gouvernement irlandais avait initialement indiqu\u00e9 son intention d&#8217;organiser un r\u00e9f\u00e9rendum le 7 juin 2024 (en m\u00eame temps que les \u00e9lections locales et europ\u00e9ennes), mais celui-ci a \u00e9t\u00e9 annul\u00e9 sans qu&#8217;aucune nouvelle date n&#8217;ait \u00e9t\u00e9 indiqu\u00e9e. Cela cr\u00e9e une incertitude consid\u00e9rable pour les entreprises irlandaises et, en particulier, pour les PME.  <\/p>\n<h5><strong>Pourquoi l&#8217;Irlande doit-elle organiser un r\u00e9f\u00e9rendum avant de pouvoir adh\u00e9rer \u00e0 la CUB ?<\/strong><\/h5>\n<p>L&#8217;accord sur la CUB, s&#8217;il est mis en \u0153uvre en Irlande, aura pour cons\u00e9quence que les tribunaux irlandais conf\u00e9reront une certaine comp\u00e9tence en mati\u00e8re de litiges en mati\u00e8re de brevets \u00e0 la juridiction internationale en mati\u00e8re de brevets qu&#8217;est la CUB. Un tel transfert de souverainet\u00e9 et de pouvoirs judiciaires \u00e0 la CUB, un organisme international, n\u00e9cessite un r\u00e9f\u00e9rendum en vertu de la constitution irlandaise. Par cons\u00e9quent, l&#8217;Irlande ne peut adh\u00e9rer au syst\u00e8me tant que nous n&#8217;avons pas organis\u00e9 ce r\u00e9f\u00e9rendum et, bien s\u00fbr, en supposant qu&#8217;il y aura un vote majoritaire en faveur de l&#8217;adh\u00e9sion au nouveau syst\u00e8me.  <\/p>\n<h5><strong>L&#8217;Irlande a toujours \u00e9t\u00e9 au c\u0153ur des syst\u00e8mes de l&#8217;UE :<\/strong><\/h5>\n<p>L&#8217;Irlande est membre de l&#8217;Union europ\u00e9enne (UE) depuis 1973, \u00e0 la suite d&#8217;un r\u00e9f\u00e9rendum au cours duquel 83 % des \u00e9lecteurs se sont prononc\u00e9s en faveur de notre adh\u00e9sion.<\/p>\n<p>Le nouveau syst\u00e8me de brevet unitaire pr\u00e9sente plusieurs avantages, notamment une complexit\u00e9 r\u00e9duite pour l&#8217;obtention d&#8217;une protection par brevet dans plusieurs pays. Cette complexit\u00e9 r\u00e9duite se traduit par des co\u00fbts moins \u00e9lev\u00e9s pour les entreprises qui cherchent \u00e0 \u00e9riger des barri\u00e8res \u00e0 l&#8217;entr\u00e9e sur le march\u00e9 pour leurs concurrents en obtenant et en maintenant des brevets d\u00e9livr\u00e9s pour leurs innovations. <\/p>\n<p>\u00c0 mon avis, les entreprises irlandaises sont d\u00e9sormais d\u00e9savantag\u00e9es par rapport \u00e0 leurs homologues des pays qui font partie du syst\u00e8me de la CUB. Le plus t\u00f4t nous organiserons un r\u00e9f\u00e9rendum, le mieux ce sera, pour la certitude et pour la clart\u00e9 du soutien \u00e0 l&#8217;innovation et \u00e0 la protection de l&#8217;avantage concurrentiel que les innovateurs irlandais cherchent \u00e0 cr\u00e9er et \u00e0 maintenir sur le march\u00e9 europ\u00e9en et mondial. \u00c0 l&#8217;heure o\u00f9 nous parlons, nous ne sommes litt\u00e9ralement pas dans la course\u2026  <\/p>\n<p><img decoding=\"async\" class=\"alignnone size-medium wp-image-9004111222130464\" src=\"https:\/\/www.hgf.com\/wp-content\/uploads\/2024\/04\/Races-300x200.png\" alt=\"\" width=\"300\" height=\"200\" srcset=\"https:\/\/www.hgf.com\/wp-content\/uploads\/2024\/04\/Races-300x200.png 300w, https:\/\/www.hgf.com\/wp-content\/uploads\/2024\/04\/Races-1024x683.png 1024w, https:\/\/www.hgf.com\/wp-content\/uploads\/2024\/04\/Races-768x512.png 768w, https:\/\/www.hgf.com\/wp-content\/uploads\/2024\/04\/Races-280x187.png 280w, https:\/\/www.hgf.com\/wp-content\/uploads\/2024\/04\/Races.png 1161w\" sizes=\"(max-width: 300px) 100vw, 300px\" \/><\/p>\n<p>Pour plus de conseils sur la strat\u00e9gie en mati\u00e8re de PI, y compris une discussion plus approfondie sur l&#8217;impact du nouveau brevet unitaire pour les entreprises irlandaises, nous vous invitons \u00e0 contacter Marie Walsh \u00e0 l&#8217;adresse <a href=\"mailto:mwalsh@hgf.com\">mwalsh@hgf.com<\/a> et \u00e0 suivre Marie Walsh sur LinkedIn.<\/p>\n<p>*Les opinions exprim\u00e9es dans cet article sont celles de l&#8217;auteur.<\/p>\n<hr>\n<h4>Marie Walsh, mandataire europ\u00e9enne en brevets, est associ\u00e9e chez HGF Limited, dont le bureau de Dublin est bas\u00e9 au Guinness Enterprise Centre (GEC).<\/h4>\n<h4>Pour plus d&#8217;informations, veuillez contacter Marie Walsh \u00e0 l&#8217;adresse <a href=\"mailto:mwalsh@hgf.com\">mwalsh@hgf.com<\/a> et <a href=\"https:\/\/www.hgf.com\/fr\/\">www.hgf.com<\/a>.<\/h4>\n","protected":false},"excerpt":{"rendered":"<p>La propri\u00e9t\u00e9 intellectuelle (PI) est un \u00e9l\u00e9ment essentiel de toute entreprise et, en particulier, un \u00e9l\u00e9ment vital de la bo\u00eete \u00e0 outils strat\u00e9gique de toute entreprise qui cr\u00e9e de la &hellip;<\/p>\n","protected":false},"author":473,"featured_media":9004111222135710,"comment_status":"closed","ping_status":"closed","sticky":false,"template":"","format":"standard","meta":{"_acf_changed":false,"footnotes":""},"categories":[536,517],"tags":[],"class_list":["post-9004111222136442","post","type-post","status-publish","format-standard","has-post-thumbnail","hentry","category-articles","category-centre-de-connaissances"],"acf":[],"yoast_head":"<!-- This site is optimized with the Yoast SEO Premium plugin v27.5 (Yoast SEO v27.5) - https:\/\/yoast.com\/product\/yoast-seo-premium-wordpress\/ -->\n<title>Article d&#039;opinion : brevet unitaire et tribunal unifi\u00e9 des brevets en Irlande - HGF<\/title>\n<meta name=\"description\" content=\"Pourquoi l&#039;Irlande a-t-elle renonc\u00e9 \u00e0 organiser un r\u00e9f\u00e9rendum pour d\u00e9cider si elle pouvait adh\u00e9rer au nouveau syst\u00e8me de brevet unitaire ?\" \/>\n<meta name=\"robots\" content=\"index, follow, max-snippet:-1, max-image-preview:large, max-video-preview:-1\" \/>\n<link rel=\"canonical\" href=\"https:\/\/www.hgf.com\/fr\/centre-de-connaissances\/articles\/article-dopinion-brevet-unitaire-et-tribunal-unifie-des-brevets-en-irlande\/\" \/>\n<meta property=\"og:locale\" content=\"fr_FR\" \/>\n<meta property=\"og:type\" content=\"article\" \/>\n<meta property=\"og:title\" content=\"Article d&#039;opinion : brevet unitaire et tribunal unifi\u00e9 des brevets en Irlande\" \/>\n<meta property=\"og:description\" content=\"La propri\u00e9t\u00e9 intellectuelle (PI) est un \u00e9l\u00e9ment essentiel de toute entreprise et, en particulier, un \u00e9l\u00e9ment vital de la bo\u00eete \u00e0 outils strat\u00e9gique de\" \/>\n<meta property=\"og:url\" content=\"https:\/\/www.hgf.com\/fr\/centre-de-connaissances\/articles\/article-dopinion-brevet-unitaire-et-tribunal-unifie-des-brevets-en-irlande\/\" \/>\n<meta property=\"og:site_name\" content=\"HGF\" \/>\n<meta property=\"article:published_time\" content=\"2024-04-17T09:04:08+00:00\" \/>\n<meta property=\"article:modified_time\" content=\"2025-11-13T20:08:27+00:00\" \/>\n<meta property=\"og:image\" content=\"https:\/\/www.hgf.com\/wp-content\/uploads\/2021\/12\/Article-5-UPC-image.jpg\" \/>\n\t<meta property=\"og:image:width\" content=\"1920\" \/>\n\t<meta property=\"og:image:height\" content=\"1080\" \/>\n\t<meta property=\"og:image:type\" content=\"image\/jpeg\" \/>\n<meta name=\"author\" content=\"Katie Pilgrim\" \/>\n<meta name=\"twitter:card\" content=\"summary_large_image\" \/>\n<meta name=\"twitter:creator\" content=\"@hgf_ip\" \/>\n<meta name=\"twitter:site\" content=\"@hgf_ip\" \/>\n<meta name=\"twitter:label1\" content=\"\u00c9crit par\" \/>\n\t<meta name=\"twitter:data1\" content=\"Katie Pilgrim\" \/>\n\t<meta name=\"twitter:label2\" content=\"Dur\u00e9e de lecture estim\u00e9e\" \/>\n\t<meta name=\"twitter:data2\" content=\"5 minutes\" \/>\n<script type=\"application\/ld+json\" class=\"yoast-schema-graph\">{\"@context\":\"https:\\\/\\\/schema.org\",\"@graph\":[{\"@type\":\"Article\",\"@id\":\"https:\\\/\\\/www.hgf.com\\\/fr\\\/centre-de-connaissances\\\/articles\\\/article-dopinion-brevet-unitaire-et-tribunal-unifie-des-brevets-en-irlande\\\/#article\",\"isPartOf\":{\"@id\":\"https:\\\/\\\/www.hgf.com\\\/fr\\\/centre-de-connaissances\\\/articles\\\/article-dopinion-brevet-unitaire-et-tribunal-unifie-des-brevets-en-irlande\\\/\"},\"author\":{\"name\":\"Katie Pilgrim\",\"@id\":\"https:\\\/\\\/www.hgf.com\\\/fr\\\/#\\\/schema\\\/person\\\/c7c1ab6d978273ea223510a2f207dd04\"},\"headline\":\"Article d&#8217;opinion : brevet unitaire et tribunal unifi\u00e9 des brevets en Irlande\",\"datePublished\":\"2024-04-17T09:04:08+00:00\",\"dateModified\":\"2025-11-13T20:08:27+00:00\",\"mainEntityOfPage\":{\"@id\":\"https:\\\/\\\/www.hgf.com\\\/fr\\\/centre-de-connaissances\\\/articles\\\/article-dopinion-brevet-unitaire-et-tribunal-unifie-des-brevets-en-irlande\\\/\"},\"wordCount\":1051,\"publisher\":{\"@id\":\"https:\\\/\\\/www.hgf.com\\\/fr\\\/#organization\"},\"image\":{\"@id\":\"https:\\\/\\\/www.hgf.com\\\/fr\\\/centre-de-connaissances\\\/articles\\\/article-dopinion-brevet-unitaire-et-tribunal-unifie-des-brevets-en-irlande\\\/#primaryimage\"},\"thumbnailUrl\":\"https:\\\/\\\/www.hgf.com\\\/wp-content\\\/uploads\\\/2021\\\/12\\\/Article-5-UPC-image.jpg\",\"articleSection\":[\"Articles\",\"Centre de connaissances\"],\"inLanguage\":\"fr-FR\"},{\"@type\":\"WebPage\",\"@id\":\"https:\\\/\\\/www.hgf.com\\\/fr\\\/centre-de-connaissances\\\/articles\\\/article-dopinion-brevet-unitaire-et-tribunal-unifie-des-brevets-en-irlande\\\/\",\"url\":\"https:\\\/\\\/www.hgf.com\\\/fr\\\/centre-de-connaissances\\\/articles\\\/article-dopinion-brevet-unitaire-et-tribunal-unifie-des-brevets-en-irlande\\\/\",\"name\":\"Article d'opinion : brevet unitaire et tribunal unifi\u00e9 des brevets en Irlande - HGF\",\"isPartOf\":{\"@id\":\"https:\\\/\\\/www.hgf.com\\\/fr\\\/#website\"},\"primaryImageOfPage\":{\"@id\":\"https:\\\/\\\/www.hgf.com\\\/fr\\\/centre-de-connaissances\\\/articles\\\/article-dopinion-brevet-unitaire-et-tribunal-unifie-des-brevets-en-irlande\\\/#primaryimage\"},\"image\":{\"@id\":\"https:\\\/\\\/www.hgf.com\\\/fr\\\/centre-de-connaissances\\\/articles\\\/article-dopinion-brevet-unitaire-et-tribunal-unifie-des-brevets-en-irlande\\\/#primaryimage\"},\"thumbnailUrl\":\"https:\\\/\\\/www.hgf.com\\\/wp-content\\\/uploads\\\/2021\\\/12\\\/Article-5-UPC-image.jpg\",\"datePublished\":\"2024-04-17T09:04:08+00:00\",\"dateModified\":\"2025-11-13T20:08:27+00:00\",\"description\":\"Pourquoi l'Irlande a-t-elle renonc\u00e9 \u00e0 organiser un r\u00e9f\u00e9rendum pour d\u00e9cider si elle pouvait adh\u00e9rer au nouveau syst\u00e8me de brevet unitaire ?\",\"inLanguage\":\"fr-FR\",\"potentialAction\":[{\"@type\":\"ReadAction\",\"target\":[\"https:\\\/\\\/www.hgf.com\\\/fr\\\/centre-de-connaissances\\\/articles\\\/article-dopinion-brevet-unitaire-et-tribunal-unifie-des-brevets-en-irlande\\\/\"]}]},{\"@type\":\"ImageObject\",\"inLanguage\":\"fr-FR\",\"@id\":\"https:\\\/\\\/www.hgf.com\\\/fr\\\/centre-de-connaissances\\\/articles\\\/article-dopinion-brevet-unitaire-et-tribunal-unifie-des-brevets-en-irlande\\\/#primaryimage\",\"url\":\"https:\\\/\\\/www.hgf.com\\\/wp-content\\\/uploads\\\/2021\\\/12\\\/Article-5-UPC-image.jpg\",\"contentUrl\":\"https:\\\/\\\/www.hgf.com\\\/wp-content\\\/uploads\\\/2021\\\/12\\\/Article-5-UPC-image.jpg\",\"width\":1920,\"height\":1080},{\"@type\":\"WebSite\",\"@id\":\"https:\\\/\\\/www.hgf.com\\\/fr\\\/#website\",\"url\":\"https:\\\/\\\/www.hgf.com\\\/fr\\\/\",\"name\":\"HGF\",\"description\":\"Intellectual Property Rights specialists\",\"publisher\":{\"@id\":\"https:\\\/\\\/www.hgf.com\\\/fr\\\/#organization\"},\"potentialAction\":[{\"@type\":\"SearchAction\",\"target\":{\"@type\":\"EntryPoint\",\"urlTemplate\":\"https:\\\/\\\/www.hgf.com\\\/fr\\\/?s={search_term_string}\"},\"query-input\":{\"@type\":\"PropertyValueSpecification\",\"valueRequired\":true,\"valueName\":\"search_term_string\"}}],\"inLanguage\":\"fr-FR\"},{\"@type\":\"Organization\",\"@id\":\"https:\\\/\\\/www.hgf.com\\\/fr\\\/#organization\",\"name\":\"HGF\",\"url\":\"https:\\\/\\\/www.hgf.com\\\/fr\\\/\",\"logo\":{\"@type\":\"ImageObject\",\"inLanguage\":\"fr-FR\",\"@id\":\"https:\\\/\\\/www.hgf.com\\\/fr\\\/#\\\/schema\\\/logo\\\/image\\\/\",\"url\":\"https:\\\/\\\/www.hgf.com\\\/wp-content\\\/uploads\\\/2023\\\/04\\\/hgf-logo-696x696-1.png\",\"contentUrl\":\"https:\\\/\\\/www.hgf.com\\\/wp-content\\\/uploads\\\/2023\\\/04\\\/hgf-logo-696x696-1.png\",\"width\":696,\"height\":696,\"caption\":\"HGF\"},\"image\":{\"@id\":\"https:\\\/\\\/www.hgf.com\\\/fr\\\/#\\\/schema\\\/logo\\\/image\\\/\"},\"sameAs\":[\"https:\\\/\\\/x.com\\\/hgf_ip\",\"https:\\\/\\\/www.linkedin.com\\\/company\\\/hgf-limited-intellectual-property-specialists\\\/\"]},{\"@type\":\"Person\",\"@id\":\"https:\\\/\\\/www.hgf.com\\\/fr\\\/#\\\/schema\\\/person\\\/c7c1ab6d978273ea223510a2f207dd04\",\"name\":\"Katie Pilgrim\",\"image\":{\"@type\":\"ImageObject\",\"inLanguage\":\"fr-FR\",\"@id\":\"https:\\\/\\\/secure.gravatar.com\\\/avatar\\\/e3b963facae8a3c7ba467afd3c9fd6b67ad50e4022d0eadc099f4ce6cb860808?s=96&d=mm&r=g\",\"url\":\"https:\\\/\\\/secure.gravatar.com\\\/avatar\\\/e3b963facae8a3c7ba467afd3c9fd6b67ad50e4022d0eadc099f4ce6cb860808?s=96&d=mm&r=g\",\"contentUrl\":\"https:\\\/\\\/secure.gravatar.com\\\/avatar\\\/e3b963facae8a3c7ba467afd3c9fd6b67ad50e4022d0eadc099f4ce6cb860808?s=96&d=mm&r=g\",\"caption\":\"Katie Pilgrim\"}}]}<\/script>\n<!-- \/ Yoast SEO Premium plugin. -->","yoast_head_json":{"title":"Article d'opinion : brevet unitaire et tribunal unifi\u00e9 des brevets en Irlande - HGF","description":"Pourquoi l'Irlande a-t-elle renonc\u00e9 \u00e0 organiser un r\u00e9f\u00e9rendum pour d\u00e9cider si elle pouvait adh\u00e9rer au nouveau syst\u00e8me de brevet unitaire ?","robots":{"index":"index","follow":"follow","max-snippet":"max-snippet:-1","max-image-preview":"max-image-preview:large","max-video-preview":"max-video-preview:-1"},"canonical":"https:\/\/www.hgf.com\/fr\/centre-de-connaissances\/articles\/article-dopinion-brevet-unitaire-et-tribunal-unifie-des-brevets-en-irlande\/","og_locale":"fr_FR","og_type":"article","og_title":"Article d'opinion : brevet unitaire et tribunal unifi\u00e9 des brevets en Irlande","og_description":"La propri\u00e9t\u00e9 intellectuelle (PI) est un \u00e9l\u00e9ment essentiel de toute entreprise et, en particulier, un \u00e9l\u00e9ment vital de la bo\u00eete \u00e0 outils strat\u00e9gique de","og_url":"https:\/\/www.hgf.com\/fr\/centre-de-connaissances\/articles\/article-dopinion-brevet-unitaire-et-tribunal-unifie-des-brevets-en-irlande\/","og_site_name":"HGF","article_published_time":"2024-04-17T09:04:08+00:00","article_modified_time":"2025-11-13T20:08:27+00:00","og_image":[{"width":1920,"height":1080,"url":"https:\/\/www.hgf.com\/wp-content\/uploads\/2021\/12\/Article-5-UPC-image.jpg","type":"image\/jpeg"}],"author":"Katie Pilgrim","twitter_card":"summary_large_image","twitter_creator":"@hgf_ip","twitter_site":"@hgf_ip","twitter_misc":{"\u00c9crit par":"Katie Pilgrim","Dur\u00e9e de lecture estim\u00e9e":"5 minutes"},"schema":{"@context":"https:\/\/schema.org","@graph":[{"@type":"Article","@id":"https:\/\/www.hgf.com\/fr\/centre-de-connaissances\/articles\/article-dopinion-brevet-unitaire-et-tribunal-unifie-des-brevets-en-irlande\/#article","isPartOf":{"@id":"https:\/\/www.hgf.com\/fr\/centre-de-connaissances\/articles\/article-dopinion-brevet-unitaire-et-tribunal-unifie-des-brevets-en-irlande\/"},"author":{"name":"Katie Pilgrim","@id":"https:\/\/www.hgf.com\/fr\/#\/schema\/person\/c7c1ab6d978273ea223510a2f207dd04"},"headline":"Article d&#8217;opinion : brevet unitaire et tribunal unifi\u00e9 des brevets en Irlande","datePublished":"2024-04-17T09:04:08+00:00","dateModified":"2025-11-13T20:08:27+00:00","mainEntityOfPage":{"@id":"https:\/\/www.hgf.com\/fr\/centre-de-connaissances\/articles\/article-dopinion-brevet-unitaire-et-tribunal-unifie-des-brevets-en-irlande\/"},"wordCount":1051,"publisher":{"@id":"https:\/\/www.hgf.com\/fr\/#organization"},"image":{"@id":"https:\/\/www.hgf.com\/fr\/centre-de-connaissances\/articles\/article-dopinion-brevet-unitaire-et-tribunal-unifie-des-brevets-en-irlande\/#primaryimage"},"thumbnailUrl":"https:\/\/www.hgf.com\/wp-content\/uploads\/2021\/12\/Article-5-UPC-image.jpg","articleSection":["Articles","Centre de connaissances"],"inLanguage":"fr-FR"},{"@type":"WebPage","@id":"https:\/\/www.hgf.com\/fr\/centre-de-connaissances\/articles\/article-dopinion-brevet-unitaire-et-tribunal-unifie-des-brevets-en-irlande\/","url":"https:\/\/www.hgf.com\/fr\/centre-de-connaissances\/articles\/article-dopinion-brevet-unitaire-et-tribunal-unifie-des-brevets-en-irlande\/","name":"Article d'opinion : brevet unitaire et tribunal unifi\u00e9 des brevets en Irlande - HGF","isPartOf":{"@id":"https:\/\/www.hgf.com\/fr\/#website"},"primaryImageOfPage":{"@id":"https:\/\/www.hgf.com\/fr\/centre-de-connaissances\/articles\/article-dopinion-brevet-unitaire-et-tribunal-unifie-des-brevets-en-irlande\/#primaryimage"},"image":{"@id":"https:\/\/www.hgf.com\/fr\/centre-de-connaissances\/articles\/article-dopinion-brevet-unitaire-et-tribunal-unifie-des-brevets-en-irlande\/#primaryimage"},"thumbnailUrl":"https:\/\/www.hgf.com\/wp-content\/uploads\/2021\/12\/Article-5-UPC-image.jpg","datePublished":"2024-04-17T09:04:08+00:00","dateModified":"2025-11-13T20:08:27+00:00","description":"Pourquoi l'Irlande a-t-elle renonc\u00e9 \u00e0 organiser un r\u00e9f\u00e9rendum pour d\u00e9cider si elle pouvait adh\u00e9rer au nouveau syst\u00e8me de brevet unitaire ?","inLanguage":"fr-FR","potentialAction":[{"@type":"ReadAction","target":["https:\/\/www.hgf.com\/fr\/centre-de-connaissances\/articles\/article-dopinion-brevet-unitaire-et-tribunal-unifie-des-brevets-en-irlande\/"]}]},{"@type":"ImageObject","inLanguage":"fr-FR","@id":"https:\/\/www.hgf.com\/fr\/centre-de-connaissances\/articles\/article-dopinion-brevet-unitaire-et-tribunal-unifie-des-brevets-en-irlande\/#primaryimage","url":"https:\/\/www.hgf.com\/wp-content\/uploads\/2021\/12\/Article-5-UPC-image.jpg","contentUrl":"https:\/\/www.hgf.com\/wp-content\/uploads\/2021\/12\/Article-5-UPC-image.jpg","width":1920,"height":1080},{"@type":"WebSite","@id":"https:\/\/www.hgf.com\/fr\/#website","url":"https:\/\/www.hgf.com\/fr\/","name":"HGF","description":"Intellectual Property Rights specialists","publisher":{"@id":"https:\/\/www.hgf.com\/fr\/#organization"},"potentialAction":[{"@type":"SearchAction","target":{"@type":"EntryPoint","urlTemplate":"https:\/\/www.hgf.com\/fr\/?s={search_term_string}"},"query-input":{"@type":"PropertyValueSpecification","valueRequired":true,"valueName":"search_term_string"}}],"inLanguage":"fr-FR"},{"@type":"Organization","@id":"https:\/\/www.hgf.com\/fr\/#organization","name":"HGF","url":"https:\/\/www.hgf.com\/fr\/","logo":{"@type":"ImageObject","inLanguage":"fr-FR","@id":"https:\/\/www.hgf.com\/fr\/#\/schema\/logo\/image\/","url":"https:\/\/www.hgf.com\/wp-content\/uploads\/2023\/04\/hgf-logo-696x696-1.png","contentUrl":"https:\/\/www.hgf.com\/wp-content\/uploads\/2023\/04\/hgf-logo-696x696-1.png","width":696,"height":696,"caption":"HGF"},"image":{"@id":"https:\/\/www.hgf.com\/fr\/#\/schema\/logo\/image\/"},"sameAs":["https:\/\/x.com\/hgf_ip","https:\/\/www.linkedin.com\/company\/hgf-limited-intellectual-property-specialists\/"]},{"@type":"Person","@id":"https:\/\/www.hgf.com\/fr\/#\/schema\/person\/c7c1ab6d978273ea223510a2f207dd04","name":"Katie Pilgrim","image":{"@type":"ImageObject","inLanguage":"fr-FR","@id":"https:\/\/secure.gravatar.com\/avatar\/e3b963facae8a3c7ba467afd3c9fd6b67ad50e4022d0eadc099f4ce6cb860808?s=96&d=mm&r=g","url":"https:\/\/secure.gravatar.com\/avatar\/e3b963facae8a3c7ba467afd3c9fd6b67ad50e4022d0eadc099f4ce6cb860808?s=96&d=mm&r=g","contentUrl":"https:\/\/secure.gravatar.com\/avatar\/e3b963facae8a3c7ba467afd3c9fd6b67ad50e4022d0eadc099f4ce6cb860808?s=96&d=mm&r=g","caption":"Katie Pilgrim"}}]}},"_links":{"self":[{"href":"https:\/\/www.hgf.com\/fr\/wp-json\/wp\/v2\/posts\/9004111222136442","targetHints":{"allow":["GET"]}}],"collection":[{"href":"https:\/\/www.hgf.com\/fr\/wp-json\/wp\/v2\/posts"}],"about":[{"href":"https:\/\/www.hgf.com\/fr\/wp-json\/wp\/v2\/types\/post"}],"author":[{"embeddable":true,"href":"https:\/\/www.hgf.com\/fr\/wp-json\/wp\/v2\/users\/473"}],"replies":[{"embeddable":true,"href":"https:\/\/www.hgf.com\/fr\/wp-json\/wp\/v2\/comments?post=9004111222136442"}],"version-history":[{"count":0,"href":"https:\/\/www.hgf.com\/fr\/wp-json\/wp\/v2\/posts\/9004111222136442\/revisions"}],"wp:featuredmedia":[{"embeddable":true,"href":"https:\/\/www.hgf.com\/fr\/wp-json\/wp\/v2\/media\/9004111222135710"}],"wp:attachment":[{"href":"https:\/\/www.hgf.com\/fr\/wp-json\/wp\/v2\/media?parent=9004111222136442"}],"wp:term":[{"taxonomy":"category","embeddable":true,"href":"https:\/\/www.hgf.com\/fr\/wp-json\/wp\/v2\/categories?post=9004111222136442"},{"taxonomy":"post_tag","embeddable":true,"href":"https:\/\/www.hgf.com\/fr\/wp-json\/wp\/v2\/tags?post=9004111222136442"}],"curies":[{"name":"wp","href":"https:\/\/api.w.org\/{rel}","templated":true}]}}