{"id":9004111222135828,"date":"2025-06-02T08:25:01","date_gmt":"2025-06-02T07:25:01","guid":{"rendered":"https:\/\/www.hgf.com\/?p=9004111222135828"},"modified":"2025-11-13T20:07:02","modified_gmt":"2025-11-13T20:07:02","slug":"hgf-nommee-cabinet-de-propriete-intellectuelle-de-lannee-leeds-lors-des-legal-insider-awards","status":"publish","type":"post","link":"https:\/\/www.hgf.com\/fr\/centre-de-connaissances\/news-1\/hgf-nommee-cabinet-de-propriete-intellectuelle-de-lannee-leeds-lors-des-legal-insider-awards\/","title":{"rendered":"HGF nomm\u00e9e cabinet de propri\u00e9t\u00e9 intellectuelle de l&#8217;ann\u00e9e (Leeds) lors des Legal Insider Awards"},"content":{"rendered":"<p class=\"p__large\">Nous sommes fiers d&#8217;annoncer que HGF a \u00e9t\u00e9 reconnu comme le cabinet de propri\u00e9t\u00e9 intellectuelle de l&#8217;ann\u00e9e &#8211; Leeds 2025 &#8211; par <a href=\"https:\/\/www.legal-insider.com\/\">Legal Insider<\/a>&nbsp;!<\/p>\n<p>Cette reconnaissance t\u00e9moigne du d\u00e9vouement, de l&#8217;expertise et de l&#8217;innovation de notre \u00e9quipe europ\u00e9enne, et c&#8217;est fantastique d&#8217;avoir \u00e9t\u00e9 reconnu parmi les meilleurs cabinets juridiques. Les Legal Insider Awards c\u00e9l\u00e8brent les personnes et les organisations qui \u00e9tablissent de nouvelles normes dans le secteur juridique, qui sont les moteurs du changement et qui fa\u00e7onnent l&#8217;avenir des services juridiques. <\/p>\n<p>Chez HGF, nous nous engageons \u00e0 fournir des solutions de propri\u00e9t\u00e9 intellectuelle strat\u00e9giques et avant-gardistes qui prot\u00e8gent et maximisent la valeur des innovations de nos clients. Ce prix souligne les progr\u00e8s que nous avons r\u00e9alis\u00e9s dans l&#8217;\u00e9volution de la mani\u00e8re dont le droit de la propri\u00e9t\u00e9 intellectuelle est pratiqu\u00e9. <\/p>\n<p>Merci \u00e0 notre \u00e9quipe d\u00e9vou\u00e9e et \u00e0 Legal Insider pour cette reconnaissance.<\/p>\n<p>D\u00e9couvrez-en plus ci-dessous.<\/p>\n<div class=\"btn-wrap btn-wrap--mb\"><a href=\"https:\/\/www.legal-insider.com\/award-winner-2025\/hgf-limited\/\" class=\"btn on-grey\" target=\"_blank\"><span>EN SAVOIR PLUS<\/span><\/a><\/div>\n","protected":false},"excerpt":{"rendered":"<p>Nous sommes fiers d&#8217;annoncer que HGF a \u00e9t\u00e9 reconnu comme le cabinet de propri\u00e9t\u00e9 intellectuelle de l&#8217;ann\u00e9e &#8211; Leeds 2025 &#8211; par Legal Insider&nbsp;! Cette reconnaissance t\u00e9moigne du d\u00e9vouement, de &hellip;<\/p>\n","protected":false},"author":587,"featured_media":9004111222133988,"comment_status":"closed","ping_status":"closed","sticky":false,"template":"","format":"standard","meta":{"_acf_changed":false,"footnotes":""},"categories":[549,517],"tags":[],"class_list":["post-9004111222135828","post","type-post","status-publish","format-standard","has-post-thumbnail","hentry","category-news-1","category-centre-de-connaissances"],"acf":[],"yoast_head":"<!-- This site is optimized with the Yoast SEO Premium plugin v27.5 (Yoast SEO v27.5) - https:\/\/yoast.com\/product\/yoast-seo-premium-wordpress\/ -->\n<title>HGF nomm\u00e9e cabinet de propri\u00e9t\u00e9 intellectuelle de l&#039;ann\u00e9e (Leeds) lors des Legal Insider Awards - HGF<\/title>\n<meta name=\"description\" content=\"Nous sommes fiers d&#039;annoncer que HGF a \u00e9t\u00e9 reconnu comme le cabinet de propri\u00e9t\u00e9 intellectuelle de l&#039;ann\u00e9e - Leeds 2025 - par Legal Insider !\" \/>\n<meta name=\"robots\" content=\"index, follow, max-snippet:-1, max-image-preview:large, max-video-preview:-1\" \/>\n<link rel=\"canonical\" href=\"https:\/\/www.hgf.com\/fr\/centre-de-connaissances\/news-1\/hgf-nommee-cabinet-de-propriete-intellectuelle-de-lannee-leeds-lors-des-legal-insider-awards\/\" \/>\n<meta property=\"og:locale\" content=\"fr_FR\" \/>\n<meta property=\"og:type\" content=\"article\" \/>\n<meta property=\"og:title\" content=\"HGF nomm\u00e9e cabinet de propri\u00e9t\u00e9 intellectuelle de l&#039;ann\u00e9e (Leeds) lors des Legal Insider Awards\" \/>\n<meta property=\"og:description\" content=\"Nous sommes fiers d&#039;annoncer que HGF a \u00e9t\u00e9 reconnu comme le cabinet de propri\u00e9t\u00e9 intellectuelle de l&#039;ann\u00e9e - Leeds 2025 - par Legal Insider&nbsp;! Cette\" \/>\n<meta property=\"og:url\" content=\"https:\/\/www.hgf.com\/fr\/centre-de-connaissances\/news-1\/hgf-nommee-cabinet-de-propriete-intellectuelle-de-lannee-leeds-lors-des-legal-insider-awards\/\" \/>\n<meta property=\"og:site_name\" content=\"HGF\" \/>\n<meta property=\"article:published_time\" content=\"2025-06-02T07:25:01+00:00\" \/>\n<meta property=\"article:modified_time\" content=\"2025-11-13T20:07:02+00:00\" \/>\n<meta property=\"og:image\" content=\"https:\/\/www.hgf.com\/wp-content\/uploads\/2023\/02\/hgf-logo.jpg\" \/>\n\t<meta property=\"og:image:width\" content=\"1920\" \/>\n\t<meta property=\"og:image:height\" content=\"1080\" \/>\n\t<meta property=\"og:image:type\" content=\"image\/jpeg\" \/>\n<meta name=\"author\" content=\"Laura Schirlitzki\" \/>\n<meta name=\"twitter:card\" content=\"summary_large_image\" \/>\n<meta name=\"twitter:creator\" content=\"@hgf_ip\" \/>\n<meta name=\"twitter:site\" content=\"@hgf_ip\" \/>\n<meta name=\"twitter:label1\" content=\"\u00c9crit par\" \/>\n\t<meta name=\"twitter:data1\" content=\"Laura Schirlitzki\" \/>\n\t<meta name=\"twitter:label2\" content=\"Dur\u00e9e de lecture estim\u00e9e\" \/>\n\t<meta name=\"twitter:data2\" content=\"1 minute\" \/>\n<script type=\"application\/ld+json\" class=\"yoast-schema-graph\">{\"@context\":\"https:\\\/\\\/schema.org\",\"@graph\":[{\"@type\":\"Article\",\"@id\":\"https:\\\/\\\/www.hgf.com\\\/fr\\\/centre-de-connaissances\\\/news-1\\\/hgf-nommee-cabinet-de-propriete-intellectuelle-de-lannee-leeds-lors-des-legal-insider-awards\\\/#article\",\"isPartOf\":{\"@id\":\"https:\\\/\\\/www.hgf.com\\\/fr\\\/centre-de-connaissances\\\/news-1\\\/hgf-nommee-cabinet-de-propriete-intellectuelle-de-lannee-leeds-lors-des-legal-insider-awards\\\/\"},\"author\":{\"name\":\"Laura Schirlitzki\",\"@id\":\"https:\\\/\\\/www.hgf.com\\\/fr\\\/#\\\/schema\\\/person\\\/947e0bb489e71984ddee930860fabc85\"},\"headline\":\"HGF nomm\u00e9e cabinet de propri\u00e9t\u00e9 intellectuelle de l&#8217;ann\u00e9e (Leeds) lors des Legal Insider Awards\",\"datePublished\":\"2025-06-02T07:25:01+00:00\",\"dateModified\":\"2025-11-13T20:07:02+00:00\",\"mainEntityOfPage\":{\"@id\":\"https:\\\/\\\/www.hgf.com\\\/fr\\\/centre-de-connaissances\\\/news-1\\\/hgf-nommee-cabinet-de-propriete-intellectuelle-de-lannee-leeds-lors-des-legal-insider-awards\\\/\"},\"wordCount\":211,\"publisher\":{\"@id\":\"https:\\\/\\\/www.hgf.com\\\/fr\\\/#organization\"},\"image\":{\"@id\":\"https:\\\/\\\/www.hgf.com\\\/fr\\\/centre-de-connaissances\\\/news-1\\\/hgf-nommee-cabinet-de-propriete-intellectuelle-de-lannee-leeds-lors-des-legal-insider-awards\\\/#primaryimage\"},\"thumbnailUrl\":\"https:\\\/\\\/www.hgf.com\\\/wp-content\\\/uploads\\\/2023\\\/02\\\/hgf-logo.jpg\",\"articleSection\":[\"Actualit\u00e9s\",\"Centre de connaissances\"],\"inLanguage\":\"fr-FR\"},{\"@type\":\"WebPage\",\"@id\":\"https:\\\/\\\/www.hgf.com\\\/fr\\\/centre-de-connaissances\\\/news-1\\\/hgf-nommee-cabinet-de-propriete-intellectuelle-de-lannee-leeds-lors-des-legal-insider-awards\\\/\",\"url\":\"https:\\\/\\\/www.hgf.com\\\/fr\\\/centre-de-connaissances\\\/news-1\\\/hgf-nommee-cabinet-de-propriete-intellectuelle-de-lannee-leeds-lors-des-legal-insider-awards\\\/\",\"name\":\"HGF nomm\u00e9e cabinet de propri\u00e9t\u00e9 intellectuelle de l'ann\u00e9e (Leeds) lors des Legal Insider Awards - HGF\",\"isPartOf\":{\"@id\":\"https:\\\/\\\/www.hgf.com\\\/fr\\\/#website\"},\"primaryImageOfPage\":{\"@id\":\"https:\\\/\\\/www.hgf.com\\\/fr\\\/centre-de-connaissances\\\/news-1\\\/hgf-nommee-cabinet-de-propriete-intellectuelle-de-lannee-leeds-lors-des-legal-insider-awards\\\/#primaryimage\"},\"image\":{\"@id\":\"https:\\\/\\\/www.hgf.com\\\/fr\\\/centre-de-connaissances\\\/news-1\\\/hgf-nommee-cabinet-de-propriete-intellectuelle-de-lannee-leeds-lors-des-legal-insider-awards\\\/#primaryimage\"},\"thumbnailUrl\":\"https:\\\/\\\/www.hgf.com\\\/wp-content\\\/uploads\\\/2023\\\/02\\\/hgf-logo.jpg\",\"datePublished\":\"2025-06-02T07:25:01+00:00\",\"dateModified\":\"2025-11-13T20:07:02+00:00\",\"description\":\"Nous sommes fiers d'annoncer que HGF a \u00e9t\u00e9 reconnu comme le cabinet de propri\u00e9t\u00e9 intellectuelle de l'ann\u00e9e - Leeds 2025 - par Legal Insider !\",\"inLanguage\":\"fr-FR\",\"potentialAction\":[{\"@type\":\"ReadAction\",\"target\":[\"https:\\\/\\\/www.hgf.com\\\/fr\\\/centre-de-connaissances\\\/news-1\\\/hgf-nommee-cabinet-de-propriete-intellectuelle-de-lannee-leeds-lors-des-legal-insider-awards\\\/\"]}]},{\"@type\":\"ImageObject\",\"inLanguage\":\"fr-FR\",\"@id\":\"https:\\\/\\\/www.hgf.com\\\/fr\\\/centre-de-connaissances\\\/news-1\\\/hgf-nommee-cabinet-de-propriete-intellectuelle-de-lannee-leeds-lors-des-legal-insider-awards\\\/#primaryimage\",\"url\":\"https:\\\/\\\/www.hgf.com\\\/wp-content\\\/uploads\\\/2023\\\/02\\\/hgf-logo.jpg\",\"contentUrl\":\"https:\\\/\\\/www.hgf.com\\\/wp-content\\\/uploads\\\/2023\\\/02\\\/hgf-logo.jpg\",\"width\":1920,\"height\":1080},{\"@type\":\"WebSite\",\"@id\":\"https:\\\/\\\/www.hgf.com\\\/fr\\\/#website\",\"url\":\"https:\\\/\\\/www.hgf.com\\\/fr\\\/\",\"name\":\"HGF\",\"description\":\"Intellectual Property Rights specialists\",\"publisher\":{\"@id\":\"https:\\\/\\\/www.hgf.com\\\/fr\\\/#organization\"},\"potentialAction\":[{\"@type\":\"SearchAction\",\"target\":{\"@type\":\"EntryPoint\",\"urlTemplate\":\"https:\\\/\\\/www.hgf.com\\\/fr\\\/?s={search_term_string}\"},\"query-input\":{\"@type\":\"PropertyValueSpecification\",\"valueRequired\":true,\"valueName\":\"search_term_string\"}}],\"inLanguage\":\"fr-FR\"},{\"@type\":\"Organization\",\"@id\":\"https:\\\/\\\/www.hgf.com\\\/fr\\\/#organization\",\"name\":\"HGF\",\"url\":\"https:\\\/\\\/www.hgf.com\\\/fr\\\/\",\"logo\":{\"@type\":\"ImageObject\",\"inLanguage\":\"fr-FR\",\"@id\":\"https:\\\/\\\/www.hgf.com\\\/fr\\\/#\\\/schema\\\/logo\\\/image\\\/\",\"url\":\"https:\\\/\\\/www.hgf.com\\\/wp-content\\\/uploads\\\/2023\\\/04\\\/hgf-logo-696x696-1.png\",\"contentUrl\":\"https:\\\/\\\/www.hgf.com\\\/wp-content\\\/uploads\\\/2023\\\/04\\\/hgf-logo-696x696-1.png\",\"width\":696,\"height\":696,\"caption\":\"HGF\"},\"image\":{\"@id\":\"https:\\\/\\\/www.hgf.com\\\/fr\\\/#\\\/schema\\\/logo\\\/image\\\/\"},\"sameAs\":[\"https:\\\/\\\/x.com\\\/hgf_ip\",\"https:\\\/\\\/www.linkedin.com\\\/company\\\/hgf-limited-intellectual-property-specialists\\\/\"]},{\"@type\":\"Person\",\"@id\":\"https:\\\/\\\/www.hgf.com\\\/fr\\\/#\\\/schema\\\/person\\\/947e0bb489e71984ddee930860fabc85\",\"name\":\"Laura Schirlitzki\",\"image\":{\"@type\":\"ImageObject\",\"inLanguage\":\"fr-FR\",\"@id\":\"https:\\\/\\\/secure.gravatar.com\\\/avatar\\\/d67b3a9d7c2be432ef98b37cecb1ee25228e9bed81175cafffa32eeabe6496eb?s=96&d=mm&r=g\",\"url\":\"https:\\\/\\\/secure.gravatar.com\\\/avatar\\\/d67b3a9d7c2be432ef98b37cecb1ee25228e9bed81175cafffa32eeabe6496eb?s=96&d=mm&r=g\",\"contentUrl\":\"https:\\\/\\\/secure.gravatar.com\\\/avatar\\\/d67b3a9d7c2be432ef98b37cecb1ee25228e9bed81175cafffa32eeabe6496eb?s=96&d=mm&r=g\",\"caption\":\"Laura Schirlitzki\"}}]}<\/script>\n<!-- \/ Yoast SEO Premium plugin. -->","yoast_head_json":{"title":"HGF nomm\u00e9e cabinet de propri\u00e9t\u00e9 intellectuelle de l'ann\u00e9e (Leeds) lors des Legal Insider Awards - HGF","description":"Nous sommes fiers d'annoncer que HGF a \u00e9t\u00e9 reconnu comme le cabinet de propri\u00e9t\u00e9 intellectuelle de l'ann\u00e9e - Leeds 2025 - par Legal Insider !","robots":{"index":"index","follow":"follow","max-snippet":"max-snippet:-1","max-image-preview":"max-image-preview:large","max-video-preview":"max-video-preview:-1"},"canonical":"https:\/\/www.hgf.com\/fr\/centre-de-connaissances\/news-1\/hgf-nommee-cabinet-de-propriete-intellectuelle-de-lannee-leeds-lors-des-legal-insider-awards\/","og_locale":"fr_FR","og_type":"article","og_title":"HGF nomm\u00e9e cabinet de propri\u00e9t\u00e9 intellectuelle de l'ann\u00e9e (Leeds) lors des Legal Insider Awards","og_description":"Nous sommes fiers d'annoncer que HGF a \u00e9t\u00e9 reconnu comme le cabinet de propri\u00e9t\u00e9 intellectuelle de l'ann\u00e9e - Leeds 2025 - par Legal Insider&nbsp;! Cette","og_url":"https:\/\/www.hgf.com\/fr\/centre-de-connaissances\/news-1\/hgf-nommee-cabinet-de-propriete-intellectuelle-de-lannee-leeds-lors-des-legal-insider-awards\/","og_site_name":"HGF","article_published_time":"2025-06-02T07:25:01+00:00","article_modified_time":"2025-11-13T20:07:02+00:00","og_image":[{"width":1920,"height":1080,"url":"https:\/\/www.hgf.com\/wp-content\/uploads\/2023\/02\/hgf-logo.jpg","type":"image\/jpeg"}],"author":"Laura Schirlitzki","twitter_card":"summary_large_image","twitter_creator":"@hgf_ip","twitter_site":"@hgf_ip","twitter_misc":{"\u00c9crit par":"Laura Schirlitzki","Dur\u00e9e de lecture estim\u00e9e":"1 minute"},"schema":{"@context":"https:\/\/schema.org","@graph":[{"@type":"Article","@id":"https:\/\/www.hgf.com\/fr\/centre-de-connaissances\/news-1\/hgf-nommee-cabinet-de-propriete-intellectuelle-de-lannee-leeds-lors-des-legal-insider-awards\/#article","isPartOf":{"@id":"https:\/\/www.hgf.com\/fr\/centre-de-connaissances\/news-1\/hgf-nommee-cabinet-de-propriete-intellectuelle-de-lannee-leeds-lors-des-legal-insider-awards\/"},"author":{"name":"Laura Schirlitzki","@id":"https:\/\/www.hgf.com\/fr\/#\/schema\/person\/947e0bb489e71984ddee930860fabc85"},"headline":"HGF nomm\u00e9e cabinet de propri\u00e9t\u00e9 intellectuelle de l&#8217;ann\u00e9e (Leeds) lors des Legal Insider Awards","datePublished":"2025-06-02T07:25:01+00:00","dateModified":"2025-11-13T20:07:02+00:00","mainEntityOfPage":{"@id":"https:\/\/www.hgf.com\/fr\/centre-de-connaissances\/news-1\/hgf-nommee-cabinet-de-propriete-intellectuelle-de-lannee-leeds-lors-des-legal-insider-awards\/"},"wordCount":211,"publisher":{"@id":"https:\/\/www.hgf.com\/fr\/#organization"},"image":{"@id":"https:\/\/www.hgf.com\/fr\/centre-de-connaissances\/news-1\/hgf-nommee-cabinet-de-propriete-intellectuelle-de-lannee-leeds-lors-des-legal-insider-awards\/#primaryimage"},"thumbnailUrl":"https:\/\/www.hgf.com\/wp-content\/uploads\/2023\/02\/hgf-logo.jpg","articleSection":["Actualit\u00e9s","Centre de connaissances"],"inLanguage":"fr-FR"},{"@type":"WebPage","@id":"https:\/\/www.hgf.com\/fr\/centre-de-connaissances\/news-1\/hgf-nommee-cabinet-de-propriete-intellectuelle-de-lannee-leeds-lors-des-legal-insider-awards\/","url":"https:\/\/www.hgf.com\/fr\/centre-de-connaissances\/news-1\/hgf-nommee-cabinet-de-propriete-intellectuelle-de-lannee-leeds-lors-des-legal-insider-awards\/","name":"HGF nomm\u00e9e cabinet de propri\u00e9t\u00e9 intellectuelle de l'ann\u00e9e (Leeds) lors des Legal Insider Awards - HGF","isPartOf":{"@id":"https:\/\/www.hgf.com\/fr\/#website"},"primaryImageOfPage":{"@id":"https:\/\/www.hgf.com\/fr\/centre-de-connaissances\/news-1\/hgf-nommee-cabinet-de-propriete-intellectuelle-de-lannee-leeds-lors-des-legal-insider-awards\/#primaryimage"},"image":{"@id":"https:\/\/www.hgf.com\/fr\/centre-de-connaissances\/news-1\/hgf-nommee-cabinet-de-propriete-intellectuelle-de-lannee-leeds-lors-des-legal-insider-awards\/#primaryimage"},"thumbnailUrl":"https:\/\/www.hgf.com\/wp-content\/uploads\/2023\/02\/hgf-logo.jpg","datePublished":"2025-06-02T07:25:01+00:00","dateModified":"2025-11-13T20:07:02+00:00","description":"Nous sommes fiers d'annoncer que HGF a \u00e9t\u00e9 reconnu comme le cabinet de propri\u00e9t\u00e9 intellectuelle de l'ann\u00e9e - Leeds 2025 - par Legal Insider !","inLanguage":"fr-FR","potentialAction":[{"@type":"ReadAction","target":["https:\/\/www.hgf.com\/fr\/centre-de-connaissances\/news-1\/hgf-nommee-cabinet-de-propriete-intellectuelle-de-lannee-leeds-lors-des-legal-insider-awards\/"]}]},{"@type":"ImageObject","inLanguage":"fr-FR","@id":"https:\/\/www.hgf.com\/fr\/centre-de-connaissances\/news-1\/hgf-nommee-cabinet-de-propriete-intellectuelle-de-lannee-leeds-lors-des-legal-insider-awards\/#primaryimage","url":"https:\/\/www.hgf.com\/wp-content\/uploads\/2023\/02\/hgf-logo.jpg","contentUrl":"https:\/\/www.hgf.com\/wp-content\/uploads\/2023\/02\/hgf-logo.jpg","width":1920,"height":1080},{"@type":"WebSite","@id":"https:\/\/www.hgf.com\/fr\/#website","url":"https:\/\/www.hgf.com\/fr\/","name":"HGF","description":"Intellectual Property Rights specialists","publisher":{"@id":"https:\/\/www.hgf.com\/fr\/#organization"},"potentialAction":[{"@type":"SearchAction","target":{"@type":"EntryPoint","urlTemplate":"https:\/\/www.hgf.com\/fr\/?s={search_term_string}"},"query-input":{"@type":"PropertyValueSpecification","valueRequired":true,"valueName":"search_term_string"}}],"inLanguage":"fr-FR"},{"@type":"Organization","@id":"https:\/\/www.hgf.com\/fr\/#organization","name":"HGF","url":"https:\/\/www.hgf.com\/fr\/","logo":{"@type":"ImageObject","inLanguage":"fr-FR","@id":"https:\/\/www.hgf.com\/fr\/#\/schema\/logo\/image\/","url":"https:\/\/www.hgf.com\/wp-content\/uploads\/2023\/04\/hgf-logo-696x696-1.png","contentUrl":"https:\/\/www.hgf.com\/wp-content\/uploads\/2023\/04\/hgf-logo-696x696-1.png","width":696,"height":696,"caption":"HGF"},"image":{"@id":"https:\/\/www.hgf.com\/fr\/#\/schema\/logo\/image\/"},"sameAs":["https:\/\/x.com\/hgf_ip","https:\/\/www.linkedin.com\/company\/hgf-limited-intellectual-property-specialists\/"]},{"@type":"Person","@id":"https:\/\/www.hgf.com\/fr\/#\/schema\/person\/947e0bb489e71984ddee930860fabc85","name":"Laura Schirlitzki","image":{"@type":"ImageObject","inLanguage":"fr-FR","@id":"https:\/\/secure.gravatar.com\/avatar\/d67b3a9d7c2be432ef98b37cecb1ee25228e9bed81175cafffa32eeabe6496eb?s=96&d=mm&r=g","url":"https:\/\/secure.gravatar.com\/avatar\/d67b3a9d7c2be432ef98b37cecb1ee25228e9bed81175cafffa32eeabe6496eb?s=96&d=mm&r=g","contentUrl":"https:\/\/secure.gravatar.com\/avatar\/d67b3a9d7c2be432ef98b37cecb1ee25228e9bed81175cafffa32eeabe6496eb?s=96&d=mm&r=g","caption":"Laura Schirlitzki"}}]}},"_links":{"self":[{"href":"https:\/\/www.hgf.com\/fr\/wp-json\/wp\/v2\/posts\/9004111222135828","targetHints":{"allow":["GET"]}}],"collection":[{"href":"https:\/\/www.hgf.com\/fr\/wp-json\/wp\/v2\/posts"}],"about":[{"href":"https:\/\/www.hgf.com\/fr\/wp-json\/wp\/v2\/types\/post"}],"author":[{"embeddable":true,"href":"https:\/\/www.hgf.com\/fr\/wp-json\/wp\/v2\/users\/587"}],"replies":[{"embeddable":true,"href":"https:\/\/www.hgf.com\/fr\/wp-json\/wp\/v2\/comments?post=9004111222135828"}],"version-history":[{"count":0,"href":"https:\/\/www.hgf.com\/fr\/wp-json\/wp\/v2\/posts\/9004111222135828\/revisions"}],"wp:featuredmedia":[{"embeddable":true,"href":"https:\/\/www.hgf.com\/fr\/wp-json\/wp\/v2\/media\/9004111222133988"}],"wp:attachment":[{"href":"https:\/\/www.hgf.com\/fr\/wp-json\/wp\/v2\/media?parent=9004111222135828"}],"wp:term":[{"taxonomy":"category","embeddable":true,"href":"https:\/\/www.hgf.com\/fr\/wp-json\/wp\/v2\/categories?post=9004111222135828"},{"taxonomy":"post_tag","embeddable":true,"href":"https:\/\/www.hgf.com\/fr\/wp-json\/wp\/v2\/tags?post=9004111222135828"}],"curies":[{"name":"wp","href":"https:\/\/api.w.org\/{rel}","templated":true}]}}