{"id":9004111222135816,"date":"2025-01-23T15:27:49","date_gmt":"2025-01-23T15:27:49","guid":{"rendered":"https:\/\/www.hgf.com\/?p=9004111222135816"},"modified":"2025-11-13T20:07:19","modified_gmt":"2025-11-13T20:07:19","slug":"hgf-celebre-deux-nominations-aux-women-and-diversity-in-law-awards","status":"publish","type":"post","link":"https:\/\/www.hgf.com\/fr\/centre-de-connaissances\/news-1\/hgf-celebre-deux-nominations-aux-women-and-diversity-in-law-awards\/","title":{"rendered":"HGF c\u00e9l\u00e8bre deux nominations aux Women and Diversity in Law Awards"},"content":{"rendered":"<p class=\"p__large\">Nous sommes fiers de vous annoncer que nous avons \u00e9t\u00e9 nomm\u00e9s pour deux prix lors des Women and Diversity in Law Awards, qui se d\u00e9rouleront le 18 mars au Hilton Bankside de Londres.<\/p>\n<p>Ces prix r\u00e9compensent les femmes leaders et les praticiennes exceptionnelles, ainsi que les \u00e9quipes juridiques et les entreprises qui r\u00e9alisent des progr\u00e8s significatifs pour faire en sorte que la profession juridique britannique soit plus \u00e9quitable et refl\u00e8te mieux la soci\u00e9t\u00e9 dans laquelle elle \u00e9volue.<\/p>\n<p>Nous avons \u00e9t\u00e9 nomm\u00e9s pour :<\/p>\n<ul>\n<li>\u00ab \u00c9toile montante &#8211; Cabinet d&#8217;avocats national\/r\u00e9gional \u00bb<\/li>\n<\/ul>\n<p>La juriste principale en marques <a href=\"https:\/\/www.hgf.com\/fr\/our-people\/cherry-shin\/\">Cherry Shin<\/a> a \u00e9t\u00e9 reconnue pour ses contributions exceptionnelles et son leadership au sein du secteur juridique.<\/p>\n<ul>\n<li>\u00ab Initiative de l&#8217;ann\u00e9e en mati\u00e8re d&#8217;\u00e2ge et d&#8217;\u00e9tape de la vie &#8211; Politique de cong\u00e9 parental am\u00e9lior\u00e9e de HGF<\/li>\n<\/ul>\n<p>La politique de cong\u00e9 parental am\u00e9lior\u00e9e de HGF a \u00e9t\u00e9 reconnue, avec son offre de 52 semaines de cong\u00e9, dont 26 semaines \u00e0 plein salaire, pour tous les coll\u00e8gues \u00e9ligibles, quel que soit leur sexe.<\/p>\n<p>Ces nominations t\u00e9moignent du travail acharn\u00e9 et du d\u00e9vouement de notre \u00e9quipe. Chez HGF, nous nous engageons \u00e0 favoriser une culture de diversit\u00e9, d&#8217;\u00e9quit\u00e9 et d&#8217;inclusion, et nous sommes fiers de voir nos efforts reconnus lors de cet \u00e9v\u00e9nement prestigieux. Gr\u00e2ce \u00e0 notre strat\u00e9gie de personnel et \u00e0 notre plan DEI en cours, nos \u00e9quipes de direction et de gestion s&#8217;engagent \u00e0 soutenir nos employ\u00e9s, \u00e0 les aider \u00e0 s&#8217;\u00e9panouir et \u00e0 atteindre leur plein potentiel.  <\/p>\n<p>Cliquez sur le bouton ci-dessous pour en savoir plus.<\/p>\n<div class=\"btn-wrap btn-wrap--mb\"><a href=\"https:\/\/womenanddiversityinlawawards.com\/womenanddiversityinlawawards2025\/en\/page\/home\" class=\"btn on-grey\" target=\"_blank\"><span>EN SAVOIR PLUS<\/span><\/a><\/div>\n","protected":false},"excerpt":{"rendered":"<p>Nous sommes fiers de vous annoncer que nous avons \u00e9t\u00e9 nomm\u00e9s pour deux prix lors des Women and Diversity in Law Awards, qui se d\u00e9rouleront le 18 mars au Hilton &hellip;<\/p>\n","protected":false},"author":502,"featured_media":9004111222133988,"comment_status":"closed","ping_status":"closed","sticky":false,"template":"","format":"standard","meta":{"_acf_changed":false,"footnotes":""},"categories":[549,517],"tags":[],"class_list":["post-9004111222135816","post","type-post","status-publish","format-standard","has-post-thumbnail","hentry","category-news-1","category-centre-de-connaissances"],"acf":[],"yoast_head":"<!-- This site is optimized with the Yoast SEO Premium plugin v27.4 (Yoast SEO v27.4) - https:\/\/yoast.com\/product\/yoast-seo-premium-wordpress\/ -->\n<title>HGF c\u00e9l\u00e8bre deux nominations aux Women and Diversity in Law Awards - HGF<\/title>\n<meta name=\"robots\" content=\"index, follow, max-snippet:-1, max-image-preview:large, max-video-preview:-1\" \/>\n<link rel=\"canonical\" href=\"https:\/\/www.hgf.com\/fr\/centre-de-connaissances\/news-1\/hgf-celebre-deux-nominations-aux-women-and-diversity-in-law-awards\/\" \/>\n<meta property=\"og:locale\" content=\"fr_FR\" \/>\n<meta property=\"og:type\" content=\"article\" \/>\n<meta property=\"og:title\" content=\"HGF c\u00e9l\u00e8bre deux nominations aux Women and Diversity in Law Awards\" \/>\n<meta property=\"og:description\" content=\"Nous sommes fiers de vous annoncer que nous avons \u00e9t\u00e9 nomm\u00e9s pour deux prix lors des Women and Diversity in Law Awards, qui se d\u00e9rouleront le 18 mars au\" \/>\n<meta property=\"og:url\" content=\"https:\/\/www.hgf.com\/fr\/centre-de-connaissances\/news-1\/hgf-celebre-deux-nominations-aux-women-and-diversity-in-law-awards\/\" \/>\n<meta property=\"og:site_name\" content=\"HGF\" \/>\n<meta property=\"article:published_time\" content=\"2025-01-23T15:27:49+00:00\" \/>\n<meta property=\"article:modified_time\" content=\"2025-11-13T20:07:19+00:00\" \/>\n<meta property=\"og:image\" content=\"https:\/\/www.hgf.com\/wp-content\/uploads\/2023\/02\/hgf-logo.jpg\" \/>\n\t<meta property=\"og:image:width\" content=\"1920\" \/>\n\t<meta property=\"og:image:height\" content=\"1080\" \/>\n\t<meta property=\"og:image:type\" content=\"image\/jpeg\" \/>\n<meta name=\"author\" content=\"Georgia Melia\" \/>\n<meta name=\"twitter:card\" content=\"summary_large_image\" \/>\n<meta name=\"twitter:creator\" content=\"@hgf_ip\" \/>\n<meta name=\"twitter:site\" content=\"@hgf_ip\" \/>\n<meta name=\"twitter:label1\" content=\"\u00c9crit par\" \/>\n\t<meta name=\"twitter:data1\" content=\"Georgia Melia\" \/>\n\t<meta name=\"twitter:label2\" content=\"Dur\u00e9e de lecture estim\u00e9e\" \/>\n\t<meta name=\"twitter:data2\" content=\"1 minute\" \/>\n<script type=\"application\/ld+json\" class=\"yoast-schema-graph\">{\"@context\":\"https:\\\/\\\/schema.org\",\"@graph\":[{\"@type\":\"Article\",\"@id\":\"https:\\\/\\\/www.hgf.com\\\/fr\\\/centre-de-connaissances\\\/news-1\\\/hgf-celebre-deux-nominations-aux-women-and-diversity-in-law-awards\\\/#article\",\"isPartOf\":{\"@id\":\"https:\\\/\\\/www.hgf.com\\\/fr\\\/centre-de-connaissances\\\/news-1\\\/hgf-celebre-deux-nominations-aux-women-and-diversity-in-law-awards\\\/\"},\"author\":{\"name\":\"Georgia Melia\",\"@id\":\"https:\\\/\\\/www.hgf.com\\\/fr\\\/#\\\/schema\\\/person\\\/7df0a22a79ff7cc91642cd3ce4882036\"},\"headline\":\"HGF c\u00e9l\u00e8bre deux nominations aux Women and Diversity in Law Awards\",\"datePublished\":\"2025-01-23T15:27:49+00:00\",\"dateModified\":\"2025-11-13T20:07:19+00:00\",\"mainEntityOfPage\":{\"@id\":\"https:\\\/\\\/www.hgf.com\\\/fr\\\/centre-de-connaissances\\\/news-1\\\/hgf-celebre-deux-nominations-aux-women-and-diversity-in-law-awards\\\/\"},\"wordCount\":307,\"publisher\":{\"@id\":\"https:\\\/\\\/www.hgf.com\\\/fr\\\/#organization\"},\"image\":{\"@id\":\"https:\\\/\\\/www.hgf.com\\\/fr\\\/centre-de-connaissances\\\/news-1\\\/hgf-celebre-deux-nominations-aux-women-and-diversity-in-law-awards\\\/#primaryimage\"},\"thumbnailUrl\":\"https:\\\/\\\/www.hgf.com\\\/wp-content\\\/uploads\\\/2023\\\/02\\\/hgf-logo.jpg\",\"articleSection\":[\"Actualit\u00e9s\",\"Centre de connaissances\"],\"inLanguage\":\"fr-FR\"},{\"@type\":\"WebPage\",\"@id\":\"https:\\\/\\\/www.hgf.com\\\/fr\\\/centre-de-connaissances\\\/news-1\\\/hgf-celebre-deux-nominations-aux-women-and-diversity-in-law-awards\\\/\",\"url\":\"https:\\\/\\\/www.hgf.com\\\/fr\\\/centre-de-connaissances\\\/news-1\\\/hgf-celebre-deux-nominations-aux-women-and-diversity-in-law-awards\\\/\",\"name\":\"HGF c\u00e9l\u00e8bre deux nominations aux Women and Diversity in Law Awards - HGF\",\"isPartOf\":{\"@id\":\"https:\\\/\\\/www.hgf.com\\\/fr\\\/#website\"},\"primaryImageOfPage\":{\"@id\":\"https:\\\/\\\/www.hgf.com\\\/fr\\\/centre-de-connaissances\\\/news-1\\\/hgf-celebre-deux-nominations-aux-women-and-diversity-in-law-awards\\\/#primaryimage\"},\"image\":{\"@id\":\"https:\\\/\\\/www.hgf.com\\\/fr\\\/centre-de-connaissances\\\/news-1\\\/hgf-celebre-deux-nominations-aux-women-and-diversity-in-law-awards\\\/#primaryimage\"},\"thumbnailUrl\":\"https:\\\/\\\/www.hgf.com\\\/wp-content\\\/uploads\\\/2023\\\/02\\\/hgf-logo.jpg\",\"datePublished\":\"2025-01-23T15:27:49+00:00\",\"dateModified\":\"2025-11-13T20:07:19+00:00\",\"inLanguage\":\"fr-FR\",\"potentialAction\":[{\"@type\":\"ReadAction\",\"target\":[\"https:\\\/\\\/www.hgf.com\\\/fr\\\/centre-de-connaissances\\\/news-1\\\/hgf-celebre-deux-nominations-aux-women-and-diversity-in-law-awards\\\/\"]}]},{\"@type\":\"ImageObject\",\"inLanguage\":\"fr-FR\",\"@id\":\"https:\\\/\\\/www.hgf.com\\\/fr\\\/centre-de-connaissances\\\/news-1\\\/hgf-celebre-deux-nominations-aux-women-and-diversity-in-law-awards\\\/#primaryimage\",\"url\":\"https:\\\/\\\/www.hgf.com\\\/wp-content\\\/uploads\\\/2023\\\/02\\\/hgf-logo.jpg\",\"contentUrl\":\"https:\\\/\\\/www.hgf.com\\\/wp-content\\\/uploads\\\/2023\\\/02\\\/hgf-logo.jpg\",\"width\":1920,\"height\":1080},{\"@type\":\"WebSite\",\"@id\":\"https:\\\/\\\/www.hgf.com\\\/fr\\\/#website\",\"url\":\"https:\\\/\\\/www.hgf.com\\\/fr\\\/\",\"name\":\"HGF\",\"description\":\"Intellectual Property Rights specialists\",\"publisher\":{\"@id\":\"https:\\\/\\\/www.hgf.com\\\/fr\\\/#organization\"},\"potentialAction\":[{\"@type\":\"SearchAction\",\"target\":{\"@type\":\"EntryPoint\",\"urlTemplate\":\"https:\\\/\\\/www.hgf.com\\\/fr\\\/?s={search_term_string}\"},\"query-input\":{\"@type\":\"PropertyValueSpecification\",\"valueRequired\":true,\"valueName\":\"search_term_string\"}}],\"inLanguage\":\"fr-FR\"},{\"@type\":\"Organization\",\"@id\":\"https:\\\/\\\/www.hgf.com\\\/fr\\\/#organization\",\"name\":\"HGF\",\"url\":\"https:\\\/\\\/www.hgf.com\\\/fr\\\/\",\"logo\":{\"@type\":\"ImageObject\",\"inLanguage\":\"fr-FR\",\"@id\":\"https:\\\/\\\/www.hgf.com\\\/fr\\\/#\\\/schema\\\/logo\\\/image\\\/\",\"url\":\"https:\\\/\\\/www.hgf.com\\\/wp-content\\\/uploads\\\/2023\\\/04\\\/hgf-logo-696x696-1.png\",\"contentUrl\":\"https:\\\/\\\/www.hgf.com\\\/wp-content\\\/uploads\\\/2023\\\/04\\\/hgf-logo-696x696-1.png\",\"width\":696,\"height\":696,\"caption\":\"HGF\"},\"image\":{\"@id\":\"https:\\\/\\\/www.hgf.com\\\/fr\\\/#\\\/schema\\\/logo\\\/image\\\/\"},\"sameAs\":[\"https:\\\/\\\/x.com\\\/hgf_ip\",\"https:\\\/\\\/www.linkedin.com\\\/company\\\/hgf-limited-intellectual-property-specialists\\\/\"]},{\"@type\":\"Person\",\"@id\":\"https:\\\/\\\/www.hgf.com\\\/fr\\\/#\\\/schema\\\/person\\\/7df0a22a79ff7cc91642cd3ce4882036\",\"name\":\"Georgia Melia\",\"image\":{\"@type\":\"ImageObject\",\"inLanguage\":\"fr-FR\",\"@id\":\"https:\\\/\\\/secure.gravatar.com\\\/avatar\\\/bc759620959e751b0f1ac49d89cb60b8f62218f980cb9e4919ee6eb01c4fed6f?s=96&d=mm&r=g\",\"url\":\"https:\\\/\\\/secure.gravatar.com\\\/avatar\\\/bc759620959e751b0f1ac49d89cb60b8f62218f980cb9e4919ee6eb01c4fed6f?s=96&d=mm&r=g\",\"contentUrl\":\"https:\\\/\\\/secure.gravatar.com\\\/avatar\\\/bc759620959e751b0f1ac49d89cb60b8f62218f980cb9e4919ee6eb01c4fed6f?s=96&d=mm&r=g\",\"caption\":\"Georgia Melia\"}}]}<\/script>\n<!-- \/ Yoast SEO Premium plugin. -->","yoast_head_json":{"title":"HGF c\u00e9l\u00e8bre deux nominations aux Women and Diversity in Law Awards - HGF","robots":{"index":"index","follow":"follow","max-snippet":"max-snippet:-1","max-image-preview":"max-image-preview:large","max-video-preview":"max-video-preview:-1"},"canonical":"https:\/\/www.hgf.com\/fr\/centre-de-connaissances\/news-1\/hgf-celebre-deux-nominations-aux-women-and-diversity-in-law-awards\/","og_locale":"fr_FR","og_type":"article","og_title":"HGF c\u00e9l\u00e8bre deux nominations aux Women and Diversity in Law Awards","og_description":"Nous sommes fiers de vous annoncer que nous avons \u00e9t\u00e9 nomm\u00e9s pour deux prix lors des Women and Diversity in Law Awards, qui se d\u00e9rouleront le 18 mars au","og_url":"https:\/\/www.hgf.com\/fr\/centre-de-connaissances\/news-1\/hgf-celebre-deux-nominations-aux-women-and-diversity-in-law-awards\/","og_site_name":"HGF","article_published_time":"2025-01-23T15:27:49+00:00","article_modified_time":"2025-11-13T20:07:19+00:00","og_image":[{"width":1920,"height":1080,"url":"https:\/\/www.hgf.com\/wp-content\/uploads\/2023\/02\/hgf-logo.jpg","type":"image\/jpeg"}],"author":"Georgia Melia","twitter_card":"summary_large_image","twitter_creator":"@hgf_ip","twitter_site":"@hgf_ip","twitter_misc":{"\u00c9crit par":"Georgia Melia","Dur\u00e9e de lecture estim\u00e9e":"1 minute"},"schema":{"@context":"https:\/\/schema.org","@graph":[{"@type":"Article","@id":"https:\/\/www.hgf.com\/fr\/centre-de-connaissances\/news-1\/hgf-celebre-deux-nominations-aux-women-and-diversity-in-law-awards\/#article","isPartOf":{"@id":"https:\/\/www.hgf.com\/fr\/centre-de-connaissances\/news-1\/hgf-celebre-deux-nominations-aux-women-and-diversity-in-law-awards\/"},"author":{"name":"Georgia Melia","@id":"https:\/\/www.hgf.com\/fr\/#\/schema\/person\/7df0a22a79ff7cc91642cd3ce4882036"},"headline":"HGF c\u00e9l\u00e8bre deux nominations aux Women and Diversity in Law Awards","datePublished":"2025-01-23T15:27:49+00:00","dateModified":"2025-11-13T20:07:19+00:00","mainEntityOfPage":{"@id":"https:\/\/www.hgf.com\/fr\/centre-de-connaissances\/news-1\/hgf-celebre-deux-nominations-aux-women-and-diversity-in-law-awards\/"},"wordCount":307,"publisher":{"@id":"https:\/\/www.hgf.com\/fr\/#organization"},"image":{"@id":"https:\/\/www.hgf.com\/fr\/centre-de-connaissances\/news-1\/hgf-celebre-deux-nominations-aux-women-and-diversity-in-law-awards\/#primaryimage"},"thumbnailUrl":"https:\/\/www.hgf.com\/wp-content\/uploads\/2023\/02\/hgf-logo.jpg","articleSection":["Actualit\u00e9s","Centre de connaissances"],"inLanguage":"fr-FR"},{"@type":"WebPage","@id":"https:\/\/www.hgf.com\/fr\/centre-de-connaissances\/news-1\/hgf-celebre-deux-nominations-aux-women-and-diversity-in-law-awards\/","url":"https:\/\/www.hgf.com\/fr\/centre-de-connaissances\/news-1\/hgf-celebre-deux-nominations-aux-women-and-diversity-in-law-awards\/","name":"HGF c\u00e9l\u00e8bre deux nominations aux Women and Diversity in Law Awards - HGF","isPartOf":{"@id":"https:\/\/www.hgf.com\/fr\/#website"},"primaryImageOfPage":{"@id":"https:\/\/www.hgf.com\/fr\/centre-de-connaissances\/news-1\/hgf-celebre-deux-nominations-aux-women-and-diversity-in-law-awards\/#primaryimage"},"image":{"@id":"https:\/\/www.hgf.com\/fr\/centre-de-connaissances\/news-1\/hgf-celebre-deux-nominations-aux-women-and-diversity-in-law-awards\/#primaryimage"},"thumbnailUrl":"https:\/\/www.hgf.com\/wp-content\/uploads\/2023\/02\/hgf-logo.jpg","datePublished":"2025-01-23T15:27:49+00:00","dateModified":"2025-11-13T20:07:19+00:00","inLanguage":"fr-FR","potentialAction":[{"@type":"ReadAction","target":["https:\/\/www.hgf.com\/fr\/centre-de-connaissances\/news-1\/hgf-celebre-deux-nominations-aux-women-and-diversity-in-law-awards\/"]}]},{"@type":"ImageObject","inLanguage":"fr-FR","@id":"https:\/\/www.hgf.com\/fr\/centre-de-connaissances\/news-1\/hgf-celebre-deux-nominations-aux-women-and-diversity-in-law-awards\/#primaryimage","url":"https:\/\/www.hgf.com\/wp-content\/uploads\/2023\/02\/hgf-logo.jpg","contentUrl":"https:\/\/www.hgf.com\/wp-content\/uploads\/2023\/02\/hgf-logo.jpg","width":1920,"height":1080},{"@type":"WebSite","@id":"https:\/\/www.hgf.com\/fr\/#website","url":"https:\/\/www.hgf.com\/fr\/","name":"HGF","description":"Intellectual Property Rights specialists","publisher":{"@id":"https:\/\/www.hgf.com\/fr\/#organization"},"potentialAction":[{"@type":"SearchAction","target":{"@type":"EntryPoint","urlTemplate":"https:\/\/www.hgf.com\/fr\/?s={search_term_string}"},"query-input":{"@type":"PropertyValueSpecification","valueRequired":true,"valueName":"search_term_string"}}],"inLanguage":"fr-FR"},{"@type":"Organization","@id":"https:\/\/www.hgf.com\/fr\/#organization","name":"HGF","url":"https:\/\/www.hgf.com\/fr\/","logo":{"@type":"ImageObject","inLanguage":"fr-FR","@id":"https:\/\/www.hgf.com\/fr\/#\/schema\/logo\/image\/","url":"https:\/\/www.hgf.com\/wp-content\/uploads\/2023\/04\/hgf-logo-696x696-1.png","contentUrl":"https:\/\/www.hgf.com\/wp-content\/uploads\/2023\/04\/hgf-logo-696x696-1.png","width":696,"height":696,"caption":"HGF"},"image":{"@id":"https:\/\/www.hgf.com\/fr\/#\/schema\/logo\/image\/"},"sameAs":["https:\/\/x.com\/hgf_ip","https:\/\/www.linkedin.com\/company\/hgf-limited-intellectual-property-specialists\/"]},{"@type":"Person","@id":"https:\/\/www.hgf.com\/fr\/#\/schema\/person\/7df0a22a79ff7cc91642cd3ce4882036","name":"Georgia Melia","image":{"@type":"ImageObject","inLanguage":"fr-FR","@id":"https:\/\/secure.gravatar.com\/avatar\/bc759620959e751b0f1ac49d89cb60b8f62218f980cb9e4919ee6eb01c4fed6f?s=96&d=mm&r=g","url":"https:\/\/secure.gravatar.com\/avatar\/bc759620959e751b0f1ac49d89cb60b8f62218f980cb9e4919ee6eb01c4fed6f?s=96&d=mm&r=g","contentUrl":"https:\/\/secure.gravatar.com\/avatar\/bc759620959e751b0f1ac49d89cb60b8f62218f980cb9e4919ee6eb01c4fed6f?s=96&d=mm&r=g","caption":"Georgia Melia"}}]}},"_links":{"self":[{"href":"https:\/\/www.hgf.com\/fr\/wp-json\/wp\/v2\/posts\/9004111222135816","targetHints":{"allow":["GET"]}}],"collection":[{"href":"https:\/\/www.hgf.com\/fr\/wp-json\/wp\/v2\/posts"}],"about":[{"href":"https:\/\/www.hgf.com\/fr\/wp-json\/wp\/v2\/types\/post"}],"author":[{"embeddable":true,"href":"https:\/\/www.hgf.com\/fr\/wp-json\/wp\/v2\/users\/502"}],"replies":[{"embeddable":true,"href":"https:\/\/www.hgf.com\/fr\/wp-json\/wp\/v2\/comments?post=9004111222135816"}],"version-history":[{"count":0,"href":"https:\/\/www.hgf.com\/fr\/wp-json\/wp\/v2\/posts\/9004111222135816\/revisions"}],"wp:featuredmedia":[{"embeddable":true,"href":"https:\/\/www.hgf.com\/fr\/wp-json\/wp\/v2\/media\/9004111222133988"}],"wp:attachment":[{"href":"https:\/\/www.hgf.com\/fr\/wp-json\/wp\/v2\/media?parent=9004111222135816"}],"wp:term":[{"taxonomy":"category","embeddable":true,"href":"https:\/\/www.hgf.com\/fr\/wp-json\/wp\/v2\/categories?post=9004111222135816"},{"taxonomy":"post_tag","embeddable":true,"href":"https:\/\/www.hgf.com\/fr\/wp-json\/wp\/v2\/tags?post=9004111222135816"}],"curies":[{"name":"wp","href":"https:\/\/api.w.org\/{rel}","templated":true}]}}