{"id":9004111222135792,"date":"2025-04-14T10:52:11","date_gmt":"2025-04-14T09:52:11","guid":{"rendered":"https:\/\/www.hgf.com\/?p=9004111222135792"},"modified":"2026-04-01T11:41:54","modified_gmt":"2026-04-01T10:41:54","slug":"assemblee-annuelle-inta-2025-en-presentiel","status":"publish","type":"post","link":"https:\/\/www.hgf.com\/fr\/centre-de-connaissances\/evenements\/assemblee-annuelle-inta-2025-en-presentiel\/","title":{"rendered":"Assembl\u00e9e annuelle INTA 2025 en pr\u00e9sentiel"},"content":{"rendered":"<p>L&#8217;\u00e9quipe europ\u00e9enne d&#8217;HGF participera \u00e0 l&#8217;assembl\u00e9e annuelle INTA en pr\u00e9sentiel, qui se d\u00e9roulera du 17 au 21 mai \u00e0 San Diego, \u00c9tats-Unis.<\/p>\n<p>Cette conf\u00e9rence r\u00e9unira certains des professionnels de marques les plus influents \u00e0 travers le monde et les secteurs d&#8217;activit\u00e9 pour des discussions approfondies et l&#8217;\u00e9change des meilleures pratiques.<\/p>\n<p>L&#8217;\u00e9quipe europ\u00e9enne d&#8217;HGF participera \u00e0 l&#8217;\u00e9v\u00e9nement :<\/p>\n<ul>\n<li><a href=\"https:\/\/www.hgf.com\/fr\/our-people\/david-potter\/\">David Potter<\/a>, associ\u00e9 et responsable des marques<\/li>\n<li><a href=\"https:\/\/www.hgf.com\/fr\/our-people\/jonathan-thurgood\/\">Jonathan Thurgood<\/a>, associ\u00e9 et conseil en marques<\/li>\n<li><a href=\"https:\/\/www.hgf.com\/fr\/our-people\/adjoa-anim\/\">Adjoa Anim<\/a>, directrice des marques<\/li>\n<li><a href=\"https:\/\/www.hgf.com\/fr\/our-people\/claire-jones\/\">Claire Jones<\/a>, directrice des marques<\/li>\n<li><a href=\"https:\/\/www.hgf.com\/fr\/our-people\/tanya-waller\/\">Tanya Waller<\/a>, directrice des marques<\/li>\n<li>Stephanie Loeffler-Reading, conseil en marques<\/li>\n<li><a href=\"https:\/\/www.hgf.com\/fr\/our-people\/richard-wylie\/\">Richard Wylie<\/a>, conseil en marques<\/li>\n<li><a href=\"https:\/\/www.hgf.com\/fr\/?post_type=attorney&amp;p=9004111222140588\">Lee Curtis<\/a>, conseil en marques<\/li>\n<li><a href=\"https:\/\/www.hgf.com\/fr\/our-people\/lauren-somers\/\">Lauren Somers<\/a>, conseil en marques<\/li>\n<li><a href=\"https:\/\/www.hgf.com\/fr\/our-people\/alexander-hagen\/\">Alexander Hagen<\/a>, conseil en marques<\/li>\n<li><a href=\"https:\/\/www.hgf.com\/fr\/our-people\/pieter-de-ruijter\/\">Pieter de Ruijter<\/a>, conseil en marques<\/li>\n<li>Jacqui Weston, directrice du d\u00e9veloppement commercial et marketing<\/li>\n<\/ul>\n<p>Si vous souhaitez organiser une rencontre avec l&#8217;un de nos repr\u00e9sentants pendant la conf\u00e9rence, veuillez contacter <a href=\"mailto:marketing@hgf.com\">marketing@hgf.com<\/a> et nous serons ravis d&#8217;organiser cela.<\/p>\n<p>Cliquez ci-dessous pour en savoir plus.<\/p>\n<div class=\"btn-wrap btn-wrap--mb\"><a href=\"https:\/\/www.inta.org\/events\/2025-annual-meeting\/\" class=\"btn on-grey\" target=\"_blank\"><span>EN SAVOIR PLUS<\/span><\/a><\/div>\n","protected":false},"excerpt":{"rendered":"<p>L&#8217;\u00e9quipe europ\u00e9enne d&#8217;HGF participera \u00e0 l&#8217;assembl\u00e9e annuelle INTA en pr\u00e9sentiel, qui se d\u00e9roulera du 17 au 21 mai \u00e0 San Diego, \u00c9tats-Unis. Cette conf\u00e9rence r\u00e9unira certains des professionnels de marques &hellip;<\/p>\n","protected":false},"author":502,"featured_media":9004111222135793,"comment_status":"closed","ping_status":"closed","sticky":false,"template":"","format":"standard","meta":{"_acf_changed":false,"footnotes":""},"categories":[545,517,543],"tags":[],"class_list":["post-9004111222135792","post","type-post","status-publish","format-standard","has-post-thumbnail","hentry","category-autres-evenements","category-centre-de-connaissances","category-evenements","service-marques"],"acf":[],"yoast_head":"<!-- This site is optimized with the Yoast SEO Premium plugin v27.5 (Yoast SEO v27.5) - https:\/\/yoast.com\/product\/yoast-seo-premium-wordpress\/ -->\n<title>Assembl\u00e9e annuelle INTA 2025 en pr\u00e9sentiel - HGF<\/title>\n<meta name=\"robots\" content=\"index, follow, max-snippet:-1, max-image-preview:large, max-video-preview:-1\" \/>\n<link rel=\"canonical\" href=\"https:\/\/www.hgf.com\/fr\/centre-de-connaissances\/evenements\/assemblee-annuelle-inta-2025-en-presentiel\/\" \/>\n<meta property=\"og:locale\" content=\"fr_FR\" \/>\n<meta property=\"og:type\" content=\"article\" \/>\n<meta property=\"og:title\" content=\"Assembl\u00e9e annuelle INTA 2025 en pr\u00e9sentiel\" \/>\n<meta property=\"og:description\" content=\"L&#039;\u00e9quipe europ\u00e9enne d&#039;HGF participera \u00e0 l&#039;assembl\u00e9e annuelle INTA en pr\u00e9sentiel, qui se d\u00e9roulera du 17 au 21 mai \u00e0 San Diego, \u00c9tats-Unis. Cette\" \/>\n<meta property=\"og:url\" content=\"https:\/\/www.hgf.com\/fr\/centre-de-connaissances\/evenements\/assemblee-annuelle-inta-2025-en-presentiel\/\" \/>\n<meta property=\"og:site_name\" content=\"HGF\" \/>\n<meta property=\"article:published_time\" content=\"2025-04-14T09:52:11+00:00\" \/>\n<meta property=\"article:modified_time\" content=\"2026-04-01T10:41:54+00:00\" \/>\n<meta property=\"og:image\" content=\"https:\/\/www.hgf.com\/wp-content\/uploads\/2025\/04\/Untitled-design-2025-04-14T104931.316.png\" \/>\n\t<meta property=\"og:image:width\" content=\"1920\" \/>\n\t<meta property=\"og:image:height\" content=\"1080\" \/>\n\t<meta property=\"og:image:type\" content=\"image\/png\" \/>\n<meta name=\"author\" content=\"Georgia Melia\" \/>\n<meta name=\"twitter:card\" content=\"summary_large_image\" \/>\n<meta name=\"twitter:creator\" content=\"@hgf_ip\" \/>\n<meta name=\"twitter:site\" content=\"@hgf_ip\" \/>\n<meta name=\"twitter:label1\" content=\"\u00c9crit par\" \/>\n\t<meta name=\"twitter:data1\" content=\"Georgia Melia\" \/>\n\t<meta name=\"twitter:label2\" content=\"Dur\u00e9e de lecture estim\u00e9e\" \/>\n\t<meta name=\"twitter:data2\" content=\"1 minute\" \/>\n<script type=\"application\/ld+json\" class=\"yoast-schema-graph\">{\"@context\":\"https:\\\/\\\/schema.org\",\"@graph\":[{\"@type\":\"Article\",\"@id\":\"https:\\\/\\\/www.hgf.com\\\/fr\\\/centre-de-connaissances\\\/evenements\\\/assemblee-annuelle-inta-2025-en-presentiel\\\/#article\",\"isPartOf\":{\"@id\":\"https:\\\/\\\/www.hgf.com\\\/fr\\\/centre-de-connaissances\\\/evenements\\\/assemblee-annuelle-inta-2025-en-presentiel\\\/\"},\"author\":{\"name\":\"Georgia Melia\",\"@id\":\"https:\\\/\\\/www.hgf.com\\\/fr\\\/#\\\/schema\\\/person\\\/7df0a22a79ff7cc91642cd3ce4882036\"},\"headline\":\"Assembl\u00e9e annuelle INTA 2025 en pr\u00e9sentiel\",\"datePublished\":\"2025-04-14T09:52:11+00:00\",\"dateModified\":\"2026-04-01T10:41:54+00:00\",\"mainEntityOfPage\":{\"@id\":\"https:\\\/\\\/www.hgf.com\\\/fr\\\/centre-de-connaissances\\\/evenements\\\/assemblee-annuelle-inta-2025-en-presentiel\\\/\"},\"wordCount\":201,\"publisher\":{\"@id\":\"https:\\\/\\\/www.hgf.com\\\/fr\\\/#organization\"},\"image\":{\"@id\":\"https:\\\/\\\/www.hgf.com\\\/fr\\\/centre-de-connaissances\\\/evenements\\\/assemblee-annuelle-inta-2025-en-presentiel\\\/#primaryimage\"},\"thumbnailUrl\":\"https:\\\/\\\/www.hgf.com\\\/wp-content\\\/uploads\\\/2025\\\/04\\\/Untitled-design-2025-04-14T104931.316.png\",\"articleSection\":[\"Autres \u00e9v\u00e9nements\",\"Centre de connaissances\",\"\u00c9v\u00e9nements\"],\"inLanguage\":\"fr-FR\"},{\"@type\":\"WebPage\",\"@id\":\"https:\\\/\\\/www.hgf.com\\\/fr\\\/centre-de-connaissances\\\/evenements\\\/assemblee-annuelle-inta-2025-en-presentiel\\\/\",\"url\":\"https:\\\/\\\/www.hgf.com\\\/fr\\\/centre-de-connaissances\\\/evenements\\\/assemblee-annuelle-inta-2025-en-presentiel\\\/\",\"name\":\"Assembl\u00e9e annuelle INTA 2025 en pr\u00e9sentiel - HGF\",\"isPartOf\":{\"@id\":\"https:\\\/\\\/www.hgf.com\\\/fr\\\/#website\"},\"primaryImageOfPage\":{\"@id\":\"https:\\\/\\\/www.hgf.com\\\/fr\\\/centre-de-connaissances\\\/evenements\\\/assemblee-annuelle-inta-2025-en-presentiel\\\/#primaryimage\"},\"image\":{\"@id\":\"https:\\\/\\\/www.hgf.com\\\/fr\\\/centre-de-connaissances\\\/evenements\\\/assemblee-annuelle-inta-2025-en-presentiel\\\/#primaryimage\"},\"thumbnailUrl\":\"https:\\\/\\\/www.hgf.com\\\/wp-content\\\/uploads\\\/2025\\\/04\\\/Untitled-design-2025-04-14T104931.316.png\",\"datePublished\":\"2025-04-14T09:52:11+00:00\",\"dateModified\":\"2026-04-01T10:41:54+00:00\",\"inLanguage\":\"fr-FR\",\"potentialAction\":[{\"@type\":\"ReadAction\",\"target\":[\"https:\\\/\\\/www.hgf.com\\\/fr\\\/centre-de-connaissances\\\/evenements\\\/assemblee-annuelle-inta-2025-en-presentiel\\\/\"]}]},{\"@type\":\"ImageObject\",\"inLanguage\":\"fr-FR\",\"@id\":\"https:\\\/\\\/www.hgf.com\\\/fr\\\/centre-de-connaissances\\\/evenements\\\/assemblee-annuelle-inta-2025-en-presentiel\\\/#primaryimage\",\"url\":\"https:\\\/\\\/www.hgf.com\\\/wp-content\\\/uploads\\\/2025\\\/04\\\/Untitled-design-2025-04-14T104931.316.png\",\"contentUrl\":\"https:\\\/\\\/www.hgf.com\\\/wp-content\\\/uploads\\\/2025\\\/04\\\/Untitled-design-2025-04-14T104931.316.png\",\"width\":1920,\"height\":1080},{\"@type\":\"WebSite\",\"@id\":\"https:\\\/\\\/www.hgf.com\\\/fr\\\/#website\",\"url\":\"https:\\\/\\\/www.hgf.com\\\/fr\\\/\",\"name\":\"HGF\",\"description\":\"Intellectual Property Rights specialists\",\"publisher\":{\"@id\":\"https:\\\/\\\/www.hgf.com\\\/fr\\\/#organization\"},\"potentialAction\":[{\"@type\":\"SearchAction\",\"target\":{\"@type\":\"EntryPoint\",\"urlTemplate\":\"https:\\\/\\\/www.hgf.com\\\/fr\\\/?s={search_term_string}\"},\"query-input\":{\"@type\":\"PropertyValueSpecification\",\"valueRequired\":true,\"valueName\":\"search_term_string\"}}],\"inLanguage\":\"fr-FR\"},{\"@type\":\"Organization\",\"@id\":\"https:\\\/\\\/www.hgf.com\\\/fr\\\/#organization\",\"name\":\"HGF\",\"url\":\"https:\\\/\\\/www.hgf.com\\\/fr\\\/\",\"logo\":{\"@type\":\"ImageObject\",\"inLanguage\":\"fr-FR\",\"@id\":\"https:\\\/\\\/www.hgf.com\\\/fr\\\/#\\\/schema\\\/logo\\\/image\\\/\",\"url\":\"https:\\\/\\\/www.hgf.com\\\/wp-content\\\/uploads\\\/2023\\\/04\\\/hgf-logo-696x696-1.png\",\"contentUrl\":\"https:\\\/\\\/www.hgf.com\\\/wp-content\\\/uploads\\\/2023\\\/04\\\/hgf-logo-696x696-1.png\",\"width\":696,\"height\":696,\"caption\":\"HGF\"},\"image\":{\"@id\":\"https:\\\/\\\/www.hgf.com\\\/fr\\\/#\\\/schema\\\/logo\\\/image\\\/\"},\"sameAs\":[\"https:\\\/\\\/x.com\\\/hgf_ip\",\"https:\\\/\\\/www.linkedin.com\\\/company\\\/hgf-limited-intellectual-property-specialists\\\/\"]},{\"@type\":\"Person\",\"@id\":\"https:\\\/\\\/www.hgf.com\\\/fr\\\/#\\\/schema\\\/person\\\/7df0a22a79ff7cc91642cd3ce4882036\",\"name\":\"Georgia Melia\",\"image\":{\"@type\":\"ImageObject\",\"inLanguage\":\"fr-FR\",\"@id\":\"https:\\\/\\\/secure.gravatar.com\\\/avatar\\\/bc759620959e751b0f1ac49d89cb60b8f62218f980cb9e4919ee6eb01c4fed6f?s=96&d=mm&r=g\",\"url\":\"https:\\\/\\\/secure.gravatar.com\\\/avatar\\\/bc759620959e751b0f1ac49d89cb60b8f62218f980cb9e4919ee6eb01c4fed6f?s=96&d=mm&r=g\",\"contentUrl\":\"https:\\\/\\\/secure.gravatar.com\\\/avatar\\\/bc759620959e751b0f1ac49d89cb60b8f62218f980cb9e4919ee6eb01c4fed6f?s=96&d=mm&r=g\",\"caption\":\"Georgia Melia\"}}]}<\/script>\n<!-- \/ Yoast SEO Premium plugin. -->","yoast_head_json":{"title":"Assembl\u00e9e annuelle INTA 2025 en pr\u00e9sentiel - HGF","robots":{"index":"index","follow":"follow","max-snippet":"max-snippet:-1","max-image-preview":"max-image-preview:large","max-video-preview":"max-video-preview:-1"},"canonical":"https:\/\/www.hgf.com\/fr\/centre-de-connaissances\/evenements\/assemblee-annuelle-inta-2025-en-presentiel\/","og_locale":"fr_FR","og_type":"article","og_title":"Assembl\u00e9e annuelle INTA 2025 en pr\u00e9sentiel","og_description":"L'\u00e9quipe europ\u00e9enne d'HGF participera \u00e0 l'assembl\u00e9e annuelle INTA en pr\u00e9sentiel, qui se d\u00e9roulera du 17 au 21 mai \u00e0 San Diego, \u00c9tats-Unis. Cette","og_url":"https:\/\/www.hgf.com\/fr\/centre-de-connaissances\/evenements\/assemblee-annuelle-inta-2025-en-presentiel\/","og_site_name":"HGF","article_published_time":"2025-04-14T09:52:11+00:00","article_modified_time":"2026-04-01T10:41:54+00:00","og_image":[{"width":1920,"height":1080,"url":"https:\/\/www.hgf.com\/wp-content\/uploads\/2025\/04\/Untitled-design-2025-04-14T104931.316.png","type":"image\/png"}],"author":"Georgia Melia","twitter_card":"summary_large_image","twitter_creator":"@hgf_ip","twitter_site":"@hgf_ip","twitter_misc":{"\u00c9crit par":"Georgia Melia","Dur\u00e9e de lecture estim\u00e9e":"1 minute"},"schema":{"@context":"https:\/\/schema.org","@graph":[{"@type":"Article","@id":"https:\/\/www.hgf.com\/fr\/centre-de-connaissances\/evenements\/assemblee-annuelle-inta-2025-en-presentiel\/#article","isPartOf":{"@id":"https:\/\/www.hgf.com\/fr\/centre-de-connaissances\/evenements\/assemblee-annuelle-inta-2025-en-presentiel\/"},"author":{"name":"Georgia Melia","@id":"https:\/\/www.hgf.com\/fr\/#\/schema\/person\/7df0a22a79ff7cc91642cd3ce4882036"},"headline":"Assembl\u00e9e annuelle INTA 2025 en pr\u00e9sentiel","datePublished":"2025-04-14T09:52:11+00:00","dateModified":"2026-04-01T10:41:54+00:00","mainEntityOfPage":{"@id":"https:\/\/www.hgf.com\/fr\/centre-de-connaissances\/evenements\/assemblee-annuelle-inta-2025-en-presentiel\/"},"wordCount":201,"publisher":{"@id":"https:\/\/www.hgf.com\/fr\/#organization"},"image":{"@id":"https:\/\/www.hgf.com\/fr\/centre-de-connaissances\/evenements\/assemblee-annuelle-inta-2025-en-presentiel\/#primaryimage"},"thumbnailUrl":"https:\/\/www.hgf.com\/wp-content\/uploads\/2025\/04\/Untitled-design-2025-04-14T104931.316.png","articleSection":["Autres \u00e9v\u00e9nements","Centre de connaissances","\u00c9v\u00e9nements"],"inLanguage":"fr-FR"},{"@type":"WebPage","@id":"https:\/\/www.hgf.com\/fr\/centre-de-connaissances\/evenements\/assemblee-annuelle-inta-2025-en-presentiel\/","url":"https:\/\/www.hgf.com\/fr\/centre-de-connaissances\/evenements\/assemblee-annuelle-inta-2025-en-presentiel\/","name":"Assembl\u00e9e annuelle INTA 2025 en pr\u00e9sentiel - HGF","isPartOf":{"@id":"https:\/\/www.hgf.com\/fr\/#website"},"primaryImageOfPage":{"@id":"https:\/\/www.hgf.com\/fr\/centre-de-connaissances\/evenements\/assemblee-annuelle-inta-2025-en-presentiel\/#primaryimage"},"image":{"@id":"https:\/\/www.hgf.com\/fr\/centre-de-connaissances\/evenements\/assemblee-annuelle-inta-2025-en-presentiel\/#primaryimage"},"thumbnailUrl":"https:\/\/www.hgf.com\/wp-content\/uploads\/2025\/04\/Untitled-design-2025-04-14T104931.316.png","datePublished":"2025-04-14T09:52:11+00:00","dateModified":"2026-04-01T10:41:54+00:00","inLanguage":"fr-FR","potentialAction":[{"@type":"ReadAction","target":["https:\/\/www.hgf.com\/fr\/centre-de-connaissances\/evenements\/assemblee-annuelle-inta-2025-en-presentiel\/"]}]},{"@type":"ImageObject","inLanguage":"fr-FR","@id":"https:\/\/www.hgf.com\/fr\/centre-de-connaissances\/evenements\/assemblee-annuelle-inta-2025-en-presentiel\/#primaryimage","url":"https:\/\/www.hgf.com\/wp-content\/uploads\/2025\/04\/Untitled-design-2025-04-14T104931.316.png","contentUrl":"https:\/\/www.hgf.com\/wp-content\/uploads\/2025\/04\/Untitled-design-2025-04-14T104931.316.png","width":1920,"height":1080},{"@type":"WebSite","@id":"https:\/\/www.hgf.com\/fr\/#website","url":"https:\/\/www.hgf.com\/fr\/","name":"HGF","description":"Intellectual Property Rights specialists","publisher":{"@id":"https:\/\/www.hgf.com\/fr\/#organization"},"potentialAction":[{"@type":"SearchAction","target":{"@type":"EntryPoint","urlTemplate":"https:\/\/www.hgf.com\/fr\/?s={search_term_string}"},"query-input":{"@type":"PropertyValueSpecification","valueRequired":true,"valueName":"search_term_string"}}],"inLanguage":"fr-FR"},{"@type":"Organization","@id":"https:\/\/www.hgf.com\/fr\/#organization","name":"HGF","url":"https:\/\/www.hgf.com\/fr\/","logo":{"@type":"ImageObject","inLanguage":"fr-FR","@id":"https:\/\/www.hgf.com\/fr\/#\/schema\/logo\/image\/","url":"https:\/\/www.hgf.com\/wp-content\/uploads\/2023\/04\/hgf-logo-696x696-1.png","contentUrl":"https:\/\/www.hgf.com\/wp-content\/uploads\/2023\/04\/hgf-logo-696x696-1.png","width":696,"height":696,"caption":"HGF"},"image":{"@id":"https:\/\/www.hgf.com\/fr\/#\/schema\/logo\/image\/"},"sameAs":["https:\/\/x.com\/hgf_ip","https:\/\/www.linkedin.com\/company\/hgf-limited-intellectual-property-specialists\/"]},{"@type":"Person","@id":"https:\/\/www.hgf.com\/fr\/#\/schema\/person\/7df0a22a79ff7cc91642cd3ce4882036","name":"Georgia Melia","image":{"@type":"ImageObject","inLanguage":"fr-FR","@id":"https:\/\/secure.gravatar.com\/avatar\/bc759620959e751b0f1ac49d89cb60b8f62218f980cb9e4919ee6eb01c4fed6f?s=96&d=mm&r=g","url":"https:\/\/secure.gravatar.com\/avatar\/bc759620959e751b0f1ac49d89cb60b8f62218f980cb9e4919ee6eb01c4fed6f?s=96&d=mm&r=g","contentUrl":"https:\/\/secure.gravatar.com\/avatar\/bc759620959e751b0f1ac49d89cb60b8f62218f980cb9e4919ee6eb01c4fed6f?s=96&d=mm&r=g","caption":"Georgia Melia"}}]}},"_links":{"self":[{"href":"https:\/\/www.hgf.com\/fr\/wp-json\/wp\/v2\/posts\/9004111222135792","targetHints":{"allow":["GET"]}}],"collection":[{"href":"https:\/\/www.hgf.com\/fr\/wp-json\/wp\/v2\/posts"}],"about":[{"href":"https:\/\/www.hgf.com\/fr\/wp-json\/wp\/v2\/types\/post"}],"author":[{"embeddable":true,"href":"https:\/\/www.hgf.com\/fr\/wp-json\/wp\/v2\/users\/502"}],"replies":[{"embeddable":true,"href":"https:\/\/www.hgf.com\/fr\/wp-json\/wp\/v2\/comments?post=9004111222135792"}],"version-history":[{"count":0,"href":"https:\/\/www.hgf.com\/fr\/wp-json\/wp\/v2\/posts\/9004111222135792\/revisions"}],"wp:featuredmedia":[{"embeddable":true,"href":"https:\/\/www.hgf.com\/fr\/wp-json\/wp\/v2\/media\/9004111222135793"}],"wp:attachment":[{"href":"https:\/\/www.hgf.com\/fr\/wp-json\/wp\/v2\/media?parent=9004111222135792"}],"wp:term":[{"taxonomy":"category","embeddable":true,"href":"https:\/\/www.hgf.com\/fr\/wp-json\/wp\/v2\/categories?post=9004111222135792"},{"taxonomy":"post_tag","embeddable":true,"href":"https:\/\/www.hgf.com\/fr\/wp-json\/wp\/v2\/tags?post=9004111222135792"}],"curies":[{"name":"wp","href":"https:\/\/api.w.org\/{rel}","templated":true}]}}