{"id":9004111222133997,"date":"2025-08-28T10:36:12","date_gmt":"2025-08-28T09:36:12","guid":{"rendered":"https:\/\/www.hgf.com\/?p=9004111222133997"},"modified":"2025-10-03T18:20:11","modified_gmt":"2025-10-03T17:20:11","slug":"lislande-laissee-pour-compte-par-le-tribunal-de-lunion-europeenne","status":"publish","type":"post","link":"https:\/\/www.hgf.com\/fr\/centre-de-connaissances\/articles\/lislande-laissee-pour-compte-par-le-tribunal-de-lunion-europeenne\/","title":{"rendered":"L&#8217;ISLANDE laiss\u00e9e pour compte par le Tribunal de l&#8217;Union europ\u00e9enne"},"content":{"rendered":"<p class=\"p__large\">Plus t\u00f4t dans le mois, le Tribunal de l&#8217;UE a rendu sa d\u00e9cision concernant le recours d&#8217;Iceland Foods Ltd contre une d\u00e9cision de la Grande Chambre de recours de l&#8217;EUIPO visant \u00e0 invalider un enregistrement de marque de l&#8217;UE pour la marque verbale ICELAND. La d\u00e9cision suit la jurisprudence \u00e9tablie de l&#8217;UE sur les d\u00e9signations g\u00e9ographiques, mais constitue un bon \u00ab rappel \u00bb sur les noms g\u00e9ographiques et un tremplin pour des r\u00e9flexions sur la strat\u00e9gie d&#8217;opposition et le caract\u00e8re unitaire du syst\u00e8me des marques de l&#8217;UE. <\/p>\n<h5><strong>Contexte<\/strong><\/h5>\n<p>Iceland Foods Ltd est le propri\u00e9taire de la cha\u00eene de supermarch\u00e9s ICELAND, fond\u00e9e en 1970 au Pays de Galles, au Royaume-Uni. C&#8217;est un important d\u00e9taillant alimentaire sur le march\u00e9 britannique avec plus de 900 magasins et exploite ou franchise 40 magasins suppl\u00e9mentaires en Europe, en particulier en Irlande. <\/p>\n<p>En 2002, la cha\u00eene de supermarch\u00e9s a demand\u00e9 l&#8217;enregistrement de la marque verbale ICELAND en tant que marque de l&#8217;UE pour une large gamme de produits et services dans plusieurs classes. La marque de l&#8217;UE a finalement \u00e9t\u00e9 enregistr\u00e9e en 2014 et, en 2015, Iceland Foods Ltd a proc\u00e9d\u00e9 \u00e0 une opposition \u00e0 une demande de marque de l&#8217;UE par \u00cdslandsstofa (Propmote Iceland) pour la marque stylis\u00e9e INSPIRED BY ICELAND pour une gamme de produits et services, y compris certains dans les classes de produits alimentaires. \u00cdslandsstofa (Propmote Iceland) a ripost\u00e9 en demandant l&#8217;invalidation de la marque de l&#8217;UE d&#8217;Iceland Foods Ltd pour la marque verbale ICELAND en 2016, et d&#8217;une marque de logo ult\u00e9rieure pour ICELAND en 2018, au motif que les marques \u00e9taient descriptives de l&#8217;origine g\u00e9ographique des produits et services.  <\/p>\n<p><img decoding=\"async\" class=\"alignnone size-medium wp-image-9004111222133242\" src=\"https:\/\/img.hgf.com\/spio\/ret_img,q_cdnize,to_auto,s_webp:avif\/www.hgf.com\/wp-content\/uploads\/2025\/08\/iceland.jpg\" alt=\"\" width=\"172\" height=\"60\"><img decoding=\"async\" class=\"alignnone size-full wp-image-9004111222133244\" src=\"https:\/\/img.hgf.com\/spio\/ret_img,q_cdnize,to_auto,s_webp:avif\/www.hgf.com\/wp-content\/uploads\/2025\/08\/iceland-name.png\" alt=\"\" width=\"232\" height=\"32\"><\/p>\n<p>Les actions en invalidation d&#8217;\u00cdslandsstofa (Propmote Iceland) ont \u00e9t\u00e9 couronn\u00e9es de succ\u00e8s tant devant la division d&#8217;annulation de l&#8217;EUIPO que devant la Grande Chambre de recours. Iceland Foods Ltd a ensuite fait appel de la d\u00e9cision devant le Tribunal de l&#8217;UE en 2023. L&#8217;Association internationale des marques (INTA) a \u00e9galement demand\u00e9 et obtenu l&#8217;autorisation de se joindre \u00e0 l&#8217;appel en tant qu&#8217;intervenant, pr\u00e9occup\u00e9e par la perspective que les d\u00e9cisions prises \u00e0 ce jour soient consid\u00e9r\u00e9es comme une interdiction <em>de facto<\/em> de l&#8217;enregistrement des noms de pays en tant que marques.  <\/p>\n<h5><strong>La d\u00e9cision du TG <\/strong><\/h5>\n<p>Le Tribunal a confirm\u00e9 la d\u00e9cision de la division d&#8217;annulation et de la chambre de recours selon laquelle le public pertinent \u00e9tablira un lien entre les produits et services en question et l&#8217;ISLANDE, indiquant leur origine g\u00e9ographique ou certaines de leurs caract\u00e9ristiques sp\u00e9cifiquement li\u00e9es \u00e0 cette origine g\u00e9ographique. La d\u00e9cision de la Cour s&#8217;inspire principalement de Windsurfing Chiemsee. <\/p>\n<p>En bref, les principaux arguments de l&#8217;EUIPO, qui ont \u00e9t\u00e9 maintenus par le Tribunal, \u00e9taient les suivants :<\/p>\n<ol>\n<li>Le nom g\u00e9ographique \u00ab Islande \u00bb jouit d&#8217;un niveau \u00e9lev\u00e9 de reconnaissance aupr\u00e8s du public pertinent ; et<\/li>\n<li>Les caract\u00e9ristiques de l&#8217;Islande en tant que pays \u00e9taient telles que le pays serait li\u00e9 (en 2002) aux biens\/services.<\/li>\n<\/ol>\n<p>Le public pertinent percevrait donc raisonnablement ICELAND comme une indication g\u00e9ographique ou une indication de certaines caract\u00e9ristiques des biens\/services li\u00e9s au pays.<\/p>\n<p>Pour d\u00e9velopper un peu plus ces points, le Tribunal s&#8217;est d\u00e9clar\u00e9 satisfait que la Grande Chambre de recours ait correctement conclu que l&#8217;Islande \u00e9tait :<\/p>\n<ul>\n<li>un pays respectueux de l&#8217;environnement avec de multiples centrales g\u00e9othermiques et hydro\u00e9lectriques ;<\/li>\n<li>une destination touristique populaire soutenue par une enqu\u00eate de 2015 au Danemark, en France, en Allemagne et au Royaume-Uni ;<\/li>\n<li>produisant une gamme raisonnablement large de biens soutenus, entre autres, par des informations sur les exportations d&#8217;Islande vers l&#8217;UE entre 1999 et 2014.<\/li>\n<\/ul>\n<p>Conjugu\u00e9 au point \u00e9tabli qu&#8217;une marque peut \u00eatre consid\u00e9r\u00e9e dans le commerce comme une indication g\u00e9ographique non seulement dans les cas o\u00f9 le lieu sp\u00e9cifique est d\u00e9j\u00e0 c\u00e9l\u00e8bre ou connu pour les biens\/services en question, mais aussi lorsqu&#8217;il est raisonnable de supposer qu&#8217;\u00e0 l&#8217;avenir, ils seront utilis\u00e9s par les entreprises comme indications de l&#8217;origine g\u00e9ographique de la cat\u00e9gorie de biens ou de services concern\u00e9e, la messe \u00e9tait dite [ou la glace fondue] pour Iceland Foods Ltd.<\/p>\n<p>La d\u00e9cision a \u00e9galement abord\u00e9 les observations de l&#8217;INTA concernant la d\u00e9cision de la Grande Chambre de recours interdisant l&#8217;enregistrement des noms de pays en tant que marques, qui tournait autour de l&#8217;affirmation selon laquelle les noms g\u00e9ographiques, y compris les noms de pays, devraient rester librement disponibles pour tous. La Grande Chambre de recours a soulign\u00e9 qu&#8217;elle avait proc\u00e9d\u00e9 \u00e0 une analyse d\u00e9taill\u00e9e du caract\u00e8re descriptif de la marque pour tous les biens\/services en question et que la d\u00e9cision est dans l&#8217;int\u00e9r\u00eat public, garantissant que les entit\u00e9s islandaises peuvent utiliser le nom \u00ab Islande \u00bb. <\/p>\n<h5><strong>Points cl\u00e9s \u00e0 retenir <\/strong><\/h5>\n<p>Une clarification essentielle de la d\u00e9cision est que la connaissance d&#8217;un lieu g\u00e9ographique seul ne signifie pas automatiquement que le nom serait per\u00e7u comme une d\u00e9signation g\u00e9ographique dans le commerce est utile. Les sp\u00e9cificit\u00e9s de chaque cas comptent, tout comme la question de savoir s&#8217;il serait raisonnable pour le public pertinent de lier le lieu g\u00e9ographique aux biens\/services. <\/p>\n<p>En ce qui concerne la strat\u00e9gie d&#8217;opposition &#8211; et avec le recul &#8211; on peut supposer qu&#8217;Iceland Foods Ltd reconsid\u00e9rerait probablement sa d\u00e9cision de 2015 de s&#8217;opposer \u00e0 la demande de marque de l&#8217;UE d&#8217;\u00cdslandsstofa (Propmote Iceland) pour la marque INSPIRED BY ICELAND. Il y avait sans aucun doute des arguments juridiques en faveur de l&#8217;opposition, mais ce n&#8217;est pas parce que l&#8217;on peut faire quelque chose qu&#8217;il faut toujours le faire, et l&#8217;application de la loi pour le plaisir peut s&#8217;av\u00e9rer aussi probl\u00e9matique que la non-application de la loi. <\/p>\n<p>Enfin, le caract\u00e8re unitaire du syst\u00e8me des marques de l&#8217;UE peut \u00eatre autant une mal\u00e9diction qu&#8217;une b\u00e9n\u00e9diction pour les entreprises. Dans le cas pr\u00e9sent, l&#8217;histoire et l&#8217;\u00e9tendue de l&#8217;utilisation de la marque ICELAND par la cha\u00eene de supermarch\u00e9s au Royaume-Uni n&#8217;ont pas \u00e9t\u00e9 reproduites dans tous les \u00c9tats membres de l&#8217;UE qui formaient le public pertinent, et cela a suffi \u00e0 annuler la marque de l&#8217;UE d&#8217;Iceland Foods Ltd. Pour les parties qui peuvent avoir des droits\/une utilisation importants dans un ou m\u00eame certains \u00c9tats membres de l&#8217;UE, cela ne signifie pas automatiquement que leurs droits au niveau de l&#8217;UE correspondent \u00e0 la force de leurs droits nationaux (dans les juridictions de l&#8217;UE) et, dans certaines conditions, leurs marques de l&#8217;UE peuvent \u00eatre potentiellement vuln\u00e9rables malgr\u00e9 une forte pr\u00e9sence et des droits dans un ou plusieurs pays de l&#8217;UE.  <\/p>\n<hr>\n<p>Cet article a \u00e9t\u00e9 \u00e9crit par l&#8217;associ\u00e9 et mandataire en marques <a href=\"https:\/\/www.hgf.com\/fr\/?post_type=attorney&#038;p=9004111222134533\">Apostolos Dakanalis<\/a>.<\/p>\n","protected":false},"excerpt":{"rendered":"<p>Plus t\u00f4t dans le mois, le Tribunal de l&#8217;UE a rendu sa d\u00e9cision concernant le recours d&#8217;Iceland Foods Ltd contre une d\u00e9cision de la Grande Chambre de recours de l&#8217;EUIPO &hellip;<\/p>\n","protected":false},"author":502,"featured_media":9004111222133998,"comment_status":"closed","ping_status":"closed","sticky":false,"template":"","format":"standard","meta":{"_acf_changed":false,"footnotes":""},"categories":[536,517],"tags":[],"class_list":["post-9004111222133997","post","type-post","status-publish","format-standard","has-post-thumbnail","hentry","category-articles","category-centre-de-connaissances","service-marques"],"acf":[],"yoast_head":"<!-- This site is optimized with the Yoast SEO Premium plugin v27.5 (Yoast SEO v27.5) - https:\/\/yoast.com\/product\/yoast-seo-premium-wordpress\/ -->\n<title>L&#039;ISLANDE laiss\u00e9e pour compte par le Tribunal de l&#039;Union europ\u00e9enne - HGF<\/title>\n<meta name=\"description\" content=\"Le Tribunal de l&#039;UE a rendu sa d\u00e9cision concernant le recours d&#039;Iceland Foods Ltd contre une d\u00e9cision de la Grande Chambre de recours de l&#039;EUIPO\" \/>\n<meta name=\"robots\" content=\"index, follow, max-snippet:-1, max-image-preview:large, max-video-preview:-1\" \/>\n<link rel=\"canonical\" href=\"https:\/\/www.hgf.com\/fr\/centre-de-connaissances\/articles\/lislande-laissee-pour-compte-par-le-tribunal-de-lunion-europeenne\/\" \/>\n<meta property=\"og:locale\" content=\"fr_FR\" \/>\n<meta property=\"og:type\" content=\"article\" \/>\n<meta property=\"og:title\" content=\"L&#039;ISLANDE laiss\u00e9e pour compte par le Tribunal de l&#039;Union europ\u00e9enne\" \/>\n<meta property=\"og:description\" content=\"Plus t\u00f4t dans le mois, le Tribunal de l&#039;UE a rendu sa d\u00e9cision concernant le recours d&#039;Iceland Foods Ltd contre une d\u00e9cision de la Grande Chambre de\" \/>\n<meta property=\"og:url\" content=\"https:\/\/www.hgf.com\/fr\/centre-de-connaissances\/articles\/lislande-laissee-pour-compte-par-le-tribunal-de-lunion-europeenne\/\" \/>\n<meta property=\"og:site_name\" content=\"HGF\" \/>\n<meta property=\"article:published_time\" content=\"2025-08-28T09:36:12+00:00\" \/>\n<meta property=\"article:modified_time\" content=\"2025-10-03T17:20:11+00:00\" \/>\n<meta property=\"og:image\" content=\"https:\/\/www.hgf.com\/wp-content\/uploads\/2025\/08\/Iceland-768x434-1.png\" \/>\n\t<meta property=\"og:image:width\" content=\"768\" \/>\n\t<meta property=\"og:image:height\" content=\"434\" \/>\n\t<meta property=\"og:image:type\" content=\"image\/png\" \/>\n<meta name=\"author\" content=\"Georgia Melia\" \/>\n<meta name=\"twitter:card\" content=\"summary_large_image\" \/>\n<meta name=\"twitter:creator\" content=\"@hgf_ip\" \/>\n<meta name=\"twitter:site\" content=\"@hgf_ip\" \/>\n<meta name=\"twitter:label1\" content=\"\u00c9crit par\" \/>\n\t<meta name=\"twitter:data1\" content=\"Georgia Melia\" \/>\n\t<meta name=\"twitter:label2\" content=\"Dur\u00e9e de lecture estim\u00e9e\" \/>\n\t<meta name=\"twitter:data2\" content=\"6 minutes\" \/>\n<script type=\"application\/ld+json\" class=\"yoast-schema-graph\">{\"@context\":\"https:\\\/\\\/schema.org\",\"@graph\":[{\"@type\":\"Article\",\"@id\":\"https:\\\/\\\/www.hgf.com\\\/fr\\\/centre-de-connaissances\\\/articles\\\/lislande-laissee-pour-compte-par-le-tribunal-de-lunion-europeenne\\\/#article\",\"isPartOf\":{\"@id\":\"https:\\\/\\\/www.hgf.com\\\/fr\\\/centre-de-connaissances\\\/articles\\\/lislande-laissee-pour-compte-par-le-tribunal-de-lunion-europeenne\\\/\"},\"author\":{\"name\":\"Georgia Melia\",\"@id\":\"https:\\\/\\\/www.hgf.com\\\/fr\\\/#\\\/schema\\\/person\\\/7df0a22a79ff7cc91642cd3ce4882036\"},\"headline\":\"L&#8217;ISLANDE laiss\u00e9e pour compte par le Tribunal de l&#8217;Union europ\u00e9enne\",\"datePublished\":\"2025-08-28T09:36:12+00:00\",\"dateModified\":\"2025-10-03T17:20:11+00:00\",\"mainEntityOfPage\":{\"@id\":\"https:\\\/\\\/www.hgf.com\\\/fr\\\/centre-de-connaissances\\\/articles\\\/lislande-laissee-pour-compte-par-le-tribunal-de-lunion-europeenne\\\/\"},\"wordCount\":1211,\"publisher\":{\"@id\":\"https:\\\/\\\/www.hgf.com\\\/fr\\\/#organization\"},\"image\":{\"@id\":\"https:\\\/\\\/www.hgf.com\\\/fr\\\/centre-de-connaissances\\\/articles\\\/lislande-laissee-pour-compte-par-le-tribunal-de-lunion-europeenne\\\/#primaryimage\"},\"thumbnailUrl\":\"https:\\\/\\\/www.hgf.com\\\/wp-content\\\/uploads\\\/2025\\\/08\\\/Iceland-768x434-1.png\",\"articleSection\":[\"Articles\",\"Centre de connaissances\"],\"inLanguage\":\"fr-FR\"},{\"@type\":\"WebPage\",\"@id\":\"https:\\\/\\\/www.hgf.com\\\/fr\\\/centre-de-connaissances\\\/articles\\\/lislande-laissee-pour-compte-par-le-tribunal-de-lunion-europeenne\\\/\",\"url\":\"https:\\\/\\\/www.hgf.com\\\/fr\\\/centre-de-connaissances\\\/articles\\\/lislande-laissee-pour-compte-par-le-tribunal-de-lunion-europeenne\\\/\",\"name\":\"L'ISLANDE laiss\u00e9e pour compte par le Tribunal de l'Union europ\u00e9enne - HGF\",\"isPartOf\":{\"@id\":\"https:\\\/\\\/www.hgf.com\\\/fr\\\/#website\"},\"primaryImageOfPage\":{\"@id\":\"https:\\\/\\\/www.hgf.com\\\/fr\\\/centre-de-connaissances\\\/articles\\\/lislande-laissee-pour-compte-par-le-tribunal-de-lunion-europeenne\\\/#primaryimage\"},\"image\":{\"@id\":\"https:\\\/\\\/www.hgf.com\\\/fr\\\/centre-de-connaissances\\\/articles\\\/lislande-laissee-pour-compte-par-le-tribunal-de-lunion-europeenne\\\/#primaryimage\"},\"thumbnailUrl\":\"https:\\\/\\\/www.hgf.com\\\/wp-content\\\/uploads\\\/2025\\\/08\\\/Iceland-768x434-1.png\",\"datePublished\":\"2025-08-28T09:36:12+00:00\",\"dateModified\":\"2025-10-03T17:20:11+00:00\",\"description\":\"Le Tribunal de l'UE a rendu sa d\u00e9cision concernant le recours d'Iceland Foods Ltd contre une d\u00e9cision de la Grande Chambre de recours de l'EUIPO\",\"inLanguage\":\"fr-FR\",\"potentialAction\":[{\"@type\":\"ReadAction\",\"target\":[\"https:\\\/\\\/www.hgf.com\\\/fr\\\/centre-de-connaissances\\\/articles\\\/lislande-laissee-pour-compte-par-le-tribunal-de-lunion-europeenne\\\/\"]}]},{\"@type\":\"ImageObject\",\"inLanguage\":\"fr-FR\",\"@id\":\"https:\\\/\\\/www.hgf.com\\\/fr\\\/centre-de-connaissances\\\/articles\\\/lislande-laissee-pour-compte-par-le-tribunal-de-lunion-europeenne\\\/#primaryimage\",\"url\":\"https:\\\/\\\/www.hgf.com\\\/wp-content\\\/uploads\\\/2025\\\/08\\\/Iceland-768x434-1.png\",\"contentUrl\":\"https:\\\/\\\/www.hgf.com\\\/wp-content\\\/uploads\\\/2025\\\/08\\\/Iceland-768x434-1.png\",\"width\":768,\"height\":434},{\"@type\":\"WebSite\",\"@id\":\"https:\\\/\\\/www.hgf.com\\\/fr\\\/#website\",\"url\":\"https:\\\/\\\/www.hgf.com\\\/fr\\\/\",\"name\":\"HGF\",\"description\":\"Intellectual Property Rights specialists\",\"publisher\":{\"@id\":\"https:\\\/\\\/www.hgf.com\\\/fr\\\/#organization\"},\"potentialAction\":[{\"@type\":\"SearchAction\",\"target\":{\"@type\":\"EntryPoint\",\"urlTemplate\":\"https:\\\/\\\/www.hgf.com\\\/fr\\\/?s={search_term_string}\"},\"query-input\":{\"@type\":\"PropertyValueSpecification\",\"valueRequired\":true,\"valueName\":\"search_term_string\"}}],\"inLanguage\":\"fr-FR\"},{\"@type\":\"Organization\",\"@id\":\"https:\\\/\\\/www.hgf.com\\\/fr\\\/#organization\",\"name\":\"HGF\",\"url\":\"https:\\\/\\\/www.hgf.com\\\/fr\\\/\",\"logo\":{\"@type\":\"ImageObject\",\"inLanguage\":\"fr-FR\",\"@id\":\"https:\\\/\\\/www.hgf.com\\\/fr\\\/#\\\/schema\\\/logo\\\/image\\\/\",\"url\":\"https:\\\/\\\/www.hgf.com\\\/wp-content\\\/uploads\\\/2023\\\/04\\\/hgf-logo-696x696-1.png\",\"contentUrl\":\"https:\\\/\\\/www.hgf.com\\\/wp-content\\\/uploads\\\/2023\\\/04\\\/hgf-logo-696x696-1.png\",\"width\":696,\"height\":696,\"caption\":\"HGF\"},\"image\":{\"@id\":\"https:\\\/\\\/www.hgf.com\\\/fr\\\/#\\\/schema\\\/logo\\\/image\\\/\"},\"sameAs\":[\"https:\\\/\\\/x.com\\\/hgf_ip\",\"https:\\\/\\\/www.linkedin.com\\\/company\\\/hgf-limited-intellectual-property-specialists\\\/\"]},{\"@type\":\"Person\",\"@id\":\"https:\\\/\\\/www.hgf.com\\\/fr\\\/#\\\/schema\\\/person\\\/7df0a22a79ff7cc91642cd3ce4882036\",\"name\":\"Georgia Melia\",\"image\":{\"@type\":\"ImageObject\",\"inLanguage\":\"fr-FR\",\"@id\":\"https:\\\/\\\/secure.gravatar.com\\\/avatar\\\/bc759620959e751b0f1ac49d89cb60b8f62218f980cb9e4919ee6eb01c4fed6f?s=96&d=mm&r=g\",\"url\":\"https:\\\/\\\/secure.gravatar.com\\\/avatar\\\/bc759620959e751b0f1ac49d89cb60b8f62218f980cb9e4919ee6eb01c4fed6f?s=96&d=mm&r=g\",\"contentUrl\":\"https:\\\/\\\/secure.gravatar.com\\\/avatar\\\/bc759620959e751b0f1ac49d89cb60b8f62218f980cb9e4919ee6eb01c4fed6f?s=96&d=mm&r=g\",\"caption\":\"Georgia Melia\"}}]}<\/script>\n<!-- \/ Yoast SEO Premium plugin. -->","yoast_head_json":{"title":"L'ISLANDE laiss\u00e9e pour compte par le Tribunal de l'Union europ\u00e9enne - HGF","description":"Le Tribunal de l'UE a rendu sa d\u00e9cision concernant le recours d'Iceland Foods Ltd contre une d\u00e9cision de la Grande Chambre de recours de l'EUIPO","robots":{"index":"index","follow":"follow","max-snippet":"max-snippet:-1","max-image-preview":"max-image-preview:large","max-video-preview":"max-video-preview:-1"},"canonical":"https:\/\/www.hgf.com\/fr\/centre-de-connaissances\/articles\/lislande-laissee-pour-compte-par-le-tribunal-de-lunion-europeenne\/","og_locale":"fr_FR","og_type":"article","og_title":"L'ISLANDE laiss\u00e9e pour compte par le Tribunal de l'Union europ\u00e9enne","og_description":"Plus t\u00f4t dans le mois, le Tribunal de l'UE a rendu sa d\u00e9cision concernant le recours d'Iceland Foods Ltd contre une d\u00e9cision de la Grande Chambre de","og_url":"https:\/\/www.hgf.com\/fr\/centre-de-connaissances\/articles\/lislande-laissee-pour-compte-par-le-tribunal-de-lunion-europeenne\/","og_site_name":"HGF","article_published_time":"2025-08-28T09:36:12+00:00","article_modified_time":"2025-10-03T17:20:11+00:00","og_image":[{"width":768,"height":434,"url":"https:\/\/www.hgf.com\/wp-content\/uploads\/2025\/08\/Iceland-768x434-1.png","type":"image\/png"}],"author":"Georgia Melia","twitter_card":"summary_large_image","twitter_creator":"@hgf_ip","twitter_site":"@hgf_ip","twitter_misc":{"\u00c9crit par":"Georgia Melia","Dur\u00e9e de lecture estim\u00e9e":"6 minutes"},"schema":{"@context":"https:\/\/schema.org","@graph":[{"@type":"Article","@id":"https:\/\/www.hgf.com\/fr\/centre-de-connaissances\/articles\/lislande-laissee-pour-compte-par-le-tribunal-de-lunion-europeenne\/#article","isPartOf":{"@id":"https:\/\/www.hgf.com\/fr\/centre-de-connaissances\/articles\/lislande-laissee-pour-compte-par-le-tribunal-de-lunion-europeenne\/"},"author":{"name":"Georgia Melia","@id":"https:\/\/www.hgf.com\/fr\/#\/schema\/person\/7df0a22a79ff7cc91642cd3ce4882036"},"headline":"L&#8217;ISLANDE laiss\u00e9e pour compte par le Tribunal de l&#8217;Union europ\u00e9enne","datePublished":"2025-08-28T09:36:12+00:00","dateModified":"2025-10-03T17:20:11+00:00","mainEntityOfPage":{"@id":"https:\/\/www.hgf.com\/fr\/centre-de-connaissances\/articles\/lislande-laissee-pour-compte-par-le-tribunal-de-lunion-europeenne\/"},"wordCount":1211,"publisher":{"@id":"https:\/\/www.hgf.com\/fr\/#organization"},"image":{"@id":"https:\/\/www.hgf.com\/fr\/centre-de-connaissances\/articles\/lislande-laissee-pour-compte-par-le-tribunal-de-lunion-europeenne\/#primaryimage"},"thumbnailUrl":"https:\/\/www.hgf.com\/wp-content\/uploads\/2025\/08\/Iceland-768x434-1.png","articleSection":["Articles","Centre de connaissances"],"inLanguage":"fr-FR"},{"@type":"WebPage","@id":"https:\/\/www.hgf.com\/fr\/centre-de-connaissances\/articles\/lislande-laissee-pour-compte-par-le-tribunal-de-lunion-europeenne\/","url":"https:\/\/www.hgf.com\/fr\/centre-de-connaissances\/articles\/lislande-laissee-pour-compte-par-le-tribunal-de-lunion-europeenne\/","name":"L'ISLANDE laiss\u00e9e pour compte par le Tribunal de l'Union europ\u00e9enne - HGF","isPartOf":{"@id":"https:\/\/www.hgf.com\/fr\/#website"},"primaryImageOfPage":{"@id":"https:\/\/www.hgf.com\/fr\/centre-de-connaissances\/articles\/lislande-laissee-pour-compte-par-le-tribunal-de-lunion-europeenne\/#primaryimage"},"image":{"@id":"https:\/\/www.hgf.com\/fr\/centre-de-connaissances\/articles\/lislande-laissee-pour-compte-par-le-tribunal-de-lunion-europeenne\/#primaryimage"},"thumbnailUrl":"https:\/\/www.hgf.com\/wp-content\/uploads\/2025\/08\/Iceland-768x434-1.png","datePublished":"2025-08-28T09:36:12+00:00","dateModified":"2025-10-03T17:20:11+00:00","description":"Le Tribunal de l'UE a rendu sa d\u00e9cision concernant le recours d'Iceland Foods Ltd contre une d\u00e9cision de la Grande Chambre de recours de l'EUIPO","inLanguage":"fr-FR","potentialAction":[{"@type":"ReadAction","target":["https:\/\/www.hgf.com\/fr\/centre-de-connaissances\/articles\/lislande-laissee-pour-compte-par-le-tribunal-de-lunion-europeenne\/"]}]},{"@type":"ImageObject","inLanguage":"fr-FR","@id":"https:\/\/www.hgf.com\/fr\/centre-de-connaissances\/articles\/lislande-laissee-pour-compte-par-le-tribunal-de-lunion-europeenne\/#primaryimage","url":"https:\/\/www.hgf.com\/wp-content\/uploads\/2025\/08\/Iceland-768x434-1.png","contentUrl":"https:\/\/www.hgf.com\/wp-content\/uploads\/2025\/08\/Iceland-768x434-1.png","width":768,"height":434},{"@type":"WebSite","@id":"https:\/\/www.hgf.com\/fr\/#website","url":"https:\/\/www.hgf.com\/fr\/","name":"HGF","description":"Intellectual Property Rights specialists","publisher":{"@id":"https:\/\/www.hgf.com\/fr\/#organization"},"potentialAction":[{"@type":"SearchAction","target":{"@type":"EntryPoint","urlTemplate":"https:\/\/www.hgf.com\/fr\/?s={search_term_string}"},"query-input":{"@type":"PropertyValueSpecification","valueRequired":true,"valueName":"search_term_string"}}],"inLanguage":"fr-FR"},{"@type":"Organization","@id":"https:\/\/www.hgf.com\/fr\/#organization","name":"HGF","url":"https:\/\/www.hgf.com\/fr\/","logo":{"@type":"ImageObject","inLanguage":"fr-FR","@id":"https:\/\/www.hgf.com\/fr\/#\/schema\/logo\/image\/","url":"https:\/\/www.hgf.com\/wp-content\/uploads\/2023\/04\/hgf-logo-696x696-1.png","contentUrl":"https:\/\/www.hgf.com\/wp-content\/uploads\/2023\/04\/hgf-logo-696x696-1.png","width":696,"height":696,"caption":"HGF"},"image":{"@id":"https:\/\/www.hgf.com\/fr\/#\/schema\/logo\/image\/"},"sameAs":["https:\/\/x.com\/hgf_ip","https:\/\/www.linkedin.com\/company\/hgf-limited-intellectual-property-specialists\/"]},{"@type":"Person","@id":"https:\/\/www.hgf.com\/fr\/#\/schema\/person\/7df0a22a79ff7cc91642cd3ce4882036","name":"Georgia Melia","image":{"@type":"ImageObject","inLanguage":"fr-FR","@id":"https:\/\/secure.gravatar.com\/avatar\/bc759620959e751b0f1ac49d89cb60b8f62218f980cb9e4919ee6eb01c4fed6f?s=96&d=mm&r=g","url":"https:\/\/secure.gravatar.com\/avatar\/bc759620959e751b0f1ac49d89cb60b8f62218f980cb9e4919ee6eb01c4fed6f?s=96&d=mm&r=g","contentUrl":"https:\/\/secure.gravatar.com\/avatar\/bc759620959e751b0f1ac49d89cb60b8f62218f980cb9e4919ee6eb01c4fed6f?s=96&d=mm&r=g","caption":"Georgia Melia"}}]}},"_links":{"self":[{"href":"https:\/\/www.hgf.com\/fr\/wp-json\/wp\/v2\/posts\/9004111222133997","targetHints":{"allow":["GET"]}}],"collection":[{"href":"https:\/\/www.hgf.com\/fr\/wp-json\/wp\/v2\/posts"}],"about":[{"href":"https:\/\/www.hgf.com\/fr\/wp-json\/wp\/v2\/types\/post"}],"author":[{"embeddable":true,"href":"https:\/\/www.hgf.com\/fr\/wp-json\/wp\/v2\/users\/502"}],"replies":[{"embeddable":true,"href":"https:\/\/www.hgf.com\/fr\/wp-json\/wp\/v2\/comments?post=9004111222133997"}],"version-history":[{"count":0,"href":"https:\/\/www.hgf.com\/fr\/wp-json\/wp\/v2\/posts\/9004111222133997\/revisions"}],"wp:featuredmedia":[{"embeddable":true,"href":"https:\/\/www.hgf.com\/fr\/wp-json\/wp\/v2\/media\/9004111222133998"}],"wp:attachment":[{"href":"https:\/\/www.hgf.com\/fr\/wp-json\/wp\/v2\/media?parent=9004111222133997"}],"wp:term":[{"taxonomy":"category","embeddable":true,"href":"https:\/\/www.hgf.com\/fr\/wp-json\/wp\/v2\/categories?post=9004111222133997"},{"taxonomy":"post_tag","embeddable":true,"href":"https:\/\/www.hgf.com\/fr\/wp-json\/wp\/v2\/tags?post=9004111222133997"}],"curies":[{"name":"wp","href":"https:\/\/api.w.org\/{rel}","templated":true}]}}