{"id":9004111222143725,"date":"2026-04-28T10:03:18","date_gmt":"2026-04-28T09:03:18","guid":{"rendered":"https:\/\/www.hgf.com\/?p=9004111222143725"},"modified":"2026-04-29T14:36:17","modified_gmt":"2026-04-29T13:36:17","slug":"hgf-ist-stolz-darauf-am-14th-microbiome-rd-and-business-collaboration-forum-europe-sowie-am-8th-skin-microbiome-and-cosmeceuticals-congress-europe-teilzunehmen","status":"publish","type":"post","link":"https:\/\/www.hgf.com\/de\/wissens-hub\/veranstaltungen\/hgf-ist-stolz-darauf-am-14th-microbiome-rd-and-business-collaboration-forum-europe-sowie-am-8th-skin-microbiome-and-cosmeceuticals-congress-europe-teilzunehmen\/","title":{"rendered":"HGF ist stolz darauf, am 14th Microbiome R&amp;D and Business Collaboration Forum: Europe sowie am 8th Skin Microbiome and Cosmeceuticals Congress: Europe teilzunehmen."},"content":{"rendered":"<p>HGF ist stolz darauf, am 14th Microbiome R&amp;D and Business Collaboration Forum: Europe sowie am 8th Skin Microbiome and Cosmeceuticals Congress: Europe teilzunehmen.<\/p>\n<p>Die Veranstaltung findet am Montag, den 11., und Dienstag, den 12. Mai in Rotterdam, Niederlande, statt. Sie bietet der Mikrobiom-Community umfassende Einblicke, um wissenschaftliche Entdeckungen in marktf\u00e4hige Produkte zu \u00fcberf\u00fchren.<\/p>\n<p><a href=\"https:\/\/www.hgf.com\/de\/unsere-mitarbeitenden\/craig-thomson\/\">Craig Thomson<\/a>, Partner und Patentanwalt bei HGF, wird zum Thema \u201eAufbau der richtigen IP-Strategie f\u00fcr Entwickler von Gesundheits- und Wellnessprodukten\u201c sprechen.<\/p>\n<p>Entwickler von frei verk\u00e4uflichen Produkten (OTC) geraten h\u00e4ufig in die Falle, Strategien f\u00fcr geistiges Eigentum (IP) zu entwickeln, die sich an den seit Langem etablierten Strategien f\u00fcr klinisch zugelassene Arzneimittel orientieren, was zu kostspieligen, ineffizienten und nicht zielgerichteten IP-Strategien f\u00fchrt. Nachdem wir untersucht haben, was Entwickler im OTC-Markt von IP erwarten, werden wir er\u00f6rtern, wie ein auf nicht klinisch zugelassene Produkte zugeschnittener IP-Ansatz gestaltet werden kann; ein Ansatz, der alle IP-Instrumente intelligent nutzt, um die effizienteste L\u00f6sung zu schaffen. Abschlie\u00dfend betrachten wir, was in Bezug auf ein IP-Portfolio getan werden kann, wenn ein Innovator von der Entwicklung klinisch zugelassener Produkte auf die Entwicklung von OTC-Produkten umschwenkt.<\/p>\n<p><a href=\"https:\/\/www.hgf.com\/de\/unsere-mitarbeitenden\/benoit-lienard\/\">Benoit Lienard<\/a>, Partner und Patentanwalt bei HGF, wird ebenfalls an der Veranstaltung teilnehmen.<\/p>\n","protected":false},"excerpt":{"rendered":"<p>HGF ist stolz darauf, am 14th Microbiome R&amp;D and Business Collaboration Forum: Europe sowie am 8th Skin Microbiome and Cosmeceuticals Congress: Europe teilzunehmen. Die Veranstaltung findet am Montag, den 11., &hellip;<\/p>\n","protected":false},"author":502,"featured_media":9004111222127493,"comment_status":"closed","ping_status":"closed","sticky":false,"template":"","format":"standard","meta":{"_acf_changed":false,"footnotes":""},"categories":[527,525,518],"tags":[],"class_list":["post-9004111222143725","post","type-post","status-publish","format-standard","has-post-thumbnail","hentry","category-andere-veranstaltungen","category-veranstaltungen","category-wissens-hub"],"acf":[],"yoast_head":"<!-- This site is optimized with the Yoast SEO Premium plugin v27.5 (Yoast SEO v27.5) - https:\/\/yoast.com\/product\/yoast-seo-premium-wordpress\/ -->\n<title>HGF ist stolz darauf, am 14th Microbiome R&amp;D and Business Collaboration Forum: Europe sowie am 8th Skin Microbiome and Cosmeceuticals Congress: Europe teilzunehmen. - HGF<\/title>\n<meta name=\"robots\" content=\"index, follow, max-snippet:-1, max-image-preview:large, max-video-preview:-1\" \/>\n<link rel=\"canonical\" href=\"https:\/\/www.hgf.com\/de\/wissens-hub\/veranstaltungen\/hgf-ist-stolz-darauf-am-14th-microbiome-rd-and-business-collaboration-forum-europe-sowie-am-8th-skin-microbiome-and-cosmeceuticals-congress-europe-teilzunehmen\/\" \/>\n<meta property=\"og:locale\" content=\"de_DE\" \/>\n<meta property=\"og:type\" content=\"article\" \/>\n<meta property=\"og:title\" content=\"HGF ist stolz darauf, am 14th Microbiome R&amp;D and Business Collaboration Forum: Europe sowie am 8th Skin Microbiome and Cosmeceuticals Congress: Europe teilzunehmen.\" \/>\n<meta property=\"og:description\" content=\"HGF ist stolz darauf, am 14th Microbiome R&amp;D and Business Collaboration Forum: Europe sowie am 8th Skin Microbiome and Cosmeceuticals Congress: Europe\" \/>\n<meta property=\"og:url\" content=\"https:\/\/www.hgf.com\/de\/wissens-hub\/veranstaltungen\/hgf-ist-stolz-darauf-am-14th-microbiome-rd-and-business-collaboration-forum-europe-sowie-am-8th-skin-microbiome-and-cosmeceuticals-congress-europe-teilzunehmen\/\" \/>\n<meta property=\"og:site_name\" content=\"HGF\" \/>\n<meta property=\"article:published_time\" content=\"2026-04-28T09:03:18+00:00\" \/>\n<meta property=\"article:modified_time\" content=\"2026-04-29T13:36:17+00:00\" \/>\n<meta property=\"og:image\" content=\"https:\/\/www.hgf.com\/wp-content\/uploads\/2023\/02\/hgf-logo.jpg\" \/>\n\t<meta property=\"og:image:width\" content=\"1920\" \/>\n\t<meta property=\"og:image:height\" content=\"1080\" \/>\n\t<meta property=\"og:image:type\" content=\"image\/jpeg\" \/>\n<meta name=\"author\" content=\"Georgia Melia\" \/>\n<meta name=\"twitter:card\" content=\"summary_large_image\" \/>\n<meta name=\"twitter:creator\" content=\"@hgf_ip\" \/>\n<meta name=\"twitter:site\" content=\"@hgf_ip\" \/>\n<meta name=\"twitter:label1\" content=\"Verfasst von\" \/>\n\t<meta name=\"twitter:data1\" content=\"Georgia Melia\" \/>\n\t<meta name=\"twitter:label2\" content=\"Gesch\u00e4tzte Lesezeit\" \/>\n\t<meta name=\"twitter:data2\" content=\"1 Minute\" \/>\n<script type=\"application\/ld+json\" class=\"yoast-schema-graph\">{\"@context\":\"https:\\\/\\\/schema.org\",\"@graph\":[{\"@type\":\"Article\",\"@id\":\"https:\\\/\\\/www.hgf.com\\\/de\\\/wissens-hub\\\/veranstaltungen\\\/hgf-ist-stolz-darauf-am-14th-microbiome-rd-and-business-collaboration-forum-europe-sowie-am-8th-skin-microbiome-and-cosmeceuticals-congress-europe-teilzunehmen\\\/#article\",\"isPartOf\":{\"@id\":\"https:\\\/\\\/www.hgf.com\\\/de\\\/wissens-hub\\\/veranstaltungen\\\/hgf-ist-stolz-darauf-am-14th-microbiome-rd-and-business-collaboration-forum-europe-sowie-am-8th-skin-microbiome-and-cosmeceuticals-congress-europe-teilzunehmen\\\/\"},\"author\":{\"name\":\"Georgia Melia\",\"@id\":\"https:\\\/\\\/www.hgf.com\\\/de\\\/#\\\/schema\\\/person\\\/7df0a22a79ff7cc91642cd3ce4882036\"},\"headline\":\"HGF ist stolz darauf, am 14th Microbiome R&amp;D and Business Collaboration Forum: Europe sowie am 8th Skin Microbiome and Cosmeceuticals Congress: Europe teilzunehmen.\",\"datePublished\":\"2026-04-28T09:03:18+00:00\",\"dateModified\":\"2026-04-29T13:36:17+00:00\",\"mainEntityOfPage\":{\"@id\":\"https:\\\/\\\/www.hgf.com\\\/de\\\/wissens-hub\\\/veranstaltungen\\\/hgf-ist-stolz-darauf-am-14th-microbiome-rd-and-business-collaboration-forum-europe-sowie-am-8th-skin-microbiome-and-cosmeceuticals-congress-europe-teilzunehmen\\\/\"},\"wordCount\":229,\"publisher\":{\"@id\":\"https:\\\/\\\/www.hgf.com\\\/de\\\/#organization\"},\"image\":{\"@id\":\"https:\\\/\\\/www.hgf.com\\\/de\\\/wissens-hub\\\/veranstaltungen\\\/hgf-ist-stolz-darauf-am-14th-microbiome-rd-and-business-collaboration-forum-europe-sowie-am-8th-skin-microbiome-and-cosmeceuticals-congress-europe-teilzunehmen\\\/#primaryimage\"},\"thumbnailUrl\":\"https:\\\/\\\/www.hgf.com\\\/wp-content\\\/uploads\\\/2023\\\/02\\\/hgf-logo.jpg\",\"articleSection\":[\"Andere Veranstaltungen\",\"Veranstaltungen\",\"Wissens Hub\"],\"inLanguage\":\"de-DE\"},{\"@type\":\"WebPage\",\"@id\":\"https:\\\/\\\/www.hgf.com\\\/de\\\/wissens-hub\\\/veranstaltungen\\\/hgf-ist-stolz-darauf-am-14th-microbiome-rd-and-business-collaboration-forum-europe-sowie-am-8th-skin-microbiome-and-cosmeceuticals-congress-europe-teilzunehmen\\\/\",\"url\":\"https:\\\/\\\/www.hgf.com\\\/de\\\/wissens-hub\\\/veranstaltungen\\\/hgf-ist-stolz-darauf-am-14th-microbiome-rd-and-business-collaboration-forum-europe-sowie-am-8th-skin-microbiome-and-cosmeceuticals-congress-europe-teilzunehmen\\\/\",\"name\":\"HGF ist stolz darauf, am 14th Microbiome R&amp;D and Business Collaboration Forum: Europe sowie am 8th Skin Microbiome and Cosmeceuticals Congress: Europe teilzunehmen. - HGF\",\"isPartOf\":{\"@id\":\"https:\\\/\\\/www.hgf.com\\\/de\\\/#website\"},\"primaryImageOfPage\":{\"@id\":\"https:\\\/\\\/www.hgf.com\\\/de\\\/wissens-hub\\\/veranstaltungen\\\/hgf-ist-stolz-darauf-am-14th-microbiome-rd-and-business-collaboration-forum-europe-sowie-am-8th-skin-microbiome-and-cosmeceuticals-congress-europe-teilzunehmen\\\/#primaryimage\"},\"image\":{\"@id\":\"https:\\\/\\\/www.hgf.com\\\/de\\\/wissens-hub\\\/veranstaltungen\\\/hgf-ist-stolz-darauf-am-14th-microbiome-rd-and-business-collaboration-forum-europe-sowie-am-8th-skin-microbiome-and-cosmeceuticals-congress-europe-teilzunehmen\\\/#primaryimage\"},\"thumbnailUrl\":\"https:\\\/\\\/www.hgf.com\\\/wp-content\\\/uploads\\\/2023\\\/02\\\/hgf-logo.jpg\",\"datePublished\":\"2026-04-28T09:03:18+00:00\",\"dateModified\":\"2026-04-29T13:36:17+00:00\",\"inLanguage\":\"de-DE\",\"potentialAction\":[{\"@type\":\"ReadAction\",\"target\":[\"https:\\\/\\\/www.hgf.com\\\/de\\\/wissens-hub\\\/veranstaltungen\\\/hgf-ist-stolz-darauf-am-14th-microbiome-rd-and-business-collaboration-forum-europe-sowie-am-8th-skin-microbiome-and-cosmeceuticals-congress-europe-teilzunehmen\\\/\"]}]},{\"@type\":\"ImageObject\",\"inLanguage\":\"de-DE\",\"@id\":\"https:\\\/\\\/www.hgf.com\\\/de\\\/wissens-hub\\\/veranstaltungen\\\/hgf-ist-stolz-darauf-am-14th-microbiome-rd-and-business-collaboration-forum-europe-sowie-am-8th-skin-microbiome-and-cosmeceuticals-congress-europe-teilzunehmen\\\/#primaryimage\",\"url\":\"https:\\\/\\\/www.hgf.com\\\/wp-content\\\/uploads\\\/2023\\\/02\\\/hgf-logo.jpg\",\"contentUrl\":\"https:\\\/\\\/www.hgf.com\\\/wp-content\\\/uploads\\\/2023\\\/02\\\/hgf-logo.jpg\",\"width\":1920,\"height\":1080},{\"@type\":\"WebSite\",\"@id\":\"https:\\\/\\\/www.hgf.com\\\/de\\\/#website\",\"url\":\"https:\\\/\\\/www.hgf.com\\\/de\\\/\",\"name\":\"HGF\",\"description\":\"Intellectual Property Rights specialists\",\"publisher\":{\"@id\":\"https:\\\/\\\/www.hgf.com\\\/de\\\/#organization\"},\"potentialAction\":[{\"@type\":\"SearchAction\",\"target\":{\"@type\":\"EntryPoint\",\"urlTemplate\":\"https:\\\/\\\/www.hgf.com\\\/de\\\/?s={search_term_string}\"},\"query-input\":{\"@type\":\"PropertyValueSpecification\",\"valueRequired\":true,\"valueName\":\"search_term_string\"}}],\"inLanguage\":\"de-DE\"},{\"@type\":\"Organization\",\"@id\":\"https:\\\/\\\/www.hgf.com\\\/de\\\/#organization\",\"name\":\"HGF\",\"url\":\"https:\\\/\\\/www.hgf.com\\\/de\\\/\",\"logo\":{\"@type\":\"ImageObject\",\"inLanguage\":\"de-DE\",\"@id\":\"https:\\\/\\\/www.hgf.com\\\/de\\\/#\\\/schema\\\/logo\\\/image\\\/\",\"url\":\"https:\\\/\\\/www.hgf.com\\\/wp-content\\\/uploads\\\/2023\\\/04\\\/hgf-logo-696x696-1.png\",\"contentUrl\":\"https:\\\/\\\/www.hgf.com\\\/wp-content\\\/uploads\\\/2023\\\/04\\\/hgf-logo-696x696-1.png\",\"width\":696,\"height\":696,\"caption\":\"HGF\"},\"image\":{\"@id\":\"https:\\\/\\\/www.hgf.com\\\/de\\\/#\\\/schema\\\/logo\\\/image\\\/\"},\"sameAs\":[\"https:\\\/\\\/x.com\\\/hgf_ip\",\"https:\\\/\\\/www.linkedin.com\\\/company\\\/hgf-limited-intellectual-property-specialists\\\/\"]},{\"@type\":\"Person\",\"@id\":\"https:\\\/\\\/www.hgf.com\\\/de\\\/#\\\/schema\\\/person\\\/7df0a22a79ff7cc91642cd3ce4882036\",\"name\":\"Georgia Melia\",\"image\":{\"@type\":\"ImageObject\",\"inLanguage\":\"de-DE\",\"@id\":\"https:\\\/\\\/secure.gravatar.com\\\/avatar\\\/bc759620959e751b0f1ac49d89cb60b8f62218f980cb9e4919ee6eb01c4fed6f?s=96&d=mm&r=g\",\"url\":\"https:\\\/\\\/secure.gravatar.com\\\/avatar\\\/bc759620959e751b0f1ac49d89cb60b8f62218f980cb9e4919ee6eb01c4fed6f?s=96&d=mm&r=g\",\"contentUrl\":\"https:\\\/\\\/secure.gravatar.com\\\/avatar\\\/bc759620959e751b0f1ac49d89cb60b8f62218f980cb9e4919ee6eb01c4fed6f?s=96&d=mm&r=g\",\"caption\":\"Georgia Melia\"}}]}<\/script>\n<!-- \/ Yoast SEO Premium plugin. -->","yoast_head_json":{"title":"HGF ist stolz darauf, am 14th Microbiome R&amp;D and Business Collaboration Forum: Europe sowie am 8th Skin Microbiome and Cosmeceuticals Congress: Europe teilzunehmen. - HGF","robots":{"index":"index","follow":"follow","max-snippet":"max-snippet:-1","max-image-preview":"max-image-preview:large","max-video-preview":"max-video-preview:-1"},"canonical":"https:\/\/www.hgf.com\/de\/wissens-hub\/veranstaltungen\/hgf-ist-stolz-darauf-am-14th-microbiome-rd-and-business-collaboration-forum-europe-sowie-am-8th-skin-microbiome-and-cosmeceuticals-congress-europe-teilzunehmen\/","og_locale":"de_DE","og_type":"article","og_title":"HGF ist stolz darauf, am 14th Microbiome R&amp;D and Business Collaboration Forum: Europe sowie am 8th Skin Microbiome and Cosmeceuticals Congress: Europe teilzunehmen.","og_description":"HGF ist stolz darauf, am 14th Microbiome R&amp;D and Business Collaboration Forum: Europe sowie am 8th Skin Microbiome and Cosmeceuticals Congress: Europe","og_url":"https:\/\/www.hgf.com\/de\/wissens-hub\/veranstaltungen\/hgf-ist-stolz-darauf-am-14th-microbiome-rd-and-business-collaboration-forum-europe-sowie-am-8th-skin-microbiome-and-cosmeceuticals-congress-europe-teilzunehmen\/","og_site_name":"HGF","article_published_time":"2026-04-28T09:03:18+00:00","article_modified_time":"2026-04-29T13:36:17+00:00","og_image":[{"width":1920,"height":1080,"url":"https:\/\/www.hgf.com\/wp-content\/uploads\/2023\/02\/hgf-logo.jpg","type":"image\/jpeg"}],"author":"Georgia Melia","twitter_card":"summary_large_image","twitter_creator":"@hgf_ip","twitter_site":"@hgf_ip","twitter_misc":{"Verfasst von":"Georgia Melia","Gesch\u00e4tzte Lesezeit":"1 Minute"},"schema":{"@context":"https:\/\/schema.org","@graph":[{"@type":"Article","@id":"https:\/\/www.hgf.com\/de\/wissens-hub\/veranstaltungen\/hgf-ist-stolz-darauf-am-14th-microbiome-rd-and-business-collaboration-forum-europe-sowie-am-8th-skin-microbiome-and-cosmeceuticals-congress-europe-teilzunehmen\/#article","isPartOf":{"@id":"https:\/\/www.hgf.com\/de\/wissens-hub\/veranstaltungen\/hgf-ist-stolz-darauf-am-14th-microbiome-rd-and-business-collaboration-forum-europe-sowie-am-8th-skin-microbiome-and-cosmeceuticals-congress-europe-teilzunehmen\/"},"author":{"name":"Georgia Melia","@id":"https:\/\/www.hgf.com\/de\/#\/schema\/person\/7df0a22a79ff7cc91642cd3ce4882036"},"headline":"HGF ist stolz darauf, am 14th Microbiome R&amp;D and Business Collaboration Forum: Europe sowie am 8th Skin Microbiome and Cosmeceuticals Congress: Europe teilzunehmen.","datePublished":"2026-04-28T09:03:18+00:00","dateModified":"2026-04-29T13:36:17+00:00","mainEntityOfPage":{"@id":"https:\/\/www.hgf.com\/de\/wissens-hub\/veranstaltungen\/hgf-ist-stolz-darauf-am-14th-microbiome-rd-and-business-collaboration-forum-europe-sowie-am-8th-skin-microbiome-and-cosmeceuticals-congress-europe-teilzunehmen\/"},"wordCount":229,"publisher":{"@id":"https:\/\/www.hgf.com\/de\/#organization"},"image":{"@id":"https:\/\/www.hgf.com\/de\/wissens-hub\/veranstaltungen\/hgf-ist-stolz-darauf-am-14th-microbiome-rd-and-business-collaboration-forum-europe-sowie-am-8th-skin-microbiome-and-cosmeceuticals-congress-europe-teilzunehmen\/#primaryimage"},"thumbnailUrl":"https:\/\/www.hgf.com\/wp-content\/uploads\/2023\/02\/hgf-logo.jpg","articleSection":["Andere Veranstaltungen","Veranstaltungen","Wissens Hub"],"inLanguage":"de-DE"},{"@type":"WebPage","@id":"https:\/\/www.hgf.com\/de\/wissens-hub\/veranstaltungen\/hgf-ist-stolz-darauf-am-14th-microbiome-rd-and-business-collaboration-forum-europe-sowie-am-8th-skin-microbiome-and-cosmeceuticals-congress-europe-teilzunehmen\/","url":"https:\/\/www.hgf.com\/de\/wissens-hub\/veranstaltungen\/hgf-ist-stolz-darauf-am-14th-microbiome-rd-and-business-collaboration-forum-europe-sowie-am-8th-skin-microbiome-and-cosmeceuticals-congress-europe-teilzunehmen\/","name":"HGF ist stolz darauf, am 14th Microbiome R&amp;D and Business Collaboration Forum: Europe sowie am 8th Skin Microbiome and Cosmeceuticals Congress: Europe teilzunehmen. - HGF","isPartOf":{"@id":"https:\/\/www.hgf.com\/de\/#website"},"primaryImageOfPage":{"@id":"https:\/\/www.hgf.com\/de\/wissens-hub\/veranstaltungen\/hgf-ist-stolz-darauf-am-14th-microbiome-rd-and-business-collaboration-forum-europe-sowie-am-8th-skin-microbiome-and-cosmeceuticals-congress-europe-teilzunehmen\/#primaryimage"},"image":{"@id":"https:\/\/www.hgf.com\/de\/wissens-hub\/veranstaltungen\/hgf-ist-stolz-darauf-am-14th-microbiome-rd-and-business-collaboration-forum-europe-sowie-am-8th-skin-microbiome-and-cosmeceuticals-congress-europe-teilzunehmen\/#primaryimage"},"thumbnailUrl":"https:\/\/www.hgf.com\/wp-content\/uploads\/2023\/02\/hgf-logo.jpg","datePublished":"2026-04-28T09:03:18+00:00","dateModified":"2026-04-29T13:36:17+00:00","inLanguage":"de-DE","potentialAction":[{"@type":"ReadAction","target":["https:\/\/www.hgf.com\/de\/wissens-hub\/veranstaltungen\/hgf-ist-stolz-darauf-am-14th-microbiome-rd-and-business-collaboration-forum-europe-sowie-am-8th-skin-microbiome-and-cosmeceuticals-congress-europe-teilzunehmen\/"]}]},{"@type":"ImageObject","inLanguage":"de-DE","@id":"https:\/\/www.hgf.com\/de\/wissens-hub\/veranstaltungen\/hgf-ist-stolz-darauf-am-14th-microbiome-rd-and-business-collaboration-forum-europe-sowie-am-8th-skin-microbiome-and-cosmeceuticals-congress-europe-teilzunehmen\/#primaryimage","url":"https:\/\/www.hgf.com\/wp-content\/uploads\/2023\/02\/hgf-logo.jpg","contentUrl":"https:\/\/www.hgf.com\/wp-content\/uploads\/2023\/02\/hgf-logo.jpg","width":1920,"height":1080},{"@type":"WebSite","@id":"https:\/\/www.hgf.com\/de\/#website","url":"https:\/\/www.hgf.com\/de\/","name":"HGF","description":"Intellectual Property Rights specialists","publisher":{"@id":"https:\/\/www.hgf.com\/de\/#organization"},"potentialAction":[{"@type":"SearchAction","target":{"@type":"EntryPoint","urlTemplate":"https:\/\/www.hgf.com\/de\/?s={search_term_string}"},"query-input":{"@type":"PropertyValueSpecification","valueRequired":true,"valueName":"search_term_string"}}],"inLanguage":"de-DE"},{"@type":"Organization","@id":"https:\/\/www.hgf.com\/de\/#organization","name":"HGF","url":"https:\/\/www.hgf.com\/de\/","logo":{"@type":"ImageObject","inLanguage":"de-DE","@id":"https:\/\/www.hgf.com\/de\/#\/schema\/logo\/image\/","url":"https:\/\/www.hgf.com\/wp-content\/uploads\/2023\/04\/hgf-logo-696x696-1.png","contentUrl":"https:\/\/www.hgf.com\/wp-content\/uploads\/2023\/04\/hgf-logo-696x696-1.png","width":696,"height":696,"caption":"HGF"},"image":{"@id":"https:\/\/www.hgf.com\/de\/#\/schema\/logo\/image\/"},"sameAs":["https:\/\/x.com\/hgf_ip","https:\/\/www.linkedin.com\/company\/hgf-limited-intellectual-property-specialists\/"]},{"@type":"Person","@id":"https:\/\/www.hgf.com\/de\/#\/schema\/person\/7df0a22a79ff7cc91642cd3ce4882036","name":"Georgia Melia","image":{"@type":"ImageObject","inLanguage":"de-DE","@id":"https:\/\/secure.gravatar.com\/avatar\/bc759620959e751b0f1ac49d89cb60b8f62218f980cb9e4919ee6eb01c4fed6f?s=96&d=mm&r=g","url":"https:\/\/secure.gravatar.com\/avatar\/bc759620959e751b0f1ac49d89cb60b8f62218f980cb9e4919ee6eb01c4fed6f?s=96&d=mm&r=g","contentUrl":"https:\/\/secure.gravatar.com\/avatar\/bc759620959e751b0f1ac49d89cb60b8f62218f980cb9e4919ee6eb01c4fed6f?s=96&d=mm&r=g","caption":"Georgia Melia"}}]}},"_links":{"self":[{"href":"https:\/\/www.hgf.com\/de\/wp-json\/wp\/v2\/posts\/9004111222143725","targetHints":{"allow":["GET"]}}],"collection":[{"href":"https:\/\/www.hgf.com\/de\/wp-json\/wp\/v2\/posts"}],"about":[{"href":"https:\/\/www.hgf.com\/de\/wp-json\/wp\/v2\/types\/post"}],"author":[{"embeddable":true,"href":"https:\/\/www.hgf.com\/de\/wp-json\/wp\/v2\/users\/502"}],"replies":[{"embeddable":true,"href":"https:\/\/www.hgf.com\/de\/wp-json\/wp\/v2\/comments?post=9004111222143725"}],"version-history":[{"count":0,"href":"https:\/\/www.hgf.com\/de\/wp-json\/wp\/v2\/posts\/9004111222143725\/revisions"}],"wp:featuredmedia":[{"embeddable":true,"href":"https:\/\/www.hgf.com\/de\/wp-json\/wp\/v2\/media\/9004111222127493"}],"wp:attachment":[{"href":"https:\/\/www.hgf.com\/de\/wp-json\/wp\/v2\/media?parent=9004111222143725"}],"wp:term":[{"taxonomy":"category","embeddable":true,"href":"https:\/\/www.hgf.com\/de\/wp-json\/wp\/v2\/categories?post=9004111222143725"},{"taxonomy":"post_tag","embeddable":true,"href":"https:\/\/www.hgf.com\/de\/wp-json\/wp\/v2\/tags?post=9004111222143725"}],"curies":[{"name":"wp","href":"https:\/\/api.w.org\/{rel}","templated":true}]}}