{"id":9004111222143656,"date":"2026-04-28T10:03:18","date_gmt":"2026-04-28T09:03:18","guid":{"rendered":"https:\/\/www.hgf.com\/?p=9004111222143656"},"modified":"2026-04-28T10:03:18","modified_gmt":"2026-04-28T09:03:18","slug":"hgf-is-proud-to-be-attending-the-14th-microbiome-rd-and-business-collaboration-forum-europe-8th-skin-microbiome-and-cosmeceuticals-congress-europe","status":"publish","type":"post","link":"https:\/\/www.hgf.com\/de\/centre-de-connaissances\/hgf-is-proud-to-be-attending-the-14th-microbiome-rd-and-business-collaboration-forum-europe-8th-skin-microbiome-and-cosmeceuticals-congress-europe\/","title":{"rendered":"HGF is proud to be attending the 14th Microbiome R&#038;D and Business Collaboration Forum: Europe 8th Skin Microbiome and Cosmeceuticals Congress: Europe."},"content":{"rendered":"<p>HGF is proud to be attending the 14th Microbiome R&amp;D and Business Collaboration Forum: Europe 8th Skin Microbiome and Cosmeceuticals Congress: Europe.<\/p>\n<p>It will be held on Monday 11-12<sup>th<\/sup> May in Rotterdam, Netherlands. There will be substantial insights for the microbiome community to transform scientific discoveries into viable products.<\/p>\n<p>HGF Partner and Patent Attorney <a href=\"https:\/\/www.hgf.com\/our-people\/craig-thomson\/\">Craig Thomson<\/a> will be speaking on the topic \u201cBuilding the Right IP Strategy for Health and Wellness products Developers\u201d<\/p>\n<p>Developers of over-the-counter (OTC) products often fall into the trap of creating intellectual property (IP) strategies that are modelled on those that have been long established for clinically approved pharmaceuticals resulting in costly, inefficient, and misaligned IP. After exploring what developers in the OTC market are seeking to obtain from IP, we will discuss how to craft an IP approach tailored to non-clinically approved products; an approach that uses all the IP tools in an intelligent manner to build the most efficient solution. Finally, we will consider what can be done with respect to an IP portfolio when the innovator pivots from clinically approved to OTC product development.<\/p>\n<p>HGF Partner and Patent Attorney <a href=\"https:\/\/www.hgf.com\/our-people\/benoit-lienard\/\">Benoit Lienard<\/a> will also be attending the event.<\/p>\n","protected":false},"excerpt":{"rendered":"<p>HGF is proud to be attending the 14th Microbiome R&amp;D and Business Collaboration Forum: Europe 8th Skin Microbiome and Cosmeceuticals Congress: Europe. It will be held on Monday 11-12th May &hellip;<\/p>\n","protected":false},"author":502,"featured_media":9004111222127492,"comment_status":"closed","ping_status":"closed","sticky":false,"template":"","format":"standard","meta":{"_acf_changed":false,"footnotes":""},"categories":[543,517,545],"tags":[],"class_list":["post-9004111222143656","post","type-post","status-publish","format-standard","has-post-thumbnail","hentry","category-evenements","category-centre-de-connaissances","category-autres-evenements"],"acf":[],"yoast_head":"<!-- This site is optimized with the Yoast SEO Premium plugin v27.4 (Yoast SEO v27.4) - https:\/\/yoast.com\/product\/yoast-seo-premium-wordpress\/ -->\n<title>HGF is proud to be attending the 14th Microbiome R&amp;D and Business Collaboration Forum: Europe 8th Skin Microbiome and Cosmeceuticals Congress: Europe. - HGF<\/title>\n<meta name=\"robots\" content=\"index, follow, max-snippet:-1, max-image-preview:large, max-video-preview:-1\" \/>\n<link rel=\"canonical\" href=\"https:\/\/www.hgf.com\/de\/centre-de-connaissances\/hgf-is-proud-to-be-attending-the-14th-microbiome-rd-and-business-collaboration-forum-europe-8th-skin-microbiome-and-cosmeceuticals-congress-europe\/\" \/>\n<meta property=\"og:locale\" content=\"de_DE\" \/>\n<meta property=\"og:type\" content=\"article\" \/>\n<meta property=\"og:title\" content=\"HGF is proud to be attending the 14th Microbiome R&amp;D and Business Collaboration Forum: Europe 8th Skin Microbiome and Cosmeceuticals Congress: Europe.\" \/>\n<meta property=\"og:description\" content=\"HGF is proud to be attending the 14th Microbiome R&amp;D and Business Collaboration Forum: Europe 8th Skin Microbiome and Cosmeceuticals Congress: Europe.\" \/>\n<meta property=\"og:url\" content=\"https:\/\/www.hgf.com\/de\/centre-de-connaissances\/hgf-is-proud-to-be-attending-the-14th-microbiome-rd-and-business-collaboration-forum-europe-8th-skin-microbiome-and-cosmeceuticals-congress-europe\/\" \/>\n<meta property=\"og:site_name\" content=\"HGF\" \/>\n<meta property=\"article:published_time\" content=\"2026-04-28T09:03:18+00:00\" \/>\n<meta property=\"og:image\" content=\"https:\/\/www.hgf.com\/wp-content\/uploads\/2023\/02\/hgf-logo.jpg\" \/>\n\t<meta property=\"og:image:width\" content=\"1920\" \/>\n\t<meta property=\"og:image:height\" content=\"1080\" \/>\n\t<meta property=\"og:image:type\" content=\"image\/jpeg\" \/>\n<meta name=\"author\" content=\"Georgia Melia\" \/>\n<meta name=\"twitter:card\" content=\"summary_large_image\" \/>\n<meta name=\"twitter:creator\" content=\"@hgf_ip\" \/>\n<meta name=\"twitter:site\" content=\"@hgf_ip\" \/>\n<meta name=\"twitter:label1\" content=\"Verfasst von\" \/>\n\t<meta name=\"twitter:data1\" content=\"Georgia Melia\" \/>\n\t<meta name=\"twitter:label2\" content=\"Gesch\u00e4tzte Lesezeit\" \/>\n\t<meta name=\"twitter:data2\" content=\"1 Minute\" \/>\n<script type=\"application\/ld+json\" class=\"yoast-schema-graph\">{\"@context\":\"https:\\\/\\\/schema.org\",\"@graph\":[{\"@type\":\"Article\",\"@id\":\"https:\\\/\\\/www.hgf.com\\\/de\\\/centre-de-connaissances\\\/hgf-is-proud-to-be-attending-the-14th-microbiome-rd-and-business-collaboration-forum-europe-8th-skin-microbiome-and-cosmeceuticals-congress-europe\\\/#article\",\"isPartOf\":{\"@id\":\"https:\\\/\\\/www.hgf.com\\\/de\\\/centre-de-connaissances\\\/hgf-is-proud-to-be-attending-the-14th-microbiome-rd-and-business-collaboration-forum-europe-8th-skin-microbiome-and-cosmeceuticals-congress-europe\\\/\"},\"author\":{\"name\":\"Georgia Melia\",\"@id\":\"https:\\\/\\\/www.hgf.com\\\/de\\\/#\\\/schema\\\/person\\\/7df0a22a79ff7cc91642cd3ce4882036\"},\"headline\":\"HGF is proud to be attending the 14th Microbiome R&#038;D and Business Collaboration Forum: Europe 8th Skin Microbiome and Cosmeceuticals Congress: Europe.\",\"datePublished\":\"2026-04-28T09:03:18+00:00\",\"mainEntityOfPage\":{\"@id\":\"https:\\\/\\\/www.hgf.com\\\/de\\\/centre-de-connaissances\\\/hgf-is-proud-to-be-attending-the-14th-microbiome-rd-and-business-collaboration-forum-europe-8th-skin-microbiome-and-cosmeceuticals-congress-europe\\\/\"},\"wordCount\":220,\"publisher\":{\"@id\":\"https:\\\/\\\/www.hgf.com\\\/de\\\/#organization\"},\"image\":{\"@id\":\"https:\\\/\\\/www.hgf.com\\\/de\\\/centre-de-connaissances\\\/hgf-is-proud-to-be-attending-the-14th-microbiome-rd-and-business-collaboration-forum-europe-8th-skin-microbiome-and-cosmeceuticals-congress-europe\\\/#primaryimage\"},\"thumbnailUrl\":\"https:\\\/\\\/www.hgf.com\\\/wp-content\\\/uploads\\\/2023\\\/02\\\/hgf-logo.jpg\",\"articleSection\":[\"\u00c9v\u00e9nements\",\"Centre de connaissances\",\"Autres \u00e9v\u00e9nements\"],\"inLanguage\":\"de-DE\"},{\"@type\":\"WebPage\",\"@id\":\"https:\\\/\\\/www.hgf.com\\\/de\\\/centre-de-connaissances\\\/hgf-is-proud-to-be-attending-the-14th-microbiome-rd-and-business-collaboration-forum-europe-8th-skin-microbiome-and-cosmeceuticals-congress-europe\\\/\",\"url\":\"https:\\\/\\\/www.hgf.com\\\/de\\\/centre-de-connaissances\\\/hgf-is-proud-to-be-attending-the-14th-microbiome-rd-and-business-collaboration-forum-europe-8th-skin-microbiome-and-cosmeceuticals-congress-europe\\\/\",\"name\":\"HGF is proud to be attending the 14th Microbiome R&D and Business Collaboration Forum: Europe 8th Skin Microbiome and Cosmeceuticals Congress: Europe. - HGF\",\"isPartOf\":{\"@id\":\"https:\\\/\\\/www.hgf.com\\\/de\\\/#website\"},\"primaryImageOfPage\":{\"@id\":\"https:\\\/\\\/www.hgf.com\\\/de\\\/centre-de-connaissances\\\/hgf-is-proud-to-be-attending-the-14th-microbiome-rd-and-business-collaboration-forum-europe-8th-skin-microbiome-and-cosmeceuticals-congress-europe\\\/#primaryimage\"},\"image\":{\"@id\":\"https:\\\/\\\/www.hgf.com\\\/de\\\/centre-de-connaissances\\\/hgf-is-proud-to-be-attending-the-14th-microbiome-rd-and-business-collaboration-forum-europe-8th-skin-microbiome-and-cosmeceuticals-congress-europe\\\/#primaryimage\"},\"thumbnailUrl\":\"https:\\\/\\\/www.hgf.com\\\/wp-content\\\/uploads\\\/2023\\\/02\\\/hgf-logo.jpg\",\"datePublished\":\"2026-04-28T09:03:18+00:00\",\"inLanguage\":\"de-DE\",\"potentialAction\":[{\"@type\":\"ReadAction\",\"target\":[\"https:\\\/\\\/www.hgf.com\\\/de\\\/centre-de-connaissances\\\/hgf-is-proud-to-be-attending-the-14th-microbiome-rd-and-business-collaboration-forum-europe-8th-skin-microbiome-and-cosmeceuticals-congress-europe\\\/\"]}]},{\"@type\":\"ImageObject\",\"inLanguage\":\"de-DE\",\"@id\":\"https:\\\/\\\/www.hgf.com\\\/de\\\/centre-de-connaissances\\\/hgf-is-proud-to-be-attending-the-14th-microbiome-rd-and-business-collaboration-forum-europe-8th-skin-microbiome-and-cosmeceuticals-congress-europe\\\/#primaryimage\",\"url\":\"https:\\\/\\\/www.hgf.com\\\/wp-content\\\/uploads\\\/2023\\\/02\\\/hgf-logo.jpg\",\"contentUrl\":\"https:\\\/\\\/www.hgf.com\\\/wp-content\\\/uploads\\\/2023\\\/02\\\/hgf-logo.jpg\",\"width\":1920,\"height\":1080},{\"@type\":\"WebSite\",\"@id\":\"https:\\\/\\\/www.hgf.com\\\/de\\\/#website\",\"url\":\"https:\\\/\\\/www.hgf.com\\\/de\\\/\",\"name\":\"HGF\",\"description\":\"Intellectual Property Rights specialists\",\"publisher\":{\"@id\":\"https:\\\/\\\/www.hgf.com\\\/de\\\/#organization\"},\"potentialAction\":[{\"@type\":\"SearchAction\",\"target\":{\"@type\":\"EntryPoint\",\"urlTemplate\":\"https:\\\/\\\/www.hgf.com\\\/de\\\/?s={search_term_string}\"},\"query-input\":{\"@type\":\"PropertyValueSpecification\",\"valueRequired\":true,\"valueName\":\"search_term_string\"}}],\"inLanguage\":\"de-DE\"},{\"@type\":\"Organization\",\"@id\":\"https:\\\/\\\/www.hgf.com\\\/de\\\/#organization\",\"name\":\"HGF\",\"url\":\"https:\\\/\\\/www.hgf.com\\\/de\\\/\",\"logo\":{\"@type\":\"ImageObject\",\"inLanguage\":\"de-DE\",\"@id\":\"https:\\\/\\\/www.hgf.com\\\/de\\\/#\\\/schema\\\/logo\\\/image\\\/\",\"url\":\"https:\\\/\\\/www.hgf.com\\\/wp-content\\\/uploads\\\/2023\\\/04\\\/hgf-logo-696x696-1.png\",\"contentUrl\":\"https:\\\/\\\/www.hgf.com\\\/wp-content\\\/uploads\\\/2023\\\/04\\\/hgf-logo-696x696-1.png\",\"width\":696,\"height\":696,\"caption\":\"HGF\"},\"image\":{\"@id\":\"https:\\\/\\\/www.hgf.com\\\/de\\\/#\\\/schema\\\/logo\\\/image\\\/\"},\"sameAs\":[\"https:\\\/\\\/x.com\\\/hgf_ip\",\"https:\\\/\\\/www.linkedin.com\\\/company\\\/hgf-limited-intellectual-property-specialists\\\/\"]},{\"@type\":\"Person\",\"@id\":\"https:\\\/\\\/www.hgf.com\\\/de\\\/#\\\/schema\\\/person\\\/7df0a22a79ff7cc91642cd3ce4882036\",\"name\":\"Georgia Melia\",\"image\":{\"@type\":\"ImageObject\",\"inLanguage\":\"de-DE\",\"@id\":\"https:\\\/\\\/secure.gravatar.com\\\/avatar\\\/bc759620959e751b0f1ac49d89cb60b8f62218f980cb9e4919ee6eb01c4fed6f?s=96&d=mm&r=g\",\"url\":\"https:\\\/\\\/secure.gravatar.com\\\/avatar\\\/bc759620959e751b0f1ac49d89cb60b8f62218f980cb9e4919ee6eb01c4fed6f?s=96&d=mm&r=g\",\"contentUrl\":\"https:\\\/\\\/secure.gravatar.com\\\/avatar\\\/bc759620959e751b0f1ac49d89cb60b8f62218f980cb9e4919ee6eb01c4fed6f?s=96&d=mm&r=g\",\"caption\":\"Georgia Melia\"}}]}<\/script>\n<!-- \/ Yoast SEO Premium plugin. -->","yoast_head_json":{"title":"HGF is proud to be attending the 14th Microbiome R&D and Business Collaboration Forum: Europe 8th Skin Microbiome and Cosmeceuticals Congress: Europe. - HGF","robots":{"index":"index","follow":"follow","max-snippet":"max-snippet:-1","max-image-preview":"max-image-preview:large","max-video-preview":"max-video-preview:-1"},"canonical":"https:\/\/www.hgf.com\/de\/centre-de-connaissances\/hgf-is-proud-to-be-attending-the-14th-microbiome-rd-and-business-collaboration-forum-europe-8th-skin-microbiome-and-cosmeceuticals-congress-europe\/","og_locale":"de_DE","og_type":"article","og_title":"HGF is proud to be attending the 14th Microbiome R&D and Business Collaboration Forum: Europe 8th Skin Microbiome and Cosmeceuticals Congress: Europe.","og_description":"HGF is proud to be attending the 14th Microbiome R&amp;D and Business Collaboration Forum: Europe 8th Skin Microbiome and Cosmeceuticals Congress: Europe.","og_url":"https:\/\/www.hgf.com\/de\/centre-de-connaissances\/hgf-is-proud-to-be-attending-the-14th-microbiome-rd-and-business-collaboration-forum-europe-8th-skin-microbiome-and-cosmeceuticals-congress-europe\/","og_site_name":"HGF","article_published_time":"2026-04-28T09:03:18+00:00","og_image":[{"width":1920,"height":1080,"url":"https:\/\/www.hgf.com\/wp-content\/uploads\/2023\/02\/hgf-logo.jpg","type":"image\/jpeg"}],"author":"Georgia Melia","twitter_card":"summary_large_image","twitter_creator":"@hgf_ip","twitter_site":"@hgf_ip","twitter_misc":{"Verfasst von":"Georgia Melia","Gesch\u00e4tzte Lesezeit":"1 Minute"},"schema":{"@context":"https:\/\/schema.org","@graph":[{"@type":"Article","@id":"https:\/\/www.hgf.com\/de\/centre-de-connaissances\/hgf-is-proud-to-be-attending-the-14th-microbiome-rd-and-business-collaboration-forum-europe-8th-skin-microbiome-and-cosmeceuticals-congress-europe\/#article","isPartOf":{"@id":"https:\/\/www.hgf.com\/de\/centre-de-connaissances\/hgf-is-proud-to-be-attending-the-14th-microbiome-rd-and-business-collaboration-forum-europe-8th-skin-microbiome-and-cosmeceuticals-congress-europe\/"},"author":{"name":"Georgia Melia","@id":"https:\/\/www.hgf.com\/de\/#\/schema\/person\/7df0a22a79ff7cc91642cd3ce4882036"},"headline":"HGF is proud to be attending the 14th Microbiome R&#038;D and Business Collaboration Forum: Europe 8th Skin Microbiome and Cosmeceuticals Congress: Europe.","datePublished":"2026-04-28T09:03:18+00:00","mainEntityOfPage":{"@id":"https:\/\/www.hgf.com\/de\/centre-de-connaissances\/hgf-is-proud-to-be-attending-the-14th-microbiome-rd-and-business-collaboration-forum-europe-8th-skin-microbiome-and-cosmeceuticals-congress-europe\/"},"wordCount":220,"publisher":{"@id":"https:\/\/www.hgf.com\/de\/#organization"},"image":{"@id":"https:\/\/www.hgf.com\/de\/centre-de-connaissances\/hgf-is-proud-to-be-attending-the-14th-microbiome-rd-and-business-collaboration-forum-europe-8th-skin-microbiome-and-cosmeceuticals-congress-europe\/#primaryimage"},"thumbnailUrl":"https:\/\/www.hgf.com\/wp-content\/uploads\/2023\/02\/hgf-logo.jpg","articleSection":["\u00c9v\u00e9nements","Centre de connaissances","Autres \u00e9v\u00e9nements"],"inLanguage":"de-DE"},{"@type":"WebPage","@id":"https:\/\/www.hgf.com\/de\/centre-de-connaissances\/hgf-is-proud-to-be-attending-the-14th-microbiome-rd-and-business-collaboration-forum-europe-8th-skin-microbiome-and-cosmeceuticals-congress-europe\/","url":"https:\/\/www.hgf.com\/de\/centre-de-connaissances\/hgf-is-proud-to-be-attending-the-14th-microbiome-rd-and-business-collaboration-forum-europe-8th-skin-microbiome-and-cosmeceuticals-congress-europe\/","name":"HGF is proud to be attending the 14th Microbiome R&D and Business Collaboration Forum: Europe 8th Skin Microbiome and Cosmeceuticals Congress: Europe. - HGF","isPartOf":{"@id":"https:\/\/www.hgf.com\/de\/#website"},"primaryImageOfPage":{"@id":"https:\/\/www.hgf.com\/de\/centre-de-connaissances\/hgf-is-proud-to-be-attending-the-14th-microbiome-rd-and-business-collaboration-forum-europe-8th-skin-microbiome-and-cosmeceuticals-congress-europe\/#primaryimage"},"image":{"@id":"https:\/\/www.hgf.com\/de\/centre-de-connaissances\/hgf-is-proud-to-be-attending-the-14th-microbiome-rd-and-business-collaboration-forum-europe-8th-skin-microbiome-and-cosmeceuticals-congress-europe\/#primaryimage"},"thumbnailUrl":"https:\/\/www.hgf.com\/wp-content\/uploads\/2023\/02\/hgf-logo.jpg","datePublished":"2026-04-28T09:03:18+00:00","inLanguage":"de-DE","potentialAction":[{"@type":"ReadAction","target":["https:\/\/www.hgf.com\/de\/centre-de-connaissances\/hgf-is-proud-to-be-attending-the-14th-microbiome-rd-and-business-collaboration-forum-europe-8th-skin-microbiome-and-cosmeceuticals-congress-europe\/"]}]},{"@type":"ImageObject","inLanguage":"de-DE","@id":"https:\/\/www.hgf.com\/de\/centre-de-connaissances\/hgf-is-proud-to-be-attending-the-14th-microbiome-rd-and-business-collaboration-forum-europe-8th-skin-microbiome-and-cosmeceuticals-congress-europe\/#primaryimage","url":"https:\/\/www.hgf.com\/wp-content\/uploads\/2023\/02\/hgf-logo.jpg","contentUrl":"https:\/\/www.hgf.com\/wp-content\/uploads\/2023\/02\/hgf-logo.jpg","width":1920,"height":1080},{"@type":"WebSite","@id":"https:\/\/www.hgf.com\/de\/#website","url":"https:\/\/www.hgf.com\/de\/","name":"HGF","description":"Intellectual Property Rights specialists","publisher":{"@id":"https:\/\/www.hgf.com\/de\/#organization"},"potentialAction":[{"@type":"SearchAction","target":{"@type":"EntryPoint","urlTemplate":"https:\/\/www.hgf.com\/de\/?s={search_term_string}"},"query-input":{"@type":"PropertyValueSpecification","valueRequired":true,"valueName":"search_term_string"}}],"inLanguage":"de-DE"},{"@type":"Organization","@id":"https:\/\/www.hgf.com\/de\/#organization","name":"HGF","url":"https:\/\/www.hgf.com\/de\/","logo":{"@type":"ImageObject","inLanguage":"de-DE","@id":"https:\/\/www.hgf.com\/de\/#\/schema\/logo\/image\/","url":"https:\/\/www.hgf.com\/wp-content\/uploads\/2023\/04\/hgf-logo-696x696-1.png","contentUrl":"https:\/\/www.hgf.com\/wp-content\/uploads\/2023\/04\/hgf-logo-696x696-1.png","width":696,"height":696,"caption":"HGF"},"image":{"@id":"https:\/\/www.hgf.com\/de\/#\/schema\/logo\/image\/"},"sameAs":["https:\/\/x.com\/hgf_ip","https:\/\/www.linkedin.com\/company\/hgf-limited-intellectual-property-specialists\/"]},{"@type":"Person","@id":"https:\/\/www.hgf.com\/de\/#\/schema\/person\/7df0a22a79ff7cc91642cd3ce4882036","name":"Georgia Melia","image":{"@type":"ImageObject","inLanguage":"de-DE","@id":"https:\/\/secure.gravatar.com\/avatar\/bc759620959e751b0f1ac49d89cb60b8f62218f980cb9e4919ee6eb01c4fed6f?s=96&d=mm&r=g","url":"https:\/\/secure.gravatar.com\/avatar\/bc759620959e751b0f1ac49d89cb60b8f62218f980cb9e4919ee6eb01c4fed6f?s=96&d=mm&r=g","contentUrl":"https:\/\/secure.gravatar.com\/avatar\/bc759620959e751b0f1ac49d89cb60b8f62218f980cb9e4919ee6eb01c4fed6f?s=96&d=mm&r=g","caption":"Georgia Melia"}}]}},"_links":{"self":[{"href":"https:\/\/www.hgf.com\/de\/wp-json\/wp\/v2\/posts\/9004111222143656","targetHints":{"allow":["GET"]}}],"collection":[{"href":"https:\/\/www.hgf.com\/de\/wp-json\/wp\/v2\/posts"}],"about":[{"href":"https:\/\/www.hgf.com\/de\/wp-json\/wp\/v2\/types\/post"}],"author":[{"embeddable":true,"href":"https:\/\/www.hgf.com\/de\/wp-json\/wp\/v2\/users\/502"}],"replies":[{"embeddable":true,"href":"https:\/\/www.hgf.com\/de\/wp-json\/wp\/v2\/comments?post=9004111222143656"}],"version-history":[{"count":0,"href":"https:\/\/www.hgf.com\/de\/wp-json\/wp\/v2\/posts\/9004111222143656\/revisions"}],"wp:featuredmedia":[{"embeddable":true,"href":"https:\/\/www.hgf.com\/de\/wp-json\/wp\/v2\/media\/9004111222127492"}],"wp:attachment":[{"href":"https:\/\/www.hgf.com\/de\/wp-json\/wp\/v2\/media?parent=9004111222143656"}],"wp:term":[{"taxonomy":"category","embeddable":true,"href":"https:\/\/www.hgf.com\/de\/wp-json\/wp\/v2\/categories?post=9004111222143656"},{"taxonomy":"post_tag","embeddable":true,"href":"https:\/\/www.hgf.com\/de\/wp-json\/wp\/v2\/tags?post=9004111222143656"}],"curies":[{"name":"wp","href":"https:\/\/api.w.org\/{rel}","templated":true}]}}