{"id":9004111222133324,"date":"2025-09-04T10:39:07","date_gmt":"2025-09-04T09:39:07","guid":{"rendered":"https:\/\/www.hgf.com\/?p=9004111222133324"},"modified":"2025-09-04T10:43:23","modified_gmt":"2025-09-04T09:43:23","slug":"pressemitteilung-hgf-staerkt-seine-praesenz-in-europa-mit-drei-neuen-partnern-in-frankreich-und-deutschland","status":"publish","type":"post","link":"https:\/\/www.hgf.com\/de\/wissens-hub\/news-1\/pressemitteilung-hgf-staerkt-seine-praesenz-in-europa-mit-drei-neuen-partnern-in-frankreich-und-deutschland\/","title":{"rendered":"PRESSEMITTEILUNG HGF st\u00e4rkt seine Pr\u00e4senz in Europa mit drei neuen Partnern in Frankreich und Deutschland"},"content":{"rendered":"<p>HGF st\u00e4rkt seine Pr\u00e4senz in Europa mit drei neuen Partnern in Frankreich und Deutschland<\/p>\n<p>HGF freut sich, die Aufnahme von drei neuen Partnern bekannt zu geben, die die Pr\u00e4senz des Unternehmens in Europa weiter st\u00e4rken werden. Zwei Partner werden in die schnell wachsende franz\u00f6sische Kanzlei des Unternehmens eintreten, einer wird unser erfahrenes Team in M\u00fcnchen verst\u00e4rken.<\/p>\n<p>Die Ernennungen markieren einen weiteren Meilenstein in der europ\u00e4ischen Expansionsstrategie von HGF nach der j\u00fcngsten Private-Equity-Investition im Jahr 2024. Die Investition hat sowohl das Kapital als auch das Vertrauen bereitgestellt, um das Wachstum zu beschleunigen, und unterst\u00fctzt den klaren und ehrgeizigen Plan des Unternehmens, seine Kompetenzen in wichtigen M\u00e4rkten auszubauen.<\/p>\n<ol>\n<li>Laurent Barbe \u2013 Patentpartner in Paris, 1. September<\/li>\n<\/ol>\n<p>Unsere franz\u00f6sische Kanzlei unter der Leitung von Vivien Verbrugge ist weiter gewachsen und hat die Aufmerksamkeit von Kunden und neuen Talenten auf sich gezogen. Laurent kommt von Gevers zum HGF-Team in Frankreich. Zuvor war er als globaler IP-Berater t\u00e4tig und genie\u00dft hohes Ansehen in mechanischen Fachgebieten wie Luftfahrt, Automobilbau und Verpackung. Seine Ernennung erweitert das Team der Kanzlei in diesem innovationsgetriebenen Markt weiter.<\/p>\n<p>Laurent kommentierte: \u201eIch freue mich sehr, zu HGF zu kommen und aktiv am Wachstum von HGF in Frankreich und Europa mitzuwirken. Mit meiner Begeisterung f\u00fcr komplexe Technologien und meinem Engagement f\u00fcr innovative L\u00f6sungen freue ich mich darauf, unsere Kunden dabei zu unterst\u00fctzen, den vollen Wert ihrer Innovationen zu erschlie\u00dfen und zu ihrem langfristigen Erfolg beizutragen.\u201c<\/p>\n<ol start=\"2\">\n<li>Dr. Beno\u00eet Li\u00e9nard \u2013 Patentpartner in Paris, 1. September<\/li>\n<\/ol>\n<p>Beno\u00eet schlie\u00dft sich Laurent als Patentpartner an und wird ebenfalls in Paris t\u00e4tig sein. Beno\u00eet verf\u00fcgt \u00fcber umfangreiche Erfahrung und Fachkenntnisse in den Lebenswissenschaften, die ein breites Spektrum an technischen Bereichen abdecken, darunter Agrochemie, chemische Biologie, Mikrobiologie, Pharmazeutika, analytische Chemie, Biotechnologie, Kosmetik, Medizintechnik, Phytochemie, Polymere, Lebensmittel, Wasseraufbereitung und gr\u00fcne Chemie. Seine Ernennung st\u00e4rkt die Kompetenzen des Teams in diesen vielf\u00e4ltigen und sich schnell entwickelnden Bereichen weiter.<\/p>\n<p>Beno\u00eet kommentierte: \u201eNach fast zwei Jahrzehnten in der IP-Branche, von gro\u00dfen Kanzleien und als Unternehmensjurist bis hin zur Gr\u00fcndung von Start-ups und Kanzleimanagement, habe ich gesehen, wie transformativ eine ma\u00dfgeschneiderte IP-Strategie f\u00fcr innovative Unternehmen sein kann. F\u00fcr mich liegt der Schl\u00fcssel darin, die IP-Strategie auf die kommerziellen Ziele der Kunden abzustimmen und den Wert ihrer Wissenschaft voll auszusch\u00f6pfen. Das integrierte Fachwissen und der kooperative Ansatz von HGF schaffen das ideale Umfeld, um Biotech-Start-ups dabei zu unterst\u00fctzen, ihr volles Potenzial auszusch\u00f6pfen, und ich freue mich darauf, zu dieser Mission beizutragen.\u201c<\/p>\n<ol start=\"3\">\n<li>Felix Daul \u2013 Patentpartner in M\u00fcnchen, 1. September<\/li>\n<\/ol>\n<p>Felix verst\u00e4rkt das HGF-Team in Deutschland als Patentpartner mit Sitz in M\u00fcnchen. Er bringt Erfahrung in allen Bereichen des geistigen Eigentums mit und ist in einer Vielzahl von Branchen t\u00e4tig. Mit seiner fundierten Expertise in den Bereichen Ingenieurwesen, Elektronik und standardessentiellen Patenten in der Mobilkommunikation verf\u00fcgt Felix auch \u00fcber umfangreiche Erfahrung in Rechtsstreitigkeiten vor den deutschen Landgerichten, dem Bundesgerichtshof und dem UPC. Seine Ernennung st\u00e4rkt die Kompetenzen der Kanzlei in den Bereichen Rechtsstreitigkeiten und Patentanmeldung in einem der wettbewerbsintensivsten IP-M\u00e4rkte Europas.<\/p>\n<p>Felix kommentierte: \u201eIch freue mich sehr, Teil einer dynamischen, wachsenden Kanzlei zu sein, die das Ziel verfolgt, Europas IP-Kanzlei erster Wahl zu werden. Mit meiner innovativen Denkweise und meiner Begeisterung f\u00fcr komplexe Technologien freue ich mich darauf, zum weiteren Erfolg unserer Mandanten beizutragen.\u201c<\/p>\n<p>\u00dcber HGF:<\/p>\n<p>HGF Ltd ist eine der gr\u00f6\u00dften Kanzleien Europas, die sich auf geistiges Eigentum spezialisiert hat, mit der Vision, die f\u00fchrende IP-Dienstleistungskanzlei in Europa zu werden. Die Patentanw\u00e4lte, Markenanw\u00e4lte, Designanw\u00e4lte, Rechtsanw\u00e4lte, IP-Solicitors und Rechtsanw\u00e4lte der Kanzlei bieten ihren Mandanten integrierte L\u00f6sungen. HGF erstellt und verwaltet IP-Portfolios f\u00fcr weltweit f\u00fchrende Unternehmen und Forschungsinstitute. Wir beraten Mandanten bei der Schaffung strategischer IP-Verm\u00f6genswerte auf der ganzen Welt und bieten erstklassige Expertise in den Bereichen Einspr\u00fcche, Berufungen, Vermarktung, Streitbeilegung und Rechtsstreitigkeiten zur Verteidigung und Durchsetzung von IP-Rechten.<\/p>\n<p>HGF wird regelm\u00e4\u00dfig mit Branchenauszeichnungen geehrt und von den f\u00fchrenden Anwaltsverzeichnissen anerkannt.<\/p>\n<p>F\u00fcr weitere Informationen wenden Sie sich bitte an Jacqui Weston unter +44 (0)113 233 0100, jweston@hgf.com.<\/p>\n","protected":false},"excerpt":{"rendered":"<p>HGF st\u00e4rkt seine Pr\u00e4senz in Europa mit drei neuen Partnern in Frankreich und Deutschland HGF freut sich, die Aufnahme von drei neuen Partnern bekannt zu geben, die die Pr\u00e4senz des &hellip;<\/p>\n","protected":false},"author":502,"featured_media":9004111222127493,"comment_status":"closed","ping_status":"closed","sticky":false,"template":"","format":"standard","meta":{"_acf_changed":false,"footnotes":""},"categories":[531,518],"tags":[],"class_list":["post-9004111222133324","post","type-post","status-publish","format-standard","has-post-thumbnail","hentry","category-news-1","category-wissens-hub"],"acf":[],"yoast_head":"<!-- This site is optimized with the Yoast SEO Premium plugin v27.5 (Yoast SEO v27.5) - https:\/\/yoast.com\/product\/yoast-seo-premium-wordpress\/ -->\n<title>PRESSEMITTEILUNG HGF st\u00e4rkt seine Pr\u00e4senz in Europa mit drei neuen Partnern in Frankreich und Deutschland - HGF<\/title>\n<meta name=\"robots\" content=\"index, follow, max-snippet:-1, max-image-preview:large, max-video-preview:-1\" \/>\n<link rel=\"canonical\" href=\"https:\/\/www.hgf.com\/de\/wissens-hub\/news-1\/pressemitteilung-hgf-staerkt-seine-praesenz-in-europa-mit-drei-neuen-partnern-in-frankreich-und-deutschland\/\" \/>\n<meta property=\"og:locale\" content=\"de_DE\" \/>\n<meta property=\"og:type\" content=\"article\" \/>\n<meta property=\"og:title\" content=\"PRESSEMITTEILUNG HGF st\u00e4rkt seine Pr\u00e4senz in Europa mit drei neuen Partnern in Frankreich und Deutschland\" \/>\n<meta property=\"og:description\" content=\"HGF st\u00e4rkt seine Pr\u00e4senz in Europa mit drei neuen Partnern in Frankreich und Deutschland HGF freut sich, die Aufnahme von drei neuen Partnern bekannt zu\" \/>\n<meta property=\"og:url\" content=\"https:\/\/www.hgf.com\/de\/wissens-hub\/news-1\/pressemitteilung-hgf-staerkt-seine-praesenz-in-europa-mit-drei-neuen-partnern-in-frankreich-und-deutschland\/\" \/>\n<meta property=\"og:site_name\" content=\"HGF\" \/>\n<meta property=\"article:published_time\" content=\"2025-09-04T09:39:07+00:00\" \/>\n<meta property=\"article:modified_time\" content=\"2025-09-04T09:43:23+00:00\" \/>\n<meta property=\"og:image\" content=\"https:\/\/www.hgf.com\/wp-content\/uploads\/2023\/02\/hgf-logo.jpg\" \/>\n\t<meta property=\"og:image:width\" content=\"1920\" \/>\n\t<meta property=\"og:image:height\" content=\"1080\" \/>\n\t<meta property=\"og:image:type\" content=\"image\/jpeg\" \/>\n<meta name=\"author\" content=\"Georgia Melia\" \/>\n<meta name=\"twitter:card\" content=\"summary_large_image\" \/>\n<meta name=\"twitter:creator\" content=\"@hgf_ip\" \/>\n<meta name=\"twitter:site\" content=\"@hgf_ip\" \/>\n<meta name=\"twitter:label1\" content=\"Verfasst von\" \/>\n\t<meta name=\"twitter:data1\" content=\"Georgia Melia\" \/>\n\t<meta name=\"twitter:label2\" content=\"Gesch\u00e4tzte Lesezeit\" \/>\n\t<meta name=\"twitter:data2\" content=\"3 Minuten\" \/>\n<script type=\"application\/ld+json\" class=\"yoast-schema-graph\">{\"@context\":\"https:\\\/\\\/schema.org\",\"@graph\":[{\"@type\":\"Article\",\"@id\":\"https:\\\/\\\/www.hgf.com\\\/de\\\/wissens-hub\\\/news-1\\\/pressemitteilung-hgf-staerkt-seine-praesenz-in-europa-mit-drei-neuen-partnern-in-frankreich-und-deutschland\\\/#article\",\"isPartOf\":{\"@id\":\"https:\\\/\\\/www.hgf.com\\\/de\\\/wissens-hub\\\/news-1\\\/pressemitteilung-hgf-staerkt-seine-praesenz-in-europa-mit-drei-neuen-partnern-in-frankreich-und-deutschland\\\/\"},\"author\":{\"name\":\"Georgia Melia\",\"@id\":\"https:\\\/\\\/www.hgf.com\\\/de\\\/#\\\/schema\\\/person\\\/7df0a22a79ff7cc91642cd3ce4882036\"},\"headline\":\"PRESSEMITTEILUNG HGF st\u00e4rkt seine Pr\u00e4senz in Europa mit drei neuen Partnern in Frankreich und Deutschland\",\"datePublished\":\"2025-09-04T09:39:07+00:00\",\"dateModified\":\"2025-09-04T09:43:23+00:00\",\"mainEntityOfPage\":{\"@id\":\"https:\\\/\\\/www.hgf.com\\\/de\\\/wissens-hub\\\/news-1\\\/pressemitteilung-hgf-staerkt-seine-praesenz-in-europa-mit-drei-neuen-partnern-in-frankreich-und-deutschland\\\/\"},\"wordCount\":710,\"publisher\":{\"@id\":\"https:\\\/\\\/www.hgf.com\\\/de\\\/#organization\"},\"image\":{\"@id\":\"https:\\\/\\\/www.hgf.com\\\/de\\\/wissens-hub\\\/news-1\\\/pressemitteilung-hgf-staerkt-seine-praesenz-in-europa-mit-drei-neuen-partnern-in-frankreich-und-deutschland\\\/#primaryimage\"},\"thumbnailUrl\":\"https:\\\/\\\/www.hgf.com\\\/wp-content\\\/uploads\\\/2023\\\/02\\\/hgf-logo.jpg\",\"articleSection\":[\"Nachricht\",\"Wissens Hub\"],\"inLanguage\":\"de-DE\"},{\"@type\":\"WebPage\",\"@id\":\"https:\\\/\\\/www.hgf.com\\\/de\\\/wissens-hub\\\/news-1\\\/pressemitteilung-hgf-staerkt-seine-praesenz-in-europa-mit-drei-neuen-partnern-in-frankreich-und-deutschland\\\/\",\"url\":\"https:\\\/\\\/www.hgf.com\\\/de\\\/wissens-hub\\\/news-1\\\/pressemitteilung-hgf-staerkt-seine-praesenz-in-europa-mit-drei-neuen-partnern-in-frankreich-und-deutschland\\\/\",\"name\":\"PRESSEMITTEILUNG HGF st\u00e4rkt seine Pr\u00e4senz in Europa mit drei neuen Partnern in Frankreich und Deutschland - HGF\",\"isPartOf\":{\"@id\":\"https:\\\/\\\/www.hgf.com\\\/de\\\/#website\"},\"primaryImageOfPage\":{\"@id\":\"https:\\\/\\\/www.hgf.com\\\/de\\\/wissens-hub\\\/news-1\\\/pressemitteilung-hgf-staerkt-seine-praesenz-in-europa-mit-drei-neuen-partnern-in-frankreich-und-deutschland\\\/#primaryimage\"},\"image\":{\"@id\":\"https:\\\/\\\/www.hgf.com\\\/de\\\/wissens-hub\\\/news-1\\\/pressemitteilung-hgf-staerkt-seine-praesenz-in-europa-mit-drei-neuen-partnern-in-frankreich-und-deutschland\\\/#primaryimage\"},\"thumbnailUrl\":\"https:\\\/\\\/www.hgf.com\\\/wp-content\\\/uploads\\\/2023\\\/02\\\/hgf-logo.jpg\",\"datePublished\":\"2025-09-04T09:39:07+00:00\",\"dateModified\":\"2025-09-04T09:43:23+00:00\",\"inLanguage\":\"de-DE\",\"potentialAction\":[{\"@type\":\"ReadAction\",\"target\":[\"https:\\\/\\\/www.hgf.com\\\/de\\\/wissens-hub\\\/news-1\\\/pressemitteilung-hgf-staerkt-seine-praesenz-in-europa-mit-drei-neuen-partnern-in-frankreich-und-deutschland\\\/\"]}]},{\"@type\":\"ImageObject\",\"inLanguage\":\"de-DE\",\"@id\":\"https:\\\/\\\/www.hgf.com\\\/de\\\/wissens-hub\\\/news-1\\\/pressemitteilung-hgf-staerkt-seine-praesenz-in-europa-mit-drei-neuen-partnern-in-frankreich-und-deutschland\\\/#primaryimage\",\"url\":\"https:\\\/\\\/www.hgf.com\\\/wp-content\\\/uploads\\\/2023\\\/02\\\/hgf-logo.jpg\",\"contentUrl\":\"https:\\\/\\\/www.hgf.com\\\/wp-content\\\/uploads\\\/2023\\\/02\\\/hgf-logo.jpg\",\"width\":1920,\"height\":1080},{\"@type\":\"WebSite\",\"@id\":\"https:\\\/\\\/www.hgf.com\\\/de\\\/#website\",\"url\":\"https:\\\/\\\/www.hgf.com\\\/de\\\/\",\"name\":\"HGF\",\"description\":\"Intellectual Property Rights specialists\",\"publisher\":{\"@id\":\"https:\\\/\\\/www.hgf.com\\\/de\\\/#organization\"},\"potentialAction\":[{\"@type\":\"SearchAction\",\"target\":{\"@type\":\"EntryPoint\",\"urlTemplate\":\"https:\\\/\\\/www.hgf.com\\\/de\\\/?s={search_term_string}\"},\"query-input\":{\"@type\":\"PropertyValueSpecification\",\"valueRequired\":true,\"valueName\":\"search_term_string\"}}],\"inLanguage\":\"de-DE\"},{\"@type\":\"Organization\",\"@id\":\"https:\\\/\\\/www.hgf.com\\\/de\\\/#organization\",\"name\":\"HGF\",\"url\":\"https:\\\/\\\/www.hgf.com\\\/de\\\/\",\"logo\":{\"@type\":\"ImageObject\",\"inLanguage\":\"de-DE\",\"@id\":\"https:\\\/\\\/www.hgf.com\\\/de\\\/#\\\/schema\\\/logo\\\/image\\\/\",\"url\":\"https:\\\/\\\/www.hgf.com\\\/wp-content\\\/uploads\\\/2023\\\/04\\\/hgf-logo-696x696-1.png\",\"contentUrl\":\"https:\\\/\\\/www.hgf.com\\\/wp-content\\\/uploads\\\/2023\\\/04\\\/hgf-logo-696x696-1.png\",\"width\":696,\"height\":696,\"caption\":\"HGF\"},\"image\":{\"@id\":\"https:\\\/\\\/www.hgf.com\\\/de\\\/#\\\/schema\\\/logo\\\/image\\\/\"},\"sameAs\":[\"https:\\\/\\\/x.com\\\/hgf_ip\",\"https:\\\/\\\/www.linkedin.com\\\/company\\\/hgf-limited-intellectual-property-specialists\\\/\"]},{\"@type\":\"Person\",\"@id\":\"https:\\\/\\\/www.hgf.com\\\/de\\\/#\\\/schema\\\/person\\\/7df0a22a79ff7cc91642cd3ce4882036\",\"name\":\"Georgia Melia\",\"image\":{\"@type\":\"ImageObject\",\"inLanguage\":\"de-DE\",\"@id\":\"https:\\\/\\\/secure.gravatar.com\\\/avatar\\\/bc759620959e751b0f1ac49d89cb60b8f62218f980cb9e4919ee6eb01c4fed6f?s=96&d=mm&r=g\",\"url\":\"https:\\\/\\\/secure.gravatar.com\\\/avatar\\\/bc759620959e751b0f1ac49d89cb60b8f62218f980cb9e4919ee6eb01c4fed6f?s=96&d=mm&r=g\",\"contentUrl\":\"https:\\\/\\\/secure.gravatar.com\\\/avatar\\\/bc759620959e751b0f1ac49d89cb60b8f62218f980cb9e4919ee6eb01c4fed6f?s=96&d=mm&r=g\",\"caption\":\"Georgia Melia\"}}]}<\/script>\n<!-- \/ Yoast SEO Premium plugin. -->","yoast_head_json":{"title":"PRESSEMITTEILUNG HGF st\u00e4rkt seine Pr\u00e4senz in Europa mit drei neuen Partnern in Frankreich und Deutschland - HGF","robots":{"index":"index","follow":"follow","max-snippet":"max-snippet:-1","max-image-preview":"max-image-preview:large","max-video-preview":"max-video-preview:-1"},"canonical":"https:\/\/www.hgf.com\/de\/wissens-hub\/news-1\/pressemitteilung-hgf-staerkt-seine-praesenz-in-europa-mit-drei-neuen-partnern-in-frankreich-und-deutschland\/","og_locale":"de_DE","og_type":"article","og_title":"PRESSEMITTEILUNG HGF st\u00e4rkt seine Pr\u00e4senz in Europa mit drei neuen Partnern in Frankreich und Deutschland","og_description":"HGF st\u00e4rkt seine Pr\u00e4senz in Europa mit drei neuen Partnern in Frankreich und Deutschland HGF freut sich, die Aufnahme von drei neuen Partnern bekannt zu","og_url":"https:\/\/www.hgf.com\/de\/wissens-hub\/news-1\/pressemitteilung-hgf-staerkt-seine-praesenz-in-europa-mit-drei-neuen-partnern-in-frankreich-und-deutschland\/","og_site_name":"HGF","article_published_time":"2025-09-04T09:39:07+00:00","article_modified_time":"2025-09-04T09:43:23+00:00","og_image":[{"width":1920,"height":1080,"url":"https:\/\/www.hgf.com\/wp-content\/uploads\/2023\/02\/hgf-logo.jpg","type":"image\/jpeg"}],"author":"Georgia Melia","twitter_card":"summary_large_image","twitter_creator":"@hgf_ip","twitter_site":"@hgf_ip","twitter_misc":{"Verfasst von":"Georgia Melia","Gesch\u00e4tzte Lesezeit":"3 Minuten"},"schema":{"@context":"https:\/\/schema.org","@graph":[{"@type":"Article","@id":"https:\/\/www.hgf.com\/de\/wissens-hub\/news-1\/pressemitteilung-hgf-staerkt-seine-praesenz-in-europa-mit-drei-neuen-partnern-in-frankreich-und-deutschland\/#article","isPartOf":{"@id":"https:\/\/www.hgf.com\/de\/wissens-hub\/news-1\/pressemitteilung-hgf-staerkt-seine-praesenz-in-europa-mit-drei-neuen-partnern-in-frankreich-und-deutschland\/"},"author":{"name":"Georgia Melia","@id":"https:\/\/www.hgf.com\/de\/#\/schema\/person\/7df0a22a79ff7cc91642cd3ce4882036"},"headline":"PRESSEMITTEILUNG HGF st\u00e4rkt seine Pr\u00e4senz in Europa mit drei neuen Partnern in Frankreich und Deutschland","datePublished":"2025-09-04T09:39:07+00:00","dateModified":"2025-09-04T09:43:23+00:00","mainEntityOfPage":{"@id":"https:\/\/www.hgf.com\/de\/wissens-hub\/news-1\/pressemitteilung-hgf-staerkt-seine-praesenz-in-europa-mit-drei-neuen-partnern-in-frankreich-und-deutschland\/"},"wordCount":710,"publisher":{"@id":"https:\/\/www.hgf.com\/de\/#organization"},"image":{"@id":"https:\/\/www.hgf.com\/de\/wissens-hub\/news-1\/pressemitteilung-hgf-staerkt-seine-praesenz-in-europa-mit-drei-neuen-partnern-in-frankreich-und-deutschland\/#primaryimage"},"thumbnailUrl":"https:\/\/www.hgf.com\/wp-content\/uploads\/2023\/02\/hgf-logo.jpg","articleSection":["Nachricht","Wissens Hub"],"inLanguage":"de-DE"},{"@type":"WebPage","@id":"https:\/\/www.hgf.com\/de\/wissens-hub\/news-1\/pressemitteilung-hgf-staerkt-seine-praesenz-in-europa-mit-drei-neuen-partnern-in-frankreich-und-deutschland\/","url":"https:\/\/www.hgf.com\/de\/wissens-hub\/news-1\/pressemitteilung-hgf-staerkt-seine-praesenz-in-europa-mit-drei-neuen-partnern-in-frankreich-und-deutschland\/","name":"PRESSEMITTEILUNG HGF st\u00e4rkt seine Pr\u00e4senz in Europa mit drei neuen Partnern in Frankreich und Deutschland - HGF","isPartOf":{"@id":"https:\/\/www.hgf.com\/de\/#website"},"primaryImageOfPage":{"@id":"https:\/\/www.hgf.com\/de\/wissens-hub\/news-1\/pressemitteilung-hgf-staerkt-seine-praesenz-in-europa-mit-drei-neuen-partnern-in-frankreich-und-deutschland\/#primaryimage"},"image":{"@id":"https:\/\/www.hgf.com\/de\/wissens-hub\/news-1\/pressemitteilung-hgf-staerkt-seine-praesenz-in-europa-mit-drei-neuen-partnern-in-frankreich-und-deutschland\/#primaryimage"},"thumbnailUrl":"https:\/\/www.hgf.com\/wp-content\/uploads\/2023\/02\/hgf-logo.jpg","datePublished":"2025-09-04T09:39:07+00:00","dateModified":"2025-09-04T09:43:23+00:00","inLanguage":"de-DE","potentialAction":[{"@type":"ReadAction","target":["https:\/\/www.hgf.com\/de\/wissens-hub\/news-1\/pressemitteilung-hgf-staerkt-seine-praesenz-in-europa-mit-drei-neuen-partnern-in-frankreich-und-deutschland\/"]}]},{"@type":"ImageObject","inLanguage":"de-DE","@id":"https:\/\/www.hgf.com\/de\/wissens-hub\/news-1\/pressemitteilung-hgf-staerkt-seine-praesenz-in-europa-mit-drei-neuen-partnern-in-frankreich-und-deutschland\/#primaryimage","url":"https:\/\/www.hgf.com\/wp-content\/uploads\/2023\/02\/hgf-logo.jpg","contentUrl":"https:\/\/www.hgf.com\/wp-content\/uploads\/2023\/02\/hgf-logo.jpg","width":1920,"height":1080},{"@type":"WebSite","@id":"https:\/\/www.hgf.com\/de\/#website","url":"https:\/\/www.hgf.com\/de\/","name":"HGF","description":"Intellectual Property Rights specialists","publisher":{"@id":"https:\/\/www.hgf.com\/de\/#organization"},"potentialAction":[{"@type":"SearchAction","target":{"@type":"EntryPoint","urlTemplate":"https:\/\/www.hgf.com\/de\/?s={search_term_string}"},"query-input":{"@type":"PropertyValueSpecification","valueRequired":true,"valueName":"search_term_string"}}],"inLanguage":"de-DE"},{"@type":"Organization","@id":"https:\/\/www.hgf.com\/de\/#organization","name":"HGF","url":"https:\/\/www.hgf.com\/de\/","logo":{"@type":"ImageObject","inLanguage":"de-DE","@id":"https:\/\/www.hgf.com\/de\/#\/schema\/logo\/image\/","url":"https:\/\/www.hgf.com\/wp-content\/uploads\/2023\/04\/hgf-logo-696x696-1.png","contentUrl":"https:\/\/www.hgf.com\/wp-content\/uploads\/2023\/04\/hgf-logo-696x696-1.png","width":696,"height":696,"caption":"HGF"},"image":{"@id":"https:\/\/www.hgf.com\/de\/#\/schema\/logo\/image\/"},"sameAs":["https:\/\/x.com\/hgf_ip","https:\/\/www.linkedin.com\/company\/hgf-limited-intellectual-property-specialists\/"]},{"@type":"Person","@id":"https:\/\/www.hgf.com\/de\/#\/schema\/person\/7df0a22a79ff7cc91642cd3ce4882036","name":"Georgia Melia","image":{"@type":"ImageObject","inLanguage":"de-DE","@id":"https:\/\/secure.gravatar.com\/avatar\/bc759620959e751b0f1ac49d89cb60b8f62218f980cb9e4919ee6eb01c4fed6f?s=96&d=mm&r=g","url":"https:\/\/secure.gravatar.com\/avatar\/bc759620959e751b0f1ac49d89cb60b8f62218f980cb9e4919ee6eb01c4fed6f?s=96&d=mm&r=g","contentUrl":"https:\/\/secure.gravatar.com\/avatar\/bc759620959e751b0f1ac49d89cb60b8f62218f980cb9e4919ee6eb01c4fed6f?s=96&d=mm&r=g","caption":"Georgia Melia"}}]}},"_links":{"self":[{"href":"https:\/\/www.hgf.com\/de\/wp-json\/wp\/v2\/posts\/9004111222133324","targetHints":{"allow":["GET"]}}],"collection":[{"href":"https:\/\/www.hgf.com\/de\/wp-json\/wp\/v2\/posts"}],"about":[{"href":"https:\/\/www.hgf.com\/de\/wp-json\/wp\/v2\/types\/post"}],"author":[{"embeddable":true,"href":"https:\/\/www.hgf.com\/de\/wp-json\/wp\/v2\/users\/502"}],"replies":[{"embeddable":true,"href":"https:\/\/www.hgf.com\/de\/wp-json\/wp\/v2\/comments?post=9004111222133324"}],"version-history":[{"count":0,"href":"https:\/\/www.hgf.com\/de\/wp-json\/wp\/v2\/posts\/9004111222133324\/revisions"}],"wp:featuredmedia":[{"embeddable":true,"href":"https:\/\/www.hgf.com\/de\/wp-json\/wp\/v2\/media\/9004111222127493"}],"wp:attachment":[{"href":"https:\/\/www.hgf.com\/de\/wp-json\/wp\/v2\/media?parent=9004111222133324"}],"wp:term":[{"taxonomy":"category","embeddable":true,"href":"https:\/\/www.hgf.com\/de\/wp-json\/wp\/v2\/categories?post=9004111222133324"},{"taxonomy":"post_tag","embeddable":true,"href":"https:\/\/www.hgf.com\/de\/wp-json\/wp\/v2\/tags?post=9004111222133324"}],"curies":[{"name":"wp","href":"https:\/\/api.w.org\/{rel}","templated":true}]}}