{"id":9004111222132887,"date":"2025-06-02T08:20:56","date_gmt":"2025-06-02T07:20:56","guid":{"rendered":"https:\/\/www.hgf.com\/?p=9004111222132887"},"modified":"2025-06-02T09:24:02","modified_gmt":"2025-06-02T08:24:02","slug":"neudefinition-des-designschutzes-in-der-europaeischen-union-was-das-fuer-ihr-unternehmen-bedeutet","status":"publish","type":"post","link":"https:\/\/www.hgf.com\/de\/wissens-hub\/rechtliche-neuigkeiten\/neudefinition-des-designschutzes-in-der-europaeischen-union-was-das-fuer-ihr-unternehmen-bedeutet\/","title":{"rendered":"Neudefinition des Designschutzes in der Europ\u00e4ischen Union &#8211; Was das f\u00fcr Ihr Unternehmen bedeutet"},"content":{"rendered":"<p class=\"p__large\">Am 1. Mai 2025 tritt die erste Phase der lang erwarteten Reformen des Geschmacksmusterrechts der Europ\u00e4ischen Union in Kraft, die zweite Phase der \u00c4nderungen wird am 1. Juli 2026 eingef\u00fchrt. Diese \u00c4nderungen zielen darauf ab, das EU-Geschmacksmusterrecht zu modernisieren, um den aktuellen und zuk\u00fcnftigen technologischen Ver\u00e4nderungen Rechnung zu tragen und den Rechtsrahmen so weit wie m\u00f6glich zukunftssicher zu machen, damit er auch in den kommenden Jahrzehnten noch zweckm\u00e4\u00dfig ist. Dieser Artikel fasst die wichtigsten \u00c4nderungen zusammen und erl\u00e4utert, was sie f\u00fcr Ihr Unternehmen bedeuten. In sp\u00e4teren Artikeln werden wir untersuchen, wie sich die Reformen auf den Anwendungsbereich, die Eintragungsf\u00e4higkeit und die Durchsetzung von EU-Geschmacksmustern auswirken.<\/p>\n<h5>Das neue \u201eEU-Geschmacksmuster\u201c:<\/h5>\n<p>Im Rahmen der \u00c4nderungen werden die vom EUIPO eingetragenen Geschmacksmuster nun offiziell als \u201e<em>Eingetragene europ\u00e4ische Unionsgeschmacksmuster<\/em>\u201c (REUDs) und nicht mehr als \u201e<em>eingetragene Gemeinschaftsgeschmacksmuster<\/em>\u201c (RCDs) bezeichnet. Die neue Terminologie gilt r\u00fcckwirkend und bedeckt alle Geschmacksmusterregistrierungen, die zuvor vom EUIPO ausgestellt wurden.<\/p>\n<h5>\u00c4nderungen bei Mehrfachanmeldungen von Geschmacksmustern:<\/h5>\n<p>Nach den neuen EU-Geschmacksmustergesetzen wurde <strong><em>die fr\u00fchere Anforderung, dass jedes Geschmacksmuster innerhalb einer Sammelanmeldung derselben Locarno-Klassifikation angeh\u00f6ren muss, abgeschafft<\/em><\/strong>. Dies d\u00fcrfte f\u00fcr viele Anmelder von erheblichem Vorteil sein, da so mehrere Produkte durch eine Sammelanmeldung gesch\u00fctzt werden k\u00f6nnen, selbst wenn sich diese Produkte stark voneinander unterscheiden. Dies hat das Potenzial, den Anmeldern erhebliche Kosteneinsparungen zu erm\u00f6glichen. Dies bedeutet beispielsweise, dass Hersteller von Luxusg\u00fctern eine einzige Anmeldung einreichen k\u00f6nnen, die Uhren (Klasse 10), Armb\u00e4nder (Klasse 11), Handtaschen (Klasse 3) und Kosmetika (Klasse 28) bedeckt; nach dem alten System w\u00e4ren daf\u00fcr wahrscheinlich vier separate Anmeldungen erforderlich gewesen. Diese \u00c4nderung wird auch den Designern komplexer Produkte helfen, z.B. in den Sektoren Automobil und Luft- und Raumfahrt, wo einzelne Komponenten m\u00f6glicherweise anders klassifiziert wurden als das Endprodukt. Gro\u00dfanmelder von Geschmacksmustern sollten jedoch beachten, dass die Reformen eine neue Grenze von 50 Geschmacksmustern in einer einzigen Anmeldung vorsehen.<\/p>\n<h5>Neue Rechte f\u00fcr Inhaber von Designrechten:<\/h5>\n<p>Ab dem 1. Mai 2025 wird <strong><em>der Umfang des Geschmacksmusterschutzes in der EU erweitert, indem der Schutz auf den digitalen Bereich und auf neue Arten von Geschmacksmustern ausgedehnt wird.<\/em><\/strong> Inhaber von Designrechten in der EU haben nun das Recht, Dritte daran zu hindern, Datentr\u00e4ger oder Software, auf denen das Geschmacksmuster gespeichert ist, zu erstellen, herunterzuladen, zu kopieren, zu teilen oder zu verbreiten, so dass sie gegen den unerlaubten 3D-Druck oder die Verwendung in virtuellen Welten vorgehen k\u00f6nnen. Dar\u00fcber hinaus werden die Definitionen von \u201eErzeugnis\u201c und \u201eGeschmacksmuster\u201c aktualisiert und bedecken nun ausdr\u00fccklich Animation, Bewegung und \u00dcberg\u00e4nge sowie immaterielle Erzeugnisse wie Lichtprojektionen und r\u00e4umliche Anordnungen, die innere oder \u00e4u\u00dfere Umgebungen bilden. Damit wird sichergestellt, dass technologische Fortschritte unter dem neuen EU-Designrahmen angemessen anerkannt werden. Die Regeln, die die Arten von Darstellungen einschr\u00e4nken, die Teil einer EU-Geschmacksmusteranmeldung sein k\u00f6nnen, werden sich jedoch am 1. Mai 2025 nicht \u00e4ndern. Das bedeutet, dass Anmelder ihr Geschmacksmuster weiterhin in h\u00f6chstens sieben statischen Ansichten definieren m\u00fcssen. Dies wird die unmittelbaren Auswirkungen dieser \u00c4nderungen begrenzen, da es in vielen F\u00e4llen schwierig sein wird, Animation und Bewegung in nur sieben Bildern darzustellen. Wir gehen davon aus, dass sich die Regeln f\u00fcr Darstellungen im Rahmen der Reformen der zweiten Phase im Juli 2026 \u00e4ndern werden, so dass die Anmelder wahrscheinlich eine viel gr\u00f6\u00dfere Anzahl von Ansichten und m\u00f6glicherweise Videoclips oder CAD-Modelle ihrer Entw\u00fcrfe einreichen k\u00f6nnen.<\/p>\n<p>Diese neuen Rechte sind eine willkommene Entwicklung f\u00fcr viele Branchen, wie z.B. die Automobil-, Medizintechnik-, Spiele- und Modeindustrie, in denen digitale Designs oft genauso wertvoll sein k\u00f6nnen wie physische Designs.<\/p>\n<h5>Eine neue Reparaturklausel:<\/h5>\n<p>Die neue Reparaturklausel legt fest, dass sich der Geschmacksmusterschutz nicht auf eine Komponente eines komplexen Erzeugnisses erstreckt, wenn das Teil nur dazu verwendet wird, das urspr\u00fcngliche Aussehen des Erzeugnisses wiederherzustellen. Entscheidend ist, dass die Verwendung zur Reparatur und nicht zur Schaffung alternativer Erzeugnisse oder zu dekorativen Zwecken erfolgt und dass das Bauteil optisch mit dem urspr\u00fcnglichen Geschmacksmuster \u00fcbereinstimmt und f\u00fcr die Wiederherstellung des Erscheinungsbildes des Erzeugnisses erforderlich ist. Daher <strong><em>k\u00f6nnen Dritte nach der neuen Reparaturklausel \u201emust match\u201c-Ersatzteile zur Verwendung bei der Reparatur komplexer Erzeugnisse herstellen und verkaufen.<\/em><\/strong><\/p>\n<h5>\u00c4nderungen bei den Geb\u00fchren:<\/h5>\n<p>Die Geb\u00fchrenordnung des EUIPO f\u00fcr Geschmacksmuster wurde \u00fcberarbeitet, um einer Reihe von \u00c4nderungen im Rahmen der neuen Reformen Rechnung zu tragen, insbesondere:<\/p>\n<ul>\n<li><strong><em>Erh\u00f6hungen der Verl\u00e4ngerungsgeb\u00fchren<\/em><\/strong>\n<ul>\n<li>Nach dem alten System stiegen die Geb\u00fchren f\u00fcr die Verl\u00e4ngerung von Geschmacksmustern im Laufe der Zeit an, blieben aber selbst bis zur maximalen Laufzeit des Geschmacksmusters von 25 Jahren relativ bescheiden. Nach dem neuen System jedoch steigen die Verl\u00e4ngerungsgeb\u00fchren in jeder Verl\u00e4ngerungsphase und insbesondere in den sp\u00e4teren Phasen der 25-j\u00e4hrigen Laufzeit des Geschmacksmusters st\u00e4rker an:<\/li>\n<\/ul>\n<\/li>\n<\/ul>\n\n    <h3 class=\"wpdt-c\"\n        id=\"wdt-table-title-144\">Neue Geb\u00fchren<\/h3>\n<div class=\"wpdt-c row wpDataTableContainerSimpleTable wpDataTables wpDataTablesWrapper\n\"\n    >\n        <table id=\"wpdtSimpleTable-144\"\n           style=\"border-collapse:collapse;\n                   border-spacing:0px;\"\n           class=\"wpdtSimpleTable wpDataTable\"\n           data-column=\"4\"\n           data-rows=\"5\"\n           data-wpID=\"144\"\n           data-responsive=\"0\"\n           data-has-header=\"0\">\n\n                    <tbody>        <tr class=\"wpdt-cell-row \" >\n                                <td class=\"wpdt-cell  wpdt-empty-cell \"\n                                            data-cell-id=\"A1\"\n                    data-col-index=\"0\"\n                    data-row-index=\"0\"\n                    style=\" width:25%;                    padding:10px;\n                    \"\n                    >\n                                                            <\/td>\n                                                <td class=\"wpdt-cell \"\n                                            data-cell-id=\"B1\"\n                    data-col-index=\"1\"\n                    data-row-index=\"0\"\n                    style=\" width:25%;                    padding:10px;\n                    \"\n                    >\n                                        Amtliche Geb\u00fchr vor der Reform                    <\/td>\n                                                <td class=\"wpdt-cell \"\n                                            data-cell-id=\"C1\"\n                    data-col-index=\"2\"\n                    data-row-index=\"0\"\n                    style=\" width:25%;                    padding:10px;\n                    \"\n                    >\n                                        Amtliche Geb\u00fchr nach der Reform                    <\/td>\n                                                <td class=\"wpdt-cell \"\n                                            data-cell-id=\"D1\"\n                    data-col-index=\"3\"\n                    data-row-index=\"0\"\n                    style=\" width:25%;                    padding:10px;\n                    \"\n                    >\n                                        Erh\u00f6hung                    <\/td>\n                                        <\/tr>\n                            <tr class=\"wpdt-cell-row \" >\n                                <td class=\"wpdt-cell \"\n                                            data-cell-id=\"A2\"\n                    data-col-index=\"0\"\n                    data-row-index=\"1\"\n                    style=\"                    padding:10px;\n                    \"\n                    >\n                                        Amtliche Geb\u00fchr vor der Reform Amtliche Geb\u00fchr nach der Reform Erh\u00f6hung\n1. Erneuerung (5. Jahrestag)                    <\/td>\n                                                <td class=\"wpdt-cell \"\n                                            data-cell-id=\"B2\"\n                    data-col-index=\"1\"\n                    data-row-index=\"1\"\n                    style=\"                    padding:10px;\n                    \"\n                    >\n                                        \u20ac90                    <\/td>\n                                                <td class=\"wpdt-cell \"\n                                            data-cell-id=\"C2\"\n                    data-col-index=\"2\"\n                    data-row-index=\"1\"\n                    style=\"                    padding:10px;\n                    \"\n                    >\n                                        \u20ac150                    <\/td>\n                                                <td class=\"wpdt-cell \"\n                                            data-cell-id=\"D2\"\n                    data-col-index=\"3\"\n                    data-row-index=\"1\"\n                    style=\"                    padding:10px;\n                    \"\n                    >\n                                        +67%                    <\/td>\n                                        <\/tr>\n                            <tr class=\"wpdt-cell-row \" >\n                                <td class=\"wpdt-cell \"\n                                            data-cell-id=\"A3\"\n                    data-col-index=\"0\"\n                    data-row-index=\"2\"\n                    style=\"                    padding:10px;\n                    \"\n                    >\n                                        2. Erneuerung (10. Jahrestag)                    <\/td>\n                                                <td class=\"wpdt-cell \"\n                                            data-cell-id=\"B3\"\n                    data-col-index=\"1\"\n                    data-row-index=\"2\"\n                    style=\"                    padding:10px;\n                    \"\n                    >\n                                        \u20ac120                    <\/td>\n                                                <td class=\"wpdt-cell \"\n                                            data-cell-id=\"C3\"\n                    data-col-index=\"2\"\n                    data-row-index=\"2\"\n                    style=\"                    padding:10px;\n                    \"\n                    >\n                                        \u20ac250                    <\/td>\n                                                <td class=\"wpdt-cell \"\n                                            data-cell-id=\"D3\"\n                    data-col-index=\"3\"\n                    data-row-index=\"2\"\n                    style=\"                    padding:10px;\n                    \"\n                    >\n                                        +108%                    <\/td>\n                                        <\/tr>\n                            <tr class=\"wpdt-cell-row \" >\n                                <td class=\"wpdt-cell \"\n                                            data-cell-id=\"A4\"\n                    data-col-index=\"0\"\n                    data-row-index=\"3\"\n                    style=\"                    padding:10px;\n                    \"\n                    >\n                                        3. Erneuerung (15. Jahrestag)                    <\/td>\n                                                <td class=\"wpdt-cell \"\n                                            data-cell-id=\"B4\"\n                    data-col-index=\"1\"\n                    data-row-index=\"3\"\n                    style=\"                    padding:10px;\n                    \"\n                    >\n                                        \u20ac150                    <\/td>\n                                                <td class=\"wpdt-cell \"\n                                            data-cell-id=\"C4\"\n                    data-col-index=\"2\"\n                    data-row-index=\"3\"\n                    style=\"                    padding:10px;\n                    \"\n                    >\n                                        \u20ac400                    <\/td>\n                                                <td class=\"wpdt-cell \"\n                                            data-cell-id=\"D4\"\n                    data-col-index=\"3\"\n                    data-row-index=\"3\"\n                    style=\"                    padding:10px;\n                    \"\n                    >\n                                        +167%                    <\/td>\n                                        <\/tr>\n                            <tr class=\"wpdt-cell-row \" >\n                                <td class=\"wpdt-cell \"\n                                            data-cell-id=\"A5\"\n                    data-col-index=\"0\"\n                    data-row-index=\"4\"\n                    style=\"                    padding:10px;\n                    \"\n                    >\n                                        4th renewal (20th anniversary)                    <\/td>\n                                                <td class=\"wpdt-cell \"\n                                            data-cell-id=\"B5\"\n                    data-col-index=\"1\"\n                    data-row-index=\"4\"\n                    style=\"                    padding:10px;\n                    \"\n                    >\n                                        \u20ac180                    <\/td>\n                                                <td class=\"wpdt-cell \"\n                                            data-cell-id=\"C5\"\n                    data-col-index=\"2\"\n                    data-row-index=\"4\"\n                    style=\"                    padding:10px;\n                    \"\n                    >\n                                        \u20ac700                    <\/td>\n                                                <td class=\"wpdt-cell \"\n                                            data-cell-id=\"D5\"\n                    data-col-index=\"3\"\n                    data-row-index=\"4\"\n                    style=\"                    padding:10px;\n                    \"\n                    >\n                                        +289%                    <\/td>\n                                        <\/tr>\n                    <\/table>\n<\/div><style id='wpdt-custom-style-144'>\n<\/style>\n\n<ul>\n<li>Zudem werden <strong><em>Erneuerungsgeb\u00fchren nun an jedem f\u00fcnften Jahrestag des Anmeldetags<\/em><\/strong> f\u00e4llig und nicht mehr wie nach dem alten System am letzten Tag des Monats, in den dieser Jahrestag f\u00e4llt. Je nachdem, wann die Geschmacksmusteranmeldung eingereicht wurde, k\u00f6nnte dies dazu f\u00fchren, dass die Verl\u00e4ngerungsfrist um bis zu 30 Tage vorverlegt wird.<\/li>\n<\/ul>\n<ul>\n<li><strong><em>Zusammenlegung der fr\u00fcheren \u201eEintragungs-\u201c und \u201eVer\u00f6ffentlichungs\u201c-Geb\u00fchren zu einer einzigen Anmeldegeb\u00fchr<\/em><\/strong>, die in voller H\u00f6he bei Einreichung der Anmeldung f\u00e4llig wird.\n<ul>\n<li>Dies wird sich auf Anmelder auswirken, die die Ver\u00f6ffentlichung ihrer Geschmacksmusteranmeldung aufschieben:\n<ul>\n<li>Anmelder, die die Ver\u00f6ffentlichung ihrer Anmeldung routinem\u00e4\u00dfig aufschieben und vor der Ver\u00f6ffentlichung auf ihre Rechte verzichten, um die Ver\u00f6ffentlichungsgeb\u00fchren zu vermeiden, werden dazu nicht mehr in der Lage sein.<\/li>\n<li>Au\u00dferdem k\u00f6nnen Anmelder die Ver\u00f6ffentlichung einer Geschmacksmusteranmeldung nicht mehr dadurch verhindern, dass sie die Ver\u00f6ffentlichungsgeb\u00fchr nicht entrichten, da diese Geb\u00fchr nun mit der bei der Anmeldung f\u00e4lligen Geb\u00fchr zusammengelegt wird. Das bedeutet, dass Anmelder, die die Ver\u00f6ffentlichung einer Geschmacksmusteranmeldung verhindern wollen, dies tun m\u00fcssen, indem sie einen Antrag auf Verzicht auf alle Geschmacksmuster stellen, deren Ver\u00f6ffentlichung sie nicht w\u00fcnschen.<\/li>\n<\/ul>\n<\/li>\n<li><strong><em>Eine Vereinfachung der amtlichen Geb\u00fchren f\u00fcr Sammelanmeldungen von Geschmacksmustern<\/em><\/strong>:\n<ul>\n<li>Das EUIPO wird keine Rabatte mehr gew\u00e4hren, wenn eine Anmeldung mehr als zehn Geschmacksmuster enth\u00e4lt, und stattdessen eine pauschale Anmeldegeb\u00fchr f\u00fcr jedes zus\u00e4tzliche Geschmacksmuster erheben. In den meisten F\u00e4llen sollten die Anmelder daher etwas weniger (wenn nicht sogar dasselbe) an offiziellen Anmeldegeb\u00fchren zahlen, als sie es nach dem alten System getan h\u00e4tten.<\/li>\n<\/ul>\n<\/li>\n<li><strong><em>Abschaffung der offiziellen Geb\u00fchren f\u00fcr die Eintragung einer Eigentums\u00fcbertragung<\/em><\/strong>.\n<ul>\n<li>Dies ist ein sehr begr\u00fc\u00dfenswerter Schritt, zumal die alten Geb\u00fchren mit 200 \u20ac pro Geschmacksmuster und einer Obergrenze von 1000 \u20ac pro Transaktion relativ hoch waren. Wir empfehlen den Inhabern von Geschmacksmustern, ihr Portfolio an eingetragenen Geschmacksmustern zu \u00fcberpr\u00fcfen, um sicherzustellen, dass die Angaben zu den eingetragenen Inhabern auf dem neuesten Stand sind, und um alle noch ausstehenden Eigentums\u00fcbertragungen festzuhalten.<\/li>\n<\/ul>\n<\/li>\n<li>Auch die offiziellen Geb\u00fchren, die an das EUIPO f\u00fcr die Eintragung einer Lizenz, einer Geb\u00fchr oder eines anderen Rechts an einem eingetragenen Geschmacksmuster zu entrichten sind, bleiben unver\u00e4ndert, aber die Geb\u00fchren f\u00fcr die L\u00f6schung der entsprechenden Eintr\u00e4ge im Register werden ebenfalls abgeschafft.<\/li>\n<\/ul>\n<\/li>\n<\/ul>\n<h5>Abschlie\u00dfende \u00dcberlegungen:<\/h5>\n<p>Auch wenn die neue Reparaturklausel und die erh\u00f6hten Verl\u00e4ngerungsgeb\u00fchren von den Unternehmen ein proaktiveres Vorgehen bei der Verwaltung ihres Geschmacksmusterportfolios verlangen, machen die Reformen das EU Geschmacksmustersystem auf den heutigen digitalen und hart umk\u00e4mpften M\u00e4rkten relevanter, effizienter und kommerziell rentabler. In sp\u00e4teren Artikeln werden wir untersuchen, wie Unternehmen das Potenzial des neuen EU-Geschmacksmusterrahmens aussch\u00f6pfen k\u00f6nnen, um ihre Geschmacksmuster EU-weit zu sch\u00fctzen und zu vermarkten.<\/p>\n<hr \/>\n<p>Dieser Artikel wurde von Senior Patent Attorney <a href=\"https:\/\/www.hgf.com\/de\/unsere-mitarbeitenden\/joanne-meredith\/\">Joanne Meredith<\/a> und Max Theiss verfasst.<\/p>\n","protected":false},"excerpt":{"rendered":"<p>Am 1. Mai 2025 tritt die erste Phase der lang erwarteten Reformen des Geschmacksmusterrechts der Europ\u00e4ischen Union in Kraft, die zweite Phase der \u00c4nderungen wird am 1. Juli 2026 eingef\u00fchrt. &hellip;<\/p>\n","protected":false},"author":587,"featured_media":9004111222138317,"comment_status":"closed","ping_status":"closed","sticky":false,"template":"","format":"standard","meta":{"_acf_changed":false,"footnotes":""},"categories":[530,518],"tags":[],"class_list":["post-9004111222132887","post","type-post","status-publish","format-standard","has-post-thumbnail","hentry","category-rechtliche-neuigkeiten","category-wissens-hub","service-patente"],"acf":[],"yoast_head":"<!-- This site is optimized with the Yoast SEO Premium plugin v27.5 (Yoast SEO v27.5) - https:\/\/yoast.com\/product\/yoast-seo-premium-wordpress\/ -->\n<title>Neudefinition des Designschutzes in der Europ\u00e4ischen Union - Was das f\u00fcr Ihr Unternehmen bedeutet - HGF<\/title>\n<meta name=\"robots\" content=\"index, follow, max-snippet:-1, max-image-preview:large, max-video-preview:-1\" \/>\n<link rel=\"canonical\" href=\"https:\/\/www.hgf.com\/de\/wissens-hub\/rechtliche-neuigkeiten\/neudefinition-des-designschutzes-in-der-europaeischen-union-was-das-fuer-ihr-unternehmen-bedeutet\/\" \/>\n<meta property=\"og:locale\" content=\"de_DE\" \/>\n<meta property=\"og:type\" content=\"article\" \/>\n<meta property=\"og:title\" content=\"Neudefinition des Designschutzes in der Europ\u00e4ischen Union - Was das f\u00fcr Ihr Unternehmen bedeutet\" \/>\n<meta property=\"og:description\" content=\"Am 1. Mai 2025 tritt die erste Phase der lang erwarteten Reformen des Geschmacksmusterrechts der Europ\u00e4ischen Union in Kraft, die zweite Phase der\" \/>\n<meta property=\"og:url\" content=\"https:\/\/www.hgf.com\/de\/wissens-hub\/rechtliche-neuigkeiten\/neudefinition-des-designschutzes-in-der-europaeischen-union-was-das-fuer-ihr-unternehmen-bedeutet\/\" \/>\n<meta property=\"og:site_name\" content=\"HGF\" \/>\n<meta property=\"article:published_time\" content=\"2025-06-02T07:20:56+00:00\" \/>\n<meta property=\"article:modified_time\" content=\"2025-06-02T08:24:02+00:00\" \/>\n<meta property=\"og:image\" content=\"https:\/\/www.hgf.com\/wp-content\/uploads\/2025\/06\/Untitled-design-2025-12-04T110026.321.png\" \/>\n\t<meta property=\"og:image:width\" content=\"1920\" \/>\n\t<meta property=\"og:image:height\" content=\"1080\" \/>\n\t<meta property=\"og:image:type\" content=\"image\/png\" \/>\n<meta name=\"author\" content=\"Laura Schirlitzki\" \/>\n<meta name=\"twitter:card\" content=\"summary_large_image\" \/>\n<meta name=\"twitter:creator\" content=\"@hgf_ip\" \/>\n<meta name=\"twitter:site\" content=\"@hgf_ip\" \/>\n<meta name=\"twitter:label1\" content=\"Verfasst von\" \/>\n\t<meta name=\"twitter:data1\" content=\"Laura Schirlitzki\" \/>\n\t<meta name=\"twitter:label2\" content=\"Gesch\u00e4tzte Lesezeit\" \/>\n\t<meta name=\"twitter:data2\" content=\"6 Minuten\" \/>\n<script type=\"application\/ld+json\" class=\"yoast-schema-graph\">{\"@context\":\"https:\\\/\\\/schema.org\",\"@graph\":[{\"@type\":\"Article\",\"@id\":\"https:\\\/\\\/www.hgf.com\\\/de\\\/wissens-hub\\\/rechtliche-neuigkeiten\\\/neudefinition-des-designschutzes-in-der-europaeischen-union-was-das-fuer-ihr-unternehmen-bedeutet\\\/#article\",\"isPartOf\":{\"@id\":\"https:\\\/\\\/www.hgf.com\\\/de\\\/wissens-hub\\\/rechtliche-neuigkeiten\\\/neudefinition-des-designschutzes-in-der-europaeischen-union-was-das-fuer-ihr-unternehmen-bedeutet\\\/\"},\"author\":{\"name\":\"Laura Schirlitzki\",\"@id\":\"https:\\\/\\\/www.hgf.com\\\/de\\\/#\\\/schema\\\/person\\\/947e0bb489e71984ddee930860fabc85\"},\"headline\":\"Neudefinition des Designschutzes in der Europ\u00e4ischen Union &#8211; Was das f\u00fcr Ihr Unternehmen bedeutet\",\"datePublished\":\"2025-06-02T07:20:56+00:00\",\"dateModified\":\"2025-06-02T08:24:02+00:00\",\"mainEntityOfPage\":{\"@id\":\"https:\\\/\\\/www.hgf.com\\\/de\\\/wissens-hub\\\/rechtliche-neuigkeiten\\\/neudefinition-des-designschutzes-in-der-europaeischen-union-was-das-fuer-ihr-unternehmen-bedeutet\\\/\"},\"wordCount\":1285,\"publisher\":{\"@id\":\"https:\\\/\\\/www.hgf.com\\\/de\\\/#organization\"},\"image\":{\"@id\":\"https:\\\/\\\/www.hgf.com\\\/de\\\/wissens-hub\\\/rechtliche-neuigkeiten\\\/neudefinition-des-designschutzes-in-der-europaeischen-union-was-das-fuer-ihr-unternehmen-bedeutet\\\/#primaryimage\"},\"thumbnailUrl\":\"https:\\\/\\\/www.hgf.com\\\/wp-content\\\/uploads\\\/2025\\\/06\\\/Untitled-design-2025-12-04T110026.321.png\",\"articleSection\":[\"Rechtliche Neuigkeiten\",\"Wissens Hub\"],\"inLanguage\":\"de-DE\"},{\"@type\":\"WebPage\",\"@id\":\"https:\\\/\\\/www.hgf.com\\\/de\\\/wissens-hub\\\/rechtliche-neuigkeiten\\\/neudefinition-des-designschutzes-in-der-europaeischen-union-was-das-fuer-ihr-unternehmen-bedeutet\\\/\",\"url\":\"https:\\\/\\\/www.hgf.com\\\/de\\\/wissens-hub\\\/rechtliche-neuigkeiten\\\/neudefinition-des-designschutzes-in-der-europaeischen-union-was-das-fuer-ihr-unternehmen-bedeutet\\\/\",\"name\":\"Neudefinition des Designschutzes in der Europ\u00e4ischen Union - Was das f\u00fcr Ihr Unternehmen bedeutet - HGF\",\"isPartOf\":{\"@id\":\"https:\\\/\\\/www.hgf.com\\\/de\\\/#website\"},\"primaryImageOfPage\":{\"@id\":\"https:\\\/\\\/www.hgf.com\\\/de\\\/wissens-hub\\\/rechtliche-neuigkeiten\\\/neudefinition-des-designschutzes-in-der-europaeischen-union-was-das-fuer-ihr-unternehmen-bedeutet\\\/#primaryimage\"},\"image\":{\"@id\":\"https:\\\/\\\/www.hgf.com\\\/de\\\/wissens-hub\\\/rechtliche-neuigkeiten\\\/neudefinition-des-designschutzes-in-der-europaeischen-union-was-das-fuer-ihr-unternehmen-bedeutet\\\/#primaryimage\"},\"thumbnailUrl\":\"https:\\\/\\\/www.hgf.com\\\/wp-content\\\/uploads\\\/2025\\\/06\\\/Untitled-design-2025-12-04T110026.321.png\",\"datePublished\":\"2025-06-02T07:20:56+00:00\",\"dateModified\":\"2025-06-02T08:24:02+00:00\",\"inLanguage\":\"de-DE\",\"potentialAction\":[{\"@type\":\"ReadAction\",\"target\":[\"https:\\\/\\\/www.hgf.com\\\/de\\\/wissens-hub\\\/rechtliche-neuigkeiten\\\/neudefinition-des-designschutzes-in-der-europaeischen-union-was-das-fuer-ihr-unternehmen-bedeutet\\\/\"]}]},{\"@type\":\"ImageObject\",\"inLanguage\":\"de-DE\",\"@id\":\"https:\\\/\\\/www.hgf.com\\\/de\\\/wissens-hub\\\/rechtliche-neuigkeiten\\\/neudefinition-des-designschutzes-in-der-europaeischen-union-was-das-fuer-ihr-unternehmen-bedeutet\\\/#primaryimage\",\"url\":\"https:\\\/\\\/www.hgf.com\\\/wp-content\\\/uploads\\\/2025\\\/06\\\/Untitled-design-2025-12-04T110026.321.png\",\"contentUrl\":\"https:\\\/\\\/www.hgf.com\\\/wp-content\\\/uploads\\\/2025\\\/06\\\/Untitled-design-2025-12-04T110026.321.png\",\"width\":1920,\"height\":1080},{\"@type\":\"WebSite\",\"@id\":\"https:\\\/\\\/www.hgf.com\\\/de\\\/#website\",\"url\":\"https:\\\/\\\/www.hgf.com\\\/de\\\/\",\"name\":\"HGF\",\"description\":\"Intellectual Property Rights specialists\",\"publisher\":{\"@id\":\"https:\\\/\\\/www.hgf.com\\\/de\\\/#organization\"},\"potentialAction\":[{\"@type\":\"SearchAction\",\"target\":{\"@type\":\"EntryPoint\",\"urlTemplate\":\"https:\\\/\\\/www.hgf.com\\\/de\\\/?s={search_term_string}\"},\"query-input\":{\"@type\":\"PropertyValueSpecification\",\"valueRequired\":true,\"valueName\":\"search_term_string\"}}],\"inLanguage\":\"de-DE\"},{\"@type\":\"Organization\",\"@id\":\"https:\\\/\\\/www.hgf.com\\\/de\\\/#organization\",\"name\":\"HGF\",\"url\":\"https:\\\/\\\/www.hgf.com\\\/de\\\/\",\"logo\":{\"@type\":\"ImageObject\",\"inLanguage\":\"de-DE\",\"@id\":\"https:\\\/\\\/www.hgf.com\\\/de\\\/#\\\/schema\\\/logo\\\/image\\\/\",\"url\":\"https:\\\/\\\/www.hgf.com\\\/wp-content\\\/uploads\\\/2023\\\/04\\\/hgf-logo-696x696-1.png\",\"contentUrl\":\"https:\\\/\\\/www.hgf.com\\\/wp-content\\\/uploads\\\/2023\\\/04\\\/hgf-logo-696x696-1.png\",\"width\":696,\"height\":696,\"caption\":\"HGF\"},\"image\":{\"@id\":\"https:\\\/\\\/www.hgf.com\\\/de\\\/#\\\/schema\\\/logo\\\/image\\\/\"},\"sameAs\":[\"https:\\\/\\\/x.com\\\/hgf_ip\",\"https:\\\/\\\/www.linkedin.com\\\/company\\\/hgf-limited-intellectual-property-specialists\\\/\"]},{\"@type\":\"Person\",\"@id\":\"https:\\\/\\\/www.hgf.com\\\/de\\\/#\\\/schema\\\/person\\\/947e0bb489e71984ddee930860fabc85\",\"name\":\"Laura Schirlitzki\",\"image\":{\"@type\":\"ImageObject\",\"inLanguage\":\"de-DE\",\"@id\":\"https:\\\/\\\/secure.gravatar.com\\\/avatar\\\/d67b3a9d7c2be432ef98b37cecb1ee25228e9bed81175cafffa32eeabe6496eb?s=96&d=mm&r=g\",\"url\":\"https:\\\/\\\/secure.gravatar.com\\\/avatar\\\/d67b3a9d7c2be432ef98b37cecb1ee25228e9bed81175cafffa32eeabe6496eb?s=96&d=mm&r=g\",\"contentUrl\":\"https:\\\/\\\/secure.gravatar.com\\\/avatar\\\/d67b3a9d7c2be432ef98b37cecb1ee25228e9bed81175cafffa32eeabe6496eb?s=96&d=mm&r=g\",\"caption\":\"Laura Schirlitzki\"}}]}<\/script>\n<!-- \/ Yoast SEO Premium plugin. -->","yoast_head_json":{"title":"Neudefinition des Designschutzes in der Europ\u00e4ischen Union - Was das f\u00fcr Ihr Unternehmen bedeutet - HGF","robots":{"index":"index","follow":"follow","max-snippet":"max-snippet:-1","max-image-preview":"max-image-preview:large","max-video-preview":"max-video-preview:-1"},"canonical":"https:\/\/www.hgf.com\/de\/wissens-hub\/rechtliche-neuigkeiten\/neudefinition-des-designschutzes-in-der-europaeischen-union-was-das-fuer-ihr-unternehmen-bedeutet\/","og_locale":"de_DE","og_type":"article","og_title":"Neudefinition des Designschutzes in der Europ\u00e4ischen Union - Was das f\u00fcr Ihr Unternehmen bedeutet","og_description":"Am 1. Mai 2025 tritt die erste Phase der lang erwarteten Reformen des Geschmacksmusterrechts der Europ\u00e4ischen Union in Kraft, die zweite Phase der","og_url":"https:\/\/www.hgf.com\/de\/wissens-hub\/rechtliche-neuigkeiten\/neudefinition-des-designschutzes-in-der-europaeischen-union-was-das-fuer-ihr-unternehmen-bedeutet\/","og_site_name":"HGF","article_published_time":"2025-06-02T07:20:56+00:00","article_modified_time":"2025-06-02T08:24:02+00:00","og_image":[{"width":1920,"height":1080,"url":"https:\/\/www.hgf.com\/wp-content\/uploads\/2025\/06\/Untitled-design-2025-12-04T110026.321.png","type":"image\/png"}],"author":"Laura Schirlitzki","twitter_card":"summary_large_image","twitter_creator":"@hgf_ip","twitter_site":"@hgf_ip","twitter_misc":{"Verfasst von":"Laura Schirlitzki","Gesch\u00e4tzte Lesezeit":"6 Minuten"},"schema":{"@context":"https:\/\/schema.org","@graph":[{"@type":"Article","@id":"https:\/\/www.hgf.com\/de\/wissens-hub\/rechtliche-neuigkeiten\/neudefinition-des-designschutzes-in-der-europaeischen-union-was-das-fuer-ihr-unternehmen-bedeutet\/#article","isPartOf":{"@id":"https:\/\/www.hgf.com\/de\/wissens-hub\/rechtliche-neuigkeiten\/neudefinition-des-designschutzes-in-der-europaeischen-union-was-das-fuer-ihr-unternehmen-bedeutet\/"},"author":{"name":"Laura Schirlitzki","@id":"https:\/\/www.hgf.com\/de\/#\/schema\/person\/947e0bb489e71984ddee930860fabc85"},"headline":"Neudefinition des Designschutzes in der Europ\u00e4ischen Union &#8211; Was das f\u00fcr Ihr Unternehmen bedeutet","datePublished":"2025-06-02T07:20:56+00:00","dateModified":"2025-06-02T08:24:02+00:00","mainEntityOfPage":{"@id":"https:\/\/www.hgf.com\/de\/wissens-hub\/rechtliche-neuigkeiten\/neudefinition-des-designschutzes-in-der-europaeischen-union-was-das-fuer-ihr-unternehmen-bedeutet\/"},"wordCount":1285,"publisher":{"@id":"https:\/\/www.hgf.com\/de\/#organization"},"image":{"@id":"https:\/\/www.hgf.com\/de\/wissens-hub\/rechtliche-neuigkeiten\/neudefinition-des-designschutzes-in-der-europaeischen-union-was-das-fuer-ihr-unternehmen-bedeutet\/#primaryimage"},"thumbnailUrl":"https:\/\/www.hgf.com\/wp-content\/uploads\/2025\/06\/Untitled-design-2025-12-04T110026.321.png","articleSection":["Rechtliche Neuigkeiten","Wissens Hub"],"inLanguage":"de-DE"},{"@type":"WebPage","@id":"https:\/\/www.hgf.com\/de\/wissens-hub\/rechtliche-neuigkeiten\/neudefinition-des-designschutzes-in-der-europaeischen-union-was-das-fuer-ihr-unternehmen-bedeutet\/","url":"https:\/\/www.hgf.com\/de\/wissens-hub\/rechtliche-neuigkeiten\/neudefinition-des-designschutzes-in-der-europaeischen-union-was-das-fuer-ihr-unternehmen-bedeutet\/","name":"Neudefinition des Designschutzes in der Europ\u00e4ischen Union - Was das f\u00fcr Ihr Unternehmen bedeutet - HGF","isPartOf":{"@id":"https:\/\/www.hgf.com\/de\/#website"},"primaryImageOfPage":{"@id":"https:\/\/www.hgf.com\/de\/wissens-hub\/rechtliche-neuigkeiten\/neudefinition-des-designschutzes-in-der-europaeischen-union-was-das-fuer-ihr-unternehmen-bedeutet\/#primaryimage"},"image":{"@id":"https:\/\/www.hgf.com\/de\/wissens-hub\/rechtliche-neuigkeiten\/neudefinition-des-designschutzes-in-der-europaeischen-union-was-das-fuer-ihr-unternehmen-bedeutet\/#primaryimage"},"thumbnailUrl":"https:\/\/www.hgf.com\/wp-content\/uploads\/2025\/06\/Untitled-design-2025-12-04T110026.321.png","datePublished":"2025-06-02T07:20:56+00:00","dateModified":"2025-06-02T08:24:02+00:00","inLanguage":"de-DE","potentialAction":[{"@type":"ReadAction","target":["https:\/\/www.hgf.com\/de\/wissens-hub\/rechtliche-neuigkeiten\/neudefinition-des-designschutzes-in-der-europaeischen-union-was-das-fuer-ihr-unternehmen-bedeutet\/"]}]},{"@type":"ImageObject","inLanguage":"de-DE","@id":"https:\/\/www.hgf.com\/de\/wissens-hub\/rechtliche-neuigkeiten\/neudefinition-des-designschutzes-in-der-europaeischen-union-was-das-fuer-ihr-unternehmen-bedeutet\/#primaryimage","url":"https:\/\/www.hgf.com\/wp-content\/uploads\/2025\/06\/Untitled-design-2025-12-04T110026.321.png","contentUrl":"https:\/\/www.hgf.com\/wp-content\/uploads\/2025\/06\/Untitled-design-2025-12-04T110026.321.png","width":1920,"height":1080},{"@type":"WebSite","@id":"https:\/\/www.hgf.com\/de\/#website","url":"https:\/\/www.hgf.com\/de\/","name":"HGF","description":"Intellectual Property Rights specialists","publisher":{"@id":"https:\/\/www.hgf.com\/de\/#organization"},"potentialAction":[{"@type":"SearchAction","target":{"@type":"EntryPoint","urlTemplate":"https:\/\/www.hgf.com\/de\/?s={search_term_string}"},"query-input":{"@type":"PropertyValueSpecification","valueRequired":true,"valueName":"search_term_string"}}],"inLanguage":"de-DE"},{"@type":"Organization","@id":"https:\/\/www.hgf.com\/de\/#organization","name":"HGF","url":"https:\/\/www.hgf.com\/de\/","logo":{"@type":"ImageObject","inLanguage":"de-DE","@id":"https:\/\/www.hgf.com\/de\/#\/schema\/logo\/image\/","url":"https:\/\/www.hgf.com\/wp-content\/uploads\/2023\/04\/hgf-logo-696x696-1.png","contentUrl":"https:\/\/www.hgf.com\/wp-content\/uploads\/2023\/04\/hgf-logo-696x696-1.png","width":696,"height":696,"caption":"HGF"},"image":{"@id":"https:\/\/www.hgf.com\/de\/#\/schema\/logo\/image\/"},"sameAs":["https:\/\/x.com\/hgf_ip","https:\/\/www.linkedin.com\/company\/hgf-limited-intellectual-property-specialists\/"]},{"@type":"Person","@id":"https:\/\/www.hgf.com\/de\/#\/schema\/person\/947e0bb489e71984ddee930860fabc85","name":"Laura Schirlitzki","image":{"@type":"ImageObject","inLanguage":"de-DE","@id":"https:\/\/secure.gravatar.com\/avatar\/d67b3a9d7c2be432ef98b37cecb1ee25228e9bed81175cafffa32eeabe6496eb?s=96&d=mm&r=g","url":"https:\/\/secure.gravatar.com\/avatar\/d67b3a9d7c2be432ef98b37cecb1ee25228e9bed81175cafffa32eeabe6496eb?s=96&d=mm&r=g","contentUrl":"https:\/\/secure.gravatar.com\/avatar\/d67b3a9d7c2be432ef98b37cecb1ee25228e9bed81175cafffa32eeabe6496eb?s=96&d=mm&r=g","caption":"Laura Schirlitzki"}}]}},"_links":{"self":[{"href":"https:\/\/www.hgf.com\/de\/wp-json\/wp\/v2\/posts\/9004111222132887","targetHints":{"allow":["GET"]}}],"collection":[{"href":"https:\/\/www.hgf.com\/de\/wp-json\/wp\/v2\/posts"}],"about":[{"href":"https:\/\/www.hgf.com\/de\/wp-json\/wp\/v2\/types\/post"}],"author":[{"embeddable":true,"href":"https:\/\/www.hgf.com\/de\/wp-json\/wp\/v2\/users\/587"}],"replies":[{"embeddable":true,"href":"https:\/\/www.hgf.com\/de\/wp-json\/wp\/v2\/comments?post=9004111222132887"}],"version-history":[{"count":0,"href":"https:\/\/www.hgf.com\/de\/wp-json\/wp\/v2\/posts\/9004111222132887\/revisions"}],"wp:featuredmedia":[{"embeddable":true,"href":"https:\/\/www.hgf.com\/de\/wp-json\/wp\/v2\/media\/9004111222138317"}],"wp:attachment":[{"href":"https:\/\/www.hgf.com\/de\/wp-json\/wp\/v2\/media?parent=9004111222132887"}],"wp:term":[{"taxonomy":"category","embeddable":true,"href":"https:\/\/www.hgf.com\/de\/wp-json\/wp\/v2\/categories?post=9004111222132887"},{"taxonomy":"post_tag","embeddable":true,"href":"https:\/\/www.hgf.com\/de\/wp-json\/wp\/v2\/tags?post=9004111222132887"}],"curies":[{"name":"wp","href":"https:\/\/api.w.org\/{rel}","templated":true}]}}