{"id":9004111222132884,"date":"2025-06-02T08:25:01","date_gmt":"2025-06-02T07:25:01","guid":{"rendered":"https:\/\/www.hgf.com\/?p=9004111222132884"},"modified":"2025-06-02T09:23:54","modified_gmt":"2025-06-02T08:23:54","slug":"hgf-wird-bei-den-legal-insider-awards-als-kanzlei-des-jahres-fuer-geistiges-eigentum-leeds-ausgezeichnet","status":"publish","type":"post","link":"https:\/\/www.hgf.com\/de\/wissens-hub\/news-1\/hgf-wird-bei-den-legal-insider-awards-als-kanzlei-des-jahres-fuer-geistiges-eigentum-leeds-ausgezeichnet\/","title":{"rendered":"HGF wird bei den Legal Insider Awards als Kanzlei des Jahres f\u00fcr geistiges Eigentum (Leeds) ausgezeichnet"},"content":{"rendered":"<p class=\"p__large\">Wir sind stolz zu verk\u00fcnden, dass HGF vom <a href=\"https:\/\/www.legal-insider.com\/\">Legal Insider<\/a> als Kanzlei des Jahres f\u00fcr geistiges Eigentum &#8211; Leeds 2025 &#8211; ausgezeichnet wurde!<\/p>\n<p>Diese Auszeichnung ist ein Beweis f\u00fcr das Engagement, die Expertise und die Innovation unseres europ\u00e4ischen Teams, und es ist fantastisch, unter den Top-Kanzleien anerkannt worden zu sein. Mit den Legal Insider Awards werden Personen und Organisationen ausgezeichnet, die in der Rechtsbranche neue Ma\u00dfst\u00e4be setzen, den Wandel vorantreiben und die Zukunft der Rechtsdienstleistungen gestalten.<\/p>\n<p>Wir bei HGF haben uns verpflichtet, strategische, zukunftsweisende L\u00f6sungen f\u00fcr geistiges Eigentum zu liefern, die den Wert der Innovationen unserer Mandanten sch\u00fctzen und maximieren. Diese Auszeichnung unterstreicht die Fortschritte, die wir bei der Weiterentwicklung der Praxis des gewerblichen Rechtsschutzes gemacht haben.<\/p>\n<p>Vielen Dank an unser engagiertes Team und den Legal Insider f\u00fcr diese Anerkennung.<\/p>\n<p>Erfahren Sie unten mehr.<\/p>\n<div class=\"btn-wrap btn-wrap--mb\"><a href=\"https:\/\/www.legal-insider.com\/award-winner-2025\/hgf-limited\/\" class=\"btn on-grey\" target=\"_blank\"><span>MEHR ERFAHREN<\/span><\/a><\/div>\n","protected":false},"excerpt":{"rendered":"<p>Wir sind stolz zu verk\u00fcnden, dass HGF vom Legal Insider als Kanzlei des Jahres f\u00fcr geistiges Eigentum &#8211; Leeds 2025 &#8211; ausgezeichnet wurde! Diese Auszeichnung ist ein Beweis f\u00fcr das &hellip;<\/p>\n","protected":false},"author":587,"featured_media":9004111222127493,"comment_status":"closed","ping_status":"closed","sticky":false,"template":"","format":"standard","meta":{"_acf_changed":false,"footnotes":""},"categories":[531,518],"tags":[],"class_list":["post-9004111222132884","post","type-post","status-publish","format-standard","has-post-thumbnail","hentry","category-news-1","category-wissens-hub"],"acf":[],"yoast_head":"<!-- This site is optimized with the Yoast SEO Premium plugin v27.5 (Yoast SEO v27.5) - https:\/\/yoast.com\/product\/yoast-seo-premium-wordpress\/ -->\n<title>HGF wird bei den Legal Insider Awards als Kanzlei des Jahres f\u00fcr geistiges Eigentum (Leeds) ausgezeichnet - HGF<\/title>\n<meta name=\"description\" content=\"Wir sind stolz darauf, bekannt geben zu k\u00f6nnen, dass HGF vom Legal Insider als Kanzlei f\u00fcr geistiges Eigentum des Jahres - Leeds 2025 - ausgezeichnet wurde!\" \/>\n<meta name=\"robots\" content=\"index, follow, max-snippet:-1, max-image-preview:large, max-video-preview:-1\" \/>\n<link rel=\"canonical\" href=\"https:\/\/www.hgf.com\/de\/wissens-hub\/news-1\/hgf-wird-bei-den-legal-insider-awards-als-kanzlei-des-jahres-fuer-geistiges-eigentum-leeds-ausgezeichnet\/\" \/>\n<meta property=\"og:locale\" content=\"de_DE\" \/>\n<meta property=\"og:type\" content=\"article\" \/>\n<meta property=\"og:title\" content=\"HGF wird bei den Legal Insider Awards als Kanzlei des Jahres f\u00fcr geistiges Eigentum (Leeds) ausgezeichnet\" \/>\n<meta property=\"og:description\" content=\"Wir sind stolz zu verk\u00fcnden, dass HGF vom Legal Insider als Kanzlei des Jahres f\u00fcr geistiges Eigentum - Leeds 2025 - ausgezeichnet wurde! Diese\" \/>\n<meta property=\"og:url\" content=\"https:\/\/www.hgf.com\/de\/wissens-hub\/news-1\/hgf-wird-bei-den-legal-insider-awards-als-kanzlei-des-jahres-fuer-geistiges-eigentum-leeds-ausgezeichnet\/\" \/>\n<meta property=\"og:site_name\" content=\"HGF\" \/>\n<meta property=\"article:published_time\" content=\"2025-06-02T07:25:01+00:00\" \/>\n<meta property=\"article:modified_time\" content=\"2025-06-02T08:23:54+00:00\" \/>\n<meta property=\"og:image\" content=\"https:\/\/www.hgf.com\/wp-content\/uploads\/2023\/02\/hgf-logo.jpg\" \/>\n\t<meta property=\"og:image:width\" content=\"1920\" \/>\n\t<meta property=\"og:image:height\" content=\"1080\" \/>\n\t<meta property=\"og:image:type\" content=\"image\/jpeg\" \/>\n<meta name=\"author\" content=\"Laura Schirlitzki\" \/>\n<meta name=\"twitter:card\" content=\"summary_large_image\" \/>\n<meta name=\"twitter:creator\" content=\"@hgf_ip\" \/>\n<meta name=\"twitter:site\" content=\"@hgf_ip\" \/>\n<meta name=\"twitter:label1\" content=\"Verfasst von\" \/>\n\t<meta name=\"twitter:data1\" content=\"Laura Schirlitzki\" \/>\n\t<meta name=\"twitter:label2\" content=\"Gesch\u00e4tzte Lesezeit\" \/>\n\t<meta name=\"twitter:data2\" content=\"1 Minute\" \/>\n<script type=\"application\/ld+json\" class=\"yoast-schema-graph\">{\"@context\":\"https:\\\/\\\/schema.org\",\"@graph\":[{\"@type\":\"Article\",\"@id\":\"https:\\\/\\\/www.hgf.com\\\/de\\\/wissens-hub\\\/news-1\\\/hgf-wird-bei-den-legal-insider-awards-als-kanzlei-des-jahres-fuer-geistiges-eigentum-leeds-ausgezeichnet\\\/#article\",\"isPartOf\":{\"@id\":\"https:\\\/\\\/www.hgf.com\\\/de\\\/wissens-hub\\\/news-1\\\/hgf-wird-bei-den-legal-insider-awards-als-kanzlei-des-jahres-fuer-geistiges-eigentum-leeds-ausgezeichnet\\\/\"},\"author\":{\"name\":\"Laura Schirlitzki\",\"@id\":\"https:\\\/\\\/www.hgf.com\\\/de\\\/#\\\/schema\\\/person\\\/947e0bb489e71984ddee930860fabc85\"},\"headline\":\"HGF wird bei den Legal Insider Awards als Kanzlei des Jahres f\u00fcr geistiges Eigentum (Leeds) ausgezeichnet\",\"datePublished\":\"2025-06-02T07:25:01+00:00\",\"dateModified\":\"2025-06-02T08:23:54+00:00\",\"mainEntityOfPage\":{\"@id\":\"https:\\\/\\\/www.hgf.com\\\/de\\\/wissens-hub\\\/news-1\\\/hgf-wird-bei-den-legal-insider-awards-als-kanzlei-des-jahres-fuer-geistiges-eigentum-leeds-ausgezeichnet\\\/\"},\"wordCount\":183,\"publisher\":{\"@id\":\"https:\\\/\\\/www.hgf.com\\\/de\\\/#organization\"},\"image\":{\"@id\":\"https:\\\/\\\/www.hgf.com\\\/de\\\/wissens-hub\\\/news-1\\\/hgf-wird-bei-den-legal-insider-awards-als-kanzlei-des-jahres-fuer-geistiges-eigentum-leeds-ausgezeichnet\\\/#primaryimage\"},\"thumbnailUrl\":\"https:\\\/\\\/www.hgf.com\\\/wp-content\\\/uploads\\\/2023\\\/02\\\/hgf-logo.jpg\",\"articleSection\":[\"Nachricht\",\"Wissens Hub\"],\"inLanguage\":\"de-DE\"},{\"@type\":\"WebPage\",\"@id\":\"https:\\\/\\\/www.hgf.com\\\/de\\\/wissens-hub\\\/news-1\\\/hgf-wird-bei-den-legal-insider-awards-als-kanzlei-des-jahres-fuer-geistiges-eigentum-leeds-ausgezeichnet\\\/\",\"url\":\"https:\\\/\\\/www.hgf.com\\\/de\\\/wissens-hub\\\/news-1\\\/hgf-wird-bei-den-legal-insider-awards-als-kanzlei-des-jahres-fuer-geistiges-eigentum-leeds-ausgezeichnet\\\/\",\"name\":\"HGF wird bei den Legal Insider Awards als Kanzlei des Jahres f\u00fcr geistiges Eigentum (Leeds) ausgezeichnet - HGF\",\"isPartOf\":{\"@id\":\"https:\\\/\\\/www.hgf.com\\\/de\\\/#website\"},\"primaryImageOfPage\":{\"@id\":\"https:\\\/\\\/www.hgf.com\\\/de\\\/wissens-hub\\\/news-1\\\/hgf-wird-bei-den-legal-insider-awards-als-kanzlei-des-jahres-fuer-geistiges-eigentum-leeds-ausgezeichnet\\\/#primaryimage\"},\"image\":{\"@id\":\"https:\\\/\\\/www.hgf.com\\\/de\\\/wissens-hub\\\/news-1\\\/hgf-wird-bei-den-legal-insider-awards-als-kanzlei-des-jahres-fuer-geistiges-eigentum-leeds-ausgezeichnet\\\/#primaryimage\"},\"thumbnailUrl\":\"https:\\\/\\\/www.hgf.com\\\/wp-content\\\/uploads\\\/2023\\\/02\\\/hgf-logo.jpg\",\"datePublished\":\"2025-06-02T07:25:01+00:00\",\"dateModified\":\"2025-06-02T08:23:54+00:00\",\"description\":\"Wir sind stolz darauf, bekannt geben zu k\u00f6nnen, dass HGF vom Legal Insider als Kanzlei f\u00fcr geistiges Eigentum des Jahres - Leeds 2025 - ausgezeichnet wurde!\",\"inLanguage\":\"de-DE\",\"potentialAction\":[{\"@type\":\"ReadAction\",\"target\":[\"https:\\\/\\\/www.hgf.com\\\/de\\\/wissens-hub\\\/news-1\\\/hgf-wird-bei-den-legal-insider-awards-als-kanzlei-des-jahres-fuer-geistiges-eigentum-leeds-ausgezeichnet\\\/\"]}]},{\"@type\":\"ImageObject\",\"inLanguage\":\"de-DE\",\"@id\":\"https:\\\/\\\/www.hgf.com\\\/de\\\/wissens-hub\\\/news-1\\\/hgf-wird-bei-den-legal-insider-awards-als-kanzlei-des-jahres-fuer-geistiges-eigentum-leeds-ausgezeichnet\\\/#primaryimage\",\"url\":\"https:\\\/\\\/www.hgf.com\\\/wp-content\\\/uploads\\\/2023\\\/02\\\/hgf-logo.jpg\",\"contentUrl\":\"https:\\\/\\\/www.hgf.com\\\/wp-content\\\/uploads\\\/2023\\\/02\\\/hgf-logo.jpg\",\"width\":1920,\"height\":1080},{\"@type\":\"WebSite\",\"@id\":\"https:\\\/\\\/www.hgf.com\\\/de\\\/#website\",\"url\":\"https:\\\/\\\/www.hgf.com\\\/de\\\/\",\"name\":\"HGF\",\"description\":\"Intellectual Property Rights specialists\",\"publisher\":{\"@id\":\"https:\\\/\\\/www.hgf.com\\\/de\\\/#organization\"},\"potentialAction\":[{\"@type\":\"SearchAction\",\"target\":{\"@type\":\"EntryPoint\",\"urlTemplate\":\"https:\\\/\\\/www.hgf.com\\\/de\\\/?s={search_term_string}\"},\"query-input\":{\"@type\":\"PropertyValueSpecification\",\"valueRequired\":true,\"valueName\":\"search_term_string\"}}],\"inLanguage\":\"de-DE\"},{\"@type\":\"Organization\",\"@id\":\"https:\\\/\\\/www.hgf.com\\\/de\\\/#organization\",\"name\":\"HGF\",\"url\":\"https:\\\/\\\/www.hgf.com\\\/de\\\/\",\"logo\":{\"@type\":\"ImageObject\",\"inLanguage\":\"de-DE\",\"@id\":\"https:\\\/\\\/www.hgf.com\\\/de\\\/#\\\/schema\\\/logo\\\/image\\\/\",\"url\":\"https:\\\/\\\/www.hgf.com\\\/wp-content\\\/uploads\\\/2023\\\/04\\\/hgf-logo-696x696-1.png\",\"contentUrl\":\"https:\\\/\\\/www.hgf.com\\\/wp-content\\\/uploads\\\/2023\\\/04\\\/hgf-logo-696x696-1.png\",\"width\":696,\"height\":696,\"caption\":\"HGF\"},\"image\":{\"@id\":\"https:\\\/\\\/www.hgf.com\\\/de\\\/#\\\/schema\\\/logo\\\/image\\\/\"},\"sameAs\":[\"https:\\\/\\\/x.com\\\/hgf_ip\",\"https:\\\/\\\/www.linkedin.com\\\/company\\\/hgf-limited-intellectual-property-specialists\\\/\"]},{\"@type\":\"Person\",\"@id\":\"https:\\\/\\\/www.hgf.com\\\/de\\\/#\\\/schema\\\/person\\\/947e0bb489e71984ddee930860fabc85\",\"name\":\"Laura Schirlitzki\",\"image\":{\"@type\":\"ImageObject\",\"inLanguage\":\"de-DE\",\"@id\":\"https:\\\/\\\/secure.gravatar.com\\\/avatar\\\/d67b3a9d7c2be432ef98b37cecb1ee25228e9bed81175cafffa32eeabe6496eb?s=96&d=mm&r=g\",\"url\":\"https:\\\/\\\/secure.gravatar.com\\\/avatar\\\/d67b3a9d7c2be432ef98b37cecb1ee25228e9bed81175cafffa32eeabe6496eb?s=96&d=mm&r=g\",\"contentUrl\":\"https:\\\/\\\/secure.gravatar.com\\\/avatar\\\/d67b3a9d7c2be432ef98b37cecb1ee25228e9bed81175cafffa32eeabe6496eb?s=96&d=mm&r=g\",\"caption\":\"Laura Schirlitzki\"}}]}<\/script>\n<!-- \/ Yoast SEO Premium plugin. -->","yoast_head_json":{"title":"HGF wird bei den Legal Insider Awards als Kanzlei des Jahres f\u00fcr geistiges Eigentum (Leeds) ausgezeichnet - HGF","description":"Wir sind stolz darauf, bekannt geben zu k\u00f6nnen, dass HGF vom Legal Insider als Kanzlei f\u00fcr geistiges Eigentum des Jahres - Leeds 2025 - ausgezeichnet wurde!","robots":{"index":"index","follow":"follow","max-snippet":"max-snippet:-1","max-image-preview":"max-image-preview:large","max-video-preview":"max-video-preview:-1"},"canonical":"https:\/\/www.hgf.com\/de\/wissens-hub\/news-1\/hgf-wird-bei-den-legal-insider-awards-als-kanzlei-des-jahres-fuer-geistiges-eigentum-leeds-ausgezeichnet\/","og_locale":"de_DE","og_type":"article","og_title":"HGF wird bei den Legal Insider Awards als Kanzlei des Jahres f\u00fcr geistiges Eigentum (Leeds) ausgezeichnet","og_description":"Wir sind stolz zu verk\u00fcnden, dass HGF vom Legal Insider als Kanzlei des Jahres f\u00fcr geistiges Eigentum - Leeds 2025 - ausgezeichnet wurde! Diese","og_url":"https:\/\/www.hgf.com\/de\/wissens-hub\/news-1\/hgf-wird-bei-den-legal-insider-awards-als-kanzlei-des-jahres-fuer-geistiges-eigentum-leeds-ausgezeichnet\/","og_site_name":"HGF","article_published_time":"2025-06-02T07:25:01+00:00","article_modified_time":"2025-06-02T08:23:54+00:00","og_image":[{"width":1920,"height":1080,"url":"https:\/\/www.hgf.com\/wp-content\/uploads\/2023\/02\/hgf-logo.jpg","type":"image\/jpeg"}],"author":"Laura Schirlitzki","twitter_card":"summary_large_image","twitter_creator":"@hgf_ip","twitter_site":"@hgf_ip","twitter_misc":{"Verfasst von":"Laura Schirlitzki","Gesch\u00e4tzte Lesezeit":"1 Minute"},"schema":{"@context":"https:\/\/schema.org","@graph":[{"@type":"Article","@id":"https:\/\/www.hgf.com\/de\/wissens-hub\/news-1\/hgf-wird-bei-den-legal-insider-awards-als-kanzlei-des-jahres-fuer-geistiges-eigentum-leeds-ausgezeichnet\/#article","isPartOf":{"@id":"https:\/\/www.hgf.com\/de\/wissens-hub\/news-1\/hgf-wird-bei-den-legal-insider-awards-als-kanzlei-des-jahres-fuer-geistiges-eigentum-leeds-ausgezeichnet\/"},"author":{"name":"Laura Schirlitzki","@id":"https:\/\/www.hgf.com\/de\/#\/schema\/person\/947e0bb489e71984ddee930860fabc85"},"headline":"HGF wird bei den Legal Insider Awards als Kanzlei des Jahres f\u00fcr geistiges Eigentum (Leeds) ausgezeichnet","datePublished":"2025-06-02T07:25:01+00:00","dateModified":"2025-06-02T08:23:54+00:00","mainEntityOfPage":{"@id":"https:\/\/www.hgf.com\/de\/wissens-hub\/news-1\/hgf-wird-bei-den-legal-insider-awards-als-kanzlei-des-jahres-fuer-geistiges-eigentum-leeds-ausgezeichnet\/"},"wordCount":183,"publisher":{"@id":"https:\/\/www.hgf.com\/de\/#organization"},"image":{"@id":"https:\/\/www.hgf.com\/de\/wissens-hub\/news-1\/hgf-wird-bei-den-legal-insider-awards-als-kanzlei-des-jahres-fuer-geistiges-eigentum-leeds-ausgezeichnet\/#primaryimage"},"thumbnailUrl":"https:\/\/www.hgf.com\/wp-content\/uploads\/2023\/02\/hgf-logo.jpg","articleSection":["Nachricht","Wissens Hub"],"inLanguage":"de-DE"},{"@type":"WebPage","@id":"https:\/\/www.hgf.com\/de\/wissens-hub\/news-1\/hgf-wird-bei-den-legal-insider-awards-als-kanzlei-des-jahres-fuer-geistiges-eigentum-leeds-ausgezeichnet\/","url":"https:\/\/www.hgf.com\/de\/wissens-hub\/news-1\/hgf-wird-bei-den-legal-insider-awards-als-kanzlei-des-jahres-fuer-geistiges-eigentum-leeds-ausgezeichnet\/","name":"HGF wird bei den Legal Insider Awards als Kanzlei des Jahres f\u00fcr geistiges Eigentum (Leeds) ausgezeichnet - HGF","isPartOf":{"@id":"https:\/\/www.hgf.com\/de\/#website"},"primaryImageOfPage":{"@id":"https:\/\/www.hgf.com\/de\/wissens-hub\/news-1\/hgf-wird-bei-den-legal-insider-awards-als-kanzlei-des-jahres-fuer-geistiges-eigentum-leeds-ausgezeichnet\/#primaryimage"},"image":{"@id":"https:\/\/www.hgf.com\/de\/wissens-hub\/news-1\/hgf-wird-bei-den-legal-insider-awards-als-kanzlei-des-jahres-fuer-geistiges-eigentum-leeds-ausgezeichnet\/#primaryimage"},"thumbnailUrl":"https:\/\/www.hgf.com\/wp-content\/uploads\/2023\/02\/hgf-logo.jpg","datePublished":"2025-06-02T07:25:01+00:00","dateModified":"2025-06-02T08:23:54+00:00","description":"Wir sind stolz darauf, bekannt geben zu k\u00f6nnen, dass HGF vom Legal Insider als Kanzlei f\u00fcr geistiges Eigentum des Jahres - Leeds 2025 - ausgezeichnet wurde!","inLanguage":"de-DE","potentialAction":[{"@type":"ReadAction","target":["https:\/\/www.hgf.com\/de\/wissens-hub\/news-1\/hgf-wird-bei-den-legal-insider-awards-als-kanzlei-des-jahres-fuer-geistiges-eigentum-leeds-ausgezeichnet\/"]}]},{"@type":"ImageObject","inLanguage":"de-DE","@id":"https:\/\/www.hgf.com\/de\/wissens-hub\/news-1\/hgf-wird-bei-den-legal-insider-awards-als-kanzlei-des-jahres-fuer-geistiges-eigentum-leeds-ausgezeichnet\/#primaryimage","url":"https:\/\/www.hgf.com\/wp-content\/uploads\/2023\/02\/hgf-logo.jpg","contentUrl":"https:\/\/www.hgf.com\/wp-content\/uploads\/2023\/02\/hgf-logo.jpg","width":1920,"height":1080},{"@type":"WebSite","@id":"https:\/\/www.hgf.com\/de\/#website","url":"https:\/\/www.hgf.com\/de\/","name":"HGF","description":"Intellectual Property Rights specialists","publisher":{"@id":"https:\/\/www.hgf.com\/de\/#organization"},"potentialAction":[{"@type":"SearchAction","target":{"@type":"EntryPoint","urlTemplate":"https:\/\/www.hgf.com\/de\/?s={search_term_string}"},"query-input":{"@type":"PropertyValueSpecification","valueRequired":true,"valueName":"search_term_string"}}],"inLanguage":"de-DE"},{"@type":"Organization","@id":"https:\/\/www.hgf.com\/de\/#organization","name":"HGF","url":"https:\/\/www.hgf.com\/de\/","logo":{"@type":"ImageObject","inLanguage":"de-DE","@id":"https:\/\/www.hgf.com\/de\/#\/schema\/logo\/image\/","url":"https:\/\/www.hgf.com\/wp-content\/uploads\/2023\/04\/hgf-logo-696x696-1.png","contentUrl":"https:\/\/www.hgf.com\/wp-content\/uploads\/2023\/04\/hgf-logo-696x696-1.png","width":696,"height":696,"caption":"HGF"},"image":{"@id":"https:\/\/www.hgf.com\/de\/#\/schema\/logo\/image\/"},"sameAs":["https:\/\/x.com\/hgf_ip","https:\/\/www.linkedin.com\/company\/hgf-limited-intellectual-property-specialists\/"]},{"@type":"Person","@id":"https:\/\/www.hgf.com\/de\/#\/schema\/person\/947e0bb489e71984ddee930860fabc85","name":"Laura Schirlitzki","image":{"@type":"ImageObject","inLanguage":"de-DE","@id":"https:\/\/secure.gravatar.com\/avatar\/d67b3a9d7c2be432ef98b37cecb1ee25228e9bed81175cafffa32eeabe6496eb?s=96&d=mm&r=g","url":"https:\/\/secure.gravatar.com\/avatar\/d67b3a9d7c2be432ef98b37cecb1ee25228e9bed81175cafffa32eeabe6496eb?s=96&d=mm&r=g","contentUrl":"https:\/\/secure.gravatar.com\/avatar\/d67b3a9d7c2be432ef98b37cecb1ee25228e9bed81175cafffa32eeabe6496eb?s=96&d=mm&r=g","caption":"Laura Schirlitzki"}}]}},"_links":{"self":[{"href":"https:\/\/www.hgf.com\/de\/wp-json\/wp\/v2\/posts\/9004111222132884","targetHints":{"allow":["GET"]}}],"collection":[{"href":"https:\/\/www.hgf.com\/de\/wp-json\/wp\/v2\/posts"}],"about":[{"href":"https:\/\/www.hgf.com\/de\/wp-json\/wp\/v2\/types\/post"}],"author":[{"embeddable":true,"href":"https:\/\/www.hgf.com\/de\/wp-json\/wp\/v2\/users\/587"}],"replies":[{"embeddable":true,"href":"https:\/\/www.hgf.com\/de\/wp-json\/wp\/v2\/comments?post=9004111222132884"}],"version-history":[{"count":0,"href":"https:\/\/www.hgf.com\/de\/wp-json\/wp\/v2\/posts\/9004111222132884\/revisions"}],"wp:featuredmedia":[{"embeddable":true,"href":"https:\/\/www.hgf.com\/de\/wp-json\/wp\/v2\/media\/9004111222127493"}],"wp:attachment":[{"href":"https:\/\/www.hgf.com\/de\/wp-json\/wp\/v2\/media?parent=9004111222132884"}],"wp:term":[{"taxonomy":"category","embeddable":true,"href":"https:\/\/www.hgf.com\/de\/wp-json\/wp\/v2\/categories?post=9004111222132884"},{"taxonomy":"post_tag","embeddable":true,"href":"https:\/\/www.hgf.com\/de\/wp-json\/wp\/v2\/tags?post=9004111222132884"}],"curies":[{"name":"wp","href":"https:\/\/api.w.org\/{rel}","templated":true}]}}