{"id":9004111222132073,"date":"2025-01-23T15:27:49","date_gmt":"2025-01-23T15:27:49","guid":{"rendered":"https:\/\/www.hgf.com\/?p=9004111222132073"},"modified":"2025-01-27T11:15:47","modified_gmt":"2025-01-27T11:15:47","slug":"hgf-feiert-zwei-nominierungen-bei-den-women-and-diversity-in-law-auszeichnungen","status":"publish","type":"post","link":"https:\/\/www.hgf.com\/de\/wissens-hub\/news-1\/hgf-feiert-zwei-nominierungen-bei-den-women-and-diversity-in-law-auszeichnungen\/","title":{"rendered":"HGF feiert zwei Nominierungen bei den Women and Diversity in Law Auszeichnungen"},"content":{"rendered":"<p class=\"p__large\">Wir freuen uns, Ihnen mitteilen zu k\u00f6nnen, dass wir f\u00fcr zwei Auszeichnungen bei den Women and Diversity in Law Awards nominiert wurden, die am 18. M\u00e4rz im Hilton Bankside in London stattfinden.<\/p>\n<p>Mit diesen Auszeichnungen werden herausragende weibliche F\u00fchrungskr\u00e4fte und Praktikerinnen sowie die juristischen Teams und Unternehmen gew\u00fcrdigt, die bedeutende Fortschritte dabei erzielen, die britische Anwaltschaft gerechter zu gestalten und die Gesellschaft, in der sie t\u00e4tig ist, widerzuspiegeln.<\/p>\n<p>Wir wurden nominiert f\u00fcr:<\/p>\n<ul>\n<li>\u201eRising Star \u2013 National\/Regional Law Firm\u201c<\/li>\n<\/ul>\n<p>Die leitende IP-Spezialistin f\u00fcr Markenrecht <a href=\"https:\/\/www.hgf.com\/de\/unsere-mitarbeitenden\/cherry-shin\/\">Cherry Shin<\/a> wurde f\u00fcr ihre au\u00dfergew\u00f6hnlichen Beitr\u00e4ge und ihre F\u00fchrungsrolle in der Rechtsbranche ausgezeichnet.<\/p>\n<ul>\n<li>&#8220;Age and Life Stage Initiative of the Year \u2013 HGF Enhanced Parental Leave Policy\u201c<\/li>\n<\/ul>\n<p>Die erweiterte Elternzeitrichtlinie von HGF wurde mit 52 Wochen Elternzeit, davon 26 Wochen bei vollem Gehalt f\u00fcr alle berechtigten Kollegen, unabh\u00e4ngig vom Geschlecht, ausgezeichnet.<\/p>\n<p>Diese Nominierungen spiegeln die harte Arbeit und das Engagement unseres Teams wider. Bei HGF setzen wir uns f\u00fcr die F\u00f6rderung einer Kultur der Vielfalt, Gerechtigkeit und Inklusion ein, und wir sind stolz darauf, dass unsere Bem\u00fchungen bei dieser angesehenen Veranstaltung anerkannt wurden. Durch unsere fortlaufende Personalstrategie und unseren DEI-Plan sind unsere F\u00fchrungs- und Managementteams bestrebt, unsere Mitarbeiter zu unterst\u00fctzen und ihnen dabei zu helfen, sich zu entfalten und ihr volles Potenzial zu erreichen.<\/p>\n<div class=\"btn-wrap btn-wrap--mb\"><a href=\"https:\/\/womenanddiversityinlawawards.com\/womenanddiversityinlawawards2025\/en\/page\/home\" class=\"btn on-grey\" target=\"_blank\"><span>MEHR ERFAHREN<\/span><\/a><\/div>\n","protected":false},"excerpt":{"rendered":"<p>Wir freuen uns, Ihnen mitteilen zu k\u00f6nnen, dass wir f\u00fcr zwei Auszeichnungen bei den Women and Diversity in Law Awards nominiert wurden, die am 18. M\u00e4rz im Hilton Bankside in &hellip;<\/p>\n","protected":false},"author":502,"featured_media":9004111222127493,"comment_status":"closed","ping_status":"closed","sticky":false,"template":"","format":"standard","meta":{"_acf_changed":false,"footnotes":""},"categories":[531,518],"tags":[],"class_list":["post-9004111222132073","post","type-post","status-publish","format-standard","has-post-thumbnail","hentry","category-news-1","category-wissens-hub"],"acf":[],"yoast_head":"<!-- This site is optimized with the Yoast SEO Premium plugin v27.4 (Yoast SEO v27.4) - https:\/\/yoast.com\/product\/yoast-seo-premium-wordpress\/ -->\n<title>HGF feiert zwei Nominierungen bei den Women and Diversity in Law Auszeichnungen - HGF<\/title>\n<meta name=\"robots\" content=\"index, follow, max-snippet:-1, max-image-preview:large, max-video-preview:-1\" \/>\n<link rel=\"canonical\" href=\"https:\/\/www.hgf.com\/de\/wissens-hub\/news-1\/hgf-feiert-zwei-nominierungen-bei-den-women-and-diversity-in-law-auszeichnungen\/\" \/>\n<meta property=\"og:locale\" content=\"de_DE\" \/>\n<meta property=\"og:type\" content=\"article\" \/>\n<meta property=\"og:title\" content=\"HGF feiert zwei Nominierungen bei den Women and Diversity in Law Auszeichnungen\" \/>\n<meta property=\"og:description\" content=\"Wir freuen uns, Ihnen mitteilen zu k\u00f6nnen, dass wir f\u00fcr zwei Auszeichnungen bei den Women and Diversity in Law Awards nominiert wurden, die am 18. M\u00e4rz im\" \/>\n<meta property=\"og:url\" content=\"https:\/\/www.hgf.com\/de\/wissens-hub\/news-1\/hgf-feiert-zwei-nominierungen-bei-den-women-and-diversity-in-law-auszeichnungen\/\" \/>\n<meta property=\"og:site_name\" content=\"HGF\" \/>\n<meta property=\"article:published_time\" content=\"2025-01-23T15:27:49+00:00\" \/>\n<meta property=\"article:modified_time\" content=\"2025-01-27T11:15:47+00:00\" \/>\n<meta property=\"og:image\" content=\"https:\/\/www.hgf.com\/wp-content\/uploads\/2023\/02\/hgf-logo.jpg\" \/>\n\t<meta property=\"og:image:width\" content=\"1920\" \/>\n\t<meta property=\"og:image:height\" content=\"1080\" \/>\n\t<meta property=\"og:image:type\" content=\"image\/jpeg\" \/>\n<meta name=\"author\" content=\"Georgia Melia\" \/>\n<meta name=\"twitter:card\" content=\"summary_large_image\" \/>\n<meta name=\"twitter:creator\" content=\"@hgf_ip\" \/>\n<meta name=\"twitter:site\" content=\"@hgf_ip\" \/>\n<meta name=\"twitter:label1\" content=\"Verfasst von\" \/>\n\t<meta name=\"twitter:data1\" content=\"Georgia Melia\" \/>\n\t<meta name=\"twitter:label2\" content=\"Gesch\u00e4tzte Lesezeit\" \/>\n\t<meta name=\"twitter:data2\" content=\"1 Minute\" \/>\n<script type=\"application\/ld+json\" class=\"yoast-schema-graph\">{\"@context\":\"https:\\\/\\\/schema.org\",\"@graph\":[{\"@type\":\"Article\",\"@id\":\"https:\\\/\\\/www.hgf.com\\\/de\\\/wissens-hub\\\/news-1\\\/hgf-feiert-zwei-nominierungen-bei-den-women-and-diversity-in-law-auszeichnungen\\\/#article\",\"isPartOf\":{\"@id\":\"https:\\\/\\\/www.hgf.com\\\/de\\\/wissens-hub\\\/news-1\\\/hgf-feiert-zwei-nominierungen-bei-den-women-and-diversity-in-law-auszeichnungen\\\/\"},\"author\":{\"name\":\"Georgia Melia\",\"@id\":\"https:\\\/\\\/www.hgf.com\\\/de\\\/#\\\/schema\\\/person\\\/7df0a22a79ff7cc91642cd3ce4882036\"},\"headline\":\"HGF feiert zwei Nominierungen bei den Women and Diversity in Law Auszeichnungen\",\"datePublished\":\"2025-01-23T15:27:49+00:00\",\"dateModified\":\"2025-01-27T11:15:47+00:00\",\"mainEntityOfPage\":{\"@id\":\"https:\\\/\\\/www.hgf.com\\\/de\\\/wissens-hub\\\/news-1\\\/hgf-feiert-zwei-nominierungen-bei-den-women-and-diversity-in-law-auszeichnungen\\\/\"},\"wordCount\":261,\"publisher\":{\"@id\":\"https:\\\/\\\/www.hgf.com\\\/de\\\/#organization\"},\"image\":{\"@id\":\"https:\\\/\\\/www.hgf.com\\\/de\\\/wissens-hub\\\/news-1\\\/hgf-feiert-zwei-nominierungen-bei-den-women-and-diversity-in-law-auszeichnungen\\\/#primaryimage\"},\"thumbnailUrl\":\"https:\\\/\\\/www.hgf.com\\\/wp-content\\\/uploads\\\/2023\\\/02\\\/hgf-logo.jpg\",\"articleSection\":[\"Nachricht\",\"Wissens Hub\"],\"inLanguage\":\"de-DE\"},{\"@type\":\"WebPage\",\"@id\":\"https:\\\/\\\/www.hgf.com\\\/de\\\/wissens-hub\\\/news-1\\\/hgf-feiert-zwei-nominierungen-bei-den-women-and-diversity-in-law-auszeichnungen\\\/\",\"url\":\"https:\\\/\\\/www.hgf.com\\\/de\\\/wissens-hub\\\/news-1\\\/hgf-feiert-zwei-nominierungen-bei-den-women-and-diversity-in-law-auszeichnungen\\\/\",\"name\":\"HGF feiert zwei Nominierungen bei den Women and Diversity in Law Auszeichnungen - HGF\",\"isPartOf\":{\"@id\":\"https:\\\/\\\/www.hgf.com\\\/de\\\/#website\"},\"primaryImageOfPage\":{\"@id\":\"https:\\\/\\\/www.hgf.com\\\/de\\\/wissens-hub\\\/news-1\\\/hgf-feiert-zwei-nominierungen-bei-den-women-and-diversity-in-law-auszeichnungen\\\/#primaryimage\"},\"image\":{\"@id\":\"https:\\\/\\\/www.hgf.com\\\/de\\\/wissens-hub\\\/news-1\\\/hgf-feiert-zwei-nominierungen-bei-den-women-and-diversity-in-law-auszeichnungen\\\/#primaryimage\"},\"thumbnailUrl\":\"https:\\\/\\\/www.hgf.com\\\/wp-content\\\/uploads\\\/2023\\\/02\\\/hgf-logo.jpg\",\"datePublished\":\"2025-01-23T15:27:49+00:00\",\"dateModified\":\"2025-01-27T11:15:47+00:00\",\"inLanguage\":\"de-DE\",\"potentialAction\":[{\"@type\":\"ReadAction\",\"target\":[\"https:\\\/\\\/www.hgf.com\\\/de\\\/wissens-hub\\\/news-1\\\/hgf-feiert-zwei-nominierungen-bei-den-women-and-diversity-in-law-auszeichnungen\\\/\"]}]},{\"@type\":\"ImageObject\",\"inLanguage\":\"de-DE\",\"@id\":\"https:\\\/\\\/www.hgf.com\\\/de\\\/wissens-hub\\\/news-1\\\/hgf-feiert-zwei-nominierungen-bei-den-women-and-diversity-in-law-auszeichnungen\\\/#primaryimage\",\"url\":\"https:\\\/\\\/www.hgf.com\\\/wp-content\\\/uploads\\\/2023\\\/02\\\/hgf-logo.jpg\",\"contentUrl\":\"https:\\\/\\\/www.hgf.com\\\/wp-content\\\/uploads\\\/2023\\\/02\\\/hgf-logo.jpg\",\"width\":1920,\"height\":1080},{\"@type\":\"WebSite\",\"@id\":\"https:\\\/\\\/www.hgf.com\\\/de\\\/#website\",\"url\":\"https:\\\/\\\/www.hgf.com\\\/de\\\/\",\"name\":\"HGF\",\"description\":\"Intellectual Property Rights specialists\",\"publisher\":{\"@id\":\"https:\\\/\\\/www.hgf.com\\\/de\\\/#organization\"},\"potentialAction\":[{\"@type\":\"SearchAction\",\"target\":{\"@type\":\"EntryPoint\",\"urlTemplate\":\"https:\\\/\\\/www.hgf.com\\\/de\\\/?s={search_term_string}\"},\"query-input\":{\"@type\":\"PropertyValueSpecification\",\"valueRequired\":true,\"valueName\":\"search_term_string\"}}],\"inLanguage\":\"de-DE\"},{\"@type\":\"Organization\",\"@id\":\"https:\\\/\\\/www.hgf.com\\\/de\\\/#organization\",\"name\":\"HGF\",\"url\":\"https:\\\/\\\/www.hgf.com\\\/de\\\/\",\"logo\":{\"@type\":\"ImageObject\",\"inLanguage\":\"de-DE\",\"@id\":\"https:\\\/\\\/www.hgf.com\\\/de\\\/#\\\/schema\\\/logo\\\/image\\\/\",\"url\":\"https:\\\/\\\/www.hgf.com\\\/wp-content\\\/uploads\\\/2023\\\/04\\\/hgf-logo-696x696-1.png\",\"contentUrl\":\"https:\\\/\\\/www.hgf.com\\\/wp-content\\\/uploads\\\/2023\\\/04\\\/hgf-logo-696x696-1.png\",\"width\":696,\"height\":696,\"caption\":\"HGF\"},\"image\":{\"@id\":\"https:\\\/\\\/www.hgf.com\\\/de\\\/#\\\/schema\\\/logo\\\/image\\\/\"},\"sameAs\":[\"https:\\\/\\\/x.com\\\/hgf_ip\",\"https:\\\/\\\/www.linkedin.com\\\/company\\\/hgf-limited-intellectual-property-specialists\\\/\"]},{\"@type\":\"Person\",\"@id\":\"https:\\\/\\\/www.hgf.com\\\/de\\\/#\\\/schema\\\/person\\\/7df0a22a79ff7cc91642cd3ce4882036\",\"name\":\"Georgia Melia\",\"image\":{\"@type\":\"ImageObject\",\"inLanguage\":\"de-DE\",\"@id\":\"https:\\\/\\\/secure.gravatar.com\\\/avatar\\\/bc759620959e751b0f1ac49d89cb60b8f62218f980cb9e4919ee6eb01c4fed6f?s=96&d=mm&r=g\",\"url\":\"https:\\\/\\\/secure.gravatar.com\\\/avatar\\\/bc759620959e751b0f1ac49d89cb60b8f62218f980cb9e4919ee6eb01c4fed6f?s=96&d=mm&r=g\",\"contentUrl\":\"https:\\\/\\\/secure.gravatar.com\\\/avatar\\\/bc759620959e751b0f1ac49d89cb60b8f62218f980cb9e4919ee6eb01c4fed6f?s=96&d=mm&r=g\",\"caption\":\"Georgia Melia\"}}]}<\/script>\n<!-- \/ Yoast SEO Premium plugin. -->","yoast_head_json":{"title":"HGF feiert zwei Nominierungen bei den Women and Diversity in Law Auszeichnungen - HGF","robots":{"index":"index","follow":"follow","max-snippet":"max-snippet:-1","max-image-preview":"max-image-preview:large","max-video-preview":"max-video-preview:-1"},"canonical":"https:\/\/www.hgf.com\/de\/wissens-hub\/news-1\/hgf-feiert-zwei-nominierungen-bei-den-women-and-diversity-in-law-auszeichnungen\/","og_locale":"de_DE","og_type":"article","og_title":"HGF feiert zwei Nominierungen bei den Women and Diversity in Law Auszeichnungen","og_description":"Wir freuen uns, Ihnen mitteilen zu k\u00f6nnen, dass wir f\u00fcr zwei Auszeichnungen bei den Women and Diversity in Law Awards nominiert wurden, die am 18. M\u00e4rz im","og_url":"https:\/\/www.hgf.com\/de\/wissens-hub\/news-1\/hgf-feiert-zwei-nominierungen-bei-den-women-and-diversity-in-law-auszeichnungen\/","og_site_name":"HGF","article_published_time":"2025-01-23T15:27:49+00:00","article_modified_time":"2025-01-27T11:15:47+00:00","og_image":[{"width":1920,"height":1080,"url":"https:\/\/www.hgf.com\/wp-content\/uploads\/2023\/02\/hgf-logo.jpg","type":"image\/jpeg"}],"author":"Georgia Melia","twitter_card":"summary_large_image","twitter_creator":"@hgf_ip","twitter_site":"@hgf_ip","twitter_misc":{"Verfasst von":"Georgia Melia","Gesch\u00e4tzte Lesezeit":"1 Minute"},"schema":{"@context":"https:\/\/schema.org","@graph":[{"@type":"Article","@id":"https:\/\/www.hgf.com\/de\/wissens-hub\/news-1\/hgf-feiert-zwei-nominierungen-bei-den-women-and-diversity-in-law-auszeichnungen\/#article","isPartOf":{"@id":"https:\/\/www.hgf.com\/de\/wissens-hub\/news-1\/hgf-feiert-zwei-nominierungen-bei-den-women-and-diversity-in-law-auszeichnungen\/"},"author":{"name":"Georgia Melia","@id":"https:\/\/www.hgf.com\/de\/#\/schema\/person\/7df0a22a79ff7cc91642cd3ce4882036"},"headline":"HGF feiert zwei Nominierungen bei den Women and Diversity in Law Auszeichnungen","datePublished":"2025-01-23T15:27:49+00:00","dateModified":"2025-01-27T11:15:47+00:00","mainEntityOfPage":{"@id":"https:\/\/www.hgf.com\/de\/wissens-hub\/news-1\/hgf-feiert-zwei-nominierungen-bei-den-women-and-diversity-in-law-auszeichnungen\/"},"wordCount":261,"publisher":{"@id":"https:\/\/www.hgf.com\/de\/#organization"},"image":{"@id":"https:\/\/www.hgf.com\/de\/wissens-hub\/news-1\/hgf-feiert-zwei-nominierungen-bei-den-women-and-diversity-in-law-auszeichnungen\/#primaryimage"},"thumbnailUrl":"https:\/\/www.hgf.com\/wp-content\/uploads\/2023\/02\/hgf-logo.jpg","articleSection":["Nachricht","Wissens Hub"],"inLanguage":"de-DE"},{"@type":"WebPage","@id":"https:\/\/www.hgf.com\/de\/wissens-hub\/news-1\/hgf-feiert-zwei-nominierungen-bei-den-women-and-diversity-in-law-auszeichnungen\/","url":"https:\/\/www.hgf.com\/de\/wissens-hub\/news-1\/hgf-feiert-zwei-nominierungen-bei-den-women-and-diversity-in-law-auszeichnungen\/","name":"HGF feiert zwei Nominierungen bei den Women and Diversity in Law Auszeichnungen - HGF","isPartOf":{"@id":"https:\/\/www.hgf.com\/de\/#website"},"primaryImageOfPage":{"@id":"https:\/\/www.hgf.com\/de\/wissens-hub\/news-1\/hgf-feiert-zwei-nominierungen-bei-den-women-and-diversity-in-law-auszeichnungen\/#primaryimage"},"image":{"@id":"https:\/\/www.hgf.com\/de\/wissens-hub\/news-1\/hgf-feiert-zwei-nominierungen-bei-den-women-and-diversity-in-law-auszeichnungen\/#primaryimage"},"thumbnailUrl":"https:\/\/www.hgf.com\/wp-content\/uploads\/2023\/02\/hgf-logo.jpg","datePublished":"2025-01-23T15:27:49+00:00","dateModified":"2025-01-27T11:15:47+00:00","inLanguage":"de-DE","potentialAction":[{"@type":"ReadAction","target":["https:\/\/www.hgf.com\/de\/wissens-hub\/news-1\/hgf-feiert-zwei-nominierungen-bei-den-women-and-diversity-in-law-auszeichnungen\/"]}]},{"@type":"ImageObject","inLanguage":"de-DE","@id":"https:\/\/www.hgf.com\/de\/wissens-hub\/news-1\/hgf-feiert-zwei-nominierungen-bei-den-women-and-diversity-in-law-auszeichnungen\/#primaryimage","url":"https:\/\/www.hgf.com\/wp-content\/uploads\/2023\/02\/hgf-logo.jpg","contentUrl":"https:\/\/www.hgf.com\/wp-content\/uploads\/2023\/02\/hgf-logo.jpg","width":1920,"height":1080},{"@type":"WebSite","@id":"https:\/\/www.hgf.com\/de\/#website","url":"https:\/\/www.hgf.com\/de\/","name":"HGF","description":"Intellectual Property Rights specialists","publisher":{"@id":"https:\/\/www.hgf.com\/de\/#organization"},"potentialAction":[{"@type":"SearchAction","target":{"@type":"EntryPoint","urlTemplate":"https:\/\/www.hgf.com\/de\/?s={search_term_string}"},"query-input":{"@type":"PropertyValueSpecification","valueRequired":true,"valueName":"search_term_string"}}],"inLanguage":"de-DE"},{"@type":"Organization","@id":"https:\/\/www.hgf.com\/de\/#organization","name":"HGF","url":"https:\/\/www.hgf.com\/de\/","logo":{"@type":"ImageObject","inLanguage":"de-DE","@id":"https:\/\/www.hgf.com\/de\/#\/schema\/logo\/image\/","url":"https:\/\/www.hgf.com\/wp-content\/uploads\/2023\/04\/hgf-logo-696x696-1.png","contentUrl":"https:\/\/www.hgf.com\/wp-content\/uploads\/2023\/04\/hgf-logo-696x696-1.png","width":696,"height":696,"caption":"HGF"},"image":{"@id":"https:\/\/www.hgf.com\/de\/#\/schema\/logo\/image\/"},"sameAs":["https:\/\/x.com\/hgf_ip","https:\/\/www.linkedin.com\/company\/hgf-limited-intellectual-property-specialists\/"]},{"@type":"Person","@id":"https:\/\/www.hgf.com\/de\/#\/schema\/person\/7df0a22a79ff7cc91642cd3ce4882036","name":"Georgia Melia","image":{"@type":"ImageObject","inLanguage":"de-DE","@id":"https:\/\/secure.gravatar.com\/avatar\/bc759620959e751b0f1ac49d89cb60b8f62218f980cb9e4919ee6eb01c4fed6f?s=96&d=mm&r=g","url":"https:\/\/secure.gravatar.com\/avatar\/bc759620959e751b0f1ac49d89cb60b8f62218f980cb9e4919ee6eb01c4fed6f?s=96&d=mm&r=g","contentUrl":"https:\/\/secure.gravatar.com\/avatar\/bc759620959e751b0f1ac49d89cb60b8f62218f980cb9e4919ee6eb01c4fed6f?s=96&d=mm&r=g","caption":"Georgia Melia"}}]}},"_links":{"self":[{"href":"https:\/\/www.hgf.com\/de\/wp-json\/wp\/v2\/posts\/9004111222132073","targetHints":{"allow":["GET"]}}],"collection":[{"href":"https:\/\/www.hgf.com\/de\/wp-json\/wp\/v2\/posts"}],"about":[{"href":"https:\/\/www.hgf.com\/de\/wp-json\/wp\/v2\/types\/post"}],"author":[{"embeddable":true,"href":"https:\/\/www.hgf.com\/de\/wp-json\/wp\/v2\/users\/502"}],"replies":[{"embeddable":true,"href":"https:\/\/www.hgf.com\/de\/wp-json\/wp\/v2\/comments?post=9004111222132073"}],"version-history":[{"count":0,"href":"https:\/\/www.hgf.com\/de\/wp-json\/wp\/v2\/posts\/9004111222132073\/revisions"}],"wp:featuredmedia":[{"embeddable":true,"href":"https:\/\/www.hgf.com\/de\/wp-json\/wp\/v2\/media\/9004111222127493"}],"wp:attachment":[{"href":"https:\/\/www.hgf.com\/de\/wp-json\/wp\/v2\/media?parent=9004111222132073"}],"wp:term":[{"taxonomy":"category","embeddable":true,"href":"https:\/\/www.hgf.com\/de\/wp-json\/wp\/v2\/categories?post=9004111222132073"},{"taxonomy":"post_tag","embeddable":true,"href":"https:\/\/www.hgf.com\/de\/wp-json\/wp\/v2\/tags?post=9004111222132073"}],"curies":[{"name":"wp","href":"https:\/\/api.w.org\/{rel}","templated":true}]}}