{"id":9004111222131415,"date":"2024-10-21T14:37:52","date_gmt":"2024-10-21T13:37:52","guid":{"rendered":"https:\/\/www.hgf.com\/?p=9004111222131415"},"modified":"2024-10-21T14:37:43","modified_gmt":"2024-10-21T13:37:43","slug":"zwei-ips-in-einem-pod-praktische-erfahrungen-und-erkenntnisse-bei-der-verwendung-des-upc","status":"publish","type":"post","link":"https:\/\/www.hgf.com\/de\/wissens-hub\/artikel\/zwei-ips-in-einem-pod-praktische-erfahrungen-und-erkenntnisse-bei-der-verwendung-des-upc\/","title":{"rendered":"Zwei IPs in einem Pod \u2013 Praktische Erfahrungen und Erkenntnisse bei der Verwendung des UPC"},"content":{"rendered":"<p>Unsere Leiterin der Rechtsabteilung <a href=\"https:\/\/www.hgf.com\/de\/unsere-mitarbeitenden\/rachel-fetches\/\">Rachel Fetches<\/a> spricht in der neuesten Folge des Podcasts \u201eTwo IPs In a Pod\u201c des Charted Institute of Patent Attorneys \u00fcber \u201ePractical experiences and insights of using the UPC\u201c.<\/p>\n<p>Sie sprechen dar\u00fcber, wie das Einheitliche Patentgericht Patentstreitigkeiten in ganz Europa ver\u00e4ndern wird und welches Potenzial das UPC f\u00fcr KMU und internationale Unternehmen bietet, sowie \u00fcber die Chancen und H\u00fcrden, die sich daraus ergeben.<\/p>\n<div class=\"btn-wrap btn-wrap--mb\"><a href=\"https:\/\/cipa.buzzsprout.com\/1045420\/episodes\/15943102-practical-experiences-and-insights-of-using-the-upc\" class=\"btn on-grey\" target=\"_blank\"><span>HIER ANH\u00d6REN<\/span><\/a><\/div>\n","protected":false},"excerpt":{"rendered":"<p>Unsere Leiterin der Rechtsabteilung Rachel Fetches spricht in der neuesten Folge des Podcasts \u201eTwo IPs In a Pod\u201c des Charted Institute of Patent Attorneys \u00fcber \u201ePractical experiences and insights of &hellip;<\/p>\n","protected":false},"author":502,"featured_media":9004111222138142,"comment_status":"closed","ping_status":"closed","sticky":false,"template":"","format":"standard","meta":{"_acf_changed":false,"footnotes":""},"categories":[519,518],"tags":[],"class_list":["post-9004111222131415","post","type-post","status-publish","format-standard","has-post-thumbnail","hentry","category-artikel","category-wissens-hub","sector_groups-recht"],"acf":[],"yoast_head":"<!-- This site is optimized with the Yoast SEO Premium plugin v27.5 (Yoast SEO v27.5) - https:\/\/yoast.com\/product\/yoast-seo-premium-wordpress\/ -->\n<title>Zwei IPs in einem Pod \u2013 Praktische Erfahrungen und Erkenntnisse bei der Verwendung des UPC - HGF<\/title>\n<meta name=\"robots\" content=\"index, follow, max-snippet:-1, max-image-preview:large, max-video-preview:-1\" \/>\n<link rel=\"canonical\" href=\"https:\/\/www.hgf.com\/de\/wissens-hub\/artikel\/zwei-ips-in-einem-pod-praktische-erfahrungen-und-erkenntnisse-bei-der-verwendung-des-upc\/\" \/>\n<meta property=\"og:locale\" content=\"de_DE\" \/>\n<meta property=\"og:type\" content=\"article\" \/>\n<meta property=\"og:title\" content=\"Zwei IPs in einem Pod \u2013 Praktische Erfahrungen und Erkenntnisse bei der Verwendung des UPC\" \/>\n<meta property=\"og:description\" content=\"Unsere Leiterin der Rechtsabteilung Rachel Fetches spricht in der neuesten Folge des Podcasts \u201eTwo IPs In a Pod\u201c des Charted Institute of Patent Attorneys\" \/>\n<meta property=\"og:url\" content=\"https:\/\/www.hgf.com\/de\/wissens-hub\/artikel\/zwei-ips-in-einem-pod-praktische-erfahrungen-und-erkenntnisse-bei-der-verwendung-des-upc\/\" \/>\n<meta property=\"og:site_name\" content=\"HGF\" \/>\n<meta property=\"article:published_time\" content=\"2024-10-21T13:37:52+00:00\" \/>\n<meta property=\"og:image\" content=\"https:\/\/www.hgf.com\/wp-content\/uploads\/2025\/08\/Untitled-design-92.png\" \/>\n\t<meta property=\"og:image:width\" content=\"1920\" \/>\n\t<meta property=\"og:image:height\" content=\"1080\" \/>\n\t<meta property=\"og:image:type\" content=\"image\/png\" \/>\n<meta name=\"author\" content=\"Georgia Melia\" \/>\n<meta name=\"twitter:card\" content=\"summary_large_image\" \/>\n<meta name=\"twitter:creator\" content=\"@hgf_ip\" \/>\n<meta name=\"twitter:site\" content=\"@hgf_ip\" \/>\n<meta name=\"twitter:label1\" content=\"Verfasst von\" \/>\n\t<meta name=\"twitter:data1\" content=\"Georgia Melia\" \/>\n<script type=\"application\/ld+json\" class=\"yoast-schema-graph\">{\"@context\":\"https:\\\/\\\/schema.org\",\"@graph\":[{\"@type\":\"Article\",\"@id\":\"https:\\\/\\\/www.hgf.com\\\/de\\\/wissens-hub\\\/artikel\\\/zwei-ips-in-einem-pod-praktische-erfahrungen-und-erkenntnisse-bei-der-verwendung-des-upc\\\/#article\",\"isPartOf\":{\"@id\":\"https:\\\/\\\/www.hgf.com\\\/de\\\/wissens-hub\\\/artikel\\\/zwei-ips-in-einem-pod-praktische-erfahrungen-und-erkenntnisse-bei-der-verwendung-des-upc\\\/\"},\"author\":{\"name\":\"Georgia Melia\",\"@id\":\"https:\\\/\\\/www.hgf.com\\\/de\\\/#\\\/schema\\\/person\\\/7df0a22a79ff7cc91642cd3ce4882036\"},\"headline\":\"Zwei IPs in einem Pod \u2013 Praktische Erfahrungen und Erkenntnisse bei der Verwendung des UPC\",\"datePublished\":\"2024-10-21T13:37:52+00:00\",\"mainEntityOfPage\":{\"@id\":\"https:\\\/\\\/www.hgf.com\\\/de\\\/wissens-hub\\\/artikel\\\/zwei-ips-in-einem-pod-praktische-erfahrungen-und-erkenntnisse-bei-der-verwendung-des-upc\\\/\"},\"wordCount\":109,\"publisher\":{\"@id\":\"https:\\\/\\\/www.hgf.com\\\/de\\\/#organization\"},\"image\":{\"@id\":\"https:\\\/\\\/www.hgf.com\\\/de\\\/wissens-hub\\\/artikel\\\/zwei-ips-in-einem-pod-praktische-erfahrungen-und-erkenntnisse-bei-der-verwendung-des-upc\\\/#primaryimage\"},\"thumbnailUrl\":\"https:\\\/\\\/www.hgf.com\\\/wp-content\\\/uploads\\\/2025\\\/08\\\/Untitled-design-92.png\",\"articleSection\":[\"Artikel\",\"Wissens Hub\"],\"inLanguage\":\"de-DE\"},{\"@type\":\"WebPage\",\"@id\":\"https:\\\/\\\/www.hgf.com\\\/de\\\/wissens-hub\\\/artikel\\\/zwei-ips-in-einem-pod-praktische-erfahrungen-und-erkenntnisse-bei-der-verwendung-des-upc\\\/\",\"url\":\"https:\\\/\\\/www.hgf.com\\\/de\\\/wissens-hub\\\/artikel\\\/zwei-ips-in-einem-pod-praktische-erfahrungen-und-erkenntnisse-bei-der-verwendung-des-upc\\\/\",\"name\":\"Zwei IPs in einem Pod \u2013 Praktische Erfahrungen und Erkenntnisse bei der Verwendung des UPC - HGF\",\"isPartOf\":{\"@id\":\"https:\\\/\\\/www.hgf.com\\\/de\\\/#website\"},\"primaryImageOfPage\":{\"@id\":\"https:\\\/\\\/www.hgf.com\\\/de\\\/wissens-hub\\\/artikel\\\/zwei-ips-in-einem-pod-praktische-erfahrungen-und-erkenntnisse-bei-der-verwendung-des-upc\\\/#primaryimage\"},\"image\":{\"@id\":\"https:\\\/\\\/www.hgf.com\\\/de\\\/wissens-hub\\\/artikel\\\/zwei-ips-in-einem-pod-praktische-erfahrungen-und-erkenntnisse-bei-der-verwendung-des-upc\\\/#primaryimage\"},\"thumbnailUrl\":\"https:\\\/\\\/www.hgf.com\\\/wp-content\\\/uploads\\\/2025\\\/08\\\/Untitled-design-92.png\",\"datePublished\":\"2024-10-21T13:37:52+00:00\",\"inLanguage\":\"de-DE\",\"potentialAction\":[{\"@type\":\"ReadAction\",\"target\":[\"https:\\\/\\\/www.hgf.com\\\/de\\\/wissens-hub\\\/artikel\\\/zwei-ips-in-einem-pod-praktische-erfahrungen-und-erkenntnisse-bei-der-verwendung-des-upc\\\/\"]}]},{\"@type\":\"ImageObject\",\"inLanguage\":\"de-DE\",\"@id\":\"https:\\\/\\\/www.hgf.com\\\/de\\\/wissens-hub\\\/artikel\\\/zwei-ips-in-einem-pod-praktische-erfahrungen-und-erkenntnisse-bei-der-verwendung-des-upc\\\/#primaryimage\",\"url\":\"https:\\\/\\\/www.hgf.com\\\/wp-content\\\/uploads\\\/2025\\\/08\\\/Untitled-design-92.png\",\"contentUrl\":\"https:\\\/\\\/www.hgf.com\\\/wp-content\\\/uploads\\\/2025\\\/08\\\/Untitled-design-92.png\",\"width\":1920,\"height\":1080},{\"@type\":\"WebSite\",\"@id\":\"https:\\\/\\\/www.hgf.com\\\/de\\\/#website\",\"url\":\"https:\\\/\\\/www.hgf.com\\\/de\\\/\",\"name\":\"HGF\",\"description\":\"Intellectual Property Rights specialists\",\"publisher\":{\"@id\":\"https:\\\/\\\/www.hgf.com\\\/de\\\/#organization\"},\"potentialAction\":[{\"@type\":\"SearchAction\",\"target\":{\"@type\":\"EntryPoint\",\"urlTemplate\":\"https:\\\/\\\/www.hgf.com\\\/de\\\/?s={search_term_string}\"},\"query-input\":{\"@type\":\"PropertyValueSpecification\",\"valueRequired\":true,\"valueName\":\"search_term_string\"}}],\"inLanguage\":\"de-DE\"},{\"@type\":\"Organization\",\"@id\":\"https:\\\/\\\/www.hgf.com\\\/de\\\/#organization\",\"name\":\"HGF\",\"url\":\"https:\\\/\\\/www.hgf.com\\\/de\\\/\",\"logo\":{\"@type\":\"ImageObject\",\"inLanguage\":\"de-DE\",\"@id\":\"https:\\\/\\\/www.hgf.com\\\/de\\\/#\\\/schema\\\/logo\\\/image\\\/\",\"url\":\"https:\\\/\\\/www.hgf.com\\\/wp-content\\\/uploads\\\/2023\\\/04\\\/hgf-logo-696x696-1.png\",\"contentUrl\":\"https:\\\/\\\/www.hgf.com\\\/wp-content\\\/uploads\\\/2023\\\/04\\\/hgf-logo-696x696-1.png\",\"width\":696,\"height\":696,\"caption\":\"HGF\"},\"image\":{\"@id\":\"https:\\\/\\\/www.hgf.com\\\/de\\\/#\\\/schema\\\/logo\\\/image\\\/\"},\"sameAs\":[\"https:\\\/\\\/x.com\\\/hgf_ip\",\"https:\\\/\\\/www.linkedin.com\\\/company\\\/hgf-limited-intellectual-property-specialists\\\/\"]},{\"@type\":\"Person\",\"@id\":\"https:\\\/\\\/www.hgf.com\\\/de\\\/#\\\/schema\\\/person\\\/7df0a22a79ff7cc91642cd3ce4882036\",\"name\":\"Georgia Melia\",\"image\":{\"@type\":\"ImageObject\",\"inLanguage\":\"de-DE\",\"@id\":\"https:\\\/\\\/secure.gravatar.com\\\/avatar\\\/bc759620959e751b0f1ac49d89cb60b8f62218f980cb9e4919ee6eb01c4fed6f?s=96&d=mm&r=g\",\"url\":\"https:\\\/\\\/secure.gravatar.com\\\/avatar\\\/bc759620959e751b0f1ac49d89cb60b8f62218f980cb9e4919ee6eb01c4fed6f?s=96&d=mm&r=g\",\"contentUrl\":\"https:\\\/\\\/secure.gravatar.com\\\/avatar\\\/bc759620959e751b0f1ac49d89cb60b8f62218f980cb9e4919ee6eb01c4fed6f?s=96&d=mm&r=g\",\"caption\":\"Georgia Melia\"}}]}<\/script>\n<!-- \/ Yoast SEO Premium plugin. -->","yoast_head_json":{"title":"Zwei IPs in einem Pod \u2013 Praktische Erfahrungen und Erkenntnisse bei der Verwendung des UPC - HGF","robots":{"index":"index","follow":"follow","max-snippet":"max-snippet:-1","max-image-preview":"max-image-preview:large","max-video-preview":"max-video-preview:-1"},"canonical":"https:\/\/www.hgf.com\/de\/wissens-hub\/artikel\/zwei-ips-in-einem-pod-praktische-erfahrungen-und-erkenntnisse-bei-der-verwendung-des-upc\/","og_locale":"de_DE","og_type":"article","og_title":"Zwei IPs in einem Pod \u2013 Praktische Erfahrungen und Erkenntnisse bei der Verwendung des UPC","og_description":"Unsere Leiterin der Rechtsabteilung Rachel Fetches spricht in der neuesten Folge des Podcasts \u201eTwo IPs In a Pod\u201c des Charted Institute of Patent Attorneys","og_url":"https:\/\/www.hgf.com\/de\/wissens-hub\/artikel\/zwei-ips-in-einem-pod-praktische-erfahrungen-und-erkenntnisse-bei-der-verwendung-des-upc\/","og_site_name":"HGF","article_published_time":"2024-10-21T13:37:52+00:00","og_image":[{"width":1920,"height":1080,"url":"https:\/\/www.hgf.com\/wp-content\/uploads\/2025\/08\/Untitled-design-92.png","type":"image\/png"}],"author":"Georgia Melia","twitter_card":"summary_large_image","twitter_creator":"@hgf_ip","twitter_site":"@hgf_ip","twitter_misc":{"Verfasst von":"Georgia Melia"},"schema":{"@context":"https:\/\/schema.org","@graph":[{"@type":"Article","@id":"https:\/\/www.hgf.com\/de\/wissens-hub\/artikel\/zwei-ips-in-einem-pod-praktische-erfahrungen-und-erkenntnisse-bei-der-verwendung-des-upc\/#article","isPartOf":{"@id":"https:\/\/www.hgf.com\/de\/wissens-hub\/artikel\/zwei-ips-in-einem-pod-praktische-erfahrungen-und-erkenntnisse-bei-der-verwendung-des-upc\/"},"author":{"name":"Georgia Melia","@id":"https:\/\/www.hgf.com\/de\/#\/schema\/person\/7df0a22a79ff7cc91642cd3ce4882036"},"headline":"Zwei IPs in einem Pod \u2013 Praktische Erfahrungen und Erkenntnisse bei der Verwendung des UPC","datePublished":"2024-10-21T13:37:52+00:00","mainEntityOfPage":{"@id":"https:\/\/www.hgf.com\/de\/wissens-hub\/artikel\/zwei-ips-in-einem-pod-praktische-erfahrungen-und-erkenntnisse-bei-der-verwendung-des-upc\/"},"wordCount":109,"publisher":{"@id":"https:\/\/www.hgf.com\/de\/#organization"},"image":{"@id":"https:\/\/www.hgf.com\/de\/wissens-hub\/artikel\/zwei-ips-in-einem-pod-praktische-erfahrungen-und-erkenntnisse-bei-der-verwendung-des-upc\/#primaryimage"},"thumbnailUrl":"https:\/\/www.hgf.com\/wp-content\/uploads\/2025\/08\/Untitled-design-92.png","articleSection":["Artikel","Wissens Hub"],"inLanguage":"de-DE"},{"@type":"WebPage","@id":"https:\/\/www.hgf.com\/de\/wissens-hub\/artikel\/zwei-ips-in-einem-pod-praktische-erfahrungen-und-erkenntnisse-bei-der-verwendung-des-upc\/","url":"https:\/\/www.hgf.com\/de\/wissens-hub\/artikel\/zwei-ips-in-einem-pod-praktische-erfahrungen-und-erkenntnisse-bei-der-verwendung-des-upc\/","name":"Zwei IPs in einem Pod \u2013 Praktische Erfahrungen und Erkenntnisse bei der Verwendung des UPC - HGF","isPartOf":{"@id":"https:\/\/www.hgf.com\/de\/#website"},"primaryImageOfPage":{"@id":"https:\/\/www.hgf.com\/de\/wissens-hub\/artikel\/zwei-ips-in-einem-pod-praktische-erfahrungen-und-erkenntnisse-bei-der-verwendung-des-upc\/#primaryimage"},"image":{"@id":"https:\/\/www.hgf.com\/de\/wissens-hub\/artikel\/zwei-ips-in-einem-pod-praktische-erfahrungen-und-erkenntnisse-bei-der-verwendung-des-upc\/#primaryimage"},"thumbnailUrl":"https:\/\/www.hgf.com\/wp-content\/uploads\/2025\/08\/Untitled-design-92.png","datePublished":"2024-10-21T13:37:52+00:00","inLanguage":"de-DE","potentialAction":[{"@type":"ReadAction","target":["https:\/\/www.hgf.com\/de\/wissens-hub\/artikel\/zwei-ips-in-einem-pod-praktische-erfahrungen-und-erkenntnisse-bei-der-verwendung-des-upc\/"]}]},{"@type":"ImageObject","inLanguage":"de-DE","@id":"https:\/\/www.hgf.com\/de\/wissens-hub\/artikel\/zwei-ips-in-einem-pod-praktische-erfahrungen-und-erkenntnisse-bei-der-verwendung-des-upc\/#primaryimage","url":"https:\/\/www.hgf.com\/wp-content\/uploads\/2025\/08\/Untitled-design-92.png","contentUrl":"https:\/\/www.hgf.com\/wp-content\/uploads\/2025\/08\/Untitled-design-92.png","width":1920,"height":1080},{"@type":"WebSite","@id":"https:\/\/www.hgf.com\/de\/#website","url":"https:\/\/www.hgf.com\/de\/","name":"HGF","description":"Intellectual Property Rights specialists","publisher":{"@id":"https:\/\/www.hgf.com\/de\/#organization"},"potentialAction":[{"@type":"SearchAction","target":{"@type":"EntryPoint","urlTemplate":"https:\/\/www.hgf.com\/de\/?s={search_term_string}"},"query-input":{"@type":"PropertyValueSpecification","valueRequired":true,"valueName":"search_term_string"}}],"inLanguage":"de-DE"},{"@type":"Organization","@id":"https:\/\/www.hgf.com\/de\/#organization","name":"HGF","url":"https:\/\/www.hgf.com\/de\/","logo":{"@type":"ImageObject","inLanguage":"de-DE","@id":"https:\/\/www.hgf.com\/de\/#\/schema\/logo\/image\/","url":"https:\/\/www.hgf.com\/wp-content\/uploads\/2023\/04\/hgf-logo-696x696-1.png","contentUrl":"https:\/\/www.hgf.com\/wp-content\/uploads\/2023\/04\/hgf-logo-696x696-1.png","width":696,"height":696,"caption":"HGF"},"image":{"@id":"https:\/\/www.hgf.com\/de\/#\/schema\/logo\/image\/"},"sameAs":["https:\/\/x.com\/hgf_ip","https:\/\/www.linkedin.com\/company\/hgf-limited-intellectual-property-specialists\/"]},{"@type":"Person","@id":"https:\/\/www.hgf.com\/de\/#\/schema\/person\/7df0a22a79ff7cc91642cd3ce4882036","name":"Georgia Melia","image":{"@type":"ImageObject","inLanguage":"de-DE","@id":"https:\/\/secure.gravatar.com\/avatar\/bc759620959e751b0f1ac49d89cb60b8f62218f980cb9e4919ee6eb01c4fed6f?s=96&d=mm&r=g","url":"https:\/\/secure.gravatar.com\/avatar\/bc759620959e751b0f1ac49d89cb60b8f62218f980cb9e4919ee6eb01c4fed6f?s=96&d=mm&r=g","contentUrl":"https:\/\/secure.gravatar.com\/avatar\/bc759620959e751b0f1ac49d89cb60b8f62218f980cb9e4919ee6eb01c4fed6f?s=96&d=mm&r=g","caption":"Georgia Melia"}}]}},"_links":{"self":[{"href":"https:\/\/www.hgf.com\/de\/wp-json\/wp\/v2\/posts\/9004111222131415","targetHints":{"allow":["GET"]}}],"collection":[{"href":"https:\/\/www.hgf.com\/de\/wp-json\/wp\/v2\/posts"}],"about":[{"href":"https:\/\/www.hgf.com\/de\/wp-json\/wp\/v2\/types\/post"}],"author":[{"embeddable":true,"href":"https:\/\/www.hgf.com\/de\/wp-json\/wp\/v2\/users\/502"}],"replies":[{"embeddable":true,"href":"https:\/\/www.hgf.com\/de\/wp-json\/wp\/v2\/comments?post=9004111222131415"}],"version-history":[{"count":0,"href":"https:\/\/www.hgf.com\/de\/wp-json\/wp\/v2\/posts\/9004111222131415\/revisions"}],"wp:featuredmedia":[{"embeddable":true,"href":"https:\/\/www.hgf.com\/de\/wp-json\/wp\/v2\/media\/9004111222138142"}],"wp:attachment":[{"href":"https:\/\/www.hgf.com\/de\/wp-json\/wp\/v2\/media?parent=9004111222131415"}],"wp:term":[{"taxonomy":"category","embeddable":true,"href":"https:\/\/www.hgf.com\/de\/wp-json\/wp\/v2\/categories?post=9004111222131415"},{"taxonomy":"post_tag","embeddable":true,"href":"https:\/\/www.hgf.com\/de\/wp-json\/wp\/v2\/tags?post=9004111222131415"}],"curies":[{"name":"wp","href":"https:\/\/api.w.org\/{rel}","templated":true}]}}