{"id":9004111222127834,"date":"2023-03-16T09:22:03","date_gmt":"2023-03-16T09:22:03","guid":{"rendered":"https:\/\/www.hgf.com\/?p=9004111222127834"},"modified":"2023-05-11T13:53:48","modified_gmt":"2023-05-11T12:53:48","slug":"pro-manchester-retail-lunch-2023","status":"publish","type":"post","link":"https:\/\/www.hgf.com\/de\/wissens-hub\/veranstaltungen\/pro-manchester-retail-lunch-2023\/","title":{"rendered":"Pro-Manchester Retail Lunch 2023"},"content":{"rendered":"<p class=\"p__large\">HGF sponsert das Pro &#8211; Manchester Retail Lunch 2023 am 27. April in der Bridgewater Hall in Manchester.<\/p>\n<p>Die Einzelh\u00e4ndler standen in den letzten zw\u00f6lf Monaten weiterhin vor zahlreichen Herausforderungen. Die uneingeschr\u00e4nkte R\u00fcckkehr in die Gesch\u00e4fte war f\u00fcr viele ein Segen und eine Gelegenheit, Erfahrungen im Gesch\u00e4ft und neue Technologien mit Online-Angeboten zu verbinden. Der Inflationsdruck hat sich jedoch auf die Einstellung und die Ausgaben der Verbraucher ausgewirkt und die Produktions-, Logistik- und Arbeitskosten der Einzelh\u00e4ndler erh\u00f6ht. Beim Pro &#8211; Manchester Retail Lunch wird untersucht, wie einige Einzelh\u00e4ndler gegen dieses Klima erfolgreich waren, wie andere gek\u00e4mpft haben und was von beiden gelernt werden kann. Wir freuen uns auch auf das laufende Jahr und diskutieren die sich entwickelnden Trends in der Branche und wie diese mit dem erwarteten Verbraucherverhalten in Einklang gebracht werden k\u00f6nnen.<\/p>\n<p>HGF-Markendirektorin <a href=\"https:\/\/www.hgf.com\/de\/unsere-mitarbeitenden\/lauren-somers\/\" target=\"_blank\" rel=\"noopener\">Lauren Somers<\/a> wird das Mittagessen und beide Podiumssitzungen leiten.<\/p>\n<div class=\"btn-wrap btn-wrap--mb\"><a href=\"https:\/\/www.pro-manchester.co.uk\/event\/retail-lunch-2023\/\" class=\"btn on-grey\" target=\"_blank\"><span>MEHR ERFAHREN<\/span><\/a><\/div>\n","protected":false},"excerpt":{"rendered":"<p>HGF sponsert das Pro &#8211; Manchester Retail Lunch 2023 am 27. April in der Bridgewater Hall in Manchester. Die Einzelh\u00e4ndler standen in den letzten zw\u00f6lf Monaten weiterhin vor zahlreichen Herausforderungen. &hellip;<\/p>\n","protected":false},"author":473,"featured_media":9004111222105999,"comment_status":"closed","ping_status":"closed","sticky":false,"template":"","format":"standard","meta":{"_acf_changed":false,"footnotes":""},"categories":[527,525,518],"tags":[],"class_list":["post-9004111222127834","post","type-post","status-publish","format-standard","has-post-thumbnail","hentry","category-andere-veranstaltungen","category-veranstaltungen","category-wissens-hub","service-marken"],"acf":[],"yoast_head":"<!-- This site is optimized with the Yoast SEO Premium plugin v27.5 (Yoast SEO v27.5) - https:\/\/yoast.com\/product\/yoast-seo-premium-wordpress\/ -->\n<title>Pro-Manchester Retail Lunch 2023 - HGF<\/title>\n<meta name=\"robots\" content=\"index, follow, max-snippet:-1, max-image-preview:large, max-video-preview:-1\" \/>\n<link rel=\"canonical\" href=\"https:\/\/www.hgf.com\/de\/wissens-hub\/veranstaltungen\/pro-manchester-retail-lunch-2023\/\" \/>\n<meta property=\"og:locale\" content=\"de_DE\" \/>\n<meta property=\"og:type\" content=\"article\" \/>\n<meta property=\"og:title\" content=\"Pro-Manchester Retail Lunch 2023\" \/>\n<meta property=\"og:description\" content=\"HGF sponsert das Pro - Manchester Retail Lunch 2023 am 27. April in der Bridgewater Hall in Manchester. Die Einzelh\u00e4ndler standen in den letzten zw\u00f6lf\" \/>\n<meta property=\"og:url\" content=\"https:\/\/www.hgf.com\/de\/wissens-hub\/veranstaltungen\/pro-manchester-retail-lunch-2023\/\" \/>\n<meta property=\"og:site_name\" content=\"HGF\" \/>\n<meta property=\"article:published_time\" content=\"2023-03-16T09:22:03+00:00\" \/>\n<meta property=\"article:modified_time\" content=\"2023-05-11T12:53:48+00:00\" \/>\n<meta property=\"og:image\" content=\"https:\/\/www.hgf.com\/wp-content\/uploads\/2020\/10\/Lauren-Somers-animated-scaled-1.jpg\" \/>\n\t<meta property=\"og:image:width\" content=\"2560\" \/>\n\t<meta property=\"og:image:height\" content=\"1707\" \/>\n\t<meta property=\"og:image:type\" content=\"image\/jpeg\" \/>\n<meta name=\"author\" content=\"Katie Pilgrim\" \/>\n<meta name=\"twitter:card\" content=\"summary_large_image\" \/>\n<meta name=\"twitter:creator\" content=\"@hgf_ip\" \/>\n<meta name=\"twitter:site\" content=\"@hgf_ip\" \/>\n<meta name=\"twitter:label1\" content=\"Verfasst von\" \/>\n\t<meta name=\"twitter:data1\" content=\"Katie Pilgrim\" \/>\n\t<meta name=\"twitter:label2\" content=\"Gesch\u00e4tzte Lesezeit\" \/>\n\t<meta name=\"twitter:data2\" content=\"1 Minute\" \/>\n<script type=\"application\/ld+json\" class=\"yoast-schema-graph\">{\"@context\":\"https:\\\/\\\/schema.org\",\"@graph\":[{\"@type\":\"Article\",\"@id\":\"https:\\\/\\\/www.hgf.com\\\/de\\\/wissens-hub\\\/veranstaltungen\\\/pro-manchester-retail-lunch-2023\\\/#article\",\"isPartOf\":{\"@id\":\"https:\\\/\\\/www.hgf.com\\\/de\\\/wissens-hub\\\/veranstaltungen\\\/pro-manchester-retail-lunch-2023\\\/\"},\"author\":{\"name\":\"Katie Pilgrim\",\"@id\":\"https:\\\/\\\/www.hgf.com\\\/de\\\/#\\\/schema\\\/person\\\/c7c1ab6d978273ea223510a2f207dd04\"},\"headline\":\"Pro-Manchester Retail Lunch 2023\",\"datePublished\":\"2023-03-16T09:22:03+00:00\",\"dateModified\":\"2023-05-11T12:53:48+00:00\",\"mainEntityOfPage\":{\"@id\":\"https:\\\/\\\/www.hgf.com\\\/de\\\/wissens-hub\\\/veranstaltungen\\\/pro-manchester-retail-lunch-2023\\\/\"},\"wordCount\":180,\"publisher\":{\"@id\":\"https:\\\/\\\/www.hgf.com\\\/de\\\/#organization\"},\"image\":{\"@id\":\"https:\\\/\\\/www.hgf.com\\\/de\\\/wissens-hub\\\/veranstaltungen\\\/pro-manchester-retail-lunch-2023\\\/#primaryimage\"},\"thumbnailUrl\":\"https:\\\/\\\/www.hgf.com\\\/wp-content\\\/uploads\\\/2020\\\/10\\\/Lauren-Somers-animated-scaled-1.jpg\",\"articleSection\":[\"Andere Veranstaltungen\",\"Veranstaltungen\",\"Wissens Hub\"],\"inLanguage\":\"de-DE\"},{\"@type\":\"WebPage\",\"@id\":\"https:\\\/\\\/www.hgf.com\\\/de\\\/wissens-hub\\\/veranstaltungen\\\/pro-manchester-retail-lunch-2023\\\/\",\"url\":\"https:\\\/\\\/www.hgf.com\\\/de\\\/wissens-hub\\\/veranstaltungen\\\/pro-manchester-retail-lunch-2023\\\/\",\"name\":\"Pro-Manchester Retail Lunch 2023 - HGF\",\"isPartOf\":{\"@id\":\"https:\\\/\\\/www.hgf.com\\\/de\\\/#website\"},\"primaryImageOfPage\":{\"@id\":\"https:\\\/\\\/www.hgf.com\\\/de\\\/wissens-hub\\\/veranstaltungen\\\/pro-manchester-retail-lunch-2023\\\/#primaryimage\"},\"image\":{\"@id\":\"https:\\\/\\\/www.hgf.com\\\/de\\\/wissens-hub\\\/veranstaltungen\\\/pro-manchester-retail-lunch-2023\\\/#primaryimage\"},\"thumbnailUrl\":\"https:\\\/\\\/www.hgf.com\\\/wp-content\\\/uploads\\\/2020\\\/10\\\/Lauren-Somers-animated-scaled-1.jpg\",\"datePublished\":\"2023-03-16T09:22:03+00:00\",\"dateModified\":\"2023-05-11T12:53:48+00:00\",\"inLanguage\":\"de-DE\",\"potentialAction\":[{\"@type\":\"ReadAction\",\"target\":[\"https:\\\/\\\/www.hgf.com\\\/de\\\/wissens-hub\\\/veranstaltungen\\\/pro-manchester-retail-lunch-2023\\\/\"]}]},{\"@type\":\"ImageObject\",\"inLanguage\":\"de-DE\",\"@id\":\"https:\\\/\\\/www.hgf.com\\\/de\\\/wissens-hub\\\/veranstaltungen\\\/pro-manchester-retail-lunch-2023\\\/#primaryimage\",\"url\":\"https:\\\/\\\/www.hgf.com\\\/wp-content\\\/uploads\\\/2020\\\/10\\\/Lauren-Somers-animated-scaled-1.jpg\",\"contentUrl\":\"https:\\\/\\\/www.hgf.com\\\/wp-content\\\/uploads\\\/2020\\\/10\\\/Lauren-Somers-animated-scaled-1.jpg\",\"width\":2560,\"height\":1707},{\"@type\":\"WebSite\",\"@id\":\"https:\\\/\\\/www.hgf.com\\\/de\\\/#website\",\"url\":\"https:\\\/\\\/www.hgf.com\\\/de\\\/\",\"name\":\"HGF\",\"description\":\"Intellectual Property Rights specialists\",\"publisher\":{\"@id\":\"https:\\\/\\\/www.hgf.com\\\/de\\\/#organization\"},\"potentialAction\":[{\"@type\":\"SearchAction\",\"target\":{\"@type\":\"EntryPoint\",\"urlTemplate\":\"https:\\\/\\\/www.hgf.com\\\/de\\\/?s={search_term_string}\"},\"query-input\":{\"@type\":\"PropertyValueSpecification\",\"valueRequired\":true,\"valueName\":\"search_term_string\"}}],\"inLanguage\":\"de-DE\"},{\"@type\":\"Organization\",\"@id\":\"https:\\\/\\\/www.hgf.com\\\/de\\\/#organization\",\"name\":\"HGF\",\"url\":\"https:\\\/\\\/www.hgf.com\\\/de\\\/\",\"logo\":{\"@type\":\"ImageObject\",\"inLanguage\":\"de-DE\",\"@id\":\"https:\\\/\\\/www.hgf.com\\\/de\\\/#\\\/schema\\\/logo\\\/image\\\/\",\"url\":\"https:\\\/\\\/www.hgf.com\\\/wp-content\\\/uploads\\\/2023\\\/04\\\/hgf-logo-696x696-1.png\",\"contentUrl\":\"https:\\\/\\\/www.hgf.com\\\/wp-content\\\/uploads\\\/2023\\\/04\\\/hgf-logo-696x696-1.png\",\"width\":696,\"height\":696,\"caption\":\"HGF\"},\"image\":{\"@id\":\"https:\\\/\\\/www.hgf.com\\\/de\\\/#\\\/schema\\\/logo\\\/image\\\/\"},\"sameAs\":[\"https:\\\/\\\/x.com\\\/hgf_ip\",\"https:\\\/\\\/www.linkedin.com\\\/company\\\/hgf-limited-intellectual-property-specialists\\\/\"]},{\"@type\":\"Person\",\"@id\":\"https:\\\/\\\/www.hgf.com\\\/de\\\/#\\\/schema\\\/person\\\/c7c1ab6d978273ea223510a2f207dd04\",\"name\":\"Katie Pilgrim\",\"image\":{\"@type\":\"ImageObject\",\"inLanguage\":\"de-DE\",\"@id\":\"https:\\\/\\\/secure.gravatar.com\\\/avatar\\\/e3b963facae8a3c7ba467afd3c9fd6b67ad50e4022d0eadc099f4ce6cb860808?s=96&d=mm&r=g\",\"url\":\"https:\\\/\\\/secure.gravatar.com\\\/avatar\\\/e3b963facae8a3c7ba467afd3c9fd6b67ad50e4022d0eadc099f4ce6cb860808?s=96&d=mm&r=g\",\"contentUrl\":\"https:\\\/\\\/secure.gravatar.com\\\/avatar\\\/e3b963facae8a3c7ba467afd3c9fd6b67ad50e4022d0eadc099f4ce6cb860808?s=96&d=mm&r=g\",\"caption\":\"Katie Pilgrim\"}}]}<\/script>\n<!-- \/ Yoast SEO Premium plugin. -->","yoast_head_json":{"title":"Pro-Manchester Retail Lunch 2023 - HGF","robots":{"index":"index","follow":"follow","max-snippet":"max-snippet:-1","max-image-preview":"max-image-preview:large","max-video-preview":"max-video-preview:-1"},"canonical":"https:\/\/www.hgf.com\/de\/wissens-hub\/veranstaltungen\/pro-manchester-retail-lunch-2023\/","og_locale":"de_DE","og_type":"article","og_title":"Pro-Manchester Retail Lunch 2023","og_description":"HGF sponsert das Pro - Manchester Retail Lunch 2023 am 27. April in der Bridgewater Hall in Manchester. Die Einzelh\u00e4ndler standen in den letzten zw\u00f6lf","og_url":"https:\/\/www.hgf.com\/de\/wissens-hub\/veranstaltungen\/pro-manchester-retail-lunch-2023\/","og_site_name":"HGF","article_published_time":"2023-03-16T09:22:03+00:00","article_modified_time":"2023-05-11T12:53:48+00:00","og_image":[{"width":2560,"height":1707,"url":"https:\/\/www.hgf.com\/wp-content\/uploads\/2020\/10\/Lauren-Somers-animated-scaled-1.jpg","type":"image\/jpeg"}],"author":"Katie Pilgrim","twitter_card":"summary_large_image","twitter_creator":"@hgf_ip","twitter_site":"@hgf_ip","twitter_misc":{"Verfasst von":"Katie Pilgrim","Gesch\u00e4tzte Lesezeit":"1 Minute"},"schema":{"@context":"https:\/\/schema.org","@graph":[{"@type":"Article","@id":"https:\/\/www.hgf.com\/de\/wissens-hub\/veranstaltungen\/pro-manchester-retail-lunch-2023\/#article","isPartOf":{"@id":"https:\/\/www.hgf.com\/de\/wissens-hub\/veranstaltungen\/pro-manchester-retail-lunch-2023\/"},"author":{"name":"Katie Pilgrim","@id":"https:\/\/www.hgf.com\/de\/#\/schema\/person\/c7c1ab6d978273ea223510a2f207dd04"},"headline":"Pro-Manchester Retail Lunch 2023","datePublished":"2023-03-16T09:22:03+00:00","dateModified":"2023-05-11T12:53:48+00:00","mainEntityOfPage":{"@id":"https:\/\/www.hgf.com\/de\/wissens-hub\/veranstaltungen\/pro-manchester-retail-lunch-2023\/"},"wordCount":180,"publisher":{"@id":"https:\/\/www.hgf.com\/de\/#organization"},"image":{"@id":"https:\/\/www.hgf.com\/de\/wissens-hub\/veranstaltungen\/pro-manchester-retail-lunch-2023\/#primaryimage"},"thumbnailUrl":"https:\/\/www.hgf.com\/wp-content\/uploads\/2020\/10\/Lauren-Somers-animated-scaled-1.jpg","articleSection":["Andere Veranstaltungen","Veranstaltungen","Wissens Hub"],"inLanguage":"de-DE"},{"@type":"WebPage","@id":"https:\/\/www.hgf.com\/de\/wissens-hub\/veranstaltungen\/pro-manchester-retail-lunch-2023\/","url":"https:\/\/www.hgf.com\/de\/wissens-hub\/veranstaltungen\/pro-manchester-retail-lunch-2023\/","name":"Pro-Manchester Retail Lunch 2023 - HGF","isPartOf":{"@id":"https:\/\/www.hgf.com\/de\/#website"},"primaryImageOfPage":{"@id":"https:\/\/www.hgf.com\/de\/wissens-hub\/veranstaltungen\/pro-manchester-retail-lunch-2023\/#primaryimage"},"image":{"@id":"https:\/\/www.hgf.com\/de\/wissens-hub\/veranstaltungen\/pro-manchester-retail-lunch-2023\/#primaryimage"},"thumbnailUrl":"https:\/\/www.hgf.com\/wp-content\/uploads\/2020\/10\/Lauren-Somers-animated-scaled-1.jpg","datePublished":"2023-03-16T09:22:03+00:00","dateModified":"2023-05-11T12:53:48+00:00","inLanguage":"de-DE","potentialAction":[{"@type":"ReadAction","target":["https:\/\/www.hgf.com\/de\/wissens-hub\/veranstaltungen\/pro-manchester-retail-lunch-2023\/"]}]},{"@type":"ImageObject","inLanguage":"de-DE","@id":"https:\/\/www.hgf.com\/de\/wissens-hub\/veranstaltungen\/pro-manchester-retail-lunch-2023\/#primaryimage","url":"https:\/\/www.hgf.com\/wp-content\/uploads\/2020\/10\/Lauren-Somers-animated-scaled-1.jpg","contentUrl":"https:\/\/www.hgf.com\/wp-content\/uploads\/2020\/10\/Lauren-Somers-animated-scaled-1.jpg","width":2560,"height":1707},{"@type":"WebSite","@id":"https:\/\/www.hgf.com\/de\/#website","url":"https:\/\/www.hgf.com\/de\/","name":"HGF","description":"Intellectual Property Rights specialists","publisher":{"@id":"https:\/\/www.hgf.com\/de\/#organization"},"potentialAction":[{"@type":"SearchAction","target":{"@type":"EntryPoint","urlTemplate":"https:\/\/www.hgf.com\/de\/?s={search_term_string}"},"query-input":{"@type":"PropertyValueSpecification","valueRequired":true,"valueName":"search_term_string"}}],"inLanguage":"de-DE"},{"@type":"Organization","@id":"https:\/\/www.hgf.com\/de\/#organization","name":"HGF","url":"https:\/\/www.hgf.com\/de\/","logo":{"@type":"ImageObject","inLanguage":"de-DE","@id":"https:\/\/www.hgf.com\/de\/#\/schema\/logo\/image\/","url":"https:\/\/www.hgf.com\/wp-content\/uploads\/2023\/04\/hgf-logo-696x696-1.png","contentUrl":"https:\/\/www.hgf.com\/wp-content\/uploads\/2023\/04\/hgf-logo-696x696-1.png","width":696,"height":696,"caption":"HGF"},"image":{"@id":"https:\/\/www.hgf.com\/de\/#\/schema\/logo\/image\/"},"sameAs":["https:\/\/x.com\/hgf_ip","https:\/\/www.linkedin.com\/company\/hgf-limited-intellectual-property-specialists\/"]},{"@type":"Person","@id":"https:\/\/www.hgf.com\/de\/#\/schema\/person\/c7c1ab6d978273ea223510a2f207dd04","name":"Katie Pilgrim","image":{"@type":"ImageObject","inLanguage":"de-DE","@id":"https:\/\/secure.gravatar.com\/avatar\/e3b963facae8a3c7ba467afd3c9fd6b67ad50e4022d0eadc099f4ce6cb860808?s=96&d=mm&r=g","url":"https:\/\/secure.gravatar.com\/avatar\/e3b963facae8a3c7ba467afd3c9fd6b67ad50e4022d0eadc099f4ce6cb860808?s=96&d=mm&r=g","contentUrl":"https:\/\/secure.gravatar.com\/avatar\/e3b963facae8a3c7ba467afd3c9fd6b67ad50e4022d0eadc099f4ce6cb860808?s=96&d=mm&r=g","caption":"Katie Pilgrim"}}]}},"_links":{"self":[{"href":"https:\/\/www.hgf.com\/de\/wp-json\/wp\/v2\/posts\/9004111222127834","targetHints":{"allow":["GET"]}}],"collection":[{"href":"https:\/\/www.hgf.com\/de\/wp-json\/wp\/v2\/posts"}],"about":[{"href":"https:\/\/www.hgf.com\/de\/wp-json\/wp\/v2\/types\/post"}],"author":[{"embeddable":true,"href":"https:\/\/www.hgf.com\/de\/wp-json\/wp\/v2\/users\/473"}],"replies":[{"embeddable":true,"href":"https:\/\/www.hgf.com\/de\/wp-json\/wp\/v2\/comments?post=9004111222127834"}],"version-history":[{"count":0,"href":"https:\/\/www.hgf.com\/de\/wp-json\/wp\/v2\/posts\/9004111222127834\/revisions"}],"wp:featuredmedia":[{"embeddable":true,"href":"https:\/\/www.hgf.com\/de\/wp-json\/wp\/v2\/media\/9004111222105999"}],"wp:attachment":[{"href":"https:\/\/www.hgf.com\/de\/wp-json\/wp\/v2\/media?parent=9004111222127834"}],"wp:term":[{"taxonomy":"category","embeddable":true,"href":"https:\/\/www.hgf.com\/de\/wp-json\/wp\/v2\/categories?post=9004111222127834"},{"taxonomy":"post_tag","embeddable":true,"href":"https:\/\/www.hgf.com\/de\/wp-json\/wp\/v2\/tags?post=9004111222127834"}],"curies":[{"name":"wp","href":"https:\/\/api.w.org\/{rel}","templated":true}]}}