{"id":9004111222113989,"date":"2022-07-14T13:07:20","date_gmt":"2022-07-14T12:07:20","guid":{"rendered":"https:\/\/www.hgf.com\/?p=9004111222113989"},"modified":"2026-02-23T10:34:59","modified_gmt":"2026-02-23T10:34:59","slug":"upc-ein-grosser-schritt-naeher-zum-starttermin-anfang-2023","status":"publish","type":"post","link":"https:\/\/www.hgf.com\/de\/wissens-hub\/artikel\/upc-ein-grosser-schritt-naeher-zum-starttermin-anfang-2023\/","title":{"rendered":"UPC \u2013 ein gro\u00dfer Schritt n\u00e4her zum Starttermin Anfang 2023"},"content":{"rendered":"<p>Der Verwaltungsausschuss des Einheitlichen Patentgerichts (UPC) <a href=\"https:\/\/www.unified-patent-court.org\/news\/administrative-committee-takes-significant-steps-towards-setting-unified-patent-court\">hielt am 8. Juli 2022 seine zweite Sitzung<\/a> ab.<\/p>\n<p>Ein wichtiger Schritt war die Verabschiedung der Verfahrensordnung und der Geb\u00fchrentabelle des Gerichtshofs, die beide am 1. September 2022 in Kraft treten werden (nach der juristischen Bereinigung werden sie im Laufe des Sommers ver\u00f6ffentlicht). \u00a0Dar\u00fcber hinaus hat der Ausschuss im Rahmen der operativen T\u00e4tigkeit des UPC die Regeln des UPC f\u00fcr Dienstreisen verabschiedet, die Anreize f\u00fcr kohlenstoffarme Verkehrsmittel enthalten.<\/p>\n<p>Auf der Sitzung best\u00e4tigte der Ausschuss auch die Einrichtung von lokalen und regionalen Abteilungen des Gerichts erster Instanz. Diese Abteilungen werden sich in \u00d6sterreich (Wien), Belgien (Br\u00fcssel), D\u00e4nemark (Kopenhagen), Finnland (Helsinki), Frankreich (Paris), Deutschland (D\u00fcsseldorf, Hamburg, Mannheim, M\u00fcnchen), Italien (Mailand), den Niederlanden (Den Haag), Slowenien (Ljubljana) und Portugal (Lissabon) befinden. Die regionale Abteilung Nordic-Baltic wird haupts\u00e4chlich in Schweden (Stockholm) angesiedelt sein. Was das Zentrum f\u00fcr Patentmediation und -schiedsgerichtsbarkeit des UPC betrifft, so hat der Ausschuss die Organisationsregeln dieses Zentrums angenommen, das mit Sitz in Ljubljana und Lissabon eingerichtet werden soll.<\/p>\n<p>Die Empfehlungsliste der am besten geeigneten Kandidaten f\u00fcr die Ernennung zum Richter des Einheitlichen Patentgerichts wurde ebenfalls fertiggestellt. Es wird erwartet, dass diese Liste noch vor der Sommerpause verabschiedet wird.<\/p>\n<p>Im Anschluss an diese wichtigen Entscheidungen hat der Verwaltungsausschuss erkl\u00e4rt, dass der Zeitpunkt der Aufnahme der operativen T\u00e4tigkeiten des Gerichtshofs vern\u00fcnftigerweise f\u00fcr Anfang 2023 erwartet werden kann.<\/p>\n<p>Weitere Informationen finden Sie unter\u00a0<a href=\"https:\/\/www.hgf.com\/de\/upc\/\">UPC News<\/a>\u00a0oder per E-Mail an\u00a0<a href=\"mailto:upcready@hgf.com\">upcready@hgf.com<\/a>, wenn Sie Fragen haben.<\/p>\n","protected":false},"excerpt":{"rendered":"<p>Der Verwaltungsausschuss des Einheitlichen Patentgerichts (UPC) hielt am 8. Juli 2022 seine zweite Sitzung ab. Ein wichtiger Schritt war die Verabschiedung der Verfahrensordnung und der Geb\u00fchrentabelle des Gerichtshofs, die beide &hellip;<\/p>\n","protected":false},"author":316,"featured_media":9004111222113197,"comment_status":"closed","ping_status":"closed","sticky":false,"template":"","format":"standard","meta":{"_acf_changed":false,"footnotes":""},"categories":[519,518],"tags":[],"class_list":["post-9004111222113989","post","type-post","status-publish","format-standard","has-post-thumbnail","hentry","category-artikel","category-wissens-hub"],"acf":[],"yoast_head":"<!-- This site is optimized with the Yoast SEO Premium plugin v27.4 (Yoast SEO v27.4) - https:\/\/yoast.com\/product\/yoast-seo-premium-wordpress\/ -->\n<title>UPC \u2013 ein gro\u00dfer Schritt n\u00e4her zum Starttermin Anfang 2023 - HGF<\/title>\n<meta name=\"robots\" content=\"index, follow, max-snippet:-1, max-image-preview:large, max-video-preview:-1\" \/>\n<link rel=\"canonical\" href=\"https:\/\/www.hgf.com\/de\/wissens-hub\/artikel\/upc-ein-grosser-schritt-naeher-zum-starttermin-anfang-2023\/\" \/>\n<meta property=\"og:locale\" content=\"de_DE\" \/>\n<meta property=\"og:type\" content=\"article\" \/>\n<meta property=\"og:title\" content=\"UPC \u2013 ein gro\u00dfer Schritt n\u00e4her zum Starttermin Anfang 2023\" \/>\n<meta property=\"og:description\" content=\"Der Verwaltungsausschuss des Einheitlichen Patentgerichts (UPC) hielt am 8. Juli 2022 seine zweite Sitzung ab. Ein wichtiger Schritt war die\" \/>\n<meta property=\"og:url\" content=\"https:\/\/www.hgf.com\/de\/wissens-hub\/artikel\/upc-ein-grosser-schritt-naeher-zum-starttermin-anfang-2023\/\" \/>\n<meta property=\"og:site_name\" content=\"HGF\" \/>\n<meta property=\"article:published_time\" content=\"2022-07-14T12:07:20+00:00\" \/>\n<meta property=\"article:modified_time\" content=\"2026-02-23T10:34:59+00:00\" \/>\n<meta property=\"og:image\" content=\"https:\/\/www.hgf.com\/wp-content\/uploads\/2022\/04\/Image-2-for-the-website-1024x576.png\" \/>\n\t<meta property=\"og:image:width\" content=\"1024\" \/>\n\t<meta property=\"og:image:height\" content=\"576\" \/>\n\t<meta property=\"og:image:type\" content=\"image\/png\" \/>\n<meta name=\"author\" content=\"Nichola Butler\" \/>\n<meta name=\"twitter:card\" content=\"summary_large_image\" \/>\n<meta name=\"twitter:creator\" content=\"@hgf_ip\" \/>\n<meta name=\"twitter:site\" content=\"@hgf_ip\" \/>\n<meta name=\"twitter:label1\" content=\"Verfasst von\" \/>\n\t<meta name=\"twitter:data1\" content=\"Nichola Butler\" \/>\n\t<meta name=\"twitter:label2\" content=\"Gesch\u00e4tzte Lesezeit\" \/>\n\t<meta name=\"twitter:data2\" content=\"1 Minute\" \/>\n<script type=\"application\/ld+json\" class=\"yoast-schema-graph\">{\"@context\":\"https:\\\/\\\/schema.org\",\"@graph\":[{\"@type\":\"Article\",\"@id\":\"https:\\\/\\\/www.hgf.com\\\/de\\\/wissens-hub\\\/artikel\\\/upc-ein-grosser-schritt-naeher-zum-starttermin-anfang-2023\\\/#article\",\"isPartOf\":{\"@id\":\"https:\\\/\\\/www.hgf.com\\\/de\\\/wissens-hub\\\/artikel\\\/upc-ein-grosser-schritt-naeher-zum-starttermin-anfang-2023\\\/\"},\"author\":{\"name\":\"Nichola Butler\",\"@id\":\"https:\\\/\\\/www.hgf.com\\\/de\\\/#\\\/schema\\\/person\\\/b8e8f97c9bef17c5a63b58710dec05fc\"},\"headline\":\"UPC \u2013 ein gro\u00dfer Schritt n\u00e4her zum Starttermin Anfang 2023\",\"datePublished\":\"2022-07-14T12:07:20+00:00\",\"dateModified\":\"2026-02-23T10:34:59+00:00\",\"mainEntityOfPage\":{\"@id\":\"https:\\\/\\\/www.hgf.com\\\/de\\\/wissens-hub\\\/artikel\\\/upc-ein-grosser-schritt-naeher-zum-starttermin-anfang-2023\\\/\"},\"wordCount\":262,\"publisher\":{\"@id\":\"https:\\\/\\\/www.hgf.com\\\/de\\\/#organization\"},\"image\":{\"@id\":\"https:\\\/\\\/www.hgf.com\\\/de\\\/wissens-hub\\\/artikel\\\/upc-ein-grosser-schritt-naeher-zum-starttermin-anfang-2023\\\/#primaryimage\"},\"thumbnailUrl\":\"https:\\\/\\\/www.hgf.com\\\/wp-content\\\/uploads\\\/2022\\\/04\\\/Image-2-for-the-website.png\",\"articleSection\":[\"Artikel\",\"Wissens Hub\"],\"inLanguage\":\"de-DE\"},{\"@type\":\"WebPage\",\"@id\":\"https:\\\/\\\/www.hgf.com\\\/de\\\/wissens-hub\\\/artikel\\\/upc-ein-grosser-schritt-naeher-zum-starttermin-anfang-2023\\\/\",\"url\":\"https:\\\/\\\/www.hgf.com\\\/de\\\/wissens-hub\\\/artikel\\\/upc-ein-grosser-schritt-naeher-zum-starttermin-anfang-2023\\\/\",\"name\":\"UPC \u2013 ein gro\u00dfer Schritt n\u00e4her zum Starttermin Anfang 2023 - HGF\",\"isPartOf\":{\"@id\":\"https:\\\/\\\/www.hgf.com\\\/de\\\/#website\"},\"primaryImageOfPage\":{\"@id\":\"https:\\\/\\\/www.hgf.com\\\/de\\\/wissens-hub\\\/artikel\\\/upc-ein-grosser-schritt-naeher-zum-starttermin-anfang-2023\\\/#primaryimage\"},\"image\":{\"@id\":\"https:\\\/\\\/www.hgf.com\\\/de\\\/wissens-hub\\\/artikel\\\/upc-ein-grosser-schritt-naeher-zum-starttermin-anfang-2023\\\/#primaryimage\"},\"thumbnailUrl\":\"https:\\\/\\\/www.hgf.com\\\/wp-content\\\/uploads\\\/2022\\\/04\\\/Image-2-for-the-website.png\",\"datePublished\":\"2022-07-14T12:07:20+00:00\",\"dateModified\":\"2026-02-23T10:34:59+00:00\",\"inLanguage\":\"de-DE\",\"potentialAction\":[{\"@type\":\"ReadAction\",\"target\":[\"https:\\\/\\\/www.hgf.com\\\/de\\\/wissens-hub\\\/artikel\\\/upc-ein-grosser-schritt-naeher-zum-starttermin-anfang-2023\\\/\"]}]},{\"@type\":\"ImageObject\",\"inLanguage\":\"de-DE\",\"@id\":\"https:\\\/\\\/www.hgf.com\\\/de\\\/wissens-hub\\\/artikel\\\/upc-ein-grosser-schritt-naeher-zum-starttermin-anfang-2023\\\/#primaryimage\",\"url\":\"https:\\\/\\\/www.hgf.com\\\/wp-content\\\/uploads\\\/2022\\\/04\\\/Image-2-for-the-website.png\",\"contentUrl\":\"https:\\\/\\\/www.hgf.com\\\/wp-content\\\/uploads\\\/2022\\\/04\\\/Image-2-for-the-website.png\",\"width\":1920,\"height\":1080},{\"@type\":\"WebSite\",\"@id\":\"https:\\\/\\\/www.hgf.com\\\/de\\\/#website\",\"url\":\"https:\\\/\\\/www.hgf.com\\\/de\\\/\",\"name\":\"HGF\",\"description\":\"Intellectual Property Rights specialists\",\"publisher\":{\"@id\":\"https:\\\/\\\/www.hgf.com\\\/de\\\/#organization\"},\"potentialAction\":[{\"@type\":\"SearchAction\",\"target\":{\"@type\":\"EntryPoint\",\"urlTemplate\":\"https:\\\/\\\/www.hgf.com\\\/de\\\/?s={search_term_string}\"},\"query-input\":{\"@type\":\"PropertyValueSpecification\",\"valueRequired\":true,\"valueName\":\"search_term_string\"}}],\"inLanguage\":\"de-DE\"},{\"@type\":\"Organization\",\"@id\":\"https:\\\/\\\/www.hgf.com\\\/de\\\/#organization\",\"name\":\"HGF\",\"url\":\"https:\\\/\\\/www.hgf.com\\\/de\\\/\",\"logo\":{\"@type\":\"ImageObject\",\"inLanguage\":\"de-DE\",\"@id\":\"https:\\\/\\\/www.hgf.com\\\/de\\\/#\\\/schema\\\/logo\\\/image\\\/\",\"url\":\"https:\\\/\\\/www.hgf.com\\\/wp-content\\\/uploads\\\/2023\\\/04\\\/hgf-logo-696x696-1.png\",\"contentUrl\":\"https:\\\/\\\/www.hgf.com\\\/wp-content\\\/uploads\\\/2023\\\/04\\\/hgf-logo-696x696-1.png\",\"width\":696,\"height\":696,\"caption\":\"HGF\"},\"image\":{\"@id\":\"https:\\\/\\\/www.hgf.com\\\/de\\\/#\\\/schema\\\/logo\\\/image\\\/\"},\"sameAs\":[\"https:\\\/\\\/x.com\\\/hgf_ip\",\"https:\\\/\\\/www.linkedin.com\\\/company\\\/hgf-limited-intellectual-property-specialists\\\/\"]},{\"@type\":\"Person\",\"@id\":\"https:\\\/\\\/www.hgf.com\\\/de\\\/#\\\/schema\\\/person\\\/b8e8f97c9bef17c5a63b58710dec05fc\",\"name\":\"Nichola Butler\",\"image\":{\"@type\":\"ImageObject\",\"inLanguage\":\"de-DE\",\"@id\":\"https:\\\/\\\/secure.gravatar.com\\\/avatar\\\/42cf846a377c3a78e27a6251ef72637db7331dd1905ba199ce32a5a55e286c39?s=96&d=mm&r=g\",\"url\":\"https:\\\/\\\/secure.gravatar.com\\\/avatar\\\/42cf846a377c3a78e27a6251ef72637db7331dd1905ba199ce32a5a55e286c39?s=96&d=mm&r=g\",\"contentUrl\":\"https:\\\/\\\/secure.gravatar.com\\\/avatar\\\/42cf846a377c3a78e27a6251ef72637db7331dd1905ba199ce32a5a55e286c39?s=96&d=mm&r=g\",\"caption\":\"Nichola Butler\"}}]}<\/script>\n<!-- \/ Yoast SEO Premium plugin. -->","yoast_head_json":{"title":"UPC \u2013 ein gro\u00dfer Schritt n\u00e4her zum Starttermin Anfang 2023 - HGF","robots":{"index":"index","follow":"follow","max-snippet":"max-snippet:-1","max-image-preview":"max-image-preview:large","max-video-preview":"max-video-preview:-1"},"canonical":"https:\/\/www.hgf.com\/de\/wissens-hub\/artikel\/upc-ein-grosser-schritt-naeher-zum-starttermin-anfang-2023\/","og_locale":"de_DE","og_type":"article","og_title":"UPC \u2013 ein gro\u00dfer Schritt n\u00e4her zum Starttermin Anfang 2023","og_description":"Der Verwaltungsausschuss des Einheitlichen Patentgerichts (UPC) hielt am 8. Juli 2022 seine zweite Sitzung ab. Ein wichtiger Schritt war die","og_url":"https:\/\/www.hgf.com\/de\/wissens-hub\/artikel\/upc-ein-grosser-schritt-naeher-zum-starttermin-anfang-2023\/","og_site_name":"HGF","article_published_time":"2022-07-14T12:07:20+00:00","article_modified_time":"2026-02-23T10:34:59+00:00","og_image":[{"width":1024,"height":576,"url":"https:\/\/www.hgf.com\/wp-content\/uploads\/2022\/04\/Image-2-for-the-website-1024x576.png","type":"image\/png"}],"author":"Nichola Butler","twitter_card":"summary_large_image","twitter_creator":"@hgf_ip","twitter_site":"@hgf_ip","twitter_misc":{"Verfasst von":"Nichola Butler","Gesch\u00e4tzte Lesezeit":"1 Minute"},"schema":{"@context":"https:\/\/schema.org","@graph":[{"@type":"Article","@id":"https:\/\/www.hgf.com\/de\/wissens-hub\/artikel\/upc-ein-grosser-schritt-naeher-zum-starttermin-anfang-2023\/#article","isPartOf":{"@id":"https:\/\/www.hgf.com\/de\/wissens-hub\/artikel\/upc-ein-grosser-schritt-naeher-zum-starttermin-anfang-2023\/"},"author":{"name":"Nichola Butler","@id":"https:\/\/www.hgf.com\/de\/#\/schema\/person\/b8e8f97c9bef17c5a63b58710dec05fc"},"headline":"UPC \u2013 ein gro\u00dfer Schritt n\u00e4her zum Starttermin Anfang 2023","datePublished":"2022-07-14T12:07:20+00:00","dateModified":"2026-02-23T10:34:59+00:00","mainEntityOfPage":{"@id":"https:\/\/www.hgf.com\/de\/wissens-hub\/artikel\/upc-ein-grosser-schritt-naeher-zum-starttermin-anfang-2023\/"},"wordCount":262,"publisher":{"@id":"https:\/\/www.hgf.com\/de\/#organization"},"image":{"@id":"https:\/\/www.hgf.com\/de\/wissens-hub\/artikel\/upc-ein-grosser-schritt-naeher-zum-starttermin-anfang-2023\/#primaryimage"},"thumbnailUrl":"https:\/\/www.hgf.com\/wp-content\/uploads\/2022\/04\/Image-2-for-the-website.png","articleSection":["Artikel","Wissens Hub"],"inLanguage":"de-DE"},{"@type":"WebPage","@id":"https:\/\/www.hgf.com\/de\/wissens-hub\/artikel\/upc-ein-grosser-schritt-naeher-zum-starttermin-anfang-2023\/","url":"https:\/\/www.hgf.com\/de\/wissens-hub\/artikel\/upc-ein-grosser-schritt-naeher-zum-starttermin-anfang-2023\/","name":"UPC \u2013 ein gro\u00dfer Schritt n\u00e4her zum Starttermin Anfang 2023 - HGF","isPartOf":{"@id":"https:\/\/www.hgf.com\/de\/#website"},"primaryImageOfPage":{"@id":"https:\/\/www.hgf.com\/de\/wissens-hub\/artikel\/upc-ein-grosser-schritt-naeher-zum-starttermin-anfang-2023\/#primaryimage"},"image":{"@id":"https:\/\/www.hgf.com\/de\/wissens-hub\/artikel\/upc-ein-grosser-schritt-naeher-zum-starttermin-anfang-2023\/#primaryimage"},"thumbnailUrl":"https:\/\/www.hgf.com\/wp-content\/uploads\/2022\/04\/Image-2-for-the-website.png","datePublished":"2022-07-14T12:07:20+00:00","dateModified":"2026-02-23T10:34:59+00:00","inLanguage":"de-DE","potentialAction":[{"@type":"ReadAction","target":["https:\/\/www.hgf.com\/de\/wissens-hub\/artikel\/upc-ein-grosser-schritt-naeher-zum-starttermin-anfang-2023\/"]}]},{"@type":"ImageObject","inLanguage":"de-DE","@id":"https:\/\/www.hgf.com\/de\/wissens-hub\/artikel\/upc-ein-grosser-schritt-naeher-zum-starttermin-anfang-2023\/#primaryimage","url":"https:\/\/www.hgf.com\/wp-content\/uploads\/2022\/04\/Image-2-for-the-website.png","contentUrl":"https:\/\/www.hgf.com\/wp-content\/uploads\/2022\/04\/Image-2-for-the-website.png","width":1920,"height":1080},{"@type":"WebSite","@id":"https:\/\/www.hgf.com\/de\/#website","url":"https:\/\/www.hgf.com\/de\/","name":"HGF","description":"Intellectual Property Rights specialists","publisher":{"@id":"https:\/\/www.hgf.com\/de\/#organization"},"potentialAction":[{"@type":"SearchAction","target":{"@type":"EntryPoint","urlTemplate":"https:\/\/www.hgf.com\/de\/?s={search_term_string}"},"query-input":{"@type":"PropertyValueSpecification","valueRequired":true,"valueName":"search_term_string"}}],"inLanguage":"de-DE"},{"@type":"Organization","@id":"https:\/\/www.hgf.com\/de\/#organization","name":"HGF","url":"https:\/\/www.hgf.com\/de\/","logo":{"@type":"ImageObject","inLanguage":"de-DE","@id":"https:\/\/www.hgf.com\/de\/#\/schema\/logo\/image\/","url":"https:\/\/www.hgf.com\/wp-content\/uploads\/2023\/04\/hgf-logo-696x696-1.png","contentUrl":"https:\/\/www.hgf.com\/wp-content\/uploads\/2023\/04\/hgf-logo-696x696-1.png","width":696,"height":696,"caption":"HGF"},"image":{"@id":"https:\/\/www.hgf.com\/de\/#\/schema\/logo\/image\/"},"sameAs":["https:\/\/x.com\/hgf_ip","https:\/\/www.linkedin.com\/company\/hgf-limited-intellectual-property-specialists\/"]},{"@type":"Person","@id":"https:\/\/www.hgf.com\/de\/#\/schema\/person\/b8e8f97c9bef17c5a63b58710dec05fc","name":"Nichola Butler","image":{"@type":"ImageObject","inLanguage":"de-DE","@id":"https:\/\/secure.gravatar.com\/avatar\/42cf846a377c3a78e27a6251ef72637db7331dd1905ba199ce32a5a55e286c39?s=96&d=mm&r=g","url":"https:\/\/secure.gravatar.com\/avatar\/42cf846a377c3a78e27a6251ef72637db7331dd1905ba199ce32a5a55e286c39?s=96&d=mm&r=g","contentUrl":"https:\/\/secure.gravatar.com\/avatar\/42cf846a377c3a78e27a6251ef72637db7331dd1905ba199ce32a5a55e286c39?s=96&d=mm&r=g","caption":"Nichola Butler"}}]}},"_links":{"self":[{"href":"https:\/\/www.hgf.com\/de\/wp-json\/wp\/v2\/posts\/9004111222113989","targetHints":{"allow":["GET"]}}],"collection":[{"href":"https:\/\/www.hgf.com\/de\/wp-json\/wp\/v2\/posts"}],"about":[{"href":"https:\/\/www.hgf.com\/de\/wp-json\/wp\/v2\/types\/post"}],"author":[{"embeddable":true,"href":"https:\/\/www.hgf.com\/de\/wp-json\/wp\/v2\/users\/316"}],"replies":[{"embeddable":true,"href":"https:\/\/www.hgf.com\/de\/wp-json\/wp\/v2\/comments?post=9004111222113989"}],"version-history":[{"count":0,"href":"https:\/\/www.hgf.com\/de\/wp-json\/wp\/v2\/posts\/9004111222113989\/revisions"}],"wp:featuredmedia":[{"embeddable":true,"href":"https:\/\/www.hgf.com\/de\/wp-json\/wp\/v2\/media\/9004111222113197"}],"wp:attachment":[{"href":"https:\/\/www.hgf.com\/de\/wp-json\/wp\/v2\/media?parent=9004111222113989"}],"wp:term":[{"taxonomy":"category","embeddable":true,"href":"https:\/\/www.hgf.com\/de\/wp-json\/wp\/v2\/categories?post=9004111222113989"},{"taxonomy":"post_tag","embeddable":true,"href":"https:\/\/www.hgf.com\/de\/wp-json\/wp\/v2\/tags?post=9004111222113989"}],"curies":[{"name":"wp","href":"https:\/\/api.w.org\/{rel}","templated":true}]}}