{"id":9004111222113988,"date":"2022-04-08T13:19:25","date_gmt":"2022-04-08T12:19:25","guid":{"rendered":"https:\/\/www.hgf.com\/?p=9004111222113988"},"modified":"2026-03-10T14:12:55","modified_gmt":"2026-03-10T14:12:55","slug":"update-zum-upc-voraussichtlicher-zeitplan","status":"publish","type":"post","link":"https:\/\/www.hgf.com\/de\/wissens-hub\/rechtliche-neuigkeiten\/update-zum-upc-voraussichtlicher-zeitplan\/","title":{"rendered":"Update zum UPC \u2013 voraussichtlicher Zeitplan"},"content":{"rendered":"<p class=\"p__large\">Die ersten Sitzungen des Verwaltungs-, Haushalts- und Beratungsausschusses des UPC fanden Ende Februar statt. Im Anschluss daran hat der Beratende Ausschuss mit der Befragung von Richtern f\u00fcr das Gericht begonnen und plant, die Befragung im Mai abzuschlie\u00dfen. Er wird seine Empfehlungen an den Verwaltungsausschuss weiterleiten, der die Richter kurz vor dem Sommer offiziell ernennen wird.<\/p>\n<p>Die Richter werden ein umfangreiches Schulungsprogramm \u00fcber das Fallverwaltungssystem und das Sekund\u00e4rrecht des Gerichts absolvieren. Sie werden zwei Pr\u00e4sidenten des Gerichtshofs w\u00e4hlen und ein Pr\u00e4sidium bilden.<\/p>\n<p>Parallel zur Ernennung der Richter wird auch an anderen Aspekten des EPG gearbeitet. Ein medizinischer und sozialer Sicherheitsplan ist in Arbeit und das IT-System, die Unternehmensfunktion und die neue UPC-Website werden derzeit fertiggestellt.<\/p>\n<p>Das UPC wird am ersten Tag des vierten Monats nach Hinterlegung der Ratifizierungsurkunde durch Deutschland in Kraft treten. Die Hinterlegung in Deutschland wird auch den Beginn der Sunrise-Periode markieren, in der bestehende Europ\u00e4ische Patente ausgeschlossen werden k\u00f6nnen.<\/p>\n<p>Nach diesen <a href=\"https:\/\/www.unified-patent-court.org\/news\/provisional-application-phase-and-upcs-expected-timeline\" target=\"_blank\" rel=\"noopener\">aktuellen Neuigkeiten<\/a> kann davon ausgegangen werden, dass das UPC im letzten Quartal 2022 oder Anfang 2023 betriebsbereit sein wird.<\/p>\n","protected":false},"excerpt":{"rendered":"<p>Die ersten Sitzungen des Verwaltungs-, Haushalts- und Beratungsausschusses des UPC fanden Ende Februar statt. Im Anschluss daran hat der Beratende Ausschuss mit der Befragung von Richtern f\u00fcr das Gericht begonnen &hellip;<\/p>\n","protected":false},"author":316,"featured_media":9004111222109420,"comment_status":"closed","ping_status":"closed","sticky":false,"template":"","format":"standard","meta":{"_acf_changed":false,"footnotes":""},"categories":[530,518],"tags":[],"class_list":["post-9004111222113988","post","type-post","status-publish","format-standard","has-post-thumbnail","hentry","category-rechtliche-neuigkeiten","category-wissens-hub"],"acf":[],"yoast_head":"<!-- This site is optimized with the Yoast SEO Premium plugin v27.4 (Yoast SEO v27.4) - https:\/\/yoast.com\/product\/yoast-seo-premium-wordpress\/ -->\n<title>Update zum UPC \u2013 voraussichtlicher Zeitplan - HGF<\/title>\n<meta name=\"robots\" content=\"index, follow, max-snippet:-1, max-image-preview:large, max-video-preview:-1\" \/>\n<link rel=\"canonical\" href=\"https:\/\/www.hgf.com\/de\/wissens-hub\/rechtliche-neuigkeiten\/update-zum-upc-voraussichtlicher-zeitplan\/\" \/>\n<meta property=\"og:locale\" content=\"de_DE\" \/>\n<meta property=\"og:type\" content=\"article\" \/>\n<meta property=\"og:title\" content=\"Update zum UPC \u2013 voraussichtlicher Zeitplan\" \/>\n<meta property=\"og:description\" content=\"Die ersten Sitzungen des Verwaltungs-, Haushalts- und Beratungsausschusses des UPC fanden Ende Februar statt. Im Anschluss daran hat der Beratende\" \/>\n<meta property=\"og:url\" content=\"https:\/\/www.hgf.com\/de\/wissens-hub\/rechtliche-neuigkeiten\/update-zum-upc-voraussichtlicher-zeitplan\/\" \/>\n<meta property=\"og:site_name\" content=\"HGF\" \/>\n<meta property=\"article:published_time\" content=\"2022-04-08T12:19:25+00:00\" \/>\n<meta property=\"article:modified_time\" content=\"2026-03-10T14:12:55+00:00\" \/>\n<meta property=\"og:image\" content=\"https:\/\/www.hgf.com\/wp-content\/uploads\/2021\/12\/Article-5-UPC-image.jpg\" \/>\n\t<meta property=\"og:image:width\" content=\"1920\" \/>\n\t<meta property=\"og:image:height\" content=\"1080\" \/>\n\t<meta property=\"og:image:type\" content=\"image\/jpeg\" \/>\n<meta name=\"author\" content=\"Nichola Butler\" \/>\n<meta name=\"twitter:card\" content=\"summary_large_image\" \/>\n<meta name=\"twitter:creator\" content=\"@hgf_ip\" \/>\n<meta name=\"twitter:site\" content=\"@hgf_ip\" \/>\n<meta name=\"twitter:label1\" content=\"Verfasst von\" \/>\n\t<meta name=\"twitter:data1\" content=\"Nichola Butler\" \/>\n\t<meta name=\"twitter:label2\" content=\"Gesch\u00e4tzte Lesezeit\" \/>\n\t<meta name=\"twitter:data2\" content=\"1 Minute\" \/>\n<script type=\"application\/ld+json\" class=\"yoast-schema-graph\">{\"@context\":\"https:\\\/\\\/schema.org\",\"@graph\":[{\"@type\":\"Article\",\"@id\":\"https:\\\/\\\/www.hgf.com\\\/de\\\/wissens-hub\\\/rechtliche-neuigkeiten\\\/update-zum-upc-voraussichtlicher-zeitplan\\\/#article\",\"isPartOf\":{\"@id\":\"https:\\\/\\\/www.hgf.com\\\/de\\\/wissens-hub\\\/rechtliche-neuigkeiten\\\/update-zum-upc-voraussichtlicher-zeitplan\\\/\"},\"author\":{\"name\":\"Nichola Butler\",\"@id\":\"https:\\\/\\\/www.hgf.com\\\/de\\\/#\\\/schema\\\/person\\\/b8e8f97c9bef17c5a63b58710dec05fc\"},\"headline\":\"Update zum UPC \u2013 voraussichtlicher Zeitplan\",\"datePublished\":\"2022-04-08T12:19:25+00:00\",\"dateModified\":\"2026-03-10T14:12:55+00:00\",\"mainEntityOfPage\":{\"@id\":\"https:\\\/\\\/www.hgf.com\\\/de\\\/wissens-hub\\\/rechtliche-neuigkeiten\\\/update-zum-upc-voraussichtlicher-zeitplan\\\/\"},\"wordCount\":183,\"publisher\":{\"@id\":\"https:\\\/\\\/www.hgf.com\\\/de\\\/#organization\"},\"image\":{\"@id\":\"https:\\\/\\\/www.hgf.com\\\/de\\\/wissens-hub\\\/rechtliche-neuigkeiten\\\/update-zum-upc-voraussichtlicher-zeitplan\\\/#primaryimage\"},\"thumbnailUrl\":\"https:\\\/\\\/www.hgf.com\\\/wp-content\\\/uploads\\\/2021\\\/12\\\/Article-5-UPC-image.jpg\",\"articleSection\":[\"Rechtliche Neuigkeiten\",\"Wissens Hub\"],\"inLanguage\":\"de-DE\"},{\"@type\":\"WebPage\",\"@id\":\"https:\\\/\\\/www.hgf.com\\\/de\\\/wissens-hub\\\/rechtliche-neuigkeiten\\\/update-zum-upc-voraussichtlicher-zeitplan\\\/\",\"url\":\"https:\\\/\\\/www.hgf.com\\\/de\\\/wissens-hub\\\/rechtliche-neuigkeiten\\\/update-zum-upc-voraussichtlicher-zeitplan\\\/\",\"name\":\"Update zum UPC \u2013 voraussichtlicher Zeitplan - HGF\",\"isPartOf\":{\"@id\":\"https:\\\/\\\/www.hgf.com\\\/de\\\/#website\"},\"primaryImageOfPage\":{\"@id\":\"https:\\\/\\\/www.hgf.com\\\/de\\\/wissens-hub\\\/rechtliche-neuigkeiten\\\/update-zum-upc-voraussichtlicher-zeitplan\\\/#primaryimage\"},\"image\":{\"@id\":\"https:\\\/\\\/www.hgf.com\\\/de\\\/wissens-hub\\\/rechtliche-neuigkeiten\\\/update-zum-upc-voraussichtlicher-zeitplan\\\/#primaryimage\"},\"thumbnailUrl\":\"https:\\\/\\\/www.hgf.com\\\/wp-content\\\/uploads\\\/2021\\\/12\\\/Article-5-UPC-image.jpg\",\"datePublished\":\"2022-04-08T12:19:25+00:00\",\"dateModified\":\"2026-03-10T14:12:55+00:00\",\"inLanguage\":\"de-DE\",\"potentialAction\":[{\"@type\":\"ReadAction\",\"target\":[\"https:\\\/\\\/www.hgf.com\\\/de\\\/wissens-hub\\\/rechtliche-neuigkeiten\\\/update-zum-upc-voraussichtlicher-zeitplan\\\/\"]}]},{\"@type\":\"ImageObject\",\"inLanguage\":\"de-DE\",\"@id\":\"https:\\\/\\\/www.hgf.com\\\/de\\\/wissens-hub\\\/rechtliche-neuigkeiten\\\/update-zum-upc-voraussichtlicher-zeitplan\\\/#primaryimage\",\"url\":\"https:\\\/\\\/www.hgf.com\\\/wp-content\\\/uploads\\\/2021\\\/12\\\/Article-5-UPC-image.jpg\",\"contentUrl\":\"https:\\\/\\\/www.hgf.com\\\/wp-content\\\/uploads\\\/2021\\\/12\\\/Article-5-UPC-image.jpg\",\"width\":1920,\"height\":1080},{\"@type\":\"WebSite\",\"@id\":\"https:\\\/\\\/www.hgf.com\\\/de\\\/#website\",\"url\":\"https:\\\/\\\/www.hgf.com\\\/de\\\/\",\"name\":\"HGF\",\"description\":\"Intellectual Property Rights specialists\",\"publisher\":{\"@id\":\"https:\\\/\\\/www.hgf.com\\\/de\\\/#organization\"},\"potentialAction\":[{\"@type\":\"SearchAction\",\"target\":{\"@type\":\"EntryPoint\",\"urlTemplate\":\"https:\\\/\\\/www.hgf.com\\\/de\\\/?s={search_term_string}\"},\"query-input\":{\"@type\":\"PropertyValueSpecification\",\"valueRequired\":true,\"valueName\":\"search_term_string\"}}],\"inLanguage\":\"de-DE\"},{\"@type\":\"Organization\",\"@id\":\"https:\\\/\\\/www.hgf.com\\\/de\\\/#organization\",\"name\":\"HGF\",\"url\":\"https:\\\/\\\/www.hgf.com\\\/de\\\/\",\"logo\":{\"@type\":\"ImageObject\",\"inLanguage\":\"de-DE\",\"@id\":\"https:\\\/\\\/www.hgf.com\\\/de\\\/#\\\/schema\\\/logo\\\/image\\\/\",\"url\":\"https:\\\/\\\/www.hgf.com\\\/wp-content\\\/uploads\\\/2023\\\/04\\\/hgf-logo-696x696-1.png\",\"contentUrl\":\"https:\\\/\\\/www.hgf.com\\\/wp-content\\\/uploads\\\/2023\\\/04\\\/hgf-logo-696x696-1.png\",\"width\":696,\"height\":696,\"caption\":\"HGF\"},\"image\":{\"@id\":\"https:\\\/\\\/www.hgf.com\\\/de\\\/#\\\/schema\\\/logo\\\/image\\\/\"},\"sameAs\":[\"https:\\\/\\\/x.com\\\/hgf_ip\",\"https:\\\/\\\/www.linkedin.com\\\/company\\\/hgf-limited-intellectual-property-specialists\\\/\"]},{\"@type\":\"Person\",\"@id\":\"https:\\\/\\\/www.hgf.com\\\/de\\\/#\\\/schema\\\/person\\\/b8e8f97c9bef17c5a63b58710dec05fc\",\"name\":\"Nichola Butler\",\"image\":{\"@type\":\"ImageObject\",\"inLanguage\":\"de-DE\",\"@id\":\"https:\\\/\\\/secure.gravatar.com\\\/avatar\\\/42cf846a377c3a78e27a6251ef72637db7331dd1905ba199ce32a5a55e286c39?s=96&d=mm&r=g\",\"url\":\"https:\\\/\\\/secure.gravatar.com\\\/avatar\\\/42cf846a377c3a78e27a6251ef72637db7331dd1905ba199ce32a5a55e286c39?s=96&d=mm&r=g\",\"contentUrl\":\"https:\\\/\\\/secure.gravatar.com\\\/avatar\\\/42cf846a377c3a78e27a6251ef72637db7331dd1905ba199ce32a5a55e286c39?s=96&d=mm&r=g\",\"caption\":\"Nichola Butler\"}}]}<\/script>\n<!-- \/ Yoast SEO Premium plugin. -->","yoast_head_json":{"title":"Update zum UPC \u2013 voraussichtlicher Zeitplan - HGF","robots":{"index":"index","follow":"follow","max-snippet":"max-snippet:-1","max-image-preview":"max-image-preview:large","max-video-preview":"max-video-preview:-1"},"canonical":"https:\/\/www.hgf.com\/de\/wissens-hub\/rechtliche-neuigkeiten\/update-zum-upc-voraussichtlicher-zeitplan\/","og_locale":"de_DE","og_type":"article","og_title":"Update zum UPC \u2013 voraussichtlicher Zeitplan","og_description":"Die ersten Sitzungen des Verwaltungs-, Haushalts- und Beratungsausschusses des UPC fanden Ende Februar statt. Im Anschluss daran hat der Beratende","og_url":"https:\/\/www.hgf.com\/de\/wissens-hub\/rechtliche-neuigkeiten\/update-zum-upc-voraussichtlicher-zeitplan\/","og_site_name":"HGF","article_published_time":"2022-04-08T12:19:25+00:00","article_modified_time":"2026-03-10T14:12:55+00:00","og_image":[{"width":1920,"height":1080,"url":"https:\/\/www.hgf.com\/wp-content\/uploads\/2021\/12\/Article-5-UPC-image.jpg","type":"image\/jpeg"}],"author":"Nichola Butler","twitter_card":"summary_large_image","twitter_creator":"@hgf_ip","twitter_site":"@hgf_ip","twitter_misc":{"Verfasst von":"Nichola Butler","Gesch\u00e4tzte Lesezeit":"1 Minute"},"schema":{"@context":"https:\/\/schema.org","@graph":[{"@type":"Article","@id":"https:\/\/www.hgf.com\/de\/wissens-hub\/rechtliche-neuigkeiten\/update-zum-upc-voraussichtlicher-zeitplan\/#article","isPartOf":{"@id":"https:\/\/www.hgf.com\/de\/wissens-hub\/rechtliche-neuigkeiten\/update-zum-upc-voraussichtlicher-zeitplan\/"},"author":{"name":"Nichola Butler","@id":"https:\/\/www.hgf.com\/de\/#\/schema\/person\/b8e8f97c9bef17c5a63b58710dec05fc"},"headline":"Update zum UPC \u2013 voraussichtlicher Zeitplan","datePublished":"2022-04-08T12:19:25+00:00","dateModified":"2026-03-10T14:12:55+00:00","mainEntityOfPage":{"@id":"https:\/\/www.hgf.com\/de\/wissens-hub\/rechtliche-neuigkeiten\/update-zum-upc-voraussichtlicher-zeitplan\/"},"wordCount":183,"publisher":{"@id":"https:\/\/www.hgf.com\/de\/#organization"},"image":{"@id":"https:\/\/www.hgf.com\/de\/wissens-hub\/rechtliche-neuigkeiten\/update-zum-upc-voraussichtlicher-zeitplan\/#primaryimage"},"thumbnailUrl":"https:\/\/www.hgf.com\/wp-content\/uploads\/2021\/12\/Article-5-UPC-image.jpg","articleSection":["Rechtliche Neuigkeiten","Wissens Hub"],"inLanguage":"de-DE"},{"@type":"WebPage","@id":"https:\/\/www.hgf.com\/de\/wissens-hub\/rechtliche-neuigkeiten\/update-zum-upc-voraussichtlicher-zeitplan\/","url":"https:\/\/www.hgf.com\/de\/wissens-hub\/rechtliche-neuigkeiten\/update-zum-upc-voraussichtlicher-zeitplan\/","name":"Update zum UPC \u2013 voraussichtlicher Zeitplan - HGF","isPartOf":{"@id":"https:\/\/www.hgf.com\/de\/#website"},"primaryImageOfPage":{"@id":"https:\/\/www.hgf.com\/de\/wissens-hub\/rechtliche-neuigkeiten\/update-zum-upc-voraussichtlicher-zeitplan\/#primaryimage"},"image":{"@id":"https:\/\/www.hgf.com\/de\/wissens-hub\/rechtliche-neuigkeiten\/update-zum-upc-voraussichtlicher-zeitplan\/#primaryimage"},"thumbnailUrl":"https:\/\/www.hgf.com\/wp-content\/uploads\/2021\/12\/Article-5-UPC-image.jpg","datePublished":"2022-04-08T12:19:25+00:00","dateModified":"2026-03-10T14:12:55+00:00","inLanguage":"de-DE","potentialAction":[{"@type":"ReadAction","target":["https:\/\/www.hgf.com\/de\/wissens-hub\/rechtliche-neuigkeiten\/update-zum-upc-voraussichtlicher-zeitplan\/"]}]},{"@type":"ImageObject","inLanguage":"de-DE","@id":"https:\/\/www.hgf.com\/de\/wissens-hub\/rechtliche-neuigkeiten\/update-zum-upc-voraussichtlicher-zeitplan\/#primaryimage","url":"https:\/\/www.hgf.com\/wp-content\/uploads\/2021\/12\/Article-5-UPC-image.jpg","contentUrl":"https:\/\/www.hgf.com\/wp-content\/uploads\/2021\/12\/Article-5-UPC-image.jpg","width":1920,"height":1080},{"@type":"WebSite","@id":"https:\/\/www.hgf.com\/de\/#website","url":"https:\/\/www.hgf.com\/de\/","name":"HGF","description":"Intellectual Property Rights specialists","publisher":{"@id":"https:\/\/www.hgf.com\/de\/#organization"},"potentialAction":[{"@type":"SearchAction","target":{"@type":"EntryPoint","urlTemplate":"https:\/\/www.hgf.com\/de\/?s={search_term_string}"},"query-input":{"@type":"PropertyValueSpecification","valueRequired":true,"valueName":"search_term_string"}}],"inLanguage":"de-DE"},{"@type":"Organization","@id":"https:\/\/www.hgf.com\/de\/#organization","name":"HGF","url":"https:\/\/www.hgf.com\/de\/","logo":{"@type":"ImageObject","inLanguage":"de-DE","@id":"https:\/\/www.hgf.com\/de\/#\/schema\/logo\/image\/","url":"https:\/\/www.hgf.com\/wp-content\/uploads\/2023\/04\/hgf-logo-696x696-1.png","contentUrl":"https:\/\/www.hgf.com\/wp-content\/uploads\/2023\/04\/hgf-logo-696x696-1.png","width":696,"height":696,"caption":"HGF"},"image":{"@id":"https:\/\/www.hgf.com\/de\/#\/schema\/logo\/image\/"},"sameAs":["https:\/\/x.com\/hgf_ip","https:\/\/www.linkedin.com\/company\/hgf-limited-intellectual-property-specialists\/"]},{"@type":"Person","@id":"https:\/\/www.hgf.com\/de\/#\/schema\/person\/b8e8f97c9bef17c5a63b58710dec05fc","name":"Nichola Butler","image":{"@type":"ImageObject","inLanguage":"de-DE","@id":"https:\/\/secure.gravatar.com\/avatar\/42cf846a377c3a78e27a6251ef72637db7331dd1905ba199ce32a5a55e286c39?s=96&d=mm&r=g","url":"https:\/\/secure.gravatar.com\/avatar\/42cf846a377c3a78e27a6251ef72637db7331dd1905ba199ce32a5a55e286c39?s=96&d=mm&r=g","contentUrl":"https:\/\/secure.gravatar.com\/avatar\/42cf846a377c3a78e27a6251ef72637db7331dd1905ba199ce32a5a55e286c39?s=96&d=mm&r=g","caption":"Nichola Butler"}}]}},"_links":{"self":[{"href":"https:\/\/www.hgf.com\/de\/wp-json\/wp\/v2\/posts\/9004111222113988","targetHints":{"allow":["GET"]}}],"collection":[{"href":"https:\/\/www.hgf.com\/de\/wp-json\/wp\/v2\/posts"}],"about":[{"href":"https:\/\/www.hgf.com\/de\/wp-json\/wp\/v2\/types\/post"}],"author":[{"embeddable":true,"href":"https:\/\/www.hgf.com\/de\/wp-json\/wp\/v2\/users\/316"}],"replies":[{"embeddable":true,"href":"https:\/\/www.hgf.com\/de\/wp-json\/wp\/v2\/comments?post=9004111222113988"}],"version-history":[{"count":0,"href":"https:\/\/www.hgf.com\/de\/wp-json\/wp\/v2\/posts\/9004111222113988\/revisions"}],"wp:featuredmedia":[{"embeddable":true,"href":"https:\/\/www.hgf.com\/de\/wp-json\/wp\/v2\/media\/9004111222109420"}],"wp:attachment":[{"href":"https:\/\/www.hgf.com\/de\/wp-json\/wp\/v2\/media?parent=9004111222113988"}],"wp:term":[{"taxonomy":"category","embeddable":true,"href":"https:\/\/www.hgf.com\/de\/wp-json\/wp\/v2\/categories?post=9004111222113988"},{"taxonomy":"post_tag","embeddable":true,"href":"https:\/\/www.hgf.com\/de\/wp-json\/wp\/v2\/tags?post=9004111222113988"}],"curies":[{"name":"wp","href":"https:\/\/api.w.org\/{rel}","templated":true}]}}