{"id":9004111222113984,"date":"2022-02-07T14:25:27","date_gmt":"2022-02-07T14:25:27","guid":{"rendered":"https:\/\/www.hgf.com\/?p=9004111222113984"},"modified":"2026-03-10T14:13:33","modified_gmt":"2026-03-10T14:13:33","slug":"ausblick-auf-das-upc-und-einheitspatente","status":"publish","type":"post","link":"https:\/\/www.hgf.com\/de\/wissens-hub\/rechtliche-neuigkeiten\/ausblick-auf-das-upc-und-einheitspatente\/","title":{"rendered":"Ausblick auf das UPC und Einheitspatente"},"content":{"rendered":"<p class=\"p__large\">Am 19. Januar 2022 begann die Phase der vorl\u00e4ufigen Anmeldung vor dem Einheitlichen Patentgericht (UPC). In den Worten des UPC-Vorbereitungsausschusses war dies \u201edie Geburtsstunde des Einheitlichen Patentgerichts als internationale Organisation\u201d.<\/p>\n<h5>Die vorl\u00e4ufige Phase des UPC<\/h5>\n<p>In der vorl\u00e4ufigen Phase k\u00f6nnen alle Vorbereitungen f\u00fcr den Start des UPC abgeschlossen werden. Die Leitungsgremien werden geschaffen und alle sekund\u00e4ren Rechtsvorschriften, Finanzbudgets und das Gerichtsmanagementsystem (CMS) werden fertiggestellt. Am wichtigsten ist, dass alle Richter und Kanzleimitarbeiter f\u00fcr das UPC interviewt, ernannt und geschult werden. Der Vorbereitungsausschuss hat mitgeteilt, dass etwa 45 juristisch qualifizierte Richter und 50 technisch qualifizierte Richter eingestellt werden sollen. Au\u00dferdem werden etwa 50 weitere Mitarbeiter die Kanzlei und die \u00f6rtlichen Gerichte unterst\u00fctzen. Sie gehen davon aus, dass der Prozess zur Auswahl und Ernennung der Richter etwa sechs Monate dauern wird. Die Schulung der Richter zum rechtlichen Rahmen des EPG und zum CMS wird ab Juli 2022 stattfinden. Die Richter werden auch dar\u00fcber abstimmen m\u00fcssen, wer zum Pr\u00e4sidenten des Gerichts ernannt werden soll.<\/p>\n<h5>Wann wird das UPC in Betrieb genommen?<\/h5>\n<p>Wenn der Vorbereitungsausschuss und alle am UPC beteiligten L\u00e4nder davon \u00fcberzeugt sind, dass die Vorbereitungen in der vorl\u00e4ufigen Phase die Grundlagen f\u00fcr ein effektives Funktionieren des UPC geschaffen haben, wird Deutschland seine Ratifizierung des UPC-Abkommens hinterlegen. Damit beginnt der Countdown bis zum offiziellen Inkrafttreten des UPC, das am ersten Tag des vierten Monats nach der Ratifizierung durch Deutschland (\u201eStartdatum\u201d) erfolgen wird.<\/p>\n<p>Der Vorbereitungsausschuss hat mitgeteilt, dass er davon ausgeht, dass die vorl\u00e4ufige Phase <strong>mindestens<\/strong> 8 Monate (19. August 2022) dauern wird. Damit w\u00fcrde das UPC fr\u00fchestens am 1. September 2022 in Kraft treten (wenn Deutschland seine Ratifizierung im Mai 2022 hinterlegt). Angesichts der Komplexit\u00e4t der Vorbereitungen f\u00fcr ein brandneues Gericht mit mehreren Gerichtsbarkeiten halten die meisten Kommentatoren jedoch den 1. Dezember 2022 (Hinterlegung August 2022) oder den 1. Januar 2023 (Hinterlegung September 2022) f\u00fcr realistischere Starttermine.<\/p>\n<p>Am Startdatum wird das UPCA vollst\u00e4ndig in Kraft treten und die zugeh\u00f6rigen EU-Verordnungen (Verordnungen (EU) Nr. 1257\/2012 und Nr. 1260\/2012) werden gelten. Die <a href=\"https:\/\/documents.epo.org\/projects\/babylon\/eponet.nsf\/0\/5637E71CD0B17502C12587B100641772\/$FILE\/SC_12_21_en.pdf\" target=\"_blank\" rel=\"noopener\">EPA-Regeln f\u00fcr den einheitlichen Patentschutz<\/a> werden ebenfalls in Kraft treten.<\/p>\n<h5>Auswirkungen der deutschen Ratifizierung<\/h5>\n<p>Das Datum der Hinterlegung der deutschen Ratifizierung ist auch f\u00fcr eine Reihe von \u201eSunrise\u201d-Perioden im Zusammenhang mit dem UPC und dem einheitlichen Patentschutz wichtig.<\/p>\n<p><em>Die Opt-Out-Sunrise-Periode<\/em><\/p>\n<p>Die Opt-Out-Sunrise-Periode wird voraussichtlich drei Monate vor dem Startdatum des UPC beginnen, d. h. einen Monat nach der Hinterlegung der Ratifizierung durch Deutschland. Dies erm\u00f6glicht es dem\/den Inhaber (n) von europ\u00e4ischen Patenten und Patentanmeldungen, diese Patente der ausschlie\u00dflichen Zust\u00e4ndigkeit des UPC zu entziehen. Das Opt-out kann f\u00fcr die gesamte Lebensdauer des Patents gelten und bezieht sich auf alle EP-Benennungen, die in den <a href=\"https:\/\/www.hgf.com\/wp-content\/uploads\/2021\/12\/Who-is-participating-in-the-UPC.pdf\" target=\"_blank\" rel=\"noopener\">teilnehmenden UPC-L\u00e4ndern<\/a> g\u00fcltig und in Kraft sind.<\/p>\n<p>Da das Opt-Out erst ab dem Datum wirksam wird, an dem es in das Opt-Out-Register eingetragen wird, erm\u00f6glicht die Sunrise Periode den Patentinhabern, den Opt-Out-Antrag einzureichen und alle vom Register festgestellten M\u00e4ngel zu korrigieren.<\/p>\n<p><em>Die Sunrise Periode f\u00fcr das Einheitspatent<\/em><\/p>\n<p>Um die fr\u00fchzeitige Einf\u00fchrung des Europ\u00e4ischen Patents mit einheitlicher Wirkung oder \u201eEinheitspatents\u201d (UP) zu f\u00f6rdern, hat das EPA zwei Optionen angek\u00fcndigt, die es europ\u00e4ischen Patentanmeldern erm\u00f6glichen, entweder die Erteilung einer Patentanmeldung zu verz\u00f6gern, um die Vorteile der Benennung eines UP zu nutzen, oder einen fr\u00fchzeitigen Antrag auf ein EP (UP) zu stellen. Diese Optionen stehen erst ab dem Datum zur Verf\u00fcgung, an dem Deutschland seine Ratifizierungen hinterlegt hat, und auch nur dann, wenn das EPA seine Regel 71 (3)-Mitteilung (das Erteilungsabsichtsschreiben) verschickt hat.<\/p>\n<p><strong>1. Fr\u00fchzeitiger Antrag auf einheitliche Wirkung<\/strong><\/p>\n<p>Die erste \u00dcbergangsma\u00dfnahme des EPA erm\u00f6glicht es den Anmeldern, bis zu vier Monate vor dem Beginn des UPC einen fr\u00fchzeitigen Antrag auf einheitliche Wirkung zusammen mit den Erfordernissen f\u00fcr die Registrierung der einheitlichen Wirkung zu stellen. Wenn das UPC in Kraft tritt, wird das EPA das UP ab dem Startdatum registrieren.<\/p>\n<p>Der Zeitpunkt der Einreichung des Antrags ist wichtig, denn wenn ein fr\u00fchzeitiger Antrag auf einheitliche Wirkung gestellt wird, bevor Deutschland seine Urkunde zur Ratifizierung des EPG\u00dc hinterlegt hat und\/oder wenn keine Mitteilung nach Regel 71 (3) versandt wurde, wird er nicht als g\u00fcltiger Antrag auf einheitliche Wirkung behandelt.<\/p>\n<p>&nbsp;<\/p>\n<p><strong>2. Antrag auf Aufschub des Erlasses von Entscheidungen \u00fcber die Erteilung eines europ\u00e4ischen Patents<\/strong><\/p>\n<p>Die zweite \u00dcbergangsma\u00dfnahme des EPA erm\u00f6glicht es den Anmeldern, einen Aufschub des Erlasses von Entscheidungen \u00fcber die Erteilung eines europ\u00e4ischen Patents zu beantragen, nachdem eine Mitteilung nach Regel 71 (3) ergangen ist und bevor der f\u00fcr die Erteilung vorgesehene Text genehmigt wurde. Das EPA wird den Hinweis auf die Erteilung des europ\u00e4ischen Patents verz\u00f6gern, so dass er am oder unmittelbar nach dem Startdatum des UPC im Europ\u00e4ischen Patentblatt ver\u00f6ffentlicht wird. Der Patentinhaber hat dann eine einmonatige Frist, um einen Antrag auf einheitlichen Patentschutz zu stellen, zusammen mit den Voraussetzungen f\u00fcr die Eintragung der einheitlichen Wirkung.<\/p>\n<p>Diese Ma\u00dfnahme stellt sicher, dass die Antragsteller nicht die Gelegenheit verpassen, ein UP zu erhalten, erm\u00f6glicht ihnen aber, die Entscheidung \u00fcber die Antragstellung bis nach dem UPC-Startdatum aufzuschieben.<\/p>\n<p class=\"p__medium\">Dieses Update wurde von HGFs Partnerin &amp; Leiterin der Abteilung Recht <a href=\"https:\/\/www.hgf.com\/de\/unsere-mitarbeitenden\/rachel-fetches\/\" target=\"_blank\" rel=\"noopener\">Rachel Fetches<\/a> verfasst.<\/p>\n","protected":false},"excerpt":{"rendered":"<p>Am 19. Januar 2022 begann die Phase der vorl\u00e4ufigen Anmeldung vor dem Einheitlichen Patentgericht (UPC). In den Worten des UPC-Vorbereitungsausschusses war dies \u201edie Geburtsstunde des Einheitlichen Patentgerichts als internationale Organisation\u201d. &hellip;<\/p>\n","protected":false},"author":315,"featured_media":9004111222109420,"comment_status":"closed","ping_status":"closed","sticky":false,"template":"","format":"standard","meta":{"_acf_changed":false,"footnotes":""},"categories":[530,518],"tags":[],"class_list":["post-9004111222113984","post","type-post","status-publish","format-standard","has-post-thumbnail","hentry","category-rechtliche-neuigkeiten","category-wissens-hub"],"acf":[],"yoast_head":"<!-- This site is optimized with the Yoast SEO Premium plugin v27.5 (Yoast SEO v27.5) - https:\/\/yoast.com\/product\/yoast-seo-premium-wordpress\/ -->\n<title>Ausblick auf das UPC und Einheitspatente - HGF<\/title>\n<meta name=\"robots\" content=\"index, follow, max-snippet:-1, max-image-preview:large, max-video-preview:-1\" \/>\n<link rel=\"canonical\" href=\"https:\/\/www.hgf.com\/de\/wissens-hub\/rechtliche-neuigkeiten\/ausblick-auf-das-upc-und-einheitspatente\/\" \/>\n<meta property=\"og:locale\" content=\"de_DE\" \/>\n<meta property=\"og:type\" content=\"article\" \/>\n<meta property=\"og:title\" content=\"Ausblick auf das UPC und Einheitspatente\" \/>\n<meta property=\"og:description\" content=\"Am 19. Januar 2022 begann die Phase der vorl\u00e4ufigen Anmeldung vor dem Einheitlichen Patentgericht (UPC). In den Worten des UPC-Vorbereitungsausschusses\" \/>\n<meta property=\"og:url\" content=\"https:\/\/www.hgf.com\/de\/wissens-hub\/rechtliche-neuigkeiten\/ausblick-auf-das-upc-und-einheitspatente\/\" \/>\n<meta property=\"og:site_name\" content=\"HGF\" \/>\n<meta property=\"article:published_time\" content=\"2022-02-07T14:25:27+00:00\" \/>\n<meta property=\"article:modified_time\" content=\"2026-03-10T14:13:33+00:00\" \/>\n<meta property=\"og:image\" content=\"https:\/\/www.hgf.com\/wp-content\/uploads\/2021\/12\/Article-5-UPC-image.jpg\" \/>\n\t<meta property=\"og:image:width\" content=\"1920\" \/>\n\t<meta property=\"og:image:height\" content=\"1080\" \/>\n\t<meta property=\"og:image:type\" content=\"image\/jpeg\" \/>\n<meta name=\"author\" content=\"Akvil\u0117 Lukauskaite\" \/>\n<meta name=\"twitter:card\" content=\"summary_large_image\" \/>\n<meta name=\"twitter:creator\" content=\"@behrooz@tall.agency\" \/>\n<meta name=\"twitter:site\" content=\"@hgf_ip\" \/>\n<meta name=\"twitter:label1\" content=\"Verfasst von\" \/>\n\t<meta name=\"twitter:data1\" content=\"Akvil\u0117 Lukauskaite\" \/>\n\t<meta name=\"twitter:label2\" content=\"Gesch\u00e4tzte Lesezeit\" \/>\n\t<meta name=\"twitter:data2\" content=\"4 Minuten\" \/>\n<script type=\"application\/ld+json\" class=\"yoast-schema-graph\">{\"@context\":\"https:\\\/\\\/schema.org\",\"@graph\":[{\"@type\":\"Article\",\"@id\":\"https:\\\/\\\/www.hgf.com\\\/de\\\/wissens-hub\\\/rechtliche-neuigkeiten\\\/ausblick-auf-das-upc-und-einheitspatente\\\/#article\",\"isPartOf\":{\"@id\":\"https:\\\/\\\/www.hgf.com\\\/de\\\/wissens-hub\\\/rechtliche-neuigkeiten\\\/ausblick-auf-das-upc-und-einheitspatente\\\/\"},\"author\":{\"name\":\"Akvil\u0117 Lukauskaite\",\"@id\":\"https:\\\/\\\/www.hgf.com\\\/de\\\/#\\\/schema\\\/person\\\/e6343663c5ee3e1ccea20cd220f97f30\"},\"headline\":\"Ausblick auf das UPC und Einheitspatente\",\"datePublished\":\"2022-02-07T14:25:27+00:00\",\"dateModified\":\"2026-03-10T14:13:33+00:00\",\"mainEntityOfPage\":{\"@id\":\"https:\\\/\\\/www.hgf.com\\\/de\\\/wissens-hub\\\/rechtliche-neuigkeiten\\\/ausblick-auf-das-upc-und-einheitspatente\\\/\"},\"wordCount\":862,\"publisher\":{\"@id\":\"https:\\\/\\\/www.hgf.com\\\/de\\\/#organization\"},\"image\":{\"@id\":\"https:\\\/\\\/www.hgf.com\\\/de\\\/wissens-hub\\\/rechtliche-neuigkeiten\\\/ausblick-auf-das-upc-und-einheitspatente\\\/#primaryimage\"},\"thumbnailUrl\":\"https:\\\/\\\/www.hgf.com\\\/wp-content\\\/uploads\\\/2021\\\/12\\\/Article-5-UPC-image.jpg\",\"articleSection\":[\"Rechtliche Neuigkeiten\",\"Wissens Hub\"],\"inLanguage\":\"de-DE\"},{\"@type\":\"WebPage\",\"@id\":\"https:\\\/\\\/www.hgf.com\\\/de\\\/wissens-hub\\\/rechtliche-neuigkeiten\\\/ausblick-auf-das-upc-und-einheitspatente\\\/\",\"url\":\"https:\\\/\\\/www.hgf.com\\\/de\\\/wissens-hub\\\/rechtliche-neuigkeiten\\\/ausblick-auf-das-upc-und-einheitspatente\\\/\",\"name\":\"Ausblick auf das UPC und Einheitspatente - HGF\",\"isPartOf\":{\"@id\":\"https:\\\/\\\/www.hgf.com\\\/de\\\/#website\"},\"primaryImageOfPage\":{\"@id\":\"https:\\\/\\\/www.hgf.com\\\/de\\\/wissens-hub\\\/rechtliche-neuigkeiten\\\/ausblick-auf-das-upc-und-einheitspatente\\\/#primaryimage\"},\"image\":{\"@id\":\"https:\\\/\\\/www.hgf.com\\\/de\\\/wissens-hub\\\/rechtliche-neuigkeiten\\\/ausblick-auf-das-upc-und-einheitspatente\\\/#primaryimage\"},\"thumbnailUrl\":\"https:\\\/\\\/www.hgf.com\\\/wp-content\\\/uploads\\\/2021\\\/12\\\/Article-5-UPC-image.jpg\",\"datePublished\":\"2022-02-07T14:25:27+00:00\",\"dateModified\":\"2026-03-10T14:13:33+00:00\",\"inLanguage\":\"de-DE\",\"potentialAction\":[{\"@type\":\"ReadAction\",\"target\":[\"https:\\\/\\\/www.hgf.com\\\/de\\\/wissens-hub\\\/rechtliche-neuigkeiten\\\/ausblick-auf-das-upc-und-einheitspatente\\\/\"]}]},{\"@type\":\"ImageObject\",\"inLanguage\":\"de-DE\",\"@id\":\"https:\\\/\\\/www.hgf.com\\\/de\\\/wissens-hub\\\/rechtliche-neuigkeiten\\\/ausblick-auf-das-upc-und-einheitspatente\\\/#primaryimage\",\"url\":\"https:\\\/\\\/www.hgf.com\\\/wp-content\\\/uploads\\\/2021\\\/12\\\/Article-5-UPC-image.jpg\",\"contentUrl\":\"https:\\\/\\\/www.hgf.com\\\/wp-content\\\/uploads\\\/2021\\\/12\\\/Article-5-UPC-image.jpg\",\"width\":1920,\"height\":1080},{\"@type\":\"WebSite\",\"@id\":\"https:\\\/\\\/www.hgf.com\\\/de\\\/#website\",\"url\":\"https:\\\/\\\/www.hgf.com\\\/de\\\/\",\"name\":\"HGF\",\"description\":\"Intellectual Property Rights specialists\",\"publisher\":{\"@id\":\"https:\\\/\\\/www.hgf.com\\\/de\\\/#organization\"},\"potentialAction\":[{\"@type\":\"SearchAction\",\"target\":{\"@type\":\"EntryPoint\",\"urlTemplate\":\"https:\\\/\\\/www.hgf.com\\\/de\\\/?s={search_term_string}\"},\"query-input\":{\"@type\":\"PropertyValueSpecification\",\"valueRequired\":true,\"valueName\":\"search_term_string\"}}],\"inLanguage\":\"de-DE\"},{\"@type\":\"Organization\",\"@id\":\"https:\\\/\\\/www.hgf.com\\\/de\\\/#organization\",\"name\":\"HGF\",\"url\":\"https:\\\/\\\/www.hgf.com\\\/de\\\/\",\"logo\":{\"@type\":\"ImageObject\",\"inLanguage\":\"de-DE\",\"@id\":\"https:\\\/\\\/www.hgf.com\\\/de\\\/#\\\/schema\\\/logo\\\/image\\\/\",\"url\":\"https:\\\/\\\/www.hgf.com\\\/wp-content\\\/uploads\\\/2023\\\/04\\\/hgf-logo-696x696-1.png\",\"contentUrl\":\"https:\\\/\\\/www.hgf.com\\\/wp-content\\\/uploads\\\/2023\\\/04\\\/hgf-logo-696x696-1.png\",\"width\":696,\"height\":696,\"caption\":\"HGF\"},\"image\":{\"@id\":\"https:\\\/\\\/www.hgf.com\\\/de\\\/#\\\/schema\\\/logo\\\/image\\\/\"},\"sameAs\":[\"https:\\\/\\\/x.com\\\/hgf_ip\",\"https:\\\/\\\/www.linkedin.com\\\/company\\\/hgf-limited-intellectual-property-specialists\\\/\"]},{\"@type\":\"Person\",\"@id\":\"https:\\\/\\\/www.hgf.com\\\/de\\\/#\\\/schema\\\/person\\\/e6343663c5ee3e1ccea20cd220f97f30\",\"name\":\"Akvil\u0117 Lukauskaite\",\"image\":{\"@type\":\"ImageObject\",\"inLanguage\":\"de-DE\",\"@id\":\"https:\\\/\\\/secure.gravatar.com\\\/avatar\\\/d9cf1622c8c99b4c7573ba733a04f6352d3557803ca19afd3e4aafc94d9bc0b8?s=96&d=mm&r=g\",\"url\":\"https:\\\/\\\/secure.gravatar.com\\\/avatar\\\/d9cf1622c8c99b4c7573ba733a04f6352d3557803ca19afd3e4aafc94d9bc0b8?s=96&d=mm&r=g\",\"contentUrl\":\"https:\\\/\\\/secure.gravatar.com\\\/avatar\\\/d9cf1622c8c99b4c7573ba733a04f6352d3557803ca19afd3e4aafc94d9bc0b8?s=96&d=mm&r=g\",\"caption\":\"Akvil\u0117 Lukauskaite\"},\"sameAs\":[\"https:\\\/\\\/x.com\\\/behrooz@tall.agency\",\"Behrooz Saeed\"]}]}<\/script>\n<!-- \/ Yoast SEO Premium plugin. -->","yoast_head_json":{"title":"Ausblick auf das UPC und Einheitspatente - HGF","robots":{"index":"index","follow":"follow","max-snippet":"max-snippet:-1","max-image-preview":"max-image-preview:large","max-video-preview":"max-video-preview:-1"},"canonical":"https:\/\/www.hgf.com\/de\/wissens-hub\/rechtliche-neuigkeiten\/ausblick-auf-das-upc-und-einheitspatente\/","og_locale":"de_DE","og_type":"article","og_title":"Ausblick auf das UPC und Einheitspatente","og_description":"Am 19. Januar 2022 begann die Phase der vorl\u00e4ufigen Anmeldung vor dem Einheitlichen Patentgericht (UPC). In den Worten des UPC-Vorbereitungsausschusses","og_url":"https:\/\/www.hgf.com\/de\/wissens-hub\/rechtliche-neuigkeiten\/ausblick-auf-das-upc-und-einheitspatente\/","og_site_name":"HGF","article_published_time":"2022-02-07T14:25:27+00:00","article_modified_time":"2026-03-10T14:13:33+00:00","og_image":[{"width":1920,"height":1080,"url":"https:\/\/www.hgf.com\/wp-content\/uploads\/2021\/12\/Article-5-UPC-image.jpg","type":"image\/jpeg"}],"author":"Akvil\u0117 Lukauskaite","twitter_card":"summary_large_image","twitter_creator":"@behrooz@tall.agency","twitter_site":"@hgf_ip","twitter_misc":{"Verfasst von":"Akvil\u0117 Lukauskaite","Gesch\u00e4tzte Lesezeit":"4 Minuten"},"schema":{"@context":"https:\/\/schema.org","@graph":[{"@type":"Article","@id":"https:\/\/www.hgf.com\/de\/wissens-hub\/rechtliche-neuigkeiten\/ausblick-auf-das-upc-und-einheitspatente\/#article","isPartOf":{"@id":"https:\/\/www.hgf.com\/de\/wissens-hub\/rechtliche-neuigkeiten\/ausblick-auf-das-upc-und-einheitspatente\/"},"author":{"name":"Akvil\u0117 Lukauskaite","@id":"https:\/\/www.hgf.com\/de\/#\/schema\/person\/e6343663c5ee3e1ccea20cd220f97f30"},"headline":"Ausblick auf das UPC und Einheitspatente","datePublished":"2022-02-07T14:25:27+00:00","dateModified":"2026-03-10T14:13:33+00:00","mainEntityOfPage":{"@id":"https:\/\/www.hgf.com\/de\/wissens-hub\/rechtliche-neuigkeiten\/ausblick-auf-das-upc-und-einheitspatente\/"},"wordCount":862,"publisher":{"@id":"https:\/\/www.hgf.com\/de\/#organization"},"image":{"@id":"https:\/\/www.hgf.com\/de\/wissens-hub\/rechtliche-neuigkeiten\/ausblick-auf-das-upc-und-einheitspatente\/#primaryimage"},"thumbnailUrl":"https:\/\/www.hgf.com\/wp-content\/uploads\/2021\/12\/Article-5-UPC-image.jpg","articleSection":["Rechtliche Neuigkeiten","Wissens Hub"],"inLanguage":"de-DE"},{"@type":"WebPage","@id":"https:\/\/www.hgf.com\/de\/wissens-hub\/rechtliche-neuigkeiten\/ausblick-auf-das-upc-und-einheitspatente\/","url":"https:\/\/www.hgf.com\/de\/wissens-hub\/rechtliche-neuigkeiten\/ausblick-auf-das-upc-und-einheitspatente\/","name":"Ausblick auf das UPC und Einheitspatente - HGF","isPartOf":{"@id":"https:\/\/www.hgf.com\/de\/#website"},"primaryImageOfPage":{"@id":"https:\/\/www.hgf.com\/de\/wissens-hub\/rechtliche-neuigkeiten\/ausblick-auf-das-upc-und-einheitspatente\/#primaryimage"},"image":{"@id":"https:\/\/www.hgf.com\/de\/wissens-hub\/rechtliche-neuigkeiten\/ausblick-auf-das-upc-und-einheitspatente\/#primaryimage"},"thumbnailUrl":"https:\/\/www.hgf.com\/wp-content\/uploads\/2021\/12\/Article-5-UPC-image.jpg","datePublished":"2022-02-07T14:25:27+00:00","dateModified":"2026-03-10T14:13:33+00:00","inLanguage":"de-DE","potentialAction":[{"@type":"ReadAction","target":["https:\/\/www.hgf.com\/de\/wissens-hub\/rechtliche-neuigkeiten\/ausblick-auf-das-upc-und-einheitspatente\/"]}]},{"@type":"ImageObject","inLanguage":"de-DE","@id":"https:\/\/www.hgf.com\/de\/wissens-hub\/rechtliche-neuigkeiten\/ausblick-auf-das-upc-und-einheitspatente\/#primaryimage","url":"https:\/\/www.hgf.com\/wp-content\/uploads\/2021\/12\/Article-5-UPC-image.jpg","contentUrl":"https:\/\/www.hgf.com\/wp-content\/uploads\/2021\/12\/Article-5-UPC-image.jpg","width":1920,"height":1080},{"@type":"WebSite","@id":"https:\/\/www.hgf.com\/de\/#website","url":"https:\/\/www.hgf.com\/de\/","name":"HGF","description":"Intellectual Property Rights specialists","publisher":{"@id":"https:\/\/www.hgf.com\/de\/#organization"},"potentialAction":[{"@type":"SearchAction","target":{"@type":"EntryPoint","urlTemplate":"https:\/\/www.hgf.com\/de\/?s={search_term_string}"},"query-input":{"@type":"PropertyValueSpecification","valueRequired":true,"valueName":"search_term_string"}}],"inLanguage":"de-DE"},{"@type":"Organization","@id":"https:\/\/www.hgf.com\/de\/#organization","name":"HGF","url":"https:\/\/www.hgf.com\/de\/","logo":{"@type":"ImageObject","inLanguage":"de-DE","@id":"https:\/\/www.hgf.com\/de\/#\/schema\/logo\/image\/","url":"https:\/\/www.hgf.com\/wp-content\/uploads\/2023\/04\/hgf-logo-696x696-1.png","contentUrl":"https:\/\/www.hgf.com\/wp-content\/uploads\/2023\/04\/hgf-logo-696x696-1.png","width":696,"height":696,"caption":"HGF"},"image":{"@id":"https:\/\/www.hgf.com\/de\/#\/schema\/logo\/image\/"},"sameAs":["https:\/\/x.com\/hgf_ip","https:\/\/www.linkedin.com\/company\/hgf-limited-intellectual-property-specialists\/"]},{"@type":"Person","@id":"https:\/\/www.hgf.com\/de\/#\/schema\/person\/e6343663c5ee3e1ccea20cd220f97f30","name":"Akvil\u0117 Lukauskaite","image":{"@type":"ImageObject","inLanguage":"de-DE","@id":"https:\/\/secure.gravatar.com\/avatar\/d9cf1622c8c99b4c7573ba733a04f6352d3557803ca19afd3e4aafc94d9bc0b8?s=96&d=mm&r=g","url":"https:\/\/secure.gravatar.com\/avatar\/d9cf1622c8c99b4c7573ba733a04f6352d3557803ca19afd3e4aafc94d9bc0b8?s=96&d=mm&r=g","contentUrl":"https:\/\/secure.gravatar.com\/avatar\/d9cf1622c8c99b4c7573ba733a04f6352d3557803ca19afd3e4aafc94d9bc0b8?s=96&d=mm&r=g","caption":"Akvil\u0117 Lukauskaite"},"sameAs":["https:\/\/x.com\/behrooz@tall.agency","Behrooz Saeed"]}]}},"_links":{"self":[{"href":"https:\/\/www.hgf.com\/de\/wp-json\/wp\/v2\/posts\/9004111222113984","targetHints":{"allow":["GET"]}}],"collection":[{"href":"https:\/\/www.hgf.com\/de\/wp-json\/wp\/v2\/posts"}],"about":[{"href":"https:\/\/www.hgf.com\/de\/wp-json\/wp\/v2\/types\/post"}],"author":[{"embeddable":true,"href":"https:\/\/www.hgf.com\/de\/wp-json\/wp\/v2\/users\/315"}],"replies":[{"embeddable":true,"href":"https:\/\/www.hgf.com\/de\/wp-json\/wp\/v2\/comments?post=9004111222113984"}],"version-history":[{"count":0,"href":"https:\/\/www.hgf.com\/de\/wp-json\/wp\/v2\/posts\/9004111222113984\/revisions"}],"wp:featuredmedia":[{"embeddable":true,"href":"https:\/\/www.hgf.com\/de\/wp-json\/wp\/v2\/media\/9004111222109420"}],"wp:attachment":[{"href":"https:\/\/www.hgf.com\/de\/wp-json\/wp\/v2\/media?parent=9004111222113984"}],"wp:term":[{"taxonomy":"category","embeddable":true,"href":"https:\/\/www.hgf.com\/de\/wp-json\/wp\/v2\/categories?post=9004111222113984"},{"taxonomy":"post_tag","embeddable":true,"href":"https:\/\/www.hgf.com\/de\/wp-json\/wp\/v2\/tags?post=9004111222113984"}],"curies":[{"name":"wp","href":"https:\/\/api.w.org\/{rel}","templated":true}]}}